{"id":8367,"date":"2023-08-30T14:42:19","date_gmt":"2023-08-30T12:42:19","guid":{"rendered":"https:\/\/pipcke.fr\/idees-deco\/?p=8367"},"modified":"2025-12-11T15:40:59","modified_gmt":"2025-12-11T14:40:59","slug":"amenager-un-petit-salon","status":"publish","type":"post","link":"https:\/\/pipcke.fr\/idees-deco\/conseils-amenagement\/amenager-un-petit-salon\/","title":{"rendered":"Nos id\u00e9es pour am\u00e9nager un petit salon"},"content":{"rendered":"<div id=\"bsf_rt_marker\"><\/div>\n<p>Ce n\u2019est pas parce que le salon est petit que vous devez vous y sentir \u00e0 l\u2019\u00e9troit&nbsp;! Il existe de nombreuses astuces pour optimiser cet espace, et en faire un coin cocooning. Entre le mobilier, les couleurs des murs, les solutions d\u2019\u00e9clairage ou encore la disposition des meubles, nos experts vous prodiguent de bons conseils pour <strong>am\u00e9nager un petit salon dans les r\u00e8gles de l\u2019art<\/strong>.<\/p>\n\n\n\n<h2 class=\"wp-block-heading\" id=\"h-des-meubles-a-la-fois-design-et-fonctionnels\"><span id=\"des-meubles-a-la-fois-design-et-fonctionnels\">Des meubles \u00e0 la fois design et fonctionnels<\/span><\/h2>\n\n\n\n<p>Pour bien am\u00e9nager votre petit salon et gagner le maximum de place, privil\u00e9giez des meubles \u00e0 la fois pratiques et esth\u00e9tiques. Par exemple, le <strong>canap\u00e9 convertible<\/strong> rencontre beaucoup de succ\u00e8s dans les appartements avec peu de surface&nbsp;! Vous pouvez aussi installer une table basse incluant des rangements, pour organiser les magazines et les t\u00e9l\u00e9commandes. Et pourquoi pas un canap\u00e9 modulaire, \u00e0 configurer en fonction de l\u2019espace disponible&nbsp;?<\/p>\n\n\n\n<p>C\u00f4t\u00e9 table \u00e0 manger, laissez-vous tenter par une <strong>console extensible<\/strong>, que vous repliez d\u00e8s que vous ne l\u2019utilisez plus. Et pour n\u2019oublier aucun espace am\u00e9nageable, choisissez des \u00e9tag\u00e8res d\u2019angle&nbsp;! Enfin, on aime aussi <strong>les poufs qui offrent un stockage suppl\u00e9mentaire<\/strong>. Il suffit de les ouvrir pour y ranger des coussins, des plaids ou des magazines.<\/p>\n\n\n\n<figure class=\"wp-block-gallery has-nested-images columns-2 is-cropped wp-block-gallery-1 is-layout-flex wp-block-gallery-is-layout-flex\">\n<figure class=\"wp-block-image size-medium\"><a href=\"https:\/\/pipcke.fr\/idees-deco\/wp-content\/uploads\/2023\/08\/table-basse-style-indus-avec-un-plateau-en-dessous-pour-magazines.jpg\" target=\"_blank\" rel=\"noopener\"><img loading=\"lazy\" decoding=\"async\" width=\"800\" height=\"800\" data-id=\"8372\" src=\"https:\/\/pipcke.fr\/idees-deco\/wp-content\/uploads\/2023\/08\/table-basse-style-indus-avec-un-plateau-en-dessous-pour-magazines-800x800.jpg\" alt=\"Une table basse de style indus, avec un plateau inf\u00e9rieur permettant de ranger magazines et t\u00e9l\u00e9commande\" class=\"wp-image-8372\" srcset=\"https:\/\/pipcke.fr\/idees-deco\/wp-content\/uploads\/2023\/08\/table-basse-style-indus-avec-un-plateau-en-dessous-pour-magazines-800x800.jpg 800w, https:\/\/pipcke.fr\/idees-deco\/wp-content\/uploads\/2023\/08\/table-basse-style-indus-avec-un-plateau-en-dessous-pour-magazines-1160x1160.jpg 1160w, https:\/\/pipcke.fr\/idees-deco\/wp-content\/uploads\/2023\/08\/table-basse-style-indus-avec-un-plateau-en-dessous-pour-magazines-80x80.jpg 80w, https:\/\/pipcke.fr\/idees-deco\/wp-content\/uploads\/2023\/08\/table-basse-style-indus-avec-un-plateau-en-dessous-pour-magazines-120x120.jpg 120w, https:\/\/pipcke.fr\/idees-deco\/wp-content\/uploads\/2023\/08\/table-basse-style-indus-avec-un-plateau-en-dessous-pour-magazines-90x90.jpg 90w, https:\/\/pipcke.fr\/idees-deco\/wp-content\/uploads\/2023\/08\/table-basse-style-indus-avec-un-plateau-en-dessous-pour-magazines-320x320.jpg 320w, https:\/\/pipcke.fr\/idees-deco\/wp-content\/uploads\/2023\/08\/table-basse-style-indus-avec-un-plateau-en-dessous-pour-magazines-560x560.jpg 560w, https:\/\/pipcke.fr\/idees-deco\/wp-content\/uploads\/2023\/08\/table-basse-style-indus-avec-un-plateau-en-dessous-pour-magazines.jpg 1200w\" sizes=\"auto, (max-width: 800px) 100vw, 800px\" \/><\/a><\/figure>\n\n\n\n<figure class=\"wp-block-image size-medium\"><a href=\"https:\/\/pipcke.fr\/idees-deco\/wp-content\/uploads\/2023\/08\/canape-lit-compact-et-meubles-de-style-minimaliste-dans-ce-petit-salon.jpg\" target=\"_blank\" rel=\"noopener\"><img loading=\"lazy\" decoding=\"async\" width=\"800\" height=\"438\" data-id=\"8373\" src=\"https:\/\/pipcke.fr\/idees-deco\/wp-content\/uploads\/2023\/08\/canape-lit-compact-et-meubles-de-style-minimaliste-dans-ce-petit-salon-800x438.jpg\" alt=\"Ce canap\u00e9-lit prend peu de place dans ce petit salon, \u00e0 c\u00f4t\u00e9 d'autres meubles de style minimaliste\" class=\"wp-image-8373\" srcset=\"https:\/\/pipcke.fr\/idees-deco\/wp-content\/uploads\/2023\/08\/canape-lit-compact-et-meubles-de-style-minimaliste-dans-ce-petit-salon-800x438.jpg 800w, https:\/\/pipcke.fr\/idees-deco\/wp-content\/uploads\/2023\/08\/canape-lit-compact-et-meubles-de-style-minimaliste-dans-ce-petit-salon-120x66.jpg 120w, https:\/\/pipcke.fr\/idees-deco\/wp-content\/uploads\/2023\/08\/canape-lit-compact-et-meubles-de-style-minimaliste-dans-ce-petit-salon-90x49.jpg 90w, https:\/\/pipcke.fr\/idees-deco\/wp-content\/uploads\/2023\/08\/canape-lit-compact-et-meubles-de-style-minimaliste-dans-ce-petit-salon-320x175.jpg 320w, https:\/\/pipcke.fr\/idees-deco\/wp-content\/uploads\/2023\/08\/canape-lit-compact-et-meubles-de-style-minimaliste-dans-ce-petit-salon-560x306.jpg 560w, https:\/\/pipcke.fr\/idees-deco\/wp-content\/uploads\/2023\/08\/canape-lit-compact-et-meubles-de-style-minimaliste-dans-ce-petit-salon.jpg 1024w\" sizes=\"auto, (max-width: 800px) 100vw, 800px\" \/><\/a><\/figure>\n\n\n\n<figure class=\"wp-block-image size-large\"><a href=\"https:\/\/pipcke.fr\/idees-deco\/wp-content\/uploads\/2023\/08\/canape-lit-design-couleur-grise-petit-salon.jpg\" target=\"_blank\" rel=\"noopener\"><img loading=\"lazy\" decoding=\"async\" width=\"800\" height=\"800\" data-id=\"8374\" src=\"https:\/\/pipcke.fr\/idees-deco\/wp-content\/uploads\/2023\/08\/canape-lit-design-couleur-grise-petit-salon.jpg\" alt=\"Un canap\u00e9 convertible, \u00e0 la fois design et fonctionnel, habille ce petit salon de style scandinave\" class=\"wp-image-8374\" srcset=\"https:\/\/pipcke.fr\/idees-deco\/wp-content\/uploads\/2023\/08\/canape-lit-design-couleur-grise-petit-salon.jpg 800w, https:\/\/pipcke.fr\/idees-deco\/wp-content\/uploads\/2023\/08\/canape-lit-design-couleur-grise-petit-salon-80x80.jpg 80w, https:\/\/pipcke.fr\/idees-deco\/wp-content\/uploads\/2023\/08\/canape-lit-design-couleur-grise-petit-salon-120x120.jpg 120w, https:\/\/pipcke.fr\/idees-deco\/wp-content\/uploads\/2023\/08\/canape-lit-design-couleur-grise-petit-salon-90x90.jpg 90w, https:\/\/pipcke.fr\/idees-deco\/wp-content\/uploads\/2023\/08\/canape-lit-design-couleur-grise-petit-salon-320x320.jpg 320w, https:\/\/pipcke.fr\/idees-deco\/wp-content\/uploads\/2023\/08\/canape-lit-design-couleur-grise-petit-salon-560x560.jpg 560w\" sizes=\"auto, (max-width: 800px) 100vw, 800px\" \/><\/a><\/figure>\n<figcaption class=\"blocks-gallery-caption wp-element-caption\">\u00a9 For Int\u00e9rieur &#8211; Le Journal de la Maison &#8211; Blog BUT<\/figcaption><\/figure>\n\n\n\n<h2 class=\"wp-block-heading\" id=\"h-bien-choisir-l-eclairage-du-petit-salon\"><span id=\"bien-choisir-leclairage-du-petit-salon\">Bien choisir l\u2019\u00e9clairage du petit salon<\/span><\/h2>\n\n\n\n<p>L\u2019\u00e9clairage joue un grand r\u00f4le dans l\u2019ambiance d\u2019un petit salon. C\u2019est lui qui vous permet de <strong>cr\u00e9er une atmosph\u00e8re chaleureuse et conviviale<\/strong>. Vous avez l\u2019embarras du choix, entre les plafonniers, les lustres, les spots encastr\u00e9s, les lampes sur pied ou encore les appliques murales&nbsp;! Commencez par <a href=\"https:\/\/pipcke.fr\/idees-deco\/conseils-de-decorateurs\/eclairage-salon\/\">l\u2019\u00e9clairage g\u00e9n\u00e9ral de la pi\u00e8ce<\/a>, en optant pour un lustre ou un plafonnier qui illumine tout le salon de mani\u00e8re homog\u00e8ne. Vous pouvez ensuite vous occuper de l\u2019\u00e9clairage d\u2019appoint&nbsp;: par exemple, des appliques murales contribuent \u00e0 cr\u00e9er un environnement tamis\u00e9, tandis que les lampes sur pied apportent beaucoup d\u2019\u00e9l\u00e9gance \u00e0 la d\u00e9co. Pour le coin lecture, optez pour un \u00e9clairage fonctionnel&nbsp;: une lampe directionnelle par exemple.<\/p>\n\n\n\n<p>Enfin, n\u2019h\u00e9sitez pas \u00e0 installer des <strong>variateurs d\u2019intensit\u00e9<\/strong>, pour ajuster la luminosit\u00e9 du petit salon en fonction des moments de la journ\u00e9e.<\/p>\n\n\n\n<figure class=\"wp-block-gallery has-nested-images columns-2 is-cropped wp-block-gallery-2 is-layout-flex wp-block-gallery-is-layout-flex\">\n<figure class=\"wp-block-image size-medium\"><a href=\"https:\/\/pipcke.fr\/idees-deco\/wp-content\/uploads\/2023\/08\/un-lampadaire-pour-le-coin-lecture-au-dessus-du-canape.jpg\" target=\"_blank\" rel=\"noopener\"><img loading=\"lazy\" decoding=\"async\" width=\"800\" height=\"534\" data-id=\"8400\" src=\"https:\/\/pipcke.fr\/idees-deco\/wp-content\/uploads\/2023\/08\/un-lampadaire-pour-le-coin-lecture-au-dessus-du-canape-800x534.jpg\" alt=\"Un lampadaire au-dessus du canap\u00e9, pour cr\u00e9er un coin lecture dans ce petit salon de style scandinave\" class=\"wp-image-8400\" srcset=\"https:\/\/pipcke.fr\/idees-deco\/wp-content\/uploads\/2023\/08\/un-lampadaire-pour-le-coin-lecture-au-dessus-du-canape-800x534.jpg 800w, https:\/\/pipcke.fr\/idees-deco\/wp-content\/uploads\/2023\/08\/un-lampadaire-pour-le-coin-lecture-au-dessus-du-canape-120x80.jpg 120w, https:\/\/pipcke.fr\/idees-deco\/wp-content\/uploads\/2023\/08\/un-lampadaire-pour-le-coin-lecture-au-dessus-du-canape-90x60.jpg 90w, https:\/\/pipcke.fr\/idees-deco\/wp-content\/uploads\/2023\/08\/un-lampadaire-pour-le-coin-lecture-au-dessus-du-canape-320x213.jpg 320w, https:\/\/pipcke.fr\/idees-deco\/wp-content\/uploads\/2023\/08\/un-lampadaire-pour-le-coin-lecture-au-dessus-du-canape-560x374.jpg 560w, https:\/\/pipcke.fr\/idees-deco\/wp-content\/uploads\/2023\/08\/un-lampadaire-pour-le-coin-lecture-au-dessus-du-canape.jpg 1024w\" sizes=\"auto, (max-width: 800px) 100vw, 800px\" \/><\/a><\/figure>\n\n\n\n<figure class=\"wp-block-image size-large\"><a href=\"https:\/\/pipcke.fr\/idees-deco\/wp-content\/uploads\/2023\/08\/appliques-murales-eclairant-vers-le-haut-et-le-bas-mur-terracotta.webp\" target=\"_blank\" rel=\"noopener\"><img loading=\"lazy\" decoding=\"async\" width=\"640\" height=\"427\" data-id=\"8401\" src=\"https:\/\/pipcke.fr\/idees-deco\/wp-content\/uploads\/2023\/08\/appliques-murales-eclairant-vers-le-haut-et-le-bas-mur-terracotta.webp\" alt=\"Quatre appliques murales mettent en valeur ce mur terracotta, en \u00e9clairant vers le bas et vers le haut\" class=\"wp-image-8401\" srcset=\"https:\/\/pipcke.fr\/idees-deco\/wp-content\/uploads\/2023\/08\/appliques-murales-eclairant-vers-le-haut-et-le-bas-mur-terracotta.webp 640w, https:\/\/pipcke.fr\/idees-deco\/wp-content\/uploads\/2023\/08\/appliques-murales-eclairant-vers-le-haut-et-le-bas-mur-terracotta-120x80.webp 120w, https:\/\/pipcke.fr\/idees-deco\/wp-content\/uploads\/2023\/08\/appliques-murales-eclairant-vers-le-haut-et-le-bas-mur-terracotta-90x60.webp 90w, https:\/\/pipcke.fr\/idees-deco\/wp-content\/uploads\/2023\/08\/appliques-murales-eclairant-vers-le-haut-et-le-bas-mur-terracotta-320x214.webp 320w, https:\/\/pipcke.fr\/idees-deco\/wp-content\/uploads\/2023\/08\/appliques-murales-eclairant-vers-le-haut-et-le-bas-mur-terracotta-560x374.webp 560w\" sizes=\"auto, (max-width: 640px) 100vw, 640px\" \/><\/a><\/figure>\n\n\n\n<figure class=\"wp-block-image size-large\"><a href=\"https:\/\/pipcke.fr\/idees-deco\/wp-content\/uploads\/2023\/08\/deux-ampoules-suspendues-salon-style-minimaliste.webp\" target=\"_blank\" rel=\"noopener\"><img loading=\"lazy\" decoding=\"async\" width=\"480\" height=\"465\" data-id=\"8402\" src=\"https:\/\/pipcke.fr\/idees-deco\/wp-content\/uploads\/2023\/08\/deux-ampoules-suspendues-salon-style-minimaliste.webp\" alt=\"Deux ampoules suspendues, au-dessus du salon, tr\u00e8s designs, dans un style minimaliste\" class=\"wp-image-8402\" srcset=\"https:\/\/pipcke.fr\/idees-deco\/wp-content\/uploads\/2023\/08\/deux-ampoules-suspendues-salon-style-minimaliste.webp 480w, https:\/\/pipcke.fr\/idees-deco\/wp-content\/uploads\/2023\/08\/deux-ampoules-suspendues-salon-style-minimaliste-120x116.webp 120w, https:\/\/pipcke.fr\/idees-deco\/wp-content\/uploads\/2023\/08\/deux-ampoules-suspendues-salon-style-minimaliste-90x87.webp 90w, https:\/\/pipcke.fr\/idees-deco\/wp-content\/uploads\/2023\/08\/deux-ampoules-suspendues-salon-style-minimaliste-320x310.webp 320w\" sizes=\"auto, (max-width: 480px) 100vw, 480px\" \/><\/a><\/figure>\n\n\n\n<figure class=\"wp-block-image size-medium\"><a href=\"https:\/\/pipcke.fr\/idees-deco\/wp-content\/uploads\/2023\/08\/grande-fenetre-et-lumiere-naturelle-baigne-petit-salon.jpg\" target=\"_blank\" rel=\"noopener\"><img loading=\"lazy\" decoding=\"async\" width=\"800\" height=\"560\" data-id=\"8403\" src=\"https:\/\/pipcke.fr\/idees-deco\/wp-content\/uploads\/2023\/08\/grande-fenetre-et-lumiere-naturelle-baigne-petit-salon-800x560.jpg\" alt=\"La grande fen\u00eatre du petit salon permet \u00e0 la lumi\u00e8re naturelle de bien \u00e9clairer la pi\u00e8ce\" class=\"wp-image-8403\" srcset=\"https:\/\/pipcke.fr\/idees-deco\/wp-content\/uploads\/2023\/08\/grande-fenetre-et-lumiere-naturelle-baigne-petit-salon-800x560.jpg 800w, https:\/\/pipcke.fr\/idees-deco\/wp-content\/uploads\/2023\/08\/grande-fenetre-et-lumiere-naturelle-baigne-petit-salon-120x84.jpg 120w, https:\/\/pipcke.fr\/idees-deco\/wp-content\/uploads\/2023\/08\/grande-fenetre-et-lumiere-naturelle-baigne-petit-salon-90x63.jpg 90w, https:\/\/pipcke.fr\/idees-deco\/wp-content\/uploads\/2023\/08\/grande-fenetre-et-lumiere-naturelle-baigne-petit-salon-320x224.jpg 320w, https:\/\/pipcke.fr\/idees-deco\/wp-content\/uploads\/2023\/08\/grande-fenetre-et-lumiere-naturelle-baigne-petit-salon-560x392.jpg 560w, https:\/\/pipcke.fr\/idees-deco\/wp-content\/uploads\/2023\/08\/grande-fenetre-et-lumiere-naturelle-baigne-petit-salon.jpg 1098w\" sizes=\"auto, (max-width: 800px) 100vw, 800px\" \/><\/a><\/figure>\n<figcaption class=\"blocks-gallery-caption wp-element-caption\">\u00a9 Domozoom &#8211; C\u00f4t\u00e9 Maison &#8211; Hoopzi &#8211; Elle Magazine<\/figcaption><\/figure>\n\n\n\n<h2 class=\"wp-block-heading\" id=\"h-des-solutions-de-rangement-intelligentes\"><span id=\"des-solutions-de-rangement-intelligentes\">Des solutions de rangement intelligentes<\/span><\/h2>\n\n\n\n<p>Pour vous sentir \u00e0 l\u2019aise dans votre salon, vous devez optimiser son am\u00e9nagement gr\u00e2ce \u00e0 <a href=\"https:\/\/pipcke.fr\/idees-deco\/astuces-deco-et-diy\/rangement-gain-de-place\/\">des solutions de rangement intelligentes<\/a>. Pour commencer, les <strong>\u00e9tag\u00e8res murales<\/strong> permettent de ranger des livres et des objets d\u00e9co, sans encombrer le sol. Design et faciles \u00e0 poser, elles se d\u00e9clinent dans de nombreux styles. Optez aussi pour des biblioth\u00e8ques en hauteur, surtout si le plafond est assez haut. Vous tirez ainsi parti de l\u2019espace vertical, tout en exposant votre \u00e9l\u00e9gante collection de livres \u00e0 la reliure ancienne.<\/p>\n\n\n\n<p>On aime \u00e9galement les syst\u00e8mes de rangement qui se dissimulent derri\u00e8re les portes du petit salon, comme des crochets. Vous pouvez y suspendre des chapeaux et des sacs \u00e0 main. Et pourquoi pas du <strong>mobilier pliable<\/strong> pour votre petite pi\u00e8ce de vie&nbsp;? De cette fa\u00e7on, vous pouvez facilement ranger les meubles lorsque vous ne les utilisez pas.<\/p>\n\n\n\n<figure class=\"wp-block-gallery has-nested-images columns-2 is-cropped wp-block-gallery-3 is-layout-flex wp-block-gallery-is-layout-flex\">\n<figure class=\"wp-block-image size-large\"><a href=\"https:\/\/pipcke.fr\/idees-deco\/wp-content\/uploads\/2023\/08\/plusieurs-etageres-murales-en-bois-sur-mur-salon.webp\" target=\"_blank\" rel=\"noopener\"><img loading=\"lazy\" decoding=\"async\" width=\"795\" height=\"677\" data-id=\"8405\" src=\"https:\/\/pipcke.fr\/idees-deco\/wp-content\/uploads\/2023\/08\/plusieurs-etageres-murales-en-bois-sur-mur-salon.webp\" alt=\"Des \u00e9tag\u00e8res murales en bois ornent le mur de ce petit salon et accueillent des objets d\u00e9co\" class=\"wp-image-8405\" srcset=\"https:\/\/pipcke.fr\/idees-deco\/wp-content\/uploads\/2023\/08\/plusieurs-etageres-murales-en-bois-sur-mur-salon.webp 795w, https:\/\/pipcke.fr\/idees-deco\/wp-content\/uploads\/2023\/08\/plusieurs-etageres-murales-en-bois-sur-mur-salon-120x102.webp 120w, https:\/\/pipcke.fr\/idees-deco\/wp-content\/uploads\/2023\/08\/plusieurs-etageres-murales-en-bois-sur-mur-salon-90x77.webp 90w, https:\/\/pipcke.fr\/idees-deco\/wp-content\/uploads\/2023\/08\/plusieurs-etageres-murales-en-bois-sur-mur-salon-320x273.webp 320w, https:\/\/pipcke.fr\/idees-deco\/wp-content\/uploads\/2023\/08\/plusieurs-etageres-murales-en-bois-sur-mur-salon-560x477.webp 560w\" sizes=\"auto, (max-width: 795px) 100vw, 795px\" \/><\/a><\/figure>\n\n\n\n<figure class=\"wp-block-image size-medium\"><a href=\"https:\/\/pipcke.fr\/idees-deco\/wp-content\/uploads\/2023\/08\/commode-style-moderne-avec-grand-espace-de-rangement.jpg\" target=\"_blank\" rel=\"noopener\"><img loading=\"lazy\" decoding=\"async\" width=\"800\" height=\"531\" data-id=\"8406\" src=\"https:\/\/pipcke.fr\/idees-deco\/wp-content\/uploads\/2023\/08\/commode-style-moderne-avec-grand-espace-de-rangement-800x531.jpg\" alt=\"Une commode imposante de style moderne offre un vaste espace de rangement\" class=\"wp-image-8406\" srcset=\"https:\/\/pipcke.fr\/idees-deco\/wp-content\/uploads\/2023\/08\/commode-style-moderne-avec-grand-espace-de-rangement-800x531.jpg 800w, https:\/\/pipcke.fr\/idees-deco\/wp-content\/uploads\/2023\/08\/commode-style-moderne-avec-grand-espace-de-rangement-1160x770.jpg 1160w, https:\/\/pipcke.fr\/idees-deco\/wp-content\/uploads\/2023\/08\/commode-style-moderne-avec-grand-espace-de-rangement-120x80.jpg 120w, https:\/\/pipcke.fr\/idees-deco\/wp-content\/uploads\/2023\/08\/commode-style-moderne-avec-grand-espace-de-rangement-90x60.jpg 90w, https:\/\/pipcke.fr\/idees-deco\/wp-content\/uploads\/2023\/08\/commode-style-moderne-avec-grand-espace-de-rangement-320x213.jpg 320w, https:\/\/pipcke.fr\/idees-deco\/wp-content\/uploads\/2023\/08\/commode-style-moderne-avec-grand-espace-de-rangement-560x372.jpg 560w, https:\/\/pipcke.fr\/idees-deco\/wp-content\/uploads\/2023\/08\/commode-style-moderne-avec-grand-espace-de-rangement.jpg 1280w\" sizes=\"auto, (max-width: 800px) 100vw, 800px\" \/><\/a><\/figure>\n\n\n\n<figure class=\"wp-block-image size-large\"><a href=\"https:\/\/pipcke.fr\/idees-deco\/wp-content\/uploads\/2023\/08\/etagere-murale-attaches-invisibles-style-minimaliste.jpg\" target=\"_blank\" rel=\"noopener\"><img loading=\"lazy\" decoding=\"async\" width=\"800\" height=\"800\" data-id=\"8407\" src=\"https:\/\/pipcke.fr\/idees-deco\/wp-content\/uploads\/2023\/08\/etagere-murale-attaches-invisibles-style-minimaliste.jpg\" alt=\"Une \u00e9tag\u00e8re murale de style minimaliste au-dessus du canap\u00e9, avec un syst\u00e8me de fixation invisible\" class=\"wp-image-8407\" srcset=\"https:\/\/pipcke.fr\/idees-deco\/wp-content\/uploads\/2023\/08\/etagere-murale-attaches-invisibles-style-minimaliste.jpg 800w, https:\/\/pipcke.fr\/idees-deco\/wp-content\/uploads\/2023\/08\/etagere-murale-attaches-invisibles-style-minimaliste-80x80.jpg 80w, https:\/\/pipcke.fr\/idees-deco\/wp-content\/uploads\/2023\/08\/etagere-murale-attaches-invisibles-style-minimaliste-120x120.jpg 120w, https:\/\/pipcke.fr\/idees-deco\/wp-content\/uploads\/2023\/08\/etagere-murale-attaches-invisibles-style-minimaliste-90x90.jpg 90w, https:\/\/pipcke.fr\/idees-deco\/wp-content\/uploads\/2023\/08\/etagere-murale-attaches-invisibles-style-minimaliste-320x320.jpg 320w, https:\/\/pipcke.fr\/idees-deco\/wp-content\/uploads\/2023\/08\/etagere-murale-attaches-invisibles-style-minimaliste-560x560.jpg 560w\" sizes=\"auto, (max-width: 800px) 100vw, 800px\" \/><\/a><\/figure>\n\n\n\n<figure class=\"wp-block-image size-large\"><a href=\"https:\/\/pipcke.fr\/idees-deco\/wp-content\/uploads\/2023\/08\/table-en-bois-pliable-dans-le-salon.jpg\" target=\"_blank\" rel=\"noopener\"><img loading=\"lazy\" decoding=\"async\" width=\"700\" height=\"700\" data-id=\"8422\" src=\"https:\/\/pipcke.fr\/idees-deco\/wp-content\/uploads\/2023\/08\/table-en-bois-pliable-dans-le-salon.jpg\" alt=\"Une table en bois pliable pour le petit salon, style indus\" class=\"wp-image-8422\" srcset=\"https:\/\/pipcke.fr\/idees-deco\/wp-content\/uploads\/2023\/08\/table-en-bois-pliable-dans-le-salon.jpg 700w, https:\/\/pipcke.fr\/idees-deco\/wp-content\/uploads\/2023\/08\/table-en-bois-pliable-dans-le-salon-80x80.jpg 80w, https:\/\/pipcke.fr\/idees-deco\/wp-content\/uploads\/2023\/08\/table-en-bois-pliable-dans-le-salon-120x120.jpg 120w, https:\/\/pipcke.fr\/idees-deco\/wp-content\/uploads\/2023\/08\/table-en-bois-pliable-dans-le-salon-90x90.jpg 90w, https:\/\/pipcke.fr\/idees-deco\/wp-content\/uploads\/2023\/08\/table-en-bois-pliable-dans-le-salon-320x320.jpg 320w, https:\/\/pipcke.fr\/idees-deco\/wp-content\/uploads\/2023\/08\/table-en-bois-pliable-dans-le-salon-560x560.jpg 560w\" sizes=\"auto, (max-width: 700px) 100vw, 700px\" \/><\/a><\/figure>\n<figcaption class=\"blocks-gallery-caption wp-element-caption\">\u00a9 C Tendance &#8211; Novomeuble &#8211; Blog But &#8211; Pinterest<\/figcaption><\/figure>\n\n\n\n<h2 class=\"wp-block-heading\" id=\"h-agrandir-l-espace-a-l-aide-de-miroirs\"><span id=\"agrandir-lespace-a-laide-de-miroirs\">Agrandir l\u2019espace \u00e0 l\u2019aide de miroirs<\/span><\/h2>\n\n\n\n<p>Envie de cr\u00e9er une illusion d\u2019espace dans votre petit salon&nbsp;? Les <a href=\"https:\/\/pipcke.fr\/idees-deco\/conseils-de-decorateurs\/miroir-decoratif-mural\/\">miroirs<\/a> sont vos meilleurs alli\u00e9s pour <strong>agrandir la pi\u00e8ce<\/strong>&nbsp;! En plus, ils se d\u00e9clinent dans de tr\u00e8s nombreux styles, et vous ne rencontrerez pas de difficult\u00e9s pour trouver le miroir mural assorti \u00e0 votre d\u00e9co.<\/p>\n\n\n\n<p>Pour rendre le petit salon plus spacieux, vous pouvez donc placer un grand miroir <strong>en face d\u2019une source de lumi\u00e8re naturelle<\/strong>. Sinon, choisissez plusieurs miroirs, plus petits, agr\u00e9ment\u00e9s de cadres \u00e9l\u00e9gants, pour donner du cachet \u00e0 la pi\u00e8ce tout en l\u2019agrandissant.<\/p>\n\n\n\n<p>Votre salon comporte des portes coulissantes&nbsp;? Pour augmenter la profondeur de la pi\u00e8ce de vie, vous pouvez les recouvrir de miroirs. Dans tous les cas, il est important de choisir un emplacement strat\u00e9gique pour le miroir. N\u2019h\u00e9sitez pas \u00e0 tester plusieurs positionnements, pour s\u00e9lectionner celui qui vous semble le plus adapt\u00e9.<\/p>\n\n\n\n<figure class=\"wp-block-gallery has-nested-images columns-2 is-cropped wp-block-gallery-4 is-layout-flex wp-block-gallery-is-layout-flex\">\n<figure class=\"wp-block-image size-full\"><a href=\"https:\/\/pipcke.fr\/idees-deco\/wp-content\/uploads\/2023\/08\/plusieurs-miroirs-style-verriere-agrandissent-l-espace.jpg\" target=\"_blank\" rel=\"noopener\"><img loading=\"lazy\" decoding=\"async\" width=\"640\" height=\"480\" data-id=\"8411\" src=\"https:\/\/pipcke.fr\/idees-deco\/wp-content\/uploads\/2023\/08\/plusieurs-miroirs-style-verriere-agrandissent-l-espace.jpg\" alt=\"De grands miroirs style verri\u00e8re, plac\u00e9s au-dessus du canap\u00e9, agrandissent la pi\u00e8ce\" class=\"wp-image-8411\" srcset=\"https:\/\/pipcke.fr\/idees-deco\/wp-content\/uploads\/2023\/08\/plusieurs-miroirs-style-verriere-agrandissent-l-espace.jpg 640w, https:\/\/pipcke.fr\/idees-deco\/wp-content\/uploads\/2023\/08\/plusieurs-miroirs-style-verriere-agrandissent-l-espace-320x240.jpg 320w, https:\/\/pipcke.fr\/idees-deco\/wp-content\/uploads\/2023\/08\/plusieurs-miroirs-style-verriere-agrandissent-l-espace-300x225.jpg 300w, https:\/\/pipcke.fr\/idees-deco\/wp-content\/uploads\/2023\/08\/plusieurs-miroirs-style-verriere-agrandissent-l-espace-120x90.jpg 120w, https:\/\/pipcke.fr\/idees-deco\/wp-content\/uploads\/2023\/08\/plusieurs-miroirs-style-verriere-agrandissent-l-espace-90x68.jpg 90w, https:\/\/pipcke.fr\/idees-deco\/wp-content\/uploads\/2023\/08\/plusieurs-miroirs-style-verriere-agrandissent-l-espace-560x420.jpg 560w\" sizes=\"auto, (max-width: 640px) 100vw, 640px\" \/><\/a><\/figure>\n\n\n\n<figure class=\"wp-block-image size-full\"><a href=\"https:\/\/pipcke.fr\/idees-deco\/wp-content\/uploads\/2023\/08\/grand-miroir-moderne-asymetrique-pose-sol-du-salon.jpg\" target=\"_blank\" rel=\"noopener\"><img loading=\"lazy\" decoding=\"async\" width=\"640\" height=\"480\" data-id=\"8412\" src=\"https:\/\/pipcke.fr\/idees-deco\/wp-content\/uploads\/2023\/08\/grand-miroir-moderne-asymetrique-pose-sol-du-salon.jpg\" alt=\"Un grand miroir asym\u00e9trique, de style moderne, est pos\u00e9 sur le sol, dans ce petit salon\" class=\"wp-image-8412\" srcset=\"https:\/\/pipcke.fr\/idees-deco\/wp-content\/uploads\/2023\/08\/grand-miroir-moderne-asymetrique-pose-sol-du-salon.jpg 640w, https:\/\/pipcke.fr\/idees-deco\/wp-content\/uploads\/2023\/08\/grand-miroir-moderne-asymetrique-pose-sol-du-salon-320x240.jpg 320w, https:\/\/pipcke.fr\/idees-deco\/wp-content\/uploads\/2023\/08\/grand-miroir-moderne-asymetrique-pose-sol-du-salon-300x225.jpg 300w, https:\/\/pipcke.fr\/idees-deco\/wp-content\/uploads\/2023\/08\/grand-miroir-moderne-asymetrique-pose-sol-du-salon-120x90.jpg 120w, https:\/\/pipcke.fr\/idees-deco\/wp-content\/uploads\/2023\/08\/grand-miroir-moderne-asymetrique-pose-sol-du-salon-90x68.jpg 90w, https:\/\/pipcke.fr\/idees-deco\/wp-content\/uploads\/2023\/08\/grand-miroir-moderne-asymetrique-pose-sol-du-salon-560x420.jpg 560w\" sizes=\"auto, (max-width: 640px) 100vw, 640px\" \/><\/a><\/figure>\n\n\n\n<figure class=\"wp-block-image size-full\"><a href=\"https:\/\/pipcke.fr\/idees-deco\/wp-content\/uploads\/2023\/08\/miroirs-ronds-differentes-tailles-au-dessus-canape.webp\" target=\"_blank\" rel=\"noopener\"><img loading=\"lazy\" decoding=\"async\" width=\"640\" height=\"427\" data-id=\"8413\" src=\"https:\/\/pipcke.fr\/idees-deco\/wp-content\/uploads\/2023\/08\/miroirs-ronds-differentes-tailles-au-dessus-canape.webp\" alt=\"Plusieurs miroirs ronds, de tailles diff\u00e9rentes et de style minimaliste, au-dessus du canap\u00e9\" class=\"wp-image-8413\" srcset=\"https:\/\/pipcke.fr\/idees-deco\/wp-content\/uploads\/2023\/08\/miroirs-ronds-differentes-tailles-au-dessus-canape.webp 640w, https:\/\/pipcke.fr\/idees-deco\/wp-content\/uploads\/2023\/08\/miroirs-ronds-differentes-tailles-au-dessus-canape-120x80.webp 120w, https:\/\/pipcke.fr\/idees-deco\/wp-content\/uploads\/2023\/08\/miroirs-ronds-differentes-tailles-au-dessus-canape-90x60.webp 90w, https:\/\/pipcke.fr\/idees-deco\/wp-content\/uploads\/2023\/08\/miroirs-ronds-differentes-tailles-au-dessus-canape-320x214.webp 320w, https:\/\/pipcke.fr\/idees-deco\/wp-content\/uploads\/2023\/08\/miroirs-ronds-differentes-tailles-au-dessus-canape-560x374.webp 560w\" sizes=\"auto, (max-width: 640px) 100vw, 640px\" \/><\/a><\/figure>\n\n\n\n<figure class=\"wp-block-image size-full\"><a href=\"https:\/\/pipcke.fr\/idees-deco\/wp-content\/uploads\/2023\/08\/miroir-verriere-cinq-vitres-au-dessus-buffet.jpg\" target=\"_blank\" rel=\"noopener\"><img loading=\"lazy\" decoding=\"async\" width=\"736\" height=\"736\" data-id=\"8414\" src=\"https:\/\/pipcke.fr\/idees-deco\/wp-content\/uploads\/2023\/08\/miroir-verriere-cinq-vitres-au-dessus-buffet.jpg\" alt=\"Un grand miroir style verri\u00e8re avec cinq vitres est install\u00e9 au-dessus du buffet dans ce petit salon\" class=\"wp-image-8414\" srcset=\"https:\/\/pipcke.fr\/idees-deco\/wp-content\/uploads\/2023\/08\/miroir-verriere-cinq-vitres-au-dessus-buffet.jpg 736w, https:\/\/pipcke.fr\/idees-deco\/wp-content\/uploads\/2023\/08\/miroir-verriere-cinq-vitres-au-dessus-buffet-80x80.jpg 80w, https:\/\/pipcke.fr\/idees-deco\/wp-content\/uploads\/2023\/08\/miroir-verriere-cinq-vitres-au-dessus-buffet-120x120.jpg 120w, https:\/\/pipcke.fr\/idees-deco\/wp-content\/uploads\/2023\/08\/miroir-verriere-cinq-vitres-au-dessus-buffet-90x90.jpg 90w, https:\/\/pipcke.fr\/idees-deco\/wp-content\/uploads\/2023\/08\/miroir-verriere-cinq-vitres-au-dessus-buffet-320x320.jpg 320w, https:\/\/pipcke.fr\/idees-deco\/wp-content\/uploads\/2023\/08\/miroir-verriere-cinq-vitres-au-dessus-buffet-560x560.jpg 560w\" sizes=\"auto, (max-width: 736px) 100vw, 736px\" \/><\/a><\/figure>\n<figcaption class=\"blocks-gallery-caption wp-element-caption\">\u00a9 Maison \u00e0 part &#8211; C\u00f4t\u00e9 Maison &#8211; Pinterest<\/figcaption><\/figure>\n\n\n\n<h2 class=\"wp-block-heading\" id=\"h-un-style-deco-coherent-dans-le-petit-salon\"><span id=\"un-style-deco-coherent-dans-le-petit-salon\">Un style d\u00e9co coh\u00e9rent dans le petit salon<\/span><\/h2>\n\n\n\n<p>Le <strong>style minimaliste<\/strong> est particuli\u00e8rement adapt\u00e9 aux espaces restreints. \u00c0 la fois simple et \u00e9pur\u00e9, il permet de ne pas surcharger visuellement votre petit salon. Pour cela, privil\u00e9giez des meubles fonctionnels et discrets, aux lignes sobres. Le <strong>style scandinave<\/strong> ou nordique fait aussi sensation dans ce type d\u2019espace. Il aime les tons clairs, les meubles en bois et les mati\u00e8res naturelles, avec quelques touches de couleurs douces&nbsp;: l\u2019id\u00e9al pour un petit salon lumineux&nbsp;! Quant au <strong>style indus<\/strong>, il permet de mettre en valeur le cachet de l\u2019ancien r\u00e9nov\u00e9. Combinant le m\u00e9tal fonc\u00e9 et le bois clair, il sublime les petits espaces en apportant une touche de caract\u00e8re et d\u2019authenticit\u00e9.<\/p>\n\n\n\n<figure class=\"wp-block-gallery has-nested-images columns-2 is-cropped wp-block-gallery-5 is-layout-flex wp-block-gallery-is-layout-flex\">\n<figure class=\"wp-block-image size-large\"><img loading=\"lazy\" decoding=\"async\" width=\"638\" height=\"446\" data-id=\"8416\" src=\"https:\/\/pipcke.fr\/idees-deco\/wp-content\/uploads\/2023\/08\/petit-salon-peu-de-meubles-canape-et-fauteuils-pieds-fins.jpg\" alt=\"Un petit salon tr\u00e8s lumineux, avec un canap\u00e9, des fauteuils et une table basse designs, aux pieds fins\" class=\"wp-image-8416\" srcset=\"https:\/\/pipcke.fr\/idees-deco\/wp-content\/uploads\/2023\/08\/petit-salon-peu-de-meubles-canape-et-fauteuils-pieds-fins.jpg 638w, https:\/\/pipcke.fr\/idees-deco\/wp-content\/uploads\/2023\/08\/petit-salon-peu-de-meubles-canape-et-fauteuils-pieds-fins-120x84.jpg 120w, https:\/\/pipcke.fr\/idees-deco\/wp-content\/uploads\/2023\/08\/petit-salon-peu-de-meubles-canape-et-fauteuils-pieds-fins-90x63.jpg 90w, https:\/\/pipcke.fr\/idees-deco\/wp-content\/uploads\/2023\/08\/petit-salon-peu-de-meubles-canape-et-fauteuils-pieds-fins-320x224.jpg 320w, https:\/\/pipcke.fr\/idees-deco\/wp-content\/uploads\/2023\/08\/petit-salon-peu-de-meubles-canape-et-fauteuils-pieds-fins-560x391.jpg 560w\" sizes=\"auto, (max-width: 638px) 100vw, 638px\" \/><\/figure>\n\n\n\n<figure class=\"wp-block-image size-large\"><img loading=\"lazy\" decoding=\"async\" width=\"564\" height=\"850\" data-id=\"8417\" src=\"https:\/\/pipcke.fr\/idees-deco\/wp-content\/uploads\/2023\/08\/mobilier-epure-style-scandinave-mur-briques.jpg\" alt=\"Style d\u00e9co scandinave dans ce petit salon, avec une tapisserie imitation mur en briques\" class=\"wp-image-8417\" srcset=\"https:\/\/pipcke.fr\/idees-deco\/wp-content\/uploads\/2023\/08\/mobilier-epure-style-scandinave-mur-briques.jpg 564w, https:\/\/pipcke.fr\/idees-deco\/wp-content\/uploads\/2023\/08\/mobilier-epure-style-scandinave-mur-briques-120x181.jpg 120w, https:\/\/pipcke.fr\/idees-deco\/wp-content\/uploads\/2023\/08\/mobilier-epure-style-scandinave-mur-briques-90x136.jpg 90w, https:\/\/pipcke.fr\/idees-deco\/wp-content\/uploads\/2023\/08\/mobilier-epure-style-scandinave-mur-briques-320x482.jpg 320w, https:\/\/pipcke.fr\/idees-deco\/wp-content\/uploads\/2023\/08\/mobilier-epure-style-scandinave-mur-briques-560x844.jpg 560w\" sizes=\"auto, (max-width: 564px) 100vw, 564px\" \/><\/figure>\n\n\n\n<figure class=\"wp-block-image size-large\"><img loading=\"lazy\" decoding=\"async\" width=\"1160\" height=\"850\" data-id=\"8418\" src=\"https:\/\/pipcke.fr\/idees-deco\/wp-content\/uploads\/2023\/08\/petit-salon-epure-style-scandinave-tons-clairs-beiges-1160x850.webp\" alt=\"Ce salon de petite taille arbore un \u00e9l\u00e9gant style scandinave, avec tons tr\u00e8s doux, beiges clairs\" class=\"wp-image-8418\" srcset=\"https:\/\/pipcke.fr\/idees-deco\/wp-content\/uploads\/2023\/08\/petit-salon-epure-style-scandinave-tons-clairs-beiges-1160x850.webp 1160w, https:\/\/pipcke.fr\/idees-deco\/wp-content\/uploads\/2023\/08\/petit-salon-epure-style-scandinave-tons-clairs-beiges-800x586.webp 800w, https:\/\/pipcke.fr\/idees-deco\/wp-content\/uploads\/2023\/08\/petit-salon-epure-style-scandinave-tons-clairs-beiges-120x88.webp 120w, https:\/\/pipcke.fr\/idees-deco\/wp-content\/uploads\/2023\/08\/petit-salon-epure-style-scandinave-tons-clairs-beiges-90x66.webp 90w, https:\/\/pipcke.fr\/idees-deco\/wp-content\/uploads\/2023\/08\/petit-salon-epure-style-scandinave-tons-clairs-beiges-320x234.webp 320w, https:\/\/pipcke.fr\/idees-deco\/wp-content\/uploads\/2023\/08\/petit-salon-epure-style-scandinave-tons-clairs-beiges-560x410.webp 560w, https:\/\/pipcke.fr\/idees-deco\/wp-content\/uploads\/2023\/08\/petit-salon-epure-style-scandinave-tons-clairs-beiges.webp 1200w\" sizes=\"auto, (max-width: 1160px) 100vw, 1160px\" \/><\/figure>\n\n\n\n<figure class=\"wp-block-image size-large\"><img loading=\"lazy\" decoding=\"async\" width=\"1000\" height=\"500\" data-id=\"8419\" src=\"https:\/\/pipcke.fr\/idees-deco\/wp-content\/uploads\/2023\/08\/petit-salon-lumineux-style-moderne-meubles-designs.jpg\" alt=\"Ce salon lumineux se pare d'un mobilier moderne, tr\u00e8s \u00e9pur\u00e9 et minimaliste\" class=\"wp-image-8419\" srcset=\"https:\/\/pipcke.fr\/idees-deco\/wp-content\/uploads\/2023\/08\/petit-salon-lumineux-style-moderne-meubles-designs.jpg 1000w, https:\/\/pipcke.fr\/idees-deco\/wp-content\/uploads\/2023\/08\/petit-salon-lumineux-style-moderne-meubles-designs-800x400.jpg 800w, https:\/\/pipcke.fr\/idees-deco\/wp-content\/uploads\/2023\/08\/petit-salon-lumineux-style-moderne-meubles-designs-120x60.jpg 120w, https:\/\/pipcke.fr\/idees-deco\/wp-content\/uploads\/2023\/08\/petit-salon-lumineux-style-moderne-meubles-designs-90x45.jpg 90w, https:\/\/pipcke.fr\/idees-deco\/wp-content\/uploads\/2023\/08\/petit-salon-lumineux-style-moderne-meubles-designs-320x160.jpg 320w, https:\/\/pipcke.fr\/idees-deco\/wp-content\/uploads\/2023\/08\/petit-salon-lumineux-style-moderne-meubles-designs-560x280.jpg 560w\" sizes=\"auto, (max-width: 1000px) 100vw, 1000px\" \/><\/figure>\n<figcaption class=\"blocks-gallery-caption wp-element-caption\">\u00a9 Elle &#8211; C tendance &#8211; Le So Girly Blog &#8211; <a href=\"https:\/\/www.marieclaire.fr\/maison\/\">Marie Claire Maison<\/a><\/figcaption><\/figure>\n\n\n\n<p>Vous poss\u00e9dez un salon en L&nbsp;? Ce type d\u2019espace n\u2019est pas toujours facile \u00e0 am\u00e9nager, surtout lorsque l\u2019on a des meubles imposants. Pour vous simplifier la vie et trouver de l\u2019inspiration, rendez-vous dans <a href=\"https:\/\/pipcke.fr\/idees-deco\/conseils-amenagement\/salon-en-l\/\">cet article<\/a>&nbsp;! Nos experts vous donnent des id\u00e9es pour <strong>bien agencer un petit salon en L<\/strong>.<\/p>\n","protected":false},"excerpt":{"rendered":"<p>Ce n\u2019est pas parce que le salon est petit que vous devez vous y sentir \u00e0 l\u2019\u00e9troit&nbsp;! Il existe de nombreuses astuces pour optimiser cet espace, et en faire un&hellip;<\/p>\n","protected":false},"author":3,"featured_media":21054,"comment_status":"closed","ping_status":"closed","sticky":false,"template":"","format":"standard","meta":{"inline_featured_image":false,"footnotes":""},"categories":[49],"tags":[33,30,28,116,38,39,54,95,44,35,134,45,22,25,31],"powerkit_post_featured":[2,7,4,5,9],"class_list":{"0":"post-8367","1":"post","2":"type-post","3":"status-publish","4":"format-standard","5":"has-post-thumbnail","7":"category-conseils-amenagement","8":"tag-amenagement","9":"tag-astuces","10":"tag-decoration","11":"tag-espace-ouvert","12":"tag-idees","13":"tag-industriel","14":"tag-lumiere","15":"tag-luminaire","16":"tag-minimaliste","17":"tag-mobilier","18":"tag-piece-de-vie","19":"tag-rangement","20":"tag-salon","21":"tag-scandinave","22":"tag-styles"},"yoast_head":"<!-- This site is optimized with the Yoast SEO Premium plugin v22.3 (Yoast SEO v27.9) - https:\/\/yoast.com\/product\/yoast-seo-premium-wordpress\/ -->\n<title>Id\u00e9es et astuces pour am\u00e9nager un petit salon<\/title>\n<meta name=\"description\" content=\"Des miroirs aux rangements, en passant par les meubles fonctionnels et le style d\u00e9co, nous vous aidons \u00e0 am\u00e9nager votre petit salon !\" \/>\n<meta name=\"robots\" content=\"index, follow, max-snippet:-1, max-image-preview:large, max-video-preview:-1\" \/>\n<link rel=\"canonical\" href=\"https:\/\/pipcke.fr\/idees-deco\/conseils-amenagement\/amenager-un-petit-salon\/\" \/>\n<meta property=\"og:locale\" content=\"fr_FR\" \/>\n<meta property=\"og:type\" content=\"article\" \/>\n<meta property=\"og:title\" content=\"Nos id\u00e9es pour am\u00e9nager un petit salon\" \/>\n<meta property=\"og:description\" content=\"Des miroirs aux rangements, en passant par les meubles fonctionnels et le style d\u00e9co, nous vous aidons \u00e0 am\u00e9nager votre petit salon !\" \/>\n<meta property=\"og:url\" content=\"https:\/\/pipcke.fr\/idees-deco\/conseils-amenagement\/amenager-un-petit-salon\/\" \/>\n<meta property=\"og:site_name\" content=\"Pipcke\" \/>\n<meta property=\"article:publisher\" content=\"https:\/\/www.facebook.com\/Pipcke\" \/>\n<meta property=\"article:published_time\" content=\"2023-08-30T12:42:19+00:00\" \/>\n<meta property=\"article:modified_time\" content=\"2025-12-11T14:40:59+00:00\" \/>\n<meta property=\"og:image\" content=\"https:\/\/pipcke.fr\/idees-deco\/wp-content\/uploads\/2025\/12\/amenager-un-petit-salon-scaled.jpg\" \/>\n\t<meta property=\"og:image:width\" content=\"2560\" \/>\n\t<meta property=\"og:image:height\" content=\"1707\" \/>\n\t<meta property=\"og:image:type\" content=\"image\/jpeg\" \/>\n<meta name=\"author\" content=\"Pipcke\" \/>\n<meta name=\"twitter:card\" content=\"summary_large_image\" \/>\n<meta name=\"twitter:creator\" content=\"@pipcke\" \/>\n<meta name=\"twitter:site\" content=\"@pipcke\" \/>\n<meta name=\"twitter:label1\" content=\"\u00c9crit par\" \/>\n\t<meta name=\"twitter:data1\" content=\"Pipcke\" \/>\n\t<meta name=\"twitter:label2\" content=\"Dur\u00e9e de lecture estim\u00e9e\" \/>\n\t<meta name=\"twitter:data2\" content=\"9 minutes\" \/>\n<script type=\"application\/ld+json\" class=\"yoast-schema-graph\">{\"@context\":\"https:\\\/\\\/schema.org\",\"@graph\":[{\"@type\":[\"Article\",\"BlogPosting\"],\"@id\":\"https:\\\/\\\/pipcke.fr\\\/idees-deco\\\/conseils-amenagement\\\/amenager-un-petit-salon\\\/#article\",\"isPartOf\":{\"@id\":\"https:\\\/\\\/pipcke.fr\\\/idees-deco\\\/conseils-amenagement\\\/amenager-un-petit-salon\\\/\"},\"author\":{\"name\":\"Pipcke\",\"@id\":\"https:\\\/\\\/pipcke.fr\\\/idees-deco\\\/#\\\/schema\\\/person\\\/26958b9bb0bb171d66d0813682f173eb\"},\"headline\":\"Nos id\u00e9es pour am\u00e9nager un petit salon\",\"datePublished\":\"2023-08-30T12:42:19+00:00\",\"dateModified\":\"2025-12-11T14:40:59+00:00\",\"mainEntityOfPage\":{\"@id\":\"https:\\\/\\\/pipcke.fr\\\/idees-deco\\\/conseils-amenagement\\\/amenager-un-petit-salon\\\/\"},\"wordCount\":949,\"publisher\":{\"@id\":\"https:\\\/\\\/pipcke.fr\\\/idees-deco\\\/#organization\"},\"image\":{\"@id\":\"https:\\\/\\\/pipcke.fr\\\/idees-deco\\\/conseils-amenagement\\\/amenager-un-petit-salon\\\/#primaryimage\"},\"thumbnailUrl\":\"https:\\\/\\\/pipcke.fr\\\/idees-deco\\\/wp-content\\\/uploads\\\/2025\\\/12\\\/amenager-un-petit-salon-scaled.jpg\",\"keywords\":[\"Am\u00e9nagement\",\"Astuces\",\"D\u00e9coration\",\"Espace ouvert\",\"Id\u00e9es\",\"Industriel\",\"lumi\u00e8re\",\"Luminaire\",\"Minimaliste\",\"Mobilier\",\"pi\u00e8ce de vie\",\"rangement\",\"Salon\",\"Scandinave\",\"Styles\"],\"articleSection\":[\"Conseils am\u00e9nagement\"],\"inLanguage\":\"fr-FR\"},{\"@type\":\"WebPage\",\"@id\":\"https:\\\/\\\/pipcke.fr\\\/idees-deco\\\/conseils-amenagement\\\/amenager-un-petit-salon\\\/\",\"url\":\"https:\\\/\\\/pipcke.fr\\\/idees-deco\\\/conseils-amenagement\\\/amenager-un-petit-salon\\\/\",\"name\":\"Id\u00e9es et astuces pour am\u00e9nager un petit salon\",\"isPartOf\":{\"@id\":\"https:\\\/\\\/pipcke.fr\\\/idees-deco\\\/#website\"},\"primaryImageOfPage\":{\"@id\":\"https:\\\/\\\/pipcke.fr\\\/idees-deco\\\/conseils-amenagement\\\/amenager-un-petit-salon\\\/#primaryimage\"},\"image\":{\"@id\":\"https:\\\/\\\/pipcke.fr\\\/idees-deco\\\/conseils-amenagement\\\/amenager-un-petit-salon\\\/#primaryimage\"},\"thumbnailUrl\":\"https:\\\/\\\/pipcke.fr\\\/idees-deco\\\/wp-content\\\/uploads\\\/2025\\\/12\\\/amenager-un-petit-salon-scaled.jpg\",\"datePublished\":\"2023-08-30T12:42:19+00:00\",\"dateModified\":\"2025-12-11T14:40:59+00:00\",\"description\":\"Des miroirs aux rangements, en passant par les meubles fonctionnels et le style d\u00e9co, nous vous aidons \u00e0 am\u00e9nager votre petit salon !\",\"breadcrumb\":{\"@id\":\"https:\\\/\\\/pipcke.fr\\\/idees-deco\\\/conseils-amenagement\\\/amenager-un-petit-salon\\\/#breadcrumb\"},\"inLanguage\":\"fr-FR\",\"potentialAction\":[{\"@type\":\"ReadAction\",\"target\":[\"https:\\\/\\\/pipcke.fr\\\/idees-deco\\\/conseils-amenagement\\\/amenager-un-petit-salon\\\/\"]}]},{\"@type\":\"ImageObject\",\"inLanguage\":\"fr-FR\",\"@id\":\"https:\\\/\\\/pipcke.fr\\\/idees-deco\\\/conseils-amenagement\\\/amenager-un-petit-salon\\\/#primaryimage\",\"url\":\"https:\\\/\\\/pipcke.fr\\\/idees-deco\\\/wp-content\\\/uploads\\\/2025\\\/12\\\/amenager-un-petit-salon-scaled.jpg\",\"contentUrl\":\"https:\\\/\\\/pipcke.fr\\\/idees-deco\\\/wp-content\\\/uploads\\\/2025\\\/12\\\/amenager-un-petit-salon-scaled.jpg\",\"width\":2560,\"height\":1707,\"caption\":\"Petit salon avec canap\u00e9 beige, fauteuils bleus, table ronde, plantes, t\u00e9l\u00e9vision et coussins color\u00e9s\"},{\"@type\":\"BreadcrumbList\",\"@id\":\"https:\\\/\\\/pipcke.fr\\\/idees-deco\\\/conseils-amenagement\\\/amenager-un-petit-salon\\\/#breadcrumb\",\"itemListElement\":[{\"@type\":\"ListItem\",\"position\":1,\"name\":\"Accueil\",\"item\":\"https:\\\/\\\/pipcke.fr\\\/idees-deco\\\/\"},{\"@type\":\"ListItem\",\"position\":2,\"name\":\"Conseils am\u00e9nagement\",\"item\":\"https:\\\/\\\/pipcke.fr\\\/idees-deco\\\/.\\\/conseils-amenagement\\\/\"},{\"@type\":\"ListItem\",\"position\":3,\"name\":\"Nos id\u00e9es pour am\u00e9nager un petit salon\"}]},{\"@type\":\"WebSite\",\"@id\":\"https:\\\/\\\/pipcke.fr\\\/idees-deco\\\/#website\",\"url\":\"https:\\\/\\\/pipcke.fr\\\/idees-deco\\\/\",\"name\":\"Pipcke\",\"description\":\"Id\u00e9es, conseils et inspirations d\u00e9co\",\"publisher\":{\"@id\":\"https:\\\/\\\/pipcke.fr\\\/idees-deco\\\/#organization\"},\"potentialAction\":[{\"@type\":\"SearchAction\",\"target\":{\"@type\":\"EntryPoint\",\"urlTemplate\":\"https:\\\/\\\/pipcke.fr\\\/idees-deco\\\/?s={search_term_string}\"},\"query-input\":{\"@type\":\"PropertyValueSpecification\",\"valueRequired\":true,\"valueName\":\"search_term_string\"}}],\"inLanguage\":\"fr-FR\"},{\"@type\":\"Organization\",\"@id\":\"https:\\\/\\\/pipcke.fr\\\/idees-deco\\\/#organization\",\"name\":\"PIPCKE\",\"alternateName\":\"PIPCKE\",\"url\":\"https:\\\/\\\/pipcke.fr\\\/idees-deco\\\/\",\"logo\":{\"@type\":\"ImageObject\",\"inLanguage\":\"fr-FR\",\"@id\":\"https:\\\/\\\/pipcke.fr\\\/idees-deco\\\/#\\\/schema\\\/logo\\\/image\\\/\",\"url\":\"https:\\\/\\\/pipcke.fr\\\/idees-deco\\\/wp-content\\\/uploads\\\/2020\\\/12\\\/logo-black.svg\",\"contentUrl\":\"https:\\\/\\\/pipcke.fr\\\/idees-deco\\\/wp-content\\\/uploads\\\/2020\\\/12\\\/logo-black.svg\",\"width\":524,\"height\":140,\"caption\":\"PIPCKE\"},\"image\":{\"@id\":\"https:\\\/\\\/pipcke.fr\\\/idees-deco\\\/#\\\/schema\\\/logo\\\/image\\\/\"},\"sameAs\":[\"https:\\\/\\\/www.facebook.com\\\/Pipcke\",\"https:\\\/\\\/x.com\\\/pipcke\",\"https:\\\/\\\/www.instagram.com\\\/pipcke.fr\\\/\",\"https:\\\/\\\/www.linkedin.com\\\/company\\\/pipcke\",\"https:\\\/\\\/www.pinterest.fr\\\/PIPCKE\\\/_created\\\/\",\"https:\\\/\\\/www.youtube.com\\\/channel\\\/UCaYnny5Q4k6HN1s3zr1Gazw\"],\"email\":\"hello@pipcke.fr\",\"telephone\":\"0184802084\",\"legalName\":\"Pipcke\"},{\"@type\":\"Person\",\"@id\":\"https:\\\/\\\/pipcke.fr\\\/idees-deco\\\/#\\\/schema\\\/person\\\/26958b9bb0bb171d66d0813682f173eb\",\"name\":\"Pipcke\",\"image\":{\"@type\":\"ImageObject\",\"inLanguage\":\"fr-FR\",\"@id\":\"https:\\\/\\\/secure.gravatar.com\\\/avatar\\\/b82a2fac2df25a8e26d15922635805b1873f39de359527b6421a2d71c12aae0a?s=96&d=mm&r=g\",\"url\":\"https:\\\/\\\/secure.gravatar.com\\\/avatar\\\/b82a2fac2df25a8e26d15922635805b1873f39de359527b6421a2d71c12aae0a?s=96&d=mm&r=g\",\"contentUrl\":\"https:\\\/\\\/secure.gravatar.com\\\/avatar\\\/b82a2fac2df25a8e26d15922635805b1873f39de359527b6421a2d71c12aae0a?s=96&d=mm&r=g\",\"caption\":\"Pipcke\"},\"sameAs\":[\"https:\\\/\\\/pipcke.fr\\\/idees-deco\"],\"url\":\"https:\\\/\\\/pipcke.fr\\\/idees-deco\\\/auteur\\\/pipcke\\\/\"}]}<\/script>\n<!-- \/ Yoast SEO Premium plugin. -->","yoast_head_json":{"title":"Id\u00e9es et astuces pour am\u00e9nager un petit salon","description":"Des miroirs aux rangements, en passant par les meubles fonctionnels et le style d\u00e9co, nous vous aidons \u00e0 am\u00e9nager votre petit salon !","robots":{"index":"index","follow":"follow","max-snippet":"max-snippet:-1","max-image-preview":"max-image-preview:large","max-video-preview":"max-video-preview:-1"},"canonical":"https:\/\/pipcke.fr\/idees-deco\/conseils-amenagement\/amenager-un-petit-salon\/","og_locale":"fr_FR","og_type":"article","og_title":"Nos id\u00e9es pour am\u00e9nager un petit salon","og_description":"Des miroirs aux rangements, en passant par les meubles fonctionnels et le style d\u00e9co, nous vous aidons \u00e0 am\u00e9nager votre petit salon !","og_url":"https:\/\/pipcke.fr\/idees-deco\/conseils-amenagement\/amenager-un-petit-salon\/","og_site_name":"Pipcke","article_publisher":"https:\/\/www.facebook.com\/Pipcke","article_published_time":"2023-08-30T12:42:19+00:00","article_modified_time":"2025-12-11T14:40:59+00:00","og_image":[{"width":2560,"height":1707,"url":"https:\/\/pipcke.fr\/idees-deco\/wp-content\/uploads\/2025\/12\/amenager-un-petit-salon-scaled.jpg","type":"image\/jpeg"}],"author":"Pipcke","twitter_card":"summary_large_image","twitter_creator":"@pipcke","twitter_site":"@pipcke","twitter_misc":{"\u00c9crit par":"Pipcke","Dur\u00e9e de lecture estim\u00e9e":"9 minutes"},"schema":{"@context":"https:\/\/schema.org","@graph":[{"@type":["Article","BlogPosting"],"@id":"https:\/\/pipcke.fr\/idees-deco\/conseils-amenagement\/amenager-un-petit-salon\/#article","isPartOf":{"@id":"https:\/\/pipcke.fr\/idees-deco\/conseils-amenagement\/amenager-un-petit-salon\/"},"author":{"name":"Pipcke","@id":"https:\/\/pipcke.fr\/idees-deco\/#\/schema\/person\/26958b9bb0bb171d66d0813682f173eb"},"headline":"Nos id\u00e9es pour am\u00e9nager un petit salon","datePublished":"2023-08-30T12:42:19+00:00","dateModified":"2025-12-11T14:40:59+00:00","mainEntityOfPage":{"@id":"https:\/\/pipcke.fr\/idees-deco\/conseils-amenagement\/amenager-un-petit-salon\/"},"wordCount":949,"publisher":{"@id":"https:\/\/pipcke.fr\/idees-deco\/#organization"},"image":{"@id":"https:\/\/pipcke.fr\/idees-deco\/conseils-amenagement\/amenager-un-petit-salon\/#primaryimage"},"thumbnailUrl":"https:\/\/pipcke.fr\/idees-deco\/wp-content\/uploads\/2025\/12\/amenager-un-petit-salon-scaled.jpg","keywords":["Am\u00e9nagement","Astuces","D\u00e9coration","Espace ouvert","Id\u00e9es","Industriel","lumi\u00e8re","Luminaire","Minimaliste","Mobilier","pi\u00e8ce de vie","rangement","Salon","Scandinave","Styles"],"articleSection":["Conseils am\u00e9nagement"],"inLanguage":"fr-FR"},{"@type":"WebPage","@id":"https:\/\/pipcke.fr\/idees-deco\/conseils-amenagement\/amenager-un-petit-salon\/","url":"https:\/\/pipcke.fr\/idees-deco\/conseils-amenagement\/amenager-un-petit-salon\/","name":"Id\u00e9es et astuces pour am\u00e9nager un petit salon","isPartOf":{"@id":"https:\/\/pipcke.fr\/idees-deco\/#website"},"primaryImageOfPage":{"@id":"https:\/\/pipcke.fr\/idees-deco\/conseils-amenagement\/amenager-un-petit-salon\/#primaryimage"},"image":{"@id":"https:\/\/pipcke.fr\/idees-deco\/conseils-amenagement\/amenager-un-petit-salon\/#primaryimage"},"thumbnailUrl":"https:\/\/pipcke.fr\/idees-deco\/wp-content\/uploads\/2025\/12\/amenager-un-petit-salon-scaled.jpg","datePublished":"2023-08-30T12:42:19+00:00","dateModified":"2025-12-11T14:40:59+00:00","description":"Des miroirs aux rangements, en passant par les meubles fonctionnels et le style d\u00e9co, nous vous aidons \u00e0 am\u00e9nager votre petit salon !","breadcrumb":{"@id":"https:\/\/pipcke.fr\/idees-deco\/conseils-amenagement\/amenager-un-petit-salon\/#breadcrumb"},"inLanguage":"fr-FR","potentialAction":[{"@type":"ReadAction","target":["https:\/\/pipcke.fr\/idees-deco\/conseils-amenagement\/amenager-un-petit-salon\/"]}]},{"@type":"ImageObject","inLanguage":"fr-FR","@id":"https:\/\/pipcke.fr\/idees-deco\/conseils-amenagement\/amenager-un-petit-salon\/#primaryimage","url":"https:\/\/pipcke.fr\/idees-deco\/wp-content\/uploads\/2025\/12\/amenager-un-petit-salon-scaled.jpg","contentUrl":"https:\/\/pipcke.fr\/idees-deco\/wp-content\/uploads\/2025\/12\/amenager-un-petit-salon-scaled.jpg","width":2560,"height":1707,"caption":"Petit salon avec canap\u00e9 beige, fauteuils bleus, table ronde, plantes, t\u00e9l\u00e9vision et coussins color\u00e9s"},{"@type":"BreadcrumbList","@id":"https:\/\/pipcke.fr\/idees-deco\/conseils-amenagement\/amenager-un-petit-salon\/#breadcrumb","itemListElement":[{"@type":"ListItem","position":1,"name":"Accueil","item":"https:\/\/pipcke.fr\/idees-deco\/"},{"@type":"ListItem","position":2,"name":"Conseils am\u00e9nagement","item":"https:\/\/pipcke.fr\/idees-deco\/.\/conseils-amenagement\/"},{"@type":"ListItem","position":3,"name":"Nos id\u00e9es pour am\u00e9nager un petit salon"}]},{"@type":"WebSite","@id":"https:\/\/pipcke.fr\/idees-deco\/#website","url":"https:\/\/pipcke.fr\/idees-deco\/","name":"Pipcke","description":"Id\u00e9es, conseils et inspirations d\u00e9co","publisher":{"@id":"https:\/\/pipcke.fr\/idees-deco\/#organization"},"potentialAction":[{"@type":"SearchAction","target":{"@type":"EntryPoint","urlTemplate":"https:\/\/pipcke.fr\/idees-deco\/?s={search_term_string}"},"query-input":{"@type":"PropertyValueSpecification","valueRequired":true,"valueName":"search_term_string"}}],"inLanguage":"fr-FR"},{"@type":"Organization","@id":"https:\/\/pipcke.fr\/idees-deco\/#organization","name":"PIPCKE","alternateName":"PIPCKE","url":"https:\/\/pipcke.fr\/idees-deco\/","logo":{"@type":"ImageObject","inLanguage":"fr-FR","@id":"https:\/\/pipcke.fr\/idees-deco\/#\/schema\/logo\/image\/","url":"https:\/\/pipcke.fr\/idees-deco\/wp-content\/uploads\/2020\/12\/logo-black.svg","contentUrl":"https:\/\/pipcke.fr\/idees-deco\/wp-content\/uploads\/2020\/12\/logo-black.svg","width":524,"height":140,"caption":"PIPCKE"},"image":{"@id":"https:\/\/pipcke.fr\/idees-deco\/#\/schema\/logo\/image\/"},"sameAs":["https:\/\/www.facebook.com\/Pipcke","https:\/\/x.com\/pipcke","https:\/\/www.instagram.com\/pipcke.fr\/","https:\/\/www.linkedin.com\/company\/pipcke","https:\/\/www.pinterest.fr\/PIPCKE\/_created\/","https:\/\/www.youtube.com\/channel\/UCaYnny5Q4k6HN1s3zr1Gazw"],"email":"hello@pipcke.fr","telephone":"0184802084","legalName":"Pipcke"},{"@type":"Person","@id":"https:\/\/pipcke.fr\/idees-deco\/#\/schema\/person\/26958b9bb0bb171d66d0813682f173eb","name":"Pipcke","image":{"@type":"ImageObject","inLanguage":"fr-FR","@id":"https:\/\/secure.gravatar.com\/avatar\/b82a2fac2df25a8e26d15922635805b1873f39de359527b6421a2d71c12aae0a?s=96&d=mm&r=g","url":"https:\/\/secure.gravatar.com\/avatar\/b82a2fac2df25a8e26d15922635805b1873f39de359527b6421a2d71c12aae0a?s=96&d=mm&r=g","contentUrl":"https:\/\/secure.gravatar.com\/avatar\/b82a2fac2df25a8e26d15922635805b1873f39de359527b6421a2d71c12aae0a?s=96&d=mm&r=g","caption":"Pipcke"},"sameAs":["https:\/\/pipcke.fr\/idees-deco"],"url":"https:\/\/pipcke.fr\/idees-deco\/auteur\/pipcke\/"}]}},"_links":{"self":[{"href":"https:\/\/pipcke.fr\/idees-deco\/wp-json\/wp\/v2\/posts\/8367","targetHints":{"allow":["GET"]}}],"collection":[{"href":"https:\/\/pipcke.fr\/idees-deco\/wp-json\/wp\/v2\/posts"}],"about":[{"href":"https:\/\/pipcke.fr\/idees-deco\/wp-json\/wp\/v2\/types\/post"}],"author":[{"embeddable":true,"href":"https:\/\/pipcke.fr\/idees-deco\/wp-json\/wp\/v2\/users\/3"}],"replies":[{"embeddable":true,"href":"https:\/\/pipcke.fr\/idees-deco\/wp-json\/wp\/v2\/comments?post=8367"}],"version-history":[{"count":20,"href":"https:\/\/pipcke.fr\/idees-deco\/wp-json\/wp\/v2\/posts\/8367\/revisions"}],"predecessor-version":[{"id":9252,"href":"https:\/\/pipcke.fr\/idees-deco\/wp-json\/wp\/v2\/posts\/8367\/revisions\/9252"}],"wp:featuredmedia":[{"embeddable":true,"href":"https:\/\/pipcke.fr\/idees-deco\/wp-json\/wp\/v2\/media\/21054"}],"wp:attachment":[{"href":"https:\/\/pipcke.fr\/idees-deco\/wp-json\/wp\/v2\/media?parent=8367"}],"wp:term":[{"taxonomy":"category","embeddable":true,"href":"https:\/\/pipcke.fr\/idees-deco\/wp-json\/wp\/v2\/categories?post=8367"},{"taxonomy":"post_tag","embeddable":true,"href":"https:\/\/pipcke.fr\/idees-deco\/wp-json\/wp\/v2\/tags?post=8367"},{"taxonomy":"powerkit_post_featured","embeddable":true,"href":"https:\/\/pipcke.fr\/idees-deco\/wp-json\/wp\/v2\/powerkit_post_featured?post=8367"}],"curies":[{"name":"wp","href":"https:\/\/api.w.org\/{rel}","templated":true}]}}