{"id":6838,"date":"2022-11-01T13:21:10","date_gmt":"2022-11-01T12:21:10","guid":{"rendered":"https:\/\/pipcke.fr\/idees-deco\/?p=6838"},"modified":"2023-12-19T20:58:36","modified_gmt":"2023-12-19T19:58:36","slug":"decorer-un-mur-vide","status":"publish","type":"post","link":"https:\/\/pipcke.fr\/idees-deco\/conseils-de-decorateurs\/decorer-un-mur-vide\/","title":{"rendered":"Comment d\u00e9corer un mur vide ?"},"content":{"rendered":"<div id=\"bsf_rt_marker\"><\/div>\n<p>Tel le syndrome de la page blanche chez les \u00e9crivains, un mur blanc peut parfois couper toute inspiration. Il existe pourtant une multitude de possibilit\u00e9s pour faire de cet espace vide la plus belle de vos d\u00e9cos. Vous pouvez l\u2019utiliser pour agrandir la pi\u00e8ce, pour r\u00e9chauffer l\u2019atmosph\u00e8re ou encore pour vous rem\u00e9morer de beaux souvenirs. Nous vous donnons plusieurs astuces pour <strong>d\u00e9corer un mur avec style et harmonie<\/strong>.<\/p>\n\n\n\n<figure class=\"wp-block-image size-large\"><a href=\"https:\/\/pipcke.fr\/quiz\"><img loading=\"lazy\" decoding=\"async\" width=\"1160\" height=\"387\" src=\"https:\/\/pipcke.fr\/idees-deco\/wp-content\/uploads\/2023\/11\/decouvrir-mon-style-logo-pipcke-1160x387.png\" alt=\"banni\u00e8re d\u00e9couvrir mon style pipcke\" class=\"wp-image-8931\" srcset=\"https:\/\/pipcke.fr\/idees-deco\/wp-content\/uploads\/2023\/11\/decouvrir-mon-style-logo-pipcke-1160x387.png 1160w, https:\/\/pipcke.fr\/idees-deco\/wp-content\/uploads\/2023\/11\/decouvrir-mon-style-logo-pipcke-800x267.png 800w, https:\/\/pipcke.fr\/idees-deco\/wp-content\/uploads\/2023\/11\/decouvrir-mon-style-logo-pipcke-120x40.png 120w, https:\/\/pipcke.fr\/idees-deco\/wp-content\/uploads\/2023\/11\/decouvrir-mon-style-logo-pipcke-90x30.png 90w, https:\/\/pipcke.fr\/idees-deco\/wp-content\/uploads\/2023\/11\/decouvrir-mon-style-logo-pipcke-320x107.png 320w, https:\/\/pipcke.fr\/idees-deco\/wp-content\/uploads\/2023\/11\/decouvrir-mon-style-logo-pipcke-560x187.png 560w, https:\/\/pipcke.fr\/idees-deco\/wp-content\/uploads\/2023\/11\/decouvrir-mon-style-logo-pipcke.png 1500w\" sizes=\"auto, (max-width: 1160px) 100vw, 1160px\" \/><\/a><\/figure>\n\n\n\n<h2 class=\"wp-block-heading is-style-cnvs-heading-numbered\" id=\"h-decorer-un-mur-vide-avec-des-cadres\"><span id=\"decorer-un-mur-vide-avec-des-cadres\">D\u00e9corer un mur vide avec des cadres<\/span><\/h2>\n\n\n\n<p>Les cadres se d\u00e9clinent dans une infinit\u00e9 de styles et de mod\u00e8les, et vous avez l\u2019embarras du choix pour <strong>d\u00e9corer un mur<\/strong>\u00a0! Vous pouvez opter pour des cadres tous diff\u00e9rents, mais assortis les uns avec les autres, ou choisir au contraire un am\u00e9nagement tr\u00e8s sym\u00e9trique, avec des cadres de la m\u00eame taille.<\/p>\n\n\n\n<p>Les <a href=\"https:\/\/pipcke.fr\/idees-deco\/astuces-deco-et-diy\/comment-creer-un-mur-de-cadres\/\" target=\"_blank\" rel=\"noreferrer noopener\">cadres ornant votre grand mur<\/a> peuvent accueillir des photos de vos proches, des bons souvenirs immortalis\u00e9s, de jolies cartes postales ou des affiches vintages. Tout d\u00e9pend du style de la pi\u00e8ce et de l\u2019ambiance que vous voulez cr\u00e9er \u00e0 l\u2019int\u00e9rieur.<\/p>\n\n\n\n<p>Vous aimez la d\u00e9co scandinave\u00a0? Laissez-vous s\u00e9duire par des <strong>cadres en bois brut<\/strong>, ou peints dans des tons pastel. Le style minimaliste est un coup de c\u0153ur pour vous\u00a0? Alors n\u2019h\u00e9sitez pas pour d\u00e9corer un mur \u00e0 choisir de grands cadres vides, orn\u00e9s de belles moulures, que vous pouvez peindre dans la m\u00eame teinte que le mur.<\/p>\n\n\n\n<figure class=\"wp-block-gallery has-nested-images columns-3 is-cropped wp-block-gallery-1 is-layout-flex wp-block-gallery-is-layout-flex\">\n<figure class=\"wp-block-image size-large\"><a href=\"https:\/\/pipcke.fr\/idees-deco\/wp-content\/uploads\/2022\/10\/cadres-noirs-differentes-tailles-couleurs-pastel-chaise-table.webp\"><img loading=\"lazy\" decoding=\"async\" width=\"640\" height=\"879\" data-id=\"6891\" src=\"https:\/\/pipcke.fr\/idees-deco\/wp-content\/uploads\/2022\/10\/cadres-noirs-differentes-tailles-couleurs-pastel-chaise-table.webp\" alt=\"Au-dessus d'une chaise et d'une petite table, des cadres noirs, de diff\u00e9rentes tailles, sont dispos\u00e9s pour d\u00e9corer un mur vides\" class=\"wp-image-6891\" srcset=\"https:\/\/pipcke.fr\/idees-deco\/wp-content\/uploads\/2022\/10\/cadres-noirs-differentes-tailles-couleurs-pastel-chaise-table.webp 640w, https:\/\/pipcke.fr\/idees-deco\/wp-content\/uploads\/2022\/10\/cadres-noirs-differentes-tailles-couleurs-pastel-chaise-table-120x165.webp 120w, https:\/\/pipcke.fr\/idees-deco\/wp-content\/uploads\/2022\/10\/cadres-noirs-differentes-tailles-couleurs-pastel-chaise-table-90x124.webp 90w, https:\/\/pipcke.fr\/idees-deco\/wp-content\/uploads\/2022\/10\/cadres-noirs-differentes-tailles-couleurs-pastel-chaise-table-320x440.webp 320w, https:\/\/pipcke.fr\/idees-deco\/wp-content\/uploads\/2022\/10\/cadres-noirs-differentes-tailles-couleurs-pastel-chaise-table-560x769.webp 560w\" sizes=\"auto, (max-width: 640px) 100vw, 640px\" \/><\/a><\/figure>\n\n\n\n<figure class=\"wp-block-image size-medium\"><a href=\"https:\/\/pipcke.fr\/idees-deco\/wp-content\/uploads\/2022\/10\/mur-noir-cadres-differents-styles-couleurs.jpeg\"><img loading=\"lazy\" decoding=\"async\" width=\"800\" height=\"624\" data-id=\"6893\" src=\"https:\/\/pipcke.fr\/idees-deco\/wp-content\/uploads\/2022\/10\/mur-noir-cadres-differents-styles-couleurs-800x624.jpeg\" alt=\"Le mur noir est orn\u00e9 de cadres de diff\u00e9rents styles et diff\u00e9rentes couleurs, avec des photos et des dessins dans les m\u00eames tons\" class=\"wp-image-6893\" srcset=\"https:\/\/pipcke.fr\/idees-deco\/wp-content\/uploads\/2022\/10\/mur-noir-cadres-differents-styles-couleurs-800x624.jpeg 800w, https:\/\/pipcke.fr\/idees-deco\/wp-content\/uploads\/2022\/10\/mur-noir-cadres-differents-styles-couleurs-120x94.jpeg 120w, https:\/\/pipcke.fr\/idees-deco\/wp-content\/uploads\/2022\/10\/mur-noir-cadres-differents-styles-couleurs-90x70.jpeg 90w, https:\/\/pipcke.fr\/idees-deco\/wp-content\/uploads\/2022\/10\/mur-noir-cadres-differents-styles-couleurs-320x250.jpeg 320w, https:\/\/pipcke.fr\/idees-deco\/wp-content\/uploads\/2022\/10\/mur-noir-cadres-differents-styles-couleurs-560x437.jpeg 560w, https:\/\/pipcke.fr\/idees-deco\/wp-content\/uploads\/2022\/10\/mur-noir-cadres-differents-styles-couleurs.jpeg 984w\" sizes=\"auto, (max-width: 800px) 100vw, 800px\" \/><\/a><\/figure>\n\n\n\n<figure class=\"wp-block-image size-large\"><a href=\"https:\/\/pipcke.fr\/idees-deco\/wp-content\/uploads\/2022\/10\/cadres-blancs-mur-blanc-deco-couleurs-apaisantes.jpg\"><img loading=\"lazy\" decoding=\"async\" width=\"600\" height=\"600\" data-id=\"6894\" src=\"https:\/\/pipcke.fr\/idees-deco\/wp-content\/uploads\/2022\/10\/cadres-blancs-mur-blanc-deco-couleurs-apaisantes.jpg\" alt=\"Les cadres blancs qui sont l\u00e0 pour d\u00e9corer un mur mettent en valeur des dessins color\u00e9s, repr\u00e9sentant des fleurs et des champs\" class=\"wp-image-6894\" srcset=\"https:\/\/pipcke.fr\/idees-deco\/wp-content\/uploads\/2022\/10\/cadres-blancs-mur-blanc-deco-couleurs-apaisantes.jpg 600w, https:\/\/pipcke.fr\/idees-deco\/wp-content\/uploads\/2022\/10\/cadres-blancs-mur-blanc-deco-couleurs-apaisantes-80x80.jpg 80w, https:\/\/pipcke.fr\/idees-deco\/wp-content\/uploads\/2022\/10\/cadres-blancs-mur-blanc-deco-couleurs-apaisantes-120x120.jpg 120w, https:\/\/pipcke.fr\/idees-deco\/wp-content\/uploads\/2022\/10\/cadres-blancs-mur-blanc-deco-couleurs-apaisantes-90x90.jpg 90w, https:\/\/pipcke.fr\/idees-deco\/wp-content\/uploads\/2022\/10\/cadres-blancs-mur-blanc-deco-couleurs-apaisantes-320x320.jpg 320w, https:\/\/pipcke.fr\/idees-deco\/wp-content\/uploads\/2022\/10\/cadres-blancs-mur-blanc-deco-couleurs-apaisantes-560x560.jpg 560w\" sizes=\"auto, (max-width: 600px) 100vw, 600px\" \/><\/a><\/figure>\n\n\n\n<figure class=\"wp-block-image size-medium\"><a href=\"https:\/\/pipcke.fr\/idees-deco\/wp-content\/uploads\/2022\/10\/cadres-noirs-differentes-tailles-photos-diagonales.jpg\"><img loading=\"lazy\" decoding=\"async\" width=\"800\" height=\"431\" data-id=\"6892\" src=\"https:\/\/pipcke.fr\/idees-deco\/wp-content\/uploads\/2022\/10\/cadres-noirs-differentes-tailles-photos-diagonales-800x431.jpg\" alt=\"Plusieurs cadres noirs, avec des photos en noir et blanc, de diff\u00e9rentes tailles, sont plac\u00e9s en diagonale sur le mur\" class=\"wp-image-6892\" srcset=\"https:\/\/pipcke.fr\/idees-deco\/wp-content\/uploads\/2022\/10\/cadres-noirs-differentes-tailles-photos-diagonales-800x431.jpg 800w, https:\/\/pipcke.fr\/idees-deco\/wp-content\/uploads\/2022\/10\/cadres-noirs-differentes-tailles-photos-diagonales-1160x624.jpg 1160w, https:\/\/pipcke.fr\/idees-deco\/wp-content\/uploads\/2022\/10\/cadres-noirs-differentes-tailles-photos-diagonales-120x65.jpg 120w, https:\/\/pipcke.fr\/idees-deco\/wp-content\/uploads\/2022\/10\/cadres-noirs-differentes-tailles-photos-diagonales-90x48.jpg 90w, https:\/\/pipcke.fr\/idees-deco\/wp-content\/uploads\/2022\/10\/cadres-noirs-differentes-tailles-photos-diagonales-320x172.jpg 320w, https:\/\/pipcke.fr\/idees-deco\/wp-content\/uploads\/2022\/10\/cadres-noirs-differentes-tailles-photos-diagonales-560x301.jpg 560w, https:\/\/pipcke.fr\/idees-deco\/wp-content\/uploads\/2022\/10\/cadres-noirs-differentes-tailles-photos-diagonales.jpg 1174w\" sizes=\"auto, (max-width: 800px) 100vw, 800px\" \/><\/a><\/figure>\n<figcaption class=\"blocks-gallery-caption wp-element-caption\"><sup>\u00a9 C\u00f4t\u00e9 Maison &#8211; D\u00e9conome &#8211; 20 Minutes &#8211; Itin\u00e9raires Photo <\/sup><\/figcaption><\/figure>\n\n\n\n<h2 class=\"wp-block-heading is-style-cnvs-heading-numbered\" id=\"h-peinture-ou-papier-peint-sur-le-mur\"><span id=\"peinture-ou-papier-peint-sur-le-mur\">Peinture ou papier peint sur le mur ?<\/span><\/h2>\n\n\n\n<p>Pour <strong>d\u00e9corer un mur<\/strong> et lui donner cachet et caract\u00e8re, vous pouvez aussi le peindre ou le recouvrir de <a href=\"https:\/\/pipcke.fr\/idees-deco\/inspirations-deco\/papier-peint-tendance\/\" target=\"_blank\" rel=\"noreferrer noopener\">papier peint tendance<\/a>. La tapisserie permet de masquer quelques d\u00e9fauts de surface, tandis que la peinture s\u2019applique sur un mur sans imperfection.<\/p>\n\n\n\n<p>C\u2019est une d\u00e9co r\u00e9tro que vous avez envie de cr\u00e9er dans la pi\u00e8ce de vie\u00a0? <a href=\"https:\/\/pipcke.fr\/idees-deco\/inspirations-deco\/deco-annees-50\/\" target=\"_blank\" rel=\"noreferrer noopener\">Les ann\u00e9es 50<\/a> laissaient la part belle aux formes g\u00e9om\u00e9triques et aux motifs graphiques. C\u2019est une \u00e9poque o\u00f9 le papier peint avait le vent en poupe. Mais il existe aussi des papiers peints plus modernes, qui s\u2019int\u00e8greront \u00e0 merveille dans un int\u00e9rieur scandinave ou industriel.<\/p>\n\n\n\n<p>Quant \u00e0 la peinture, elle se d\u00e9cline dans une grande vari\u00e9t\u00e9 de nuances. R\u00e9chauffez le salon avec du terracotta ou faites le choix du naturel avec du vert amande.<\/p>\n\n\n\n<figure class=\"wp-block-gallery has-nested-images columns-2 is-cropped wp-block-gallery-2 is-layout-flex wp-block-gallery-is-layout-flex\">\n<figure class=\"wp-block-image size-large\"><a href=\"https:\/\/pipcke.fr\/idees-deco\/wp-content\/uploads\/2022\/10\/papier-peint-fleuri-mobilier-noir.webp\"><img loading=\"lazy\" decoding=\"async\" width=\"640\" height=\"960\" data-id=\"6897\" src=\"https:\/\/pipcke.fr\/idees-deco\/wp-content\/uploads\/2022\/10\/papier-peint-fleuri-mobilier-noir.webp\" alt=\"Un papier avec de larges motifs floraux pour d\u00e9corer un mur vide au-dessus d'un bureau noir\" class=\"wp-image-6897\" srcset=\"https:\/\/pipcke.fr\/idees-deco\/wp-content\/uploads\/2022\/10\/papier-peint-fleuri-mobilier-noir.webp 640w, https:\/\/pipcke.fr\/idees-deco\/wp-content\/uploads\/2022\/10\/papier-peint-fleuri-mobilier-noir-120x180.webp 120w, https:\/\/pipcke.fr\/idees-deco\/wp-content\/uploads\/2022\/10\/papier-peint-fleuri-mobilier-noir-90x135.webp 90w, https:\/\/pipcke.fr\/idees-deco\/wp-content\/uploads\/2022\/10\/papier-peint-fleuri-mobilier-noir-320x480.webp 320w, https:\/\/pipcke.fr\/idees-deco\/wp-content\/uploads\/2022\/10\/papier-peint-fleuri-mobilier-noir-560x840.webp 560w\" sizes=\"auto, (max-width: 640px) 100vw, 640px\" \/><\/a><\/figure>\n\n\n\n<figure class=\"wp-block-image size-large\"><a href=\"https:\/\/pipcke.fr\/idees-deco\/wp-content\/uploads\/2022\/10\/papier-peint-geometriques-fauteuil-scandinave.jpg\"><img loading=\"lazy\" decoding=\"async\" width=\"736\" height=\"736\" data-id=\"6898\" src=\"https:\/\/pipcke.fr\/idees-deco\/wp-content\/uploads\/2022\/10\/papier-peint-geometriques-fauteuil-scandinave.jpg\" alt=\"Un fauteuil et une petite table de style scandinave devant un mur recouvert de papier peint \u00e0 motifs g\u00e9om\u00e9triques\" class=\"wp-image-6898\" srcset=\"https:\/\/pipcke.fr\/idees-deco\/wp-content\/uploads\/2022\/10\/papier-peint-geometriques-fauteuil-scandinave.jpg 736w, https:\/\/pipcke.fr\/idees-deco\/wp-content\/uploads\/2022\/10\/papier-peint-geometriques-fauteuil-scandinave-80x80.jpg 80w, https:\/\/pipcke.fr\/idees-deco\/wp-content\/uploads\/2022\/10\/papier-peint-geometriques-fauteuil-scandinave-120x120.jpg 120w, https:\/\/pipcke.fr\/idees-deco\/wp-content\/uploads\/2022\/10\/papier-peint-geometriques-fauteuil-scandinave-90x90.jpg 90w, https:\/\/pipcke.fr\/idees-deco\/wp-content\/uploads\/2022\/10\/papier-peint-geometriques-fauteuil-scandinave-320x320.jpg 320w, https:\/\/pipcke.fr\/idees-deco\/wp-content\/uploads\/2022\/10\/papier-peint-geometriques-fauteuil-scandinave-560x560.jpg 560w\" sizes=\"auto, (max-width: 736px) 100vw, 736px\" \/><\/a><\/figure>\n\n\n\n<figure class=\"wp-block-image size-large\"><a href=\"https:\/\/pipcke.fr\/idees-deco\/wp-content\/uploads\/2022\/10\/peinture-terracotta-deco-bois-cactus.webp\"><img loading=\"lazy\" decoding=\"async\" width=\"328\" height=\"410\" data-id=\"6899\" src=\"https:\/\/pipcke.fr\/idees-deco\/wp-content\/uploads\/2022\/10\/peinture-terracotta-deco-bois-cactus.webp\" alt=\"De la peinture terracotta pour d\u00e9corer un mur, et un petit buffet en bois avec des objets d\u00e9co, comme une lampe et des cactus\" class=\"wp-image-6899\" srcset=\"https:\/\/pipcke.fr\/idees-deco\/wp-content\/uploads\/2022\/10\/peinture-terracotta-deco-bois-cactus.webp 328w, https:\/\/pipcke.fr\/idees-deco\/wp-content\/uploads\/2022\/10\/peinture-terracotta-deco-bois-cactus-120x150.webp 120w, https:\/\/pipcke.fr\/idees-deco\/wp-content\/uploads\/2022\/10\/peinture-terracotta-deco-bois-cactus-90x113.webp 90w, https:\/\/pipcke.fr\/idees-deco\/wp-content\/uploads\/2022\/10\/peinture-terracotta-deco-bois-cactus-320x400.webp 320w\" sizes=\"auto, (max-width: 328px) 100vw, 328px\" \/><\/a><\/figure>\n\n\n\n<figure class=\"wp-block-image size-large\"><a href=\"https:\/\/pipcke.fr\/idees-deco\/wp-content\/uploads\/2022\/10\/peinture-vert-amande-plantes-vertes.jpg\"><img loading=\"lazy\" decoding=\"async\" width=\"630\" height=\"956\" data-id=\"6900\" src=\"https:\/\/pipcke.fr\/idees-deco\/wp-content\/uploads\/2022\/10\/peinture-vert-amande-plantes-vertes.jpg\" alt=\"Un buffet blanc et bois, \u00e0 c\u00f4t\u00e9 d'un caoutchouc en pot et devant un mur vert amande\" class=\"wp-image-6900\" srcset=\"https:\/\/pipcke.fr\/idees-deco\/wp-content\/uploads\/2022\/10\/peinture-vert-amande-plantes-vertes.jpg 630w, https:\/\/pipcke.fr\/idees-deco\/wp-content\/uploads\/2022\/10\/peinture-vert-amande-plantes-vertes-120x182.jpg 120w, https:\/\/pipcke.fr\/idees-deco\/wp-content\/uploads\/2022\/10\/peinture-vert-amande-plantes-vertes-90x137.jpg 90w, https:\/\/pipcke.fr\/idees-deco\/wp-content\/uploads\/2022\/10\/peinture-vert-amande-plantes-vertes-320x486.jpg 320w, https:\/\/pipcke.fr\/idees-deco\/wp-content\/uploads\/2022\/10\/peinture-vert-amande-plantes-vertes-560x850.jpg 560w\" sizes=\"auto, (max-width: 630px) 100vw, 630px\" \/><\/a><\/figure>\n<figcaption class=\"blocks-gallery-caption wp-element-caption\"><sup>\u00a9 Cot\u00e9 Maison &#8211; Pinterest &#8211; Maison &amp; Travaux<\/sup><\/figcaption><\/figure>\n\n\n\n<p>Pour une d\u00e9coration encore plus authentique, un <a href=\"https:\/\/pipcke.fr\/idees-deco\/inspirations-deco\/mur-en-pierre\/\" target=\"_blank\" rel=\"noreferrer noopener\">mur en pierre<\/a> donnerait du cachet \u00e0 votre pi\u00e8ce. Plusieurs id\u00e9es d\u00e9coratives existent autour de cette mati\u00e8re tr\u00e8s originale.<\/p>\n\n\n\n<h2 class=\"wp-block-heading is-style-cnvs-heading-numbered\" id=\"h-decorer-un-mur-vide-avec-des-miroirs\"><span id=\"decorer-un-mur-vide-avec-des-miroirs\">D\u00e9corer un mur vide avec des miroirs<\/span><\/h2>\n\n\n\n<p>C\u2019est bien connu, choisir des miroirs pour <strong>d\u00e9corer un mur<\/strong> agrandit l\u2019espace\u00a0! C\u2019est la solution id\u00e9ale pour donner une impression de grandeur dans une pi\u00e8ce exigu\u00eb. D\u00e9nichez des miroirs de diff\u00e9rentes tailles et de diff\u00e9rentes formes, pour casser les lignes et cr\u00e9er un aspect d\u00e9pareill\u00e9 du plus bel effet.<\/p>\n\n\n\n<p>Laissez-vous tenter par des miroirs ronds, entour\u00e9s d\u2019osier, tr\u00e8s tendance. Vous profiterez ainsi d\u2019un int\u00e9rieur ensoleill\u00e9 tout au long de l\u2019ann\u00e9e. Quant aux miroirs hexagonaux ou losanges, ils apporteront beaucoup de caract\u00e8re et d\u2019\u00e9l\u00e9gance \u00e0 la pi\u00e8ce.<\/p>\n\n\n\n<p>Vous aimez la tendance indus<strong>\u00a0<\/strong>? Alors vous pouvez opter pour un grand miroir de style verri\u00e8re d\u2019atelier. Coup de c\u0153ur garanti\u00a0!<\/p>\n\n\n\n<figure class=\"wp-block-gallery has-nested-images columns-2 is-cropped wp-block-gallery-3 is-layout-flex wp-block-gallery-is-layout-flex\">\n<figure class=\"wp-block-image size-large\"><a href=\"https:\/\/pipcke.fr\/idees-deco\/wp-content\/uploads\/2022\/10\/miroirs-dans-cadres-canape-fauteuil-beiges.jpg\"><img loading=\"lazy\" decoding=\"async\" width=\"550\" height=\"706\" data-id=\"6902\" src=\"https:\/\/pipcke.fr\/idees-deco\/wp-content\/uploads\/2022\/10\/miroirs-dans-cadres-canape-fauteuil-beiges.jpg\" alt=\"d\u00e9corer un mur avec des miroirs en cadres de diff\u00e9rentes tailles\" class=\"wp-image-6902\" srcset=\"https:\/\/pipcke.fr\/idees-deco\/wp-content\/uploads\/2022\/10\/miroirs-dans-cadres-canape-fauteuil-beiges.jpg 550w, https:\/\/pipcke.fr\/idees-deco\/wp-content\/uploads\/2022\/10\/miroirs-dans-cadres-canape-fauteuil-beiges-120x154.jpg 120w, https:\/\/pipcke.fr\/idees-deco\/wp-content\/uploads\/2022\/10\/miroirs-dans-cadres-canape-fauteuil-beiges-90x116.jpg 90w, https:\/\/pipcke.fr\/idees-deco\/wp-content\/uploads\/2022\/10\/miroirs-dans-cadres-canape-fauteuil-beiges-320x411.jpg 320w\" sizes=\"auto, (max-width: 550px) 100vw, 550px\" \/><\/a><\/figure>\n\n\n\n<figure class=\"wp-block-image size-large\"><a href=\"https:\/\/pipcke.fr\/idees-deco\/wp-content\/uploads\/2022\/10\/miroirs-ronds-noirs-canape-beige.jpg\"><img loading=\"lazy\" decoding=\"async\" width=\"373\" height=\"540\" data-id=\"6903\" src=\"https:\/\/pipcke.fr\/idees-deco\/wp-content\/uploads\/2022\/10\/miroirs-ronds-noirs-canape-beige.jpg\" alt=\"Le canap\u00e9 est surplomb\u00e9 par des miroirs ronds, avec une bordure noire, de diff\u00e9rents diam\u00e8tres\" class=\"wp-image-6903\" srcset=\"https:\/\/pipcke.fr\/idees-deco\/wp-content\/uploads\/2022\/10\/miroirs-ronds-noirs-canape-beige.jpg 373w, https:\/\/pipcke.fr\/idees-deco\/wp-content\/uploads\/2022\/10\/miroirs-ronds-noirs-canape-beige-120x174.jpg 120w, https:\/\/pipcke.fr\/idees-deco\/wp-content\/uploads\/2022\/10\/miroirs-ronds-noirs-canape-beige-90x130.jpg 90w, https:\/\/pipcke.fr\/idees-deco\/wp-content\/uploads\/2022\/10\/miroirs-ronds-noirs-canape-beige-320x463.jpg 320w\" sizes=\"auto, (max-width: 373px) 100vw, 373px\" \/><\/a><\/figure>\n\n\n\n<figure class=\"wp-block-image size-large\"><a href=\"https:\/\/pipcke.fr\/idees-deco\/wp-content\/uploads\/2022\/10\/mur-bleu-canard-avec-miroirs-differentes-formes.jpg\"><img loading=\"lazy\" decoding=\"async\" width=\"576\" height=\"768\" data-id=\"6904\" src=\"https:\/\/pipcke.fr\/idees-deco\/wp-content\/uploads\/2022\/10\/mur-bleu-canard-avec-miroirs-differentes-formes.jpg\" alt=\"Le mur bleu canard est d\u00e9cor\u00e9 avec des miroirs ronds ou de formes g\u00e9om\u00e9triques\" class=\"wp-image-6904\" srcset=\"https:\/\/pipcke.fr\/idees-deco\/wp-content\/uploads\/2022\/10\/mur-bleu-canard-avec-miroirs-differentes-formes.jpg 576w, https:\/\/pipcke.fr\/idees-deco\/wp-content\/uploads\/2022\/10\/mur-bleu-canard-avec-miroirs-differentes-formes-120x160.jpg 120w, https:\/\/pipcke.fr\/idees-deco\/wp-content\/uploads\/2022\/10\/mur-bleu-canard-avec-miroirs-differentes-formes-90x120.jpg 90w, https:\/\/pipcke.fr\/idees-deco\/wp-content\/uploads\/2022\/10\/mur-bleu-canard-avec-miroirs-differentes-formes-320x427.jpg 320w, https:\/\/pipcke.fr\/idees-deco\/wp-content\/uploads\/2022\/10\/mur-bleu-canard-avec-miroirs-differentes-formes-560x747.jpg 560w\" sizes=\"auto, (max-width: 576px) 100vw, 576px\" \/><\/a><\/figure>\n\n\n\n<figure class=\"wp-block-image size-large\"><a href=\"https:\/\/pipcke.fr\/idees-deco\/wp-content\/uploads\/2022\/10\/trois-miroirs-osier-lit-jaune-lampe-noire.jpg\"><img loading=\"lazy\" decoding=\"async\" width=\"979\" height=\"734\" data-id=\"6905\" src=\"https:\/\/pipcke.fr\/idees-deco\/wp-content\/uploads\/2022\/10\/trois-miroirs-osier-lit-jaune-lampe-noire.jpg\" alt=\"Un lit dans les tons beiges et jaunes est surplomb\u00e9 par trois miroirs en osier\" class=\"wp-image-6905\" srcset=\"https:\/\/pipcke.fr\/idees-deco\/wp-content\/uploads\/2022\/10\/trois-miroirs-osier-lit-jaune-lampe-noire.jpg 979w, https:\/\/pipcke.fr\/idees-deco\/wp-content\/uploads\/2022\/10\/trois-miroirs-osier-lit-jaune-lampe-noire-800x600.jpg 800w, https:\/\/pipcke.fr\/idees-deco\/wp-content\/uploads\/2022\/10\/trois-miroirs-osier-lit-jaune-lampe-noire-320x240.jpg 320w, https:\/\/pipcke.fr\/idees-deco\/wp-content\/uploads\/2022\/10\/trois-miroirs-osier-lit-jaune-lampe-noire-300x225.jpg 300w, https:\/\/pipcke.fr\/idees-deco\/wp-content\/uploads\/2022\/10\/trois-miroirs-osier-lit-jaune-lampe-noire-120x90.jpg 120w, https:\/\/pipcke.fr\/idees-deco\/wp-content\/uploads\/2022\/10\/trois-miroirs-osier-lit-jaune-lampe-noire-90x68.jpg 90w, https:\/\/pipcke.fr\/idees-deco\/wp-content\/uploads\/2022\/10\/trois-miroirs-osier-lit-jaune-lampe-noire-560x420.jpg 560w\" sizes=\"auto, (max-width: 979px) 100vw, 979px\" \/><\/a><\/figure>\n<figcaption class=\"blocks-gallery-caption wp-element-caption\"><sup> \u00a9 Pinterest &#8211; 20 Minutes &#8211; Joli Place <\/sup><\/figcaption><\/figure>\n\n\n\n<h2 id=\"decorer-un-mur-avec-des-etageres\" class=\"wp-block-heading is-style-cnvs-heading-numbered\">D\u00e9corer un mur avec des \u00e9tag\u00e8res<\/h2>\n\n\n\n<p>C\u2019est l\u2019une des solutions les plus pris\u00e9es pour <strong>habiller et d\u00e9corer un mur<\/strong>.\u00a0Il existe tellement de possibilit\u00e9s pour d\u00e9corer des \u00e9tag\u00e8res que vous ne manquerez plus jamais d\u2019inspiration\u00a0!<\/p>\n\n\n\n<p>Vous pouvez installer des <strong>\u00e9tag\u00e8res murales en bois<\/strong>, avec un syst\u00e8me d\u2019attache invisible, pour cr\u00e9er une d\u00e9co \u00e0 la fois naturelle et apaisante. Placez dessus <a href=\"https:\/\/pipcke.fr\/idees-deco\/conseils-de-decorateurs\/deco-murale-naturelle\/\" target=\"_blank\" rel=\"noreferrer noopener\">quelques plantes vertes<\/a> dans des cache-pots en osier ou en c\u00e9ramique. Et pourquoi pas quelques cadres vous rappelant de jolis souvenirs\u00a0?<\/p>\n\n\n\n<figure class=\"wp-block-image size-large\"><a href=\"https:\/\/pipcke.fr\/offres\"><img loading=\"lazy\" decoding=\"async\" width=\"1160\" height=\"387\" src=\"https:\/\/pipcke.fr\/idees-deco\/wp-content\/uploads\/2023\/11\/offres-logo-pipcke-1160x387.png\" alt=\"banni\u00e8re offre pipcke\" class=\"wp-image-8933\" srcset=\"https:\/\/pipcke.fr\/idees-deco\/wp-content\/uploads\/2023\/11\/offres-logo-pipcke-1160x387.png 1160w, https:\/\/pipcke.fr\/idees-deco\/wp-content\/uploads\/2023\/11\/offres-logo-pipcke-800x267.png 800w, https:\/\/pipcke.fr\/idees-deco\/wp-content\/uploads\/2023\/11\/offres-logo-pipcke-120x40.png 120w, https:\/\/pipcke.fr\/idees-deco\/wp-content\/uploads\/2023\/11\/offres-logo-pipcke-90x30.png 90w, https:\/\/pipcke.fr\/idees-deco\/wp-content\/uploads\/2023\/11\/offres-logo-pipcke-320x107.png 320w, https:\/\/pipcke.fr\/idees-deco\/wp-content\/uploads\/2023\/11\/offres-logo-pipcke-560x187.png 560w, https:\/\/pipcke.fr\/idees-deco\/wp-content\/uploads\/2023\/11\/offres-logo-pipcke.png 1500w\" sizes=\"auto, (max-width: 1160px) 100vw, 1160px\" \/><\/a><\/figure>\n\n\n\n<p>Tr\u00e8s designs, les \u00e9tag\u00e8res en verre ornent les murs avec \u00e9l\u00e9gance et sobri\u00e9t\u00e9. Elles se marient \u00e0 merveille avec la d\u00e9co noire et blanche. On aime aussi les \u00e9tag\u00e8res qui m\u00ealent m\u00e9tal et bois, dans le plus pur style industriel. Et que diriez-vous de les suspendre au mur, comme des balan\u00e7oires\u00a0?<\/p>\n\n\n\n<figure class=\"wp-block-gallery has-nested-images columns-2 is-cropped wp-block-gallery-4 is-layout-flex wp-block-gallery-is-layout-flex\">\n<figure class=\"wp-block-image size-large\"><a href=\"https:\/\/pipcke.fr\/idees-deco\/wp-content\/uploads\/2022\/10\/etageres-bois-mur-vert-amande.jpg\"><img loading=\"lazy\" decoding=\"async\" width=\"1000\" height=\"650\" data-id=\"6908\" src=\"https:\/\/pipcke.fr\/idees-deco\/wp-content\/uploads\/2022\/10\/etageres-bois-mur-vert-amande.jpg\" alt=\"Des \u00e9tag\u00e8res en bois, surpportant quelques vases et plantes vertes, viennent d\u00e9corer un mur vert amande\" class=\"wp-image-6908\" srcset=\"https:\/\/pipcke.fr\/idees-deco\/wp-content\/uploads\/2022\/10\/etageres-bois-mur-vert-amande.jpg 1000w, https:\/\/pipcke.fr\/idees-deco\/wp-content\/uploads\/2022\/10\/etageres-bois-mur-vert-amande-800x520.jpg 800w, https:\/\/pipcke.fr\/idees-deco\/wp-content\/uploads\/2022\/10\/etageres-bois-mur-vert-amande-120x78.jpg 120w, https:\/\/pipcke.fr\/idees-deco\/wp-content\/uploads\/2022\/10\/etageres-bois-mur-vert-amande-90x59.jpg 90w, https:\/\/pipcke.fr\/idees-deco\/wp-content\/uploads\/2022\/10\/etageres-bois-mur-vert-amande-320x208.jpg 320w, https:\/\/pipcke.fr\/idees-deco\/wp-content\/uploads\/2022\/10\/etageres-bois-mur-vert-amande-560x364.jpg 560w\" sizes=\"auto, (max-width: 1000px) 100vw, 1000px\" \/><\/a><\/figure>\n\n\n\n<figure class=\"wp-block-image size-large\"><a href=\"https:\/\/pipcke.fr\/idees-deco\/wp-content\/uploads\/2022\/10\/etageres-design-metal-bois-mur-gris.jpg\"><img loading=\"lazy\" decoding=\"async\" width=\"736\" height=\"552\" data-id=\"6909\" src=\"https:\/\/pipcke.fr\/idees-deco\/wp-content\/uploads\/2022\/10\/etageres-design-metal-bois-mur-gris.jpg\" alt=\"mur gris d\u00e9cor\u00e9 avec des \u00e9tag\u00e8res design en m\u00e9tal et bois\" class=\"wp-image-6909\" srcset=\"https:\/\/pipcke.fr\/idees-deco\/wp-content\/uploads\/2022\/10\/etageres-design-metal-bois-mur-gris.jpg 736w, https:\/\/pipcke.fr\/idees-deco\/wp-content\/uploads\/2022\/10\/etageres-design-metal-bois-mur-gris-320x240.jpg 320w, https:\/\/pipcke.fr\/idees-deco\/wp-content\/uploads\/2022\/10\/etageres-design-metal-bois-mur-gris-300x225.jpg 300w, https:\/\/pipcke.fr\/idees-deco\/wp-content\/uploads\/2022\/10\/etageres-design-metal-bois-mur-gris-120x90.jpg 120w, https:\/\/pipcke.fr\/idees-deco\/wp-content\/uploads\/2022\/10\/etageres-design-metal-bois-mur-gris-90x68.jpg 90w, https:\/\/pipcke.fr\/idees-deco\/wp-content\/uploads\/2022\/10\/etageres-design-metal-bois-mur-gris-560x420.jpg 560w\" sizes=\"auto, (max-width: 736px) 100vw, 736px\" \/><\/a><\/figure>\n\n\n\n<figure class=\"wp-block-image size-large\"><a href=\"https:\/\/pipcke.fr\/idees-deco\/wp-content\/uploads\/2022\/10\/grandes-etageres-bois-mur-blanc.jpg\"><img loading=\"lazy\" decoding=\"async\" width=\"550\" height=\"715\" data-id=\"6910\" src=\"https:\/\/pipcke.fr\/idees-deco\/wp-content\/uploads\/2022\/10\/grandes-etageres-bois-mur-blanc.jpg\" alt=\"Des \u00e9tag\u00e8res en bois viennent d\u00e9corer un mur blanc sur toute sa longueur\" class=\"wp-image-6910\" srcset=\"https:\/\/pipcke.fr\/idees-deco\/wp-content\/uploads\/2022\/10\/grandes-etageres-bois-mur-blanc.jpg 550w, https:\/\/pipcke.fr\/idees-deco\/wp-content\/uploads\/2022\/10\/grandes-etageres-bois-mur-blanc-120x156.jpg 120w, https:\/\/pipcke.fr\/idees-deco\/wp-content\/uploads\/2022\/10\/grandes-etageres-bois-mur-blanc-90x117.jpg 90w, https:\/\/pipcke.fr\/idees-deco\/wp-content\/uploads\/2022\/10\/grandes-etageres-bois-mur-blanc-320x416.jpg 320w\" sizes=\"auto, (max-width: 550px) 100vw, 550px\" \/><\/a><\/figure>\n\n\n\n<figure class=\"wp-block-image size-large\"><a href=\"https:\/\/pipcke.fr\/idees-deco\/wp-content\/uploads\/2022\/10\/murs-blancs-etageres-minimalistes-cache-pots-couleurs-pastel.jpg\"><img loading=\"lazy\" decoding=\"async\" width=\"789\" height=\"906\" data-id=\"6911\" src=\"https:\/\/pipcke.fr\/idees-deco\/wp-content\/uploads\/2022\/10\/murs-blancs-etageres-minimalistes-cache-pots-couleurs-pastel.jpg\" alt=\"Le mur blanc est d\u00e9cor\u00e9 avec des \u00e9tag\u00e8res blanches minimalistes, qui accueillent des cache-pots dans les tons pastel\" class=\"wp-image-6911\" srcset=\"https:\/\/pipcke.fr\/idees-deco\/wp-content\/uploads\/2022\/10\/murs-blancs-etageres-minimalistes-cache-pots-couleurs-pastel.jpg 789w, https:\/\/pipcke.fr\/idees-deco\/wp-content\/uploads\/2022\/10\/murs-blancs-etageres-minimalistes-cache-pots-couleurs-pastel-120x138.jpg 120w, https:\/\/pipcke.fr\/idees-deco\/wp-content\/uploads\/2022\/10\/murs-blancs-etageres-minimalistes-cache-pots-couleurs-pastel-90x103.jpg 90w, https:\/\/pipcke.fr\/idees-deco\/wp-content\/uploads\/2022\/10\/murs-blancs-etageres-minimalistes-cache-pots-couleurs-pastel-320x367.jpg 320w, https:\/\/pipcke.fr\/idees-deco\/wp-content\/uploads\/2022\/10\/murs-blancs-etageres-minimalistes-cache-pots-couleurs-pastel-560x643.jpg 560w\" sizes=\"auto, (max-width: 789px) 100vw, 789px\" \/><\/a><\/figure>\n<figcaption class=\"blocks-gallery-caption wp-element-caption\"><sup>\u00a9 <a href=\"https:\/\/www.decoidees.be\/\" target=\"_blank\" rel=\"noreferrer noopener\">D\u00e9co id\u00e9es<\/a> &#8211; Pinterest &#8211; Essentia Mobilia <\/sup><\/figcaption><\/figure>\n\n\n\n<h2 class=\"wp-block-heading is-style-cnvs-heading-numbered\" id=\"h-une-deco-mur-originale-avec-des-souvenirs-de-voyage\"><span id=\"une-deco-mur-originale-avec-des-souvenirs-de-voyage\">Une d\u00e9co mur originale avec des souvenirs de voyage<\/span><\/h2>\n\n\n\n<p>Pour <strong>d\u00e9corer un mur de mani\u00e8re vraiment unique et personnalis\u00e9e<\/strong>, la solution est dans vos tiroirs et vos malles de souvenirs\u00a0! Partez en qu\u00eate de vos meilleurs souvenirs rapport\u00e9s de voyage\u00a0: des chapeaux color\u00e9s venus d\u2019Am\u00e9rique du Sud\u00a0? Une tenture marocaine\u00a0? Des masques du carnaval de Venise\u00a0? Des photos de cascades\u00a0? Vous n\u2019avez plus qu\u2019\u00e0 les fixer sur le mur, pour les mettre en valeur. Vous vous sentirez ainsi en vacances toute l\u2019ann\u00e9e\u00a0!<\/p>\n\n\n\n<p>Les grands voyageurs aiment aussi d\u00e9corer leur int\u00e9rieur avec une grande carte du monde stylis\u00e9e. Ils peuvent ainsi relier chaque pays visit\u00e9 avec <a href=\"https:\/\/pipcke.fr\/idees-deco\/conseils-de-decorateurs\/idees-deco-murale-salon\/\" target=\"_blank\" rel=\"noreferrer noopener\">un souvenir accroch\u00e9 au mur<\/a>\u00a0!<\/p>\n\n\n\n<figure class=\"wp-block-gallery has-nested-images columns-2 is-cropped wp-block-gallery-5 is-layout-flex wp-block-gallery-is-layout-flex\">\n<figure class=\"wp-block-image size-full\"><a href=\"https:\/\/pipcke.fr\/idees-deco\/wp-content\/uploads\/2022\/10\/cartes-postales-accrochees-mur.jpg\"><img loading=\"lazy\" decoding=\"async\" width=\"1024\" height=\"609\" data-id=\"6912\" src=\"https:\/\/pipcke.fr\/idees-deco\/wp-content\/uploads\/2022\/10\/cartes-postales-accrochees-mur.jpg\" alt=\"cartes postales accroch\u00e9es sur des fils pour d\u00e9corer un mur\" class=\"wp-image-6912\" srcset=\"https:\/\/pipcke.fr\/idees-deco\/wp-content\/uploads\/2022\/10\/cartes-postales-accrochees-mur.jpg 1024w, https:\/\/pipcke.fr\/idees-deco\/wp-content\/uploads\/2022\/10\/cartes-postales-accrochees-mur-800x476.jpg 800w, https:\/\/pipcke.fr\/idees-deco\/wp-content\/uploads\/2022\/10\/cartes-postales-accrochees-mur-120x71.jpg 120w, https:\/\/pipcke.fr\/idees-deco\/wp-content\/uploads\/2022\/10\/cartes-postales-accrochees-mur-90x54.jpg 90w, https:\/\/pipcke.fr\/idees-deco\/wp-content\/uploads\/2022\/10\/cartes-postales-accrochees-mur-320x190.jpg 320w, https:\/\/pipcke.fr\/idees-deco\/wp-content\/uploads\/2022\/10\/cartes-postales-accrochees-mur-560x333.jpg 560w\" sizes=\"auto, (max-width: 1024px) 100vw, 1024px\" \/><\/a><\/figure>\n\n\n\n<figure class=\"wp-block-image size-full\"><a href=\"https:\/\/pipcke.fr\/idees-deco\/wp-content\/uploads\/2022\/10\/mappemonde-carte-postale.jpg\"><img loading=\"lazy\" decoding=\"async\" width=\"810\" height=\"541\" data-id=\"6915\" src=\"https:\/\/pipcke.fr\/idees-deco\/wp-content\/uploads\/2022\/10\/mappemonde-carte-postale.jpg\" alt=\"Une femme en train de compl\u00e9ter la mappemonde accroch\u00e9e sur le mur, avec des cartes postales\" class=\"wp-image-6915\" srcset=\"https:\/\/pipcke.fr\/idees-deco\/wp-content\/uploads\/2022\/10\/mappemonde-carte-postale.jpg 810w, https:\/\/pipcke.fr\/idees-deco\/wp-content\/uploads\/2022\/10\/mappemonde-carte-postale-800x534.jpg 800w, https:\/\/pipcke.fr\/idees-deco\/wp-content\/uploads\/2022\/10\/mappemonde-carte-postale-120x80.jpg 120w, https:\/\/pipcke.fr\/idees-deco\/wp-content\/uploads\/2022\/10\/mappemonde-carte-postale-90x60.jpg 90w, https:\/\/pipcke.fr\/idees-deco\/wp-content\/uploads\/2022\/10\/mappemonde-carte-postale-320x214.jpg 320w, https:\/\/pipcke.fr\/idees-deco\/wp-content\/uploads\/2022\/10\/mappemonde-carte-postale-560x374.jpg 560w\" sizes=\"auto, (max-width: 810px) 100vw, 810px\" \/><\/a><\/figure>\n\n\n\n<figure class=\"wp-block-image size-full\"><a href=\"https:\/\/pipcke.fr\/idees-deco\/wp-content\/uploads\/2022\/10\/chapeaux-differentes-tailles-mur.jpg\"><img loading=\"lazy\" decoding=\"async\" width=\"1440\" height=\"1080\" data-id=\"6913\" src=\"https:\/\/pipcke.fr\/idees-deco\/wp-content\/uploads\/2022\/10\/chapeaux-differentes-tailles-mur.jpg\" alt=\"Des chapeaux en paille de diff\u00e9rentes tailles pour d\u00e9corer un mur\" class=\"wp-image-6913\" srcset=\"https:\/\/pipcke.fr\/idees-deco\/wp-content\/uploads\/2022\/10\/chapeaux-differentes-tailles-mur.jpg 1440w, https:\/\/pipcke.fr\/idees-deco\/wp-content\/uploads\/2022\/10\/chapeaux-differentes-tailles-mur-800x600.jpg 800w, https:\/\/pipcke.fr\/idees-deco\/wp-content\/uploads\/2022\/10\/chapeaux-differentes-tailles-mur-1160x870.jpg 1160w, https:\/\/pipcke.fr\/idees-deco\/wp-content\/uploads\/2022\/10\/chapeaux-differentes-tailles-mur-320x240.jpg 320w, https:\/\/pipcke.fr\/idees-deco\/wp-content\/uploads\/2022\/10\/chapeaux-differentes-tailles-mur-300x225.jpg 300w, https:\/\/pipcke.fr\/idees-deco\/wp-content\/uploads\/2022\/10\/chapeaux-differentes-tailles-mur-120x90.jpg 120w, https:\/\/pipcke.fr\/idees-deco\/wp-content\/uploads\/2022\/10\/chapeaux-differentes-tailles-mur-90x68.jpg 90w, https:\/\/pipcke.fr\/idees-deco\/wp-content\/uploads\/2022\/10\/chapeaux-differentes-tailles-mur-560x420.jpg 560w\" sizes=\"auto, (max-width: 1440px) 100vw, 1440px\" \/><\/a><\/figure>\n\n\n\n<figure class=\"wp-block-image size-full\"><a href=\"https:\/\/pipcke.fr\/idees-deco\/wp-content\/uploads\/2022\/10\/collection-appareils-photo-etageres-mur.jpg\"><img loading=\"lazy\" decoding=\"async\" width=\"400\" height=\"604\" data-id=\"6914\" src=\"https:\/\/pipcke.fr\/idees-deco\/wp-content\/uploads\/2022\/10\/collection-appareils-photo-etageres-mur.jpg\" alt=\"Une collection d'appareils photo dispos\u00e9s de mani\u00e8re soign\u00e9e sur des \u00e9tag\u00e8res blanches\" class=\"wp-image-6914\" srcset=\"https:\/\/pipcke.fr\/idees-deco\/wp-content\/uploads\/2022\/10\/collection-appareils-photo-etageres-mur.jpg 400w, https:\/\/pipcke.fr\/idees-deco\/wp-content\/uploads\/2022\/10\/collection-appareils-photo-etageres-mur-120x181.jpg 120w, https:\/\/pipcke.fr\/idees-deco\/wp-content\/uploads\/2022\/10\/collection-appareils-photo-etageres-mur-90x136.jpg 90w, https:\/\/pipcke.fr\/idees-deco\/wp-content\/uploads\/2022\/10\/collection-appareils-photo-etageres-mur-320x483.jpg 320w\" sizes=\"auto, (max-width: 400px) 100vw, 400px\" \/><\/a><\/figure>\n<figcaption class=\"blocks-gallery-caption wp-element-caption\"><sub>\u00a9 Pinterest &#8211; Les Recettes de M\u00e9lanie &#8211; Mademoiselle Voyage<\/sub><\/figcaption><\/figure>\n\n\n\n<p>Maintenant que vous avez transform\u00e9 ce grand mur vide en une v\u00e9ritable \u0153uvre d\u2019art, il est temps de vous atteler \u00e0 la d\u00e9co du salon ou de la chambre. Pourquoi ne pas r\u00e9chauffer le sol avec un beau tapis\u00a0? Vous pouvez aussi vous laisser tenter par une <a href=\"https:\/\/pipcke.fr\/idees-deco\/astuces-deco-et-diy\/plantes-decoratives\/\" target=\"_blank\" rel=\"noreferrer noopener\">\u00e9l\u00e9gante plante verte<\/a>, dont les longues tiges a\u00e9riennes impr\u00e8gneront la pi\u00e8ce d\u2019une atmosph\u00e8re tr\u00e8s apaisante.<\/p>\n\n\n\n<figure class=\"wp-block-image size-large\"><a href=\"https:\/\/pipcke.fr\/concept\"><img loading=\"lazy\" decoding=\"async\" width=\"1160\" height=\"387\" src=\"https:\/\/pipcke.fr\/idees-deco\/wp-content\/uploads\/2023\/11\/lancer-mon-projet-logo-pipcke-1160x387.png\" alt=\"banni\u00e8re lancer mon projet pipcke\" class=\"wp-image-8958\" srcset=\"https:\/\/pipcke.fr\/idees-deco\/wp-content\/uploads\/2023\/11\/lancer-mon-projet-logo-pipcke-1160x387.png 1160w, https:\/\/pipcke.fr\/idees-deco\/wp-content\/uploads\/2023\/11\/lancer-mon-projet-logo-pipcke-800x267.png 800w, https:\/\/pipcke.fr\/idees-deco\/wp-content\/uploads\/2023\/11\/lancer-mon-projet-logo-pipcke-120x40.png 120w, https:\/\/pipcke.fr\/idees-deco\/wp-content\/uploads\/2023\/11\/lancer-mon-projet-logo-pipcke-90x30.png 90w, https:\/\/pipcke.fr\/idees-deco\/wp-content\/uploads\/2023\/11\/lancer-mon-projet-logo-pipcke-320x107.png 320w, https:\/\/pipcke.fr\/idees-deco\/wp-content\/uploads\/2023\/11\/lancer-mon-projet-logo-pipcke-560x187.png 560w, https:\/\/pipcke.fr\/idees-deco\/wp-content\/uploads\/2023\/11\/lancer-mon-projet-logo-pipcke.png 1500w\" sizes=\"auto, (max-width: 1160px) 100vw, 1160px\" \/><\/a><\/figure>\n","protected":false},"excerpt":{"rendered":"<p>Tel le syndrome de la page blanche chez les \u00e9crivains, un mur blanc peut parfois couper toute inspiration. Il existe pourtant une multitude de possibilit\u00e9s pour faire de cet espace&hellip;<\/p>\n","protected":false},"author":4,"featured_media":6930,"comment_status":"closed","ping_status":"closed","sticky":false,"template":"","format":"standard","meta":{"inline_featured_image":false,"footnotes":""},"categories":[50],"tags":[61,84,74,88,39,83,44,42,56,67,114,22,25],"powerkit_post_featured":[2,7,4,5,9],"class_list":{"0":"post-6838","1":"post","2":"type-post","3":"status-publish","4":"format-standard","5":"has-post-thumbnail","7":"category-conseils-de-decorateurs","8":"tag-cuisine","9":"tag-deco","10":"tag-diy","11":"tag-fleurs-plantes","12":"tag-industriel","13":"tag-japandi","14":"tag-minimaliste","15":"tag-moderne","16":"tag-mur","17":"tag-peinture-papier-peint","18":"tag-retro","19":"tag-salon","20":"tag-scandinave"},"yoast_head":"<!-- This site is optimized with the Yoast SEO Premium plugin v22.3 (Yoast SEO v27.9) - https:\/\/yoast.com\/product\/yoast-seo-premium-wordpress\/ -->\n<title>D\u00e9corer un mur : 5 id\u00e9es cr\u00e9atives et inspirantes<\/title>\n<meta name=\"description\" content=\"Parcourez nos id\u00e9es originales pour d\u00e9corer un mur et l&#039;habiller en fonction de l&#039;atmosph\u00e8re que vous voulez cr\u00e9er avec cadres, miroirs...\" \/>\n<meta name=\"robots\" content=\"index, follow, max-snippet:-1, max-image-preview:large, max-video-preview:-1\" \/>\n<link rel=\"canonical\" href=\"https:\/\/pipcke.fr\/idees-deco\/conseils-de-decorateurs\/decorer-un-mur-vide\/\" \/>\n<meta property=\"og:locale\" content=\"fr_FR\" \/>\n<meta property=\"og:type\" content=\"article\" \/>\n<meta property=\"og:title\" content=\"Comment d\u00e9corer un mur vide ?\" \/>\n<meta property=\"og:description\" content=\"Parcourez nos id\u00e9es originales pour d\u00e9corer un mur et l&#039;habiller en fonction de l&#039;atmosph\u00e8re que vous voulez cr\u00e9er avec cadres, miroirs...\" \/>\n<meta property=\"og:url\" content=\"https:\/\/pipcke.fr\/idees-deco\/conseils-de-decorateurs\/decorer-un-mur-vide\/\" \/>\n<meta property=\"og:site_name\" content=\"Pipcke\" \/>\n<meta property=\"article:publisher\" content=\"https:\/\/www.facebook.com\/Pipcke\" \/>\n<meta property=\"article:published_time\" content=\"2022-11-01T12:21:10+00:00\" \/>\n<meta property=\"article:modified_time\" content=\"2023-12-19T19:58:36+00:00\" \/>\n<meta property=\"og:image\" content=\"https:\/\/pipcke.fr\/idees-deco\/wp-content\/uploads\/2022\/11\/decorer-un-mur-avec-carte-du-monde-metal.jpeg\" \/>\n\t<meta property=\"og:image:width\" content=\"1000\" \/>\n\t<meta property=\"og:image:height\" content=\"1000\" \/>\n\t<meta property=\"og:image:type\" content=\"image\/jpeg\" \/>\n<meta name=\"author\" content=\"Pauline Rosa\" \/>\n<meta name=\"twitter:card\" content=\"summary_large_image\" \/>\n<meta name=\"twitter:creator\" content=\"@pipcke\" \/>\n<meta name=\"twitter:site\" content=\"@pipcke\" \/>\n<meta name=\"twitter:label1\" content=\"\u00c9crit par\" \/>\n\t<meta name=\"twitter:data1\" content=\"Pauline Rosa\" \/>\n\t<meta name=\"twitter:label2\" content=\"Dur\u00e9e de lecture estim\u00e9e\" \/>\n\t<meta name=\"twitter:data2\" content=\"9 minutes\" \/>\n<script type=\"application\/ld+json\" class=\"yoast-schema-graph\">{\"@context\":\"https:\\\/\\\/schema.org\",\"@graph\":[{\"@type\":[\"Article\",\"BlogPosting\"],\"@id\":\"https:\\\/\\\/pipcke.fr\\\/idees-deco\\\/conseils-de-decorateurs\\\/decorer-un-mur-vide\\\/#article\",\"isPartOf\":{\"@id\":\"https:\\\/\\\/pipcke.fr\\\/idees-deco\\\/conseils-de-decorateurs\\\/decorer-un-mur-vide\\\/\"},\"author\":{\"name\":\"Pauline Rosa\",\"@id\":\"https:\\\/\\\/pipcke.fr\\\/idees-deco\\\/#\\\/schema\\\/person\\\/0eccc3e128321071a88d76d775685a0d\"},\"headline\":\"Comment d\u00e9corer un mur vide ?\",\"datePublished\":\"2022-11-01T12:21:10+00:00\",\"dateModified\":\"2023-12-19T19:58:36+00:00\",\"mainEntityOfPage\":{\"@id\":\"https:\\\/\\\/pipcke.fr\\\/idees-deco\\\/conseils-de-decorateurs\\\/decorer-un-mur-vide\\\/\"},\"wordCount\":983,\"publisher\":{\"@id\":\"https:\\\/\\\/pipcke.fr\\\/idees-deco\\\/#organization\"},\"image\":{\"@id\":\"https:\\\/\\\/pipcke.fr\\\/idees-deco\\\/conseils-de-decorateurs\\\/decorer-un-mur-vide\\\/#primaryimage\"},\"thumbnailUrl\":\"https:\\\/\\\/pipcke.fr\\\/idees-deco\\\/wp-content\\\/uploads\\\/2022\\\/11\\\/decorer-un-mur-avec-carte-du-monde-metal.jpeg\",\"keywords\":[\"Cuisine\",\"d\u00e9co\",\"DIY\",\"Fleurs &amp; plantes\",\"Industriel\",\"japandi\",\"Minimaliste\",\"Moderne\",\"Mur\",\"Peinture &amp; papier peint\",\"R\u00e9tro\",\"Salon\",\"Scandinave\"],\"articleSection\":[\"Conseils de d\u00e9corateurs\"],\"inLanguage\":\"fr-FR\"},{\"@type\":\"WebPage\",\"@id\":\"https:\\\/\\\/pipcke.fr\\\/idees-deco\\\/conseils-de-decorateurs\\\/decorer-un-mur-vide\\\/\",\"url\":\"https:\\\/\\\/pipcke.fr\\\/idees-deco\\\/conseils-de-decorateurs\\\/decorer-un-mur-vide\\\/\",\"name\":\"D\u00e9corer un mur : 5 id\u00e9es cr\u00e9atives et inspirantes\",\"isPartOf\":{\"@id\":\"https:\\\/\\\/pipcke.fr\\\/idees-deco\\\/#website\"},\"primaryImageOfPage\":{\"@id\":\"https:\\\/\\\/pipcke.fr\\\/idees-deco\\\/conseils-de-decorateurs\\\/decorer-un-mur-vide\\\/#primaryimage\"},\"image\":{\"@id\":\"https:\\\/\\\/pipcke.fr\\\/idees-deco\\\/conseils-de-decorateurs\\\/decorer-un-mur-vide\\\/#primaryimage\"},\"thumbnailUrl\":\"https:\\\/\\\/pipcke.fr\\\/idees-deco\\\/wp-content\\\/uploads\\\/2022\\\/11\\\/decorer-un-mur-avec-carte-du-monde-metal.jpeg\",\"datePublished\":\"2022-11-01T12:21:10+00:00\",\"dateModified\":\"2023-12-19T19:58:36+00:00\",\"description\":\"Parcourez nos id\u00e9es originales pour d\u00e9corer un mur et l'habiller en fonction de l'atmosph\u00e8re que vous voulez cr\u00e9er avec cadres, miroirs...\",\"breadcrumb\":{\"@id\":\"https:\\\/\\\/pipcke.fr\\\/idees-deco\\\/conseils-de-decorateurs\\\/decorer-un-mur-vide\\\/#breadcrumb\"},\"inLanguage\":\"fr-FR\",\"potentialAction\":[{\"@type\":\"ReadAction\",\"target\":[\"https:\\\/\\\/pipcke.fr\\\/idees-deco\\\/conseils-de-decorateurs\\\/decorer-un-mur-vide\\\/\"]}]},{\"@type\":\"ImageObject\",\"inLanguage\":\"fr-FR\",\"@id\":\"https:\\\/\\\/pipcke.fr\\\/idees-deco\\\/conseils-de-decorateurs\\\/decorer-un-mur-vide\\\/#primaryimage\",\"url\":\"https:\\\/\\\/pipcke.fr\\\/idees-deco\\\/wp-content\\\/uploads\\\/2022\\\/11\\\/decorer-un-mur-avec-carte-du-monde-metal.jpeg\",\"contentUrl\":\"https:\\\/\\\/pipcke.fr\\\/idees-deco\\\/wp-content\\\/uploads\\\/2022\\\/11\\\/decorer-un-mur-avec-carte-du-monde-metal.jpeg\",\"width\":1000,\"height\":1000,\"caption\":\"d\u00e9corer un mur avec une carte du monde en m\u00e9tal en forme de visages\"},{\"@type\":\"BreadcrumbList\",\"@id\":\"https:\\\/\\\/pipcke.fr\\\/idees-deco\\\/conseils-de-decorateurs\\\/decorer-un-mur-vide\\\/#breadcrumb\",\"itemListElement\":[{\"@type\":\"ListItem\",\"position\":1,\"name\":\"Accueil\",\"item\":\"https:\\\/\\\/pipcke.fr\\\/idees-deco\\\/\"},{\"@type\":\"ListItem\",\"position\":2,\"name\":\"Conseils de d\u00e9corateurs\",\"item\":\"https:\\\/\\\/pipcke.fr\\\/idees-deco\\\/.\\\/conseils-de-decorateurs\\\/\"},{\"@type\":\"ListItem\",\"position\":3,\"name\":\"Comment d\u00e9corer un mur vide ?\"}]},{\"@type\":\"WebSite\",\"@id\":\"https:\\\/\\\/pipcke.fr\\\/idees-deco\\\/#website\",\"url\":\"https:\\\/\\\/pipcke.fr\\\/idees-deco\\\/\",\"name\":\"Pipcke\",\"description\":\"Id\u00e9es, conseils et inspirations d\u00e9co\",\"publisher\":{\"@id\":\"https:\\\/\\\/pipcke.fr\\\/idees-deco\\\/#organization\"},\"potentialAction\":[{\"@type\":\"SearchAction\",\"target\":{\"@type\":\"EntryPoint\",\"urlTemplate\":\"https:\\\/\\\/pipcke.fr\\\/idees-deco\\\/?s={search_term_string}\"},\"query-input\":{\"@type\":\"PropertyValueSpecification\",\"valueRequired\":true,\"valueName\":\"search_term_string\"}}],\"inLanguage\":\"fr-FR\"},{\"@type\":\"Organization\",\"@id\":\"https:\\\/\\\/pipcke.fr\\\/idees-deco\\\/#organization\",\"name\":\"PIPCKE\",\"alternateName\":\"PIPCKE\",\"url\":\"https:\\\/\\\/pipcke.fr\\\/idees-deco\\\/\",\"logo\":{\"@type\":\"ImageObject\",\"inLanguage\":\"fr-FR\",\"@id\":\"https:\\\/\\\/pipcke.fr\\\/idees-deco\\\/#\\\/schema\\\/logo\\\/image\\\/\",\"url\":\"https:\\\/\\\/pipcke.fr\\\/idees-deco\\\/wp-content\\\/uploads\\\/2020\\\/12\\\/logo-black.svg\",\"contentUrl\":\"https:\\\/\\\/pipcke.fr\\\/idees-deco\\\/wp-content\\\/uploads\\\/2020\\\/12\\\/logo-black.svg\",\"width\":524,\"height\":140,\"caption\":\"PIPCKE\"},\"image\":{\"@id\":\"https:\\\/\\\/pipcke.fr\\\/idees-deco\\\/#\\\/schema\\\/logo\\\/image\\\/\"},\"sameAs\":[\"https:\\\/\\\/www.facebook.com\\\/Pipcke\",\"https:\\\/\\\/x.com\\\/pipcke\",\"https:\\\/\\\/www.instagram.com\\\/pipcke.fr\\\/\",\"https:\\\/\\\/www.linkedin.com\\\/company\\\/pipcke\",\"https:\\\/\\\/www.pinterest.fr\\\/PIPCKE\\\/_created\\\/\",\"https:\\\/\\\/www.youtube.com\\\/channel\\\/UCaYnny5Q4k6HN1s3zr1Gazw\"],\"email\":\"hello@pipcke.fr\",\"telephone\":\"0184802084\",\"legalName\":\"Pipcke\"},{\"@type\":\"Person\",\"@id\":\"https:\\\/\\\/pipcke.fr\\\/idees-deco\\\/#\\\/schema\\\/person\\\/0eccc3e128321071a88d76d775685a0d\",\"name\":\"Pauline Rosa\",\"image\":{\"@type\":\"ImageObject\",\"inLanguage\":\"fr-FR\",\"@id\":\"https:\\\/\\\/secure.gravatar.com\\\/avatar\\\/3b5d4a0cad7ffd435800f1e3e88bddff18e6863f845e46c7874bf06e29934797?s=96&d=mm&r=g\",\"url\":\"https:\\\/\\\/secure.gravatar.com\\\/avatar\\\/3b5d4a0cad7ffd435800f1e3e88bddff18e6863f845e46c7874bf06e29934797?s=96&d=mm&r=g\",\"contentUrl\":\"https:\\\/\\\/secure.gravatar.com\\\/avatar\\\/3b5d4a0cad7ffd435800f1e3e88bddff18e6863f845e46c7874bf06e29934797?s=96&d=mm&r=g\",\"caption\":\"Pauline Rosa\"},\"description\":\"Pauline est notre r\u00e9dactrice passionn\u00e9e, experte en tendances d\u00e9co et en agencement intelligent des espaces. Sa mission : analyser, simplifier et transmettre l\u2019essentiel du monde de la d\u00e9coration pour offrir \u00e0 nos lecteurs des contenus clairs, utiles et inspirants. Elle a le talent de transformer des informations complexes en conseils accessibles, concrets et agr\u00e9ables \u00e0 lire. Observatrice attentive et chasseuse de tendances confirm\u00e9e, Pauline scrute les nouvelles influences, \u00e9coute les \u00e9volutions du secteur et d\u00e9cortique ce qui se dessine dans l\u2019air du temps pour rep\u00e9rer les couleurs, les styles et les mati\u00e8res qui feront la d\u00e9co de demain. En tant que r\u00e9dactrice, elle se distingue aussi par sa capacit\u00e9 \u00e0 transformer ces tendances en conseils concrets, notamment sur l\u2019optimisation des petits espaces. Studios, chambres exigu\u00ebs, pi\u00e8ces multifonctions\u2026 Pauline sait expliquer comment maximiser chaque m\u00e8tre carr\u00e9 de mani\u00e8re simple, efficace et esth\u00e9tique. \u00c0 travers ses articles, elle propose des conseils d\u2019am\u00e9nagement clairs et intelligents pour optimiser les espaces sans jamais sacrifier le style ni le bien-\u00eatre. Sa vision est celle d'une d\u00e9coration \u00e0 la fois belle, inspirante et surtout pratique.\",\"url\":\"https:\\\/\\\/pipcke.fr\\\/idees-deco\\\/auteur\\\/pauline-rosa\\\/\"}]}<\/script>\n<!-- \/ Yoast SEO Premium plugin. -->","yoast_head_json":{"title":"D\u00e9corer un mur : 5 id\u00e9es cr\u00e9atives et inspirantes","description":"Parcourez nos id\u00e9es originales pour d\u00e9corer un mur et l'habiller en fonction de l'atmosph\u00e8re que vous voulez cr\u00e9er avec cadres, miroirs...","robots":{"index":"index","follow":"follow","max-snippet":"max-snippet:-1","max-image-preview":"max-image-preview:large","max-video-preview":"max-video-preview:-1"},"canonical":"https:\/\/pipcke.fr\/idees-deco\/conseils-de-decorateurs\/decorer-un-mur-vide\/","og_locale":"fr_FR","og_type":"article","og_title":"Comment d\u00e9corer un mur vide ?","og_description":"Parcourez nos id\u00e9es originales pour d\u00e9corer un mur et l'habiller en fonction de l'atmosph\u00e8re que vous voulez cr\u00e9er avec cadres, miroirs...","og_url":"https:\/\/pipcke.fr\/idees-deco\/conseils-de-decorateurs\/decorer-un-mur-vide\/","og_site_name":"Pipcke","article_publisher":"https:\/\/www.facebook.com\/Pipcke","article_published_time":"2022-11-01T12:21:10+00:00","article_modified_time":"2023-12-19T19:58:36+00:00","og_image":[{"width":1000,"height":1000,"url":"https:\/\/pipcke.fr\/idees-deco\/wp-content\/uploads\/2022\/11\/decorer-un-mur-avec-carte-du-monde-metal.jpeg","type":"image\/jpeg"}],"author":"Pauline Rosa","twitter_card":"summary_large_image","twitter_creator":"@pipcke","twitter_site":"@pipcke","twitter_misc":{"\u00c9crit par":"Pauline Rosa","Dur\u00e9e de lecture estim\u00e9e":"9 minutes"},"schema":{"@context":"https:\/\/schema.org","@graph":[{"@type":["Article","BlogPosting"],"@id":"https:\/\/pipcke.fr\/idees-deco\/conseils-de-decorateurs\/decorer-un-mur-vide\/#article","isPartOf":{"@id":"https:\/\/pipcke.fr\/idees-deco\/conseils-de-decorateurs\/decorer-un-mur-vide\/"},"author":{"name":"Pauline Rosa","@id":"https:\/\/pipcke.fr\/idees-deco\/#\/schema\/person\/0eccc3e128321071a88d76d775685a0d"},"headline":"Comment d\u00e9corer un mur vide ?","datePublished":"2022-11-01T12:21:10+00:00","dateModified":"2023-12-19T19:58:36+00:00","mainEntityOfPage":{"@id":"https:\/\/pipcke.fr\/idees-deco\/conseils-de-decorateurs\/decorer-un-mur-vide\/"},"wordCount":983,"publisher":{"@id":"https:\/\/pipcke.fr\/idees-deco\/#organization"},"image":{"@id":"https:\/\/pipcke.fr\/idees-deco\/conseils-de-decorateurs\/decorer-un-mur-vide\/#primaryimage"},"thumbnailUrl":"https:\/\/pipcke.fr\/idees-deco\/wp-content\/uploads\/2022\/11\/decorer-un-mur-avec-carte-du-monde-metal.jpeg","keywords":["Cuisine","d\u00e9co","DIY","Fleurs &amp; plantes","Industriel","japandi","Minimaliste","Moderne","Mur","Peinture &amp; papier peint","R\u00e9tro","Salon","Scandinave"],"articleSection":["Conseils de d\u00e9corateurs"],"inLanguage":"fr-FR"},{"@type":"WebPage","@id":"https:\/\/pipcke.fr\/idees-deco\/conseils-de-decorateurs\/decorer-un-mur-vide\/","url":"https:\/\/pipcke.fr\/idees-deco\/conseils-de-decorateurs\/decorer-un-mur-vide\/","name":"D\u00e9corer un mur : 5 id\u00e9es cr\u00e9atives et inspirantes","isPartOf":{"@id":"https:\/\/pipcke.fr\/idees-deco\/#website"},"primaryImageOfPage":{"@id":"https:\/\/pipcke.fr\/idees-deco\/conseils-de-decorateurs\/decorer-un-mur-vide\/#primaryimage"},"image":{"@id":"https:\/\/pipcke.fr\/idees-deco\/conseils-de-decorateurs\/decorer-un-mur-vide\/#primaryimage"},"thumbnailUrl":"https:\/\/pipcke.fr\/idees-deco\/wp-content\/uploads\/2022\/11\/decorer-un-mur-avec-carte-du-monde-metal.jpeg","datePublished":"2022-11-01T12:21:10+00:00","dateModified":"2023-12-19T19:58:36+00:00","description":"Parcourez nos id\u00e9es originales pour d\u00e9corer un mur et l'habiller en fonction de l'atmosph\u00e8re que vous voulez cr\u00e9er avec cadres, miroirs...","breadcrumb":{"@id":"https:\/\/pipcke.fr\/idees-deco\/conseils-de-decorateurs\/decorer-un-mur-vide\/#breadcrumb"},"inLanguage":"fr-FR","potentialAction":[{"@type":"ReadAction","target":["https:\/\/pipcke.fr\/idees-deco\/conseils-de-decorateurs\/decorer-un-mur-vide\/"]}]},{"@type":"ImageObject","inLanguage":"fr-FR","@id":"https:\/\/pipcke.fr\/idees-deco\/conseils-de-decorateurs\/decorer-un-mur-vide\/#primaryimage","url":"https:\/\/pipcke.fr\/idees-deco\/wp-content\/uploads\/2022\/11\/decorer-un-mur-avec-carte-du-monde-metal.jpeg","contentUrl":"https:\/\/pipcke.fr\/idees-deco\/wp-content\/uploads\/2022\/11\/decorer-un-mur-avec-carte-du-monde-metal.jpeg","width":1000,"height":1000,"caption":"d\u00e9corer un mur avec une carte du monde en m\u00e9tal en forme de visages"},{"@type":"BreadcrumbList","@id":"https:\/\/pipcke.fr\/idees-deco\/conseils-de-decorateurs\/decorer-un-mur-vide\/#breadcrumb","itemListElement":[{"@type":"ListItem","position":1,"name":"Accueil","item":"https:\/\/pipcke.fr\/idees-deco\/"},{"@type":"ListItem","position":2,"name":"Conseils de d\u00e9corateurs","item":"https:\/\/pipcke.fr\/idees-deco\/.\/conseils-de-decorateurs\/"},{"@type":"ListItem","position":3,"name":"Comment d\u00e9corer un mur vide ?"}]},{"@type":"WebSite","@id":"https:\/\/pipcke.fr\/idees-deco\/#website","url":"https:\/\/pipcke.fr\/idees-deco\/","name":"Pipcke","description":"Id\u00e9es, conseils et inspirations d\u00e9co","publisher":{"@id":"https:\/\/pipcke.fr\/idees-deco\/#organization"},"potentialAction":[{"@type":"SearchAction","target":{"@type":"EntryPoint","urlTemplate":"https:\/\/pipcke.fr\/idees-deco\/?s={search_term_string}"},"query-input":{"@type":"PropertyValueSpecification","valueRequired":true,"valueName":"search_term_string"}}],"inLanguage":"fr-FR"},{"@type":"Organization","@id":"https:\/\/pipcke.fr\/idees-deco\/#organization","name":"PIPCKE","alternateName":"PIPCKE","url":"https:\/\/pipcke.fr\/idees-deco\/","logo":{"@type":"ImageObject","inLanguage":"fr-FR","@id":"https:\/\/pipcke.fr\/idees-deco\/#\/schema\/logo\/image\/","url":"https:\/\/pipcke.fr\/idees-deco\/wp-content\/uploads\/2020\/12\/logo-black.svg","contentUrl":"https:\/\/pipcke.fr\/idees-deco\/wp-content\/uploads\/2020\/12\/logo-black.svg","width":524,"height":140,"caption":"PIPCKE"},"image":{"@id":"https:\/\/pipcke.fr\/idees-deco\/#\/schema\/logo\/image\/"},"sameAs":["https:\/\/www.facebook.com\/Pipcke","https:\/\/x.com\/pipcke","https:\/\/www.instagram.com\/pipcke.fr\/","https:\/\/www.linkedin.com\/company\/pipcke","https:\/\/www.pinterest.fr\/PIPCKE\/_created\/","https:\/\/www.youtube.com\/channel\/UCaYnny5Q4k6HN1s3zr1Gazw"],"email":"hello@pipcke.fr","telephone":"0184802084","legalName":"Pipcke"},{"@type":"Person","@id":"https:\/\/pipcke.fr\/idees-deco\/#\/schema\/person\/0eccc3e128321071a88d76d775685a0d","name":"Pauline Rosa","image":{"@type":"ImageObject","inLanguage":"fr-FR","@id":"https:\/\/secure.gravatar.com\/avatar\/3b5d4a0cad7ffd435800f1e3e88bddff18e6863f845e46c7874bf06e29934797?s=96&d=mm&r=g","url":"https:\/\/secure.gravatar.com\/avatar\/3b5d4a0cad7ffd435800f1e3e88bddff18e6863f845e46c7874bf06e29934797?s=96&d=mm&r=g","contentUrl":"https:\/\/secure.gravatar.com\/avatar\/3b5d4a0cad7ffd435800f1e3e88bddff18e6863f845e46c7874bf06e29934797?s=96&d=mm&r=g","caption":"Pauline Rosa"},"description":"Pauline est notre r\u00e9dactrice passionn\u00e9e, experte en tendances d\u00e9co et en agencement intelligent des espaces. Sa mission : analyser, simplifier et transmettre l\u2019essentiel du monde de la d\u00e9coration pour offrir \u00e0 nos lecteurs des contenus clairs, utiles et inspirants. Elle a le talent de transformer des informations complexes en conseils accessibles, concrets et agr\u00e9ables \u00e0 lire. Observatrice attentive et chasseuse de tendances confirm\u00e9e, Pauline scrute les nouvelles influences, \u00e9coute les \u00e9volutions du secteur et d\u00e9cortique ce qui se dessine dans l\u2019air du temps pour rep\u00e9rer les couleurs, les styles et les mati\u00e8res qui feront la d\u00e9co de demain. En tant que r\u00e9dactrice, elle se distingue aussi par sa capacit\u00e9 \u00e0 transformer ces tendances en conseils concrets, notamment sur l\u2019optimisation des petits espaces. Studios, chambres exigu\u00ebs, pi\u00e8ces multifonctions\u2026 Pauline sait expliquer comment maximiser chaque m\u00e8tre carr\u00e9 de mani\u00e8re simple, efficace et esth\u00e9tique. \u00c0 travers ses articles, elle propose des conseils d\u2019am\u00e9nagement clairs et intelligents pour optimiser les espaces sans jamais sacrifier le style ni le bien-\u00eatre. Sa vision est celle d'une d\u00e9coration \u00e0 la fois belle, inspirante et surtout pratique.","url":"https:\/\/pipcke.fr\/idees-deco\/auteur\/pauline-rosa\/"}]}},"_links":{"self":[{"href":"https:\/\/pipcke.fr\/idees-deco\/wp-json\/wp\/v2\/posts\/6838","targetHints":{"allow":["GET"]}}],"collection":[{"href":"https:\/\/pipcke.fr\/idees-deco\/wp-json\/wp\/v2\/posts"}],"about":[{"href":"https:\/\/pipcke.fr\/idees-deco\/wp-json\/wp\/v2\/types\/post"}],"author":[{"embeddable":true,"href":"https:\/\/pipcke.fr\/idees-deco\/wp-json\/wp\/v2\/users\/4"}],"replies":[{"embeddable":true,"href":"https:\/\/pipcke.fr\/idees-deco\/wp-json\/wp\/v2\/comments?post=6838"}],"version-history":[{"count":18,"href":"https:\/\/pipcke.fr\/idees-deco\/wp-json\/wp\/v2\/posts\/6838\/revisions"}],"predecessor-version":[{"id":9224,"href":"https:\/\/pipcke.fr\/idees-deco\/wp-json\/wp\/v2\/posts\/6838\/revisions\/9224"}],"wp:featuredmedia":[{"embeddable":true,"href":"https:\/\/pipcke.fr\/idees-deco\/wp-json\/wp\/v2\/media\/6930"}],"wp:attachment":[{"href":"https:\/\/pipcke.fr\/idees-deco\/wp-json\/wp\/v2\/media?parent=6838"}],"wp:term":[{"taxonomy":"category","embeddable":true,"href":"https:\/\/pipcke.fr\/idees-deco\/wp-json\/wp\/v2\/categories?post=6838"},{"taxonomy":"post_tag","embeddable":true,"href":"https:\/\/pipcke.fr\/idees-deco\/wp-json\/wp\/v2\/tags?post=6838"},{"taxonomy":"powerkit_post_featured","embeddable":true,"href":"https:\/\/pipcke.fr\/idees-deco\/wp-json\/wp\/v2\/powerkit_post_featured?post=6838"}],"curies":[{"name":"wp","href":"https:\/\/api.w.org\/{rel}","templated":true}]}}