{"id":6438,"date":"2022-08-10T17:12:28","date_gmt":"2022-08-10T15:12:28","guid":{"rendered":"https:\/\/pipcke.fr\/idees-deco\/?p=6438"},"modified":"2023-12-19T21:02:16","modified_gmt":"2023-12-19T20:02:16","slug":"decorer-une-terrasse","status":"publish","type":"post","link":"https:\/\/pipcke.fr\/idees-deco\/conseils-de-decorateurs\/decorer-une-terrasse\/","title":{"rendered":"5 id\u00e9es pour d\u00e9corer une terrasse irr\u00e9sistible : transformez votre espace ext\u00e9rieur !"},"content":{"rendered":"<div id=\"bsf_rt_marker\"><\/div>\n<p>Synonyme de moments chill en plein air, d\u2019ap\u00e9ros entre amis et de repas en famille \u00e0 l\u2019ombre de la tonnelle, la terrasse devient un lieu de vie privil\u00e9gi\u00e9 d\u00e8s que le timide soleil printanier darde ses premiers rayons. Mais pour en profiter \u00e0 fond, il faut qu\u2019elle soit bien am\u00e9nag\u00e9e\u00a0! Jardini\u00e8res de fleurs de saison, salon de jardin en bois design, voiles d\u2019ombrage color\u00e9es\u2026 D\u00e9couvrez toutes nos id\u00e9es pour d\u00e9corer une terrasse et en faire the place to be\u00a0!<\/p>\n\n\n\n<h2 class=\"wp-block-heading is-style-cnvs-heading-numbered\" id=\"h-decorer-une-terrasse-en-la-mettant-a-l-ombre\"><span id=\"decorer-une-terrasse-en-la-mettant-a-lombre\">D\u00e9corer une terrasse en la mettant \u00e0 l\u2019ombre<\/span><\/h2>\n\n\n\n<p>Terrasse chaleureuse ne rime pas avec terrasse en pleine chaleur\u00a0! Pour faire de cet espace ext\u00e9rieur un petit havre de fra\u00eecheur, vous devez l\u2019ombrager. Le parasol fait partie des solutions les plus simples \u00e0 mettre en \u0153uvre pour <strong>d\u00e9corer une terrasse<\/strong>. Droit, il est id\u00e9al pour les petits espaces. Quant aux mod\u00e8les d\u00e9port\u00e9s, ils prot\u00e8gent les terrasses plus g\u00e9n\u00e9reuses.<\/p>\n\n\n\n<p>Plus durable, la pergola vient s\u2019installer dans le prolongement de la maison et garde la terrasse \u00e0 l\u2019ombre toute l\u2019ann\u00e9e. En bois ou en aluminium, elle se d\u00e9cline dans des styles vari\u00e9s. Vous pouvez y faire grimper des plantes parfum\u00e9es qui baigneront votre terrasse dans une atmosph\u00e8re tr\u00e8s romantique. D\u00e9couvrez les ar\u00f4mes du ch\u00e8vrefeuille et du jasmin&nbsp;!<\/p>\n\n\n\n<p>Quant aux voiles d\u2019ombrage, \u00e0 la fois pratiques, design et tendance, elles apportent ombre et l\u00e9g\u00e8ret\u00e9 \u00e0 la terrasse. De forme triangulaire, la voile d\u2019ombrage arbore souvent des couleurs vives et punchy. D\u00e9couvrez \u00e9galement comment  compl\u00e9ter cette ambiance avec <a href=\"https:\/\/pipcke.fr\/idees-deco\/inspirations-deco\/rideaux-tendance-du-moment\/\" target=\"_blank\" rel=\"noreferrer noopener\">des rideaux tendances<\/a> du moment.<\/p>\n\n\n\n<div class=\"wp-block-columns is-layout-flex wp-container-core-columns-is-layout-9d6595d7 wp-block-columns-is-layout-flex\">\n<div class=\"wp-block-column is-layout-flow wp-block-column-is-layout-flow\" style=\"flex-basis:100%\">\n<div class=\"wp-block-group\"><div class=\"wp-block-group__inner-container is-layout-flow wp-block-group-is-layout-flow\">\n<figure class=\"wp-block-gallery has-nested-images columns-2 is-cropped wp-block-gallery-1 is-layout-flex wp-block-gallery-is-layout-flex\">\n<figure class=\"wp-block-image size-full\"><a href=\"https:\/\/pipcke.fr\/idees-deco\/wp-content\/uploads\/2022\/08\/voiles-ombrage-terrasse-couleurs-chaudes.jpg\"><img loading=\"lazy\" decoding=\"async\" width=\"1000\" height=\"750\" data-id=\"6447\" src=\"https:\/\/pipcke.fr\/idees-deco\/wp-content\/uploads\/2022\/08\/voiles-ombrage-terrasse-couleurs-chaudes.jpg\" alt=\"Des voiles d'ombrage rouges et orange prot\u00e8gent du soleil la terrasse d'une maison\" class=\"wp-image-6447\" srcset=\"https:\/\/pipcke.fr\/idees-deco\/wp-content\/uploads\/2022\/08\/voiles-ombrage-terrasse-couleurs-chaudes.jpg 1000w, https:\/\/pipcke.fr\/idees-deco\/wp-content\/uploads\/2022\/08\/voiles-ombrage-terrasse-couleurs-chaudes-800x600.jpg 800w, https:\/\/pipcke.fr\/idees-deco\/wp-content\/uploads\/2022\/08\/voiles-ombrage-terrasse-couleurs-chaudes-320x240.jpg 320w, https:\/\/pipcke.fr\/idees-deco\/wp-content\/uploads\/2022\/08\/voiles-ombrage-terrasse-couleurs-chaudes-300x225.jpg 300w, https:\/\/pipcke.fr\/idees-deco\/wp-content\/uploads\/2022\/08\/voiles-ombrage-terrasse-couleurs-chaudes-120x90.jpg 120w, https:\/\/pipcke.fr\/idees-deco\/wp-content\/uploads\/2022\/08\/voiles-ombrage-terrasse-couleurs-chaudes-90x68.jpg 90w, https:\/\/pipcke.fr\/idees-deco\/wp-content\/uploads\/2022\/08\/voiles-ombrage-terrasse-couleurs-chaudes-560x420.jpg 560w\" sizes=\"auto, (max-width: 1000px) 100vw, 1000px\" \/><\/a><\/figure>\n\n\n\n<figure class=\"wp-block-image size-full\"><a href=\"https:\/\/pipcke.fr\/idees-deco\/wp-content\/uploads\/2022\/08\/pergola-en-bois-glycine.jpg\"><img loading=\"lazy\" decoding=\"async\" width=\"640\" height=\"480\" data-id=\"6446\" src=\"https:\/\/pipcke.fr\/idees-deco\/wp-content\/uploads\/2022\/08\/pergola-en-bois-glycine.jpg\" alt=\"Une belle glycine violette orne la pergola en bois qui ombrage une terrasse\" class=\"wp-image-6446\" srcset=\"https:\/\/pipcke.fr\/idees-deco\/wp-content\/uploads\/2022\/08\/pergola-en-bois-glycine.jpg 640w, https:\/\/pipcke.fr\/idees-deco\/wp-content\/uploads\/2022\/08\/pergola-en-bois-glycine-320x240.jpg 320w, https:\/\/pipcke.fr\/idees-deco\/wp-content\/uploads\/2022\/08\/pergola-en-bois-glycine-300x225.jpg 300w, https:\/\/pipcke.fr\/idees-deco\/wp-content\/uploads\/2022\/08\/pergola-en-bois-glycine-120x90.jpg 120w, https:\/\/pipcke.fr\/idees-deco\/wp-content\/uploads\/2022\/08\/pergola-en-bois-glycine-90x68.jpg 90w, https:\/\/pipcke.fr\/idees-deco\/wp-content\/uploads\/2022\/08\/pergola-en-bois-glycine-560x420.jpg 560w\" sizes=\"auto, (max-width: 640px) 100vw, 640px\" \/><\/a><\/figure>\n\n\n\n<figure class=\"wp-block-image size-full\"><a href=\"https:\/\/pipcke.fr\/idees-deco\/wp-content\/uploads\/2022\/08\/grand-parasol-deporte-sur-terrasse.jpg\"><img loading=\"lazy\" decoding=\"async\" width=\"700\" height=\"525\" data-id=\"6445\" src=\"https:\/\/pipcke.fr\/idees-deco\/wp-content\/uploads\/2022\/08\/grand-parasol-deporte-sur-terrasse.jpg\" alt=\"Un grand parasol gris d\u00e9port\u00e9 ombrage une table rectangulaire sur la terrasse\" class=\"wp-image-6445\" srcset=\"https:\/\/pipcke.fr\/idees-deco\/wp-content\/uploads\/2022\/08\/grand-parasol-deporte-sur-terrasse.jpg 700w, https:\/\/pipcke.fr\/idees-deco\/wp-content\/uploads\/2022\/08\/grand-parasol-deporte-sur-terrasse-320x240.jpg 320w, https:\/\/pipcke.fr\/idees-deco\/wp-content\/uploads\/2022\/08\/grand-parasol-deporte-sur-terrasse-300x225.jpg 300w, https:\/\/pipcke.fr\/idees-deco\/wp-content\/uploads\/2022\/08\/grand-parasol-deporte-sur-terrasse-120x90.jpg 120w, https:\/\/pipcke.fr\/idees-deco\/wp-content\/uploads\/2022\/08\/grand-parasol-deporte-sur-terrasse-90x68.jpg 90w, https:\/\/pipcke.fr\/idees-deco\/wp-content\/uploads\/2022\/08\/grand-parasol-deporte-sur-terrasse-560x420.jpg 560w\" sizes=\"auto, (max-width: 700px) 100vw, 700px\" \/><\/a><\/figure>\n<\/figure>\n<\/div><\/div>\n\n\n\n<p class=\"has-text-align-center\"><sup>\u00a9 Pinterest &#8211; Serge Ferrari<\/sup><\/p>\n<\/div>\n<\/div>\n\n\n\n<p>Testez vos connaissances en d\u00e9co avec <a href=\"https:\/\/pipcke.fr\/quiz\" target=\"_blank\" rel=\"noreferrer noopener\">notre quiz<\/a> pour trouver le style qui correspond parfaitement \u00e0 votre espace ext\u00e9rieur.<\/p>\n\n\n\n<h2 id=\"sublimer-la-terrasse-en-habillant-les-murs\" class=\"wp-block-heading is-style-cnvs-heading-numbered\">Sublimer la terrasse en habillant les murs<\/h2>\n\n\n\n<p>Un vis-\u00e0-vis g\u00eanant&nbsp;donne sur la terrasse ? Un mur en parpaing pas tr\u00e8s esth\u00e9tique borde votre patio ? Pimpez le mur en le peignant dans une couleur tendance, et n\u2019h\u00e9sitez pas \u00e0 le sur\u00e9lever \u00e0 l\u2019aide de planches horizontales.<\/p>\n\n\n\n<p>On aime aussi les murs v\u00e9g\u00e9taux, qui apportent beaucoup de fra\u00eecheur \u00e0 la terrasse tout en la plongeant dans une atmosph\u00e8re de jungle tr\u00e8s d\u00e9paysante. Fixez un treillis sur le mur et optez pour de la vigne vierge au feuillage prolifique ou un rosier de Banks aux d\u00e9licates corolles jaunes. Pour bien <strong>d\u00e9corer une terrasse<\/strong>, on aime aussi les jardini\u00e8res en bois suspendues au grillage.<\/p>\n\n\n\n<p>Envie de cr\u00e9er une ambiance de vacances\u00a0? Laissez-vous tenter par un mur orn\u00e9 de chapeaux en paille. Et pourquoi pas de jolis bougeoirs de formes et de couleurs diff\u00e9rentes, ramen\u00e9s de vos diff\u00e9rents voyages\u00a0?<\/p>\n\n\n\n<figure class=\"wp-block-gallery has-nested-images columns-2 is-cropped wp-block-gallery-2 is-layout-flex wp-block-gallery-is-layout-flex\">\n<figure class=\"wp-block-image size-thumbnail\"><a href=\"https:\/\/pipcke.fr\/idees-deco\/wp-content\/uploads\/2022\/08\/jardinieres-en-bois-murales.jpg\"><img loading=\"lazy\" decoding=\"async\" width=\"320\" height=\"240\" data-id=\"6450\" src=\"https:\/\/pipcke.fr\/idees-deco\/wp-content\/uploads\/2022\/08\/jardinieres-en-bois-murales-320x240.jpg\" alt=\"De petites jardini\u00e8res en bois fix\u00e9es verticalement sur le mur de la terrasse\" class=\"wp-image-6450\" srcset=\"https:\/\/pipcke.fr\/idees-deco\/wp-content\/uploads\/2022\/08\/jardinieres-en-bois-murales-320x240.jpg 320w, https:\/\/pipcke.fr\/idees-deco\/wp-content\/uploads\/2022\/08\/jardinieres-en-bois-murales-300x225.jpg 300w, https:\/\/pipcke.fr\/idees-deco\/wp-content\/uploads\/2022\/08\/jardinieres-en-bois-murales-120x90.jpg 120w, https:\/\/pipcke.fr\/idees-deco\/wp-content\/uploads\/2022\/08\/jardinieres-en-bois-murales-90x68.jpg 90w\" sizes=\"auto, (max-width: 320px) 100vw, 320px\" \/><\/a><\/figure>\n\n\n\n<figure class=\"wp-block-image size-thumbnail\"><a href=\"https:\/\/pipcke.fr\/idees-deco\/wp-content\/uploads\/2022\/08\/chapeaux-paille-mur-terrasse.jpg\"><img loading=\"lazy\" decoding=\"async\" width=\"320\" height=\"240\" data-id=\"6449\" src=\"https:\/\/pipcke.fr\/idees-deco\/wp-content\/uploads\/2022\/08\/chapeaux-paille-mur-terrasse-320x240.jpg\" alt=\"Des chapeaux de paille color\u00e9s ornent le mur blanc d'une terrasse\" class=\"wp-image-6449\" srcset=\"https:\/\/pipcke.fr\/idees-deco\/wp-content\/uploads\/2022\/08\/chapeaux-paille-mur-terrasse-320x240.jpg 320w, https:\/\/pipcke.fr\/idees-deco\/wp-content\/uploads\/2022\/08\/chapeaux-paille-mur-terrasse-300x225.jpg 300w, https:\/\/pipcke.fr\/idees-deco\/wp-content\/uploads\/2022\/08\/chapeaux-paille-mur-terrasse-120x90.jpg 120w, https:\/\/pipcke.fr\/idees-deco\/wp-content\/uploads\/2022\/08\/chapeaux-paille-mur-terrasse-90x68.jpg 90w\" sizes=\"auto, (max-width: 320px) 100vw, 320px\" \/><\/a><\/figure>\n\n\n\n<figure class=\"wp-block-image size-thumbnail\"><a href=\"https:\/\/pipcke.fr\/idees-deco\/wp-content\/uploads\/2022\/08\/terrasse-mur-peint-et-sureleve-avec-planches.jpg\"><img loading=\"lazy\" decoding=\"async\" width=\"320\" height=\"240\" data-id=\"6451\" src=\"https:\/\/pipcke.fr\/idees-deco\/wp-content\/uploads\/2022\/08\/terrasse-mur-peint-et-sureleve-avec-planches-320x240.jpg\" alt=\"Un mur en parpaing sur\u00e9lev\u00e9 avec des planches et peint en gris\" class=\"wp-image-6451\" srcset=\"https:\/\/pipcke.fr\/idees-deco\/wp-content\/uploads\/2022\/08\/terrasse-mur-peint-et-sureleve-avec-planches-320x240.jpg 320w, https:\/\/pipcke.fr\/idees-deco\/wp-content\/uploads\/2022\/08\/terrasse-mur-peint-et-sureleve-avec-planches-300x225.jpg 300w, https:\/\/pipcke.fr\/idees-deco\/wp-content\/uploads\/2022\/08\/terrasse-mur-peint-et-sureleve-avec-planches-120x90.jpg 120w, https:\/\/pipcke.fr\/idees-deco\/wp-content\/uploads\/2022\/08\/terrasse-mur-peint-et-sureleve-avec-planches-90x68.jpg 90w\" sizes=\"auto, (max-width: 320px) 100vw, 320px\" \/><\/a><\/figure>\n\n\n\n<figure class=\"wp-block-image size-thumbnail\"><a href=\"https:\/\/pipcke.fr\/idees-deco\/wp-content\/uploads\/2022\/08\/treillis-terrasse-pour-mur-vegetal.jpg\"><img loading=\"lazy\" decoding=\"async\" width=\"320\" height=\"240\" data-id=\"6452\" src=\"https:\/\/pipcke.fr\/idees-deco\/wp-content\/uploads\/2022\/08\/treillis-terrasse-pour-mur-vegetal-320x240.jpg\" alt=\"Un treillis fix\u00e9 sur le mur de la terrasse, qui accueille des plantes grimpantes\" class=\"wp-image-6452\" srcset=\"https:\/\/pipcke.fr\/idees-deco\/wp-content\/uploads\/2022\/08\/treillis-terrasse-pour-mur-vegetal-320x240.jpg 320w, https:\/\/pipcke.fr\/idees-deco\/wp-content\/uploads\/2022\/08\/treillis-terrasse-pour-mur-vegetal-300x225.jpg 300w, https:\/\/pipcke.fr\/idees-deco\/wp-content\/uploads\/2022\/08\/treillis-terrasse-pour-mur-vegetal-120x90.jpg 120w, https:\/\/pipcke.fr\/idees-deco\/wp-content\/uploads\/2022\/08\/treillis-terrasse-pour-mur-vegetal-90x68.jpg 90w, https:\/\/pipcke.fr\/idees-deco\/wp-content\/uploads\/2022\/08\/treillis-terrasse-pour-mur-vegetal-560x420.jpg 560w, https:\/\/pipcke.fr\/idees-deco\/wp-content\/uploads\/2022\/08\/treillis-terrasse-pour-mur-vegetal-800x600.jpg 800w, https:\/\/pipcke.fr\/idees-deco\/wp-content\/uploads\/2022\/08\/treillis-terrasse-pour-mur-vegetal-1160x870.jpg 1160w\" sizes=\"auto, (max-width: 320px) 100vw, 320px\" \/><\/a><\/figure>\n<\/figure>\n\n\n\n<p class=\"has-text-align-center\"><sub>\u00a9 C\u00f4t\u00e9 Maison &#8211; Pinterest &#8211; Habitat Presto<\/sub><\/p>\n\n\n\n<h2 id=\"le-sol-un-element-important-de-la-terrasse\" class=\"wp-block-heading is-style-cnvs-heading-numbered\">Le sol&nbsp;: un \u00e9l\u00e9ment important de la terrasse<\/h2>\n\n\n\n<p>Le sol fait partie des \u00e9l\u00e9ments les plus importants pour <strong>d\u00e9corer une terrasse<\/strong>. Il existe de nombreux styles de rev\u00eatements, pour <a href=\"https:\/\/pipcke.fr\/idees-deco\/conseils-amenagement\/amenager-une-terrasse\/\" target=\"_blank\" rel=\"noreferrer noopener\">am\u00e9nager la terrasse<\/a> cosy de vos r\u00eaves, sans vous ruiner. Envie de nature et de douceur sous les pieds\u00a0? Laissez-vous tenter par du gazon synth\u00e9tique. On aime aussi les tapis color\u00e9s, qui apportent du cachet et de l\u2019exotisme.<\/p>\n\n\n\n<p>Grand classique, les dalles en bois sont \u00e0 la fois chaleureuses et authentiques. Confortable sous les pieds, ce mat\u00e9riau naturel s\u2019harmonise bien avec tous les styles de d\u00e9co. Un sol de terrasse en bois repr\u00e9sente une valeur s\u00fbre&nbsp;!<\/p>\n\n\n\n<p>Vous aimez les motifs\u00a0? Laissez-vous tenter par un rev\u00eatement de sol en carreaux de ciment, pour un effet \u00e0 la fois champ\u00eatre et vintage. Vous pouvez utiliser le reliquat de votre carrelage d\u2019int\u00e9rieur, ou opter pour des dalles en PVC, faciles \u00e0 poser comme \u00e0 entretenir.<\/p>\n\n\n\n<p>Pour une touche personnalis\u00e9e, d\u00e9couvrez comment cr\u00e9er <a href=\"https:\/\/pipcke.fr\/idees-deco\/astuces-deco-et-diy\/table-basse-diy\/\" target=\"_blank\" rel=\"noreferrer noopener\">votre propre table basse DIY<\/a> pour ajouter une note unique \u00e0 votre espace ext\u00e9rieur.<\/p>\n\n\n\n<figure class=\"wp-block-gallery has-nested-images columns-2 is-cropped wp-block-gallery-3 is-layout-flex wp-block-gallery-is-layout-flex\">\n<figure class=\"wp-block-image size-full\"><a href=\"https:\/\/pipcke.fr\/idees-deco\/wp-content\/uploads\/2022\/08\/terrasse-chaleureuse-en-bois.jpg\"><img loading=\"lazy\" decoding=\"async\" width=\"540\" height=\"359\" data-id=\"6464\" src=\"https:\/\/pipcke.fr\/idees-deco\/wp-content\/uploads\/2022\/08\/terrasse-chaleureuse-en-bois.jpg\" alt=\"Une grande terrasse design, enti\u00e8rement confectionn\u00e9e en bois\" class=\"wp-image-6464\" srcset=\"https:\/\/pipcke.fr\/idees-deco\/wp-content\/uploads\/2022\/08\/terrasse-chaleureuse-en-bois.jpg 540w, https:\/\/pipcke.fr\/idees-deco\/wp-content\/uploads\/2022\/08\/terrasse-chaleureuse-en-bois-120x80.jpg 120w, https:\/\/pipcke.fr\/idees-deco\/wp-content\/uploads\/2022\/08\/terrasse-chaleureuse-en-bois-90x60.jpg 90w, https:\/\/pipcke.fr\/idees-deco\/wp-content\/uploads\/2022\/08\/terrasse-chaleureuse-en-bois-320x213.jpg 320w\" sizes=\"auto, (max-width: 540px) 100vw, 540px\" \/><\/a><\/figure>\n\n\n\n<figure class=\"wp-block-image size-full\"><a href=\"https:\/\/pipcke.fr\/idees-deco\/wp-content\/uploads\/2022\/08\/gazon-synthetique-terrasse.jpg\"><img loading=\"lazy\" decoding=\"async\" width=\"906\" height=\"605\" data-id=\"6459\" src=\"https:\/\/pipcke.fr\/idees-deco\/wp-content\/uploads\/2022\/08\/gazon-synthetique-terrasse.jpg\" alt=\"Du gazon synth\u00e9tique vert et doux sur la terrasse\" class=\"wp-image-6459\" srcset=\"https:\/\/pipcke.fr\/idees-deco\/wp-content\/uploads\/2022\/08\/gazon-synthetique-terrasse.jpg 906w, https:\/\/pipcke.fr\/idees-deco\/wp-content\/uploads\/2022\/08\/gazon-synthetique-terrasse-800x534.jpg 800w, https:\/\/pipcke.fr\/idees-deco\/wp-content\/uploads\/2022\/08\/gazon-synthetique-terrasse-120x80.jpg 120w, https:\/\/pipcke.fr\/idees-deco\/wp-content\/uploads\/2022\/08\/gazon-synthetique-terrasse-90x60.jpg 90w, https:\/\/pipcke.fr\/idees-deco\/wp-content\/uploads\/2022\/08\/gazon-synthetique-terrasse-320x214.jpg 320w, https:\/\/pipcke.fr\/idees-deco\/wp-content\/uploads\/2022\/08\/gazon-synthetique-terrasse-560x374.jpg 560w\" sizes=\"auto, (max-width: 906px) 100vw, 906px\" \/><\/a><\/figure>\n\n\n\n<figure class=\"wp-block-image size-full\"><a href=\"https:\/\/pipcke.fr\/idees-deco\/wp-content\/uploads\/2022\/08\/tapis-graphique-outdoor-terrasse-1.jpg\"><img loading=\"lazy\" decoding=\"async\" width=\"1000\" height=\"667\" data-id=\"6465\" src=\"https:\/\/pipcke.fr\/idees-deco\/wp-content\/uploads\/2022\/08\/tapis-graphique-outdoor-terrasse-1.jpg\" alt=\"Un tapis graphique noir et blanc sur le sol de la terrasse\" class=\"wp-image-6465\" srcset=\"https:\/\/pipcke.fr\/idees-deco\/wp-content\/uploads\/2022\/08\/tapis-graphique-outdoor-terrasse-1.jpg 1000w, https:\/\/pipcke.fr\/idees-deco\/wp-content\/uploads\/2022\/08\/tapis-graphique-outdoor-terrasse-1-800x534.jpg 800w, https:\/\/pipcke.fr\/idees-deco\/wp-content\/uploads\/2022\/08\/tapis-graphique-outdoor-terrasse-1-120x80.jpg 120w, https:\/\/pipcke.fr\/idees-deco\/wp-content\/uploads\/2022\/08\/tapis-graphique-outdoor-terrasse-1-90x60.jpg 90w, https:\/\/pipcke.fr\/idees-deco\/wp-content\/uploads\/2022\/08\/tapis-graphique-outdoor-terrasse-1-320x213.jpg 320w, https:\/\/pipcke.fr\/idees-deco\/wp-content\/uploads\/2022\/08\/tapis-graphique-outdoor-terrasse-1-560x374.jpg 560w\" sizes=\"auto, (max-width: 1000px) 100vw, 1000px\" \/><\/a><\/figure>\n<\/figure>\n\n\n\n<p class=\"has-text-align-center\"><sup>\u00a9 Gamm Vert &#8211; Le journal de la Maison &#8211; Magazine Avantages<\/sup><\/p>\n\n\n\n<h2 id=\"decorer-une-terrasse-avec-des-jardinieres-design\" class=\"wp-block-heading is-style-cnvs-heading-numbered\">D\u00e9corer une terrasse avec des jardini\u00e8res design<\/h2>\n\n\n\n<p>Entre les pots en r\u00e9sine tress\u00e9e, les jardini\u00e8res en bois, les bacs imitation pierre et les installations sur\u00e9lev\u00e9es, vous avez l\u2019embarras du choix pour d\u00e9corer une terrasse&nbsp;! Vous pouvez aussi fabriquer vos propres pots de fleurs DIY&nbsp;: avec des bouteilles en verre, d\u2019anciennes bo\u00eetes de conserve, etc.<\/p>\n\n\n\n<p>Les fleurs de saison entoureront avec douceur votre espace ext\u00e9rieur, tout en parant la terrasse de nombreux coloris. Pour choisir les plantes qui s\u2019\u00e9panouiront le mieux, tenez compte de l\u2019exposition du patio. Si la terrasse est plein sud, vous pouvez opter pour des \u0153illets d\u2019Inde, des p\u00e9tunias ou de la verveine. Les terrasses plus ombrag\u00e9es accueilleront des hortensias, des hostas et des cam\u00e9lias.<\/p>\n\n\n\n<figure class=\"wp-block-gallery has-nested-images columns-2 is-cropped wp-block-gallery-4 is-layout-flex wp-block-gallery-is-layout-flex\">\n<figure class=\"wp-block-image size-thumbnail\"><a href=\"https:\/\/pipcke.fr\/idees-deco\/wp-content\/uploads\/2022\/08\/pot-de-fleurs-customises-DIY.jpg\"><img loading=\"lazy\" decoding=\"async\" width=\"320\" height=\"240\" data-id=\"6455\" src=\"https:\/\/pipcke.fr\/idees-deco\/wp-content\/uploads\/2022\/08\/pot-de-fleurs-customises-DIY-320x240.jpg\" alt=\"Des pots de fleurs DIY peints \u00e0 la main\" class=\"wp-image-6455\" srcset=\"https:\/\/pipcke.fr\/idees-deco\/wp-content\/uploads\/2022\/08\/pot-de-fleurs-customises-DIY-320x240.jpg 320w, https:\/\/pipcke.fr\/idees-deco\/wp-content\/uploads\/2022\/08\/pot-de-fleurs-customises-DIY-300x225.jpg 300w, https:\/\/pipcke.fr\/idees-deco\/wp-content\/uploads\/2022\/08\/pot-de-fleurs-customises-DIY-120x90.jpg 120w, https:\/\/pipcke.fr\/idees-deco\/wp-content\/uploads\/2022\/08\/pot-de-fleurs-customises-DIY-90x68.jpg 90w, https:\/\/pipcke.fr\/idees-deco\/wp-content\/uploads\/2022\/08\/pot-de-fleurs-customises-DIY-560x420.jpg 560w, https:\/\/pipcke.fr\/idees-deco\/wp-content\/uploads\/2022\/08\/pot-de-fleurs-customises-DIY-800x600.jpg 800w\" sizes=\"auto, (max-width: 320px) 100vw, 320px\" \/><\/a><\/figure>\n\n\n\n<figure class=\"wp-block-image size-thumbnail\"><a href=\"https:\/\/pipcke.fr\/idees-deco\/wp-content\/uploads\/2022\/08\/jardiniere-resine-tressee-Gamm-vert.jpg\"><img loading=\"lazy\" decoding=\"async\" width=\"320\" height=\"240\" data-id=\"6453\" src=\"https:\/\/pipcke.fr\/idees-deco\/wp-content\/uploads\/2022\/08\/jardiniere-resine-tressee-Gamm-vert-320x240.jpg\" alt=\"Deux jardini\u00e8res grises en r\u00e9sine tress\u00e9e pour la terrasse\" class=\"wp-image-6453\" srcset=\"https:\/\/pipcke.fr\/idees-deco\/wp-content\/uploads\/2022\/08\/jardiniere-resine-tressee-Gamm-vert-320x240.jpg 320w, https:\/\/pipcke.fr\/idees-deco\/wp-content\/uploads\/2022\/08\/jardiniere-resine-tressee-Gamm-vert-300x225.jpg 300w, https:\/\/pipcke.fr\/idees-deco\/wp-content\/uploads\/2022\/08\/jardiniere-resine-tressee-Gamm-vert-120x90.jpg 120w, https:\/\/pipcke.fr\/idees-deco\/wp-content\/uploads\/2022\/08\/jardiniere-resine-tressee-Gamm-vert-90x68.jpg 90w, https:\/\/pipcke.fr\/idees-deco\/wp-content\/uploads\/2022\/08\/jardiniere-resine-tressee-Gamm-vert-560x420.jpg 560w\" sizes=\"auto, (max-width: 320px) 100vw, 320px\" \/><\/a><\/figure>\n\n\n\n<figure class=\"wp-block-image size-thumbnail\"><a href=\"https:\/\/pipcke.fr\/idees-deco\/wp-content\/uploads\/2022\/08\/jardinieres-bois-pour-terrasse.jpg\"><img loading=\"lazy\" decoding=\"async\" width=\"320\" height=\"240\" data-id=\"6454\" src=\"https:\/\/pipcke.fr\/idees-deco\/wp-content\/uploads\/2022\/08\/jardinieres-bois-pour-terrasse-320x240.jpg\" alt=\"Des jardini\u00e8res en bois designs qui subliment la terrasse\" class=\"wp-image-6454\" srcset=\"https:\/\/pipcke.fr\/idees-deco\/wp-content\/uploads\/2022\/08\/jardinieres-bois-pour-terrasse-320x240.jpg 320w, https:\/\/pipcke.fr\/idees-deco\/wp-content\/uploads\/2022\/08\/jardinieres-bois-pour-terrasse-300x225.jpg 300w, https:\/\/pipcke.fr\/idees-deco\/wp-content\/uploads\/2022\/08\/jardinieres-bois-pour-terrasse-120x90.jpg 120w, https:\/\/pipcke.fr\/idees-deco\/wp-content\/uploads\/2022\/08\/jardinieres-bois-pour-terrasse-90x68.jpg 90w, https:\/\/pipcke.fr\/idees-deco\/wp-content\/uploads\/2022\/08\/jardinieres-bois-pour-terrasse-560x420.jpg 560w\" sizes=\"auto, (max-width: 320px) 100vw, 320px\" \/><\/a><\/figure>\n\n\n\n<figure class=\"wp-block-image size-thumbnail\"><a href=\"https:\/\/pipcke.fr\/idees-deco\/wp-content\/uploads\/2022\/08\/pots-hortensias-terrasse.jpg\"><img loading=\"lazy\" decoding=\"async\" width=\"320\" height=\"240\" data-id=\"6456\" src=\"https:\/\/pipcke.fr\/idees-deco\/wp-content\/uploads\/2022\/08\/pots-hortensias-terrasse-320x240.jpg\" alt=\"Des hortensias blancs en pots sur la terrasse\" class=\"wp-image-6456\" srcset=\"https:\/\/pipcke.fr\/idees-deco\/wp-content\/uploads\/2022\/08\/pots-hortensias-terrasse-320x240.jpg 320w, https:\/\/pipcke.fr\/idees-deco\/wp-content\/uploads\/2022\/08\/pots-hortensias-terrasse-300x225.jpg 300w, https:\/\/pipcke.fr\/idees-deco\/wp-content\/uploads\/2022\/08\/pots-hortensias-terrasse-120x90.jpg 120w, https:\/\/pipcke.fr\/idees-deco\/wp-content\/uploads\/2022\/08\/pots-hortensias-terrasse-90x68.jpg 90w\" sizes=\"auto, (max-width: 320px) 100vw, 320px\" \/><\/a><\/figure>\n<\/figure>\n\n\n\n<p class=\"has-text-align-center\"><sub>\u00a9 Marie Claire &#8211; Gamm Vert &#8211; Pinterest &#8211; La Jardini\u00e8re fran\u00e7aise<\/sub><\/p>\n\n\n\n<p><a href=\"https:\/\/pipcke.fr\/concept\" target=\"_blank\" rel=\"noreferrer noopener\">D\u00e9marrez votre projet<\/a> et donnez vie \u00e0 vos id\u00e9es d\u2019am\u00e9nagement ext\u00e9rieur !<\/p>\n\n\n\n<h2 id=\"adoptez-un-elegant-salon-de-jardin\" class=\"wp-block-heading is-style-cnvs-heading-numbered\">Adoptez un \u00e9l\u00e9gant salon de jardin<\/h2>\n\n\n\n<p>Optez pour une note contemporaine avec un salon de jardin qui mixe bois et m\u00e9tal en un harmonieux m\u00e9lange type indus. On aime aussi le style scandinave, avec du bois clair et des coussins aux couleurs pastel. Et pourquoi pas du mobilier de jardin en osier\u00a0? A la fois naturel et \u00e9l\u00e9gant, ce mat\u00e9riau id\u00e9al pour d\u00e9corer une terrasse ou une <a href=\"https:\/\/pipcke.fr\/idees-deco\/conseils-amenagement\/amenagement-loggia\/\" target=\"_blank\" rel=\"noreferrer noopener\">loggia<\/a> r\u00e9siste bien aux intemp\u00e9ries et impr\u00e8gnera votre espace outdoor d\u2019une atmosph\u00e8re tr\u00e8s d\u00e9tendue.<\/p>\n\n\n\n<p>Vous pouvez \u00e9galement composer votre salon de jardin \u00e0 l\u2019envi, avec des fauteuils et une table de styles diff\u00e9rents, pour cr\u00e9er un effet boh\u00e8me. Banquettes, tables basses, canap\u00e9 bas, fauteuils\u2026 Optez pour un salon ext\u00e9rieur modulable et unique.<\/p>\n\n\n\n<figure class=\"wp-block-gallery has-nested-images columns-2 is-cropped wp-block-gallery-5 is-layout-flex wp-block-gallery-is-layout-flex\">\n<figure class=\"wp-block-image size-thumbnail\"><a href=\"https:\/\/pipcke.fr\/idees-deco\/wp-content\/uploads\/2022\/08\/salon-de-jardin-metal.jpg\"><img loading=\"lazy\" decoding=\"async\" width=\"320\" height=\"240\" data-id=\"6467\" src=\"https:\/\/pipcke.fr\/idees-deco\/wp-content\/uploads\/2022\/08\/salon-de-jardin-metal-320x240.jpg\" alt=\"d\u00e9corer une terrasse avec un salon de jardin en m\u00e9tal\" class=\"wp-image-6467\" srcset=\"https:\/\/pipcke.fr\/idees-deco\/wp-content\/uploads\/2022\/08\/salon-de-jardin-metal-320x240.jpg 320w, https:\/\/pipcke.fr\/idees-deco\/wp-content\/uploads\/2022\/08\/salon-de-jardin-metal-300x225.jpg 300w, https:\/\/pipcke.fr\/idees-deco\/wp-content\/uploads\/2022\/08\/salon-de-jardin-metal-120x90.jpg 120w, https:\/\/pipcke.fr\/idees-deco\/wp-content\/uploads\/2022\/08\/salon-de-jardin-metal-90x68.jpg 90w, https:\/\/pipcke.fr\/idees-deco\/wp-content\/uploads\/2022\/08\/salon-de-jardin-metal-560x420.jpg 560w\" sizes=\"auto, (max-width: 320px) 100vw, 320px\" \/><\/a><\/figure>\n\n\n\n<figure class=\"wp-block-image size-medium\"><a href=\"https:\/\/pipcke.fr\/idees-deco\/wp-content\/uploads\/2022\/08\/mobilier-de-jardin-depareille.jpg\"><img loading=\"lazy\" decoding=\"async\" width=\"800\" height=\"600\" data-id=\"6468\" src=\"https:\/\/pipcke.fr\/idees-deco\/wp-content\/uploads\/2022\/08\/mobilier-de-jardin-depareille-800x600.jpg\" alt=\"Une table et des fauteuils de jardin d\u00e9pareill\u00e9s\" class=\"wp-image-6468\" srcset=\"https:\/\/pipcke.fr\/idees-deco\/wp-content\/uploads\/2022\/08\/mobilier-de-jardin-depareille-800x600.jpg 800w, https:\/\/pipcke.fr\/idees-deco\/wp-content\/uploads\/2022\/08\/mobilier-de-jardin-depareille-320x240.jpg 320w, https:\/\/pipcke.fr\/idees-deco\/wp-content\/uploads\/2022\/08\/mobilier-de-jardin-depareille-300x225.jpg 300w, https:\/\/pipcke.fr\/idees-deco\/wp-content\/uploads\/2022\/08\/mobilier-de-jardin-depareille-120x90.jpg 120w, https:\/\/pipcke.fr\/idees-deco\/wp-content\/uploads\/2022\/08\/mobilier-de-jardin-depareille-90x68.jpg 90w, https:\/\/pipcke.fr\/idees-deco\/wp-content\/uploads\/2022\/08\/mobilier-de-jardin-depareille-560x420.jpg 560w, https:\/\/pipcke.fr\/idees-deco\/wp-content\/uploads\/2022\/08\/mobilier-de-jardin-depareille.jpg 1024w\" sizes=\"auto, (max-width: 800px) 100vw, 800px\" \/><\/a><\/figure>\n\n\n\n<figure class=\"wp-block-image size-medium\"><a href=\"https:\/\/pipcke.fr\/idees-deco\/wp-content\/uploads\/2022\/08\/petit-salon-de-jardin-en-bois.jpg\"><img loading=\"lazy\" decoding=\"async\" width=\"800\" height=\"645\" data-id=\"6469\" src=\"https:\/\/pipcke.fr\/idees-deco\/wp-content\/uploads\/2022\/08\/petit-salon-de-jardin-en-bois-800x645.jpg\" alt=\"Un petit salon de jardin en bois\" class=\"wp-image-6469\" srcset=\"https:\/\/pipcke.fr\/idees-deco\/wp-content\/uploads\/2022\/08\/petit-salon-de-jardin-en-bois-800x645.jpg 800w, https:\/\/pipcke.fr\/idees-deco\/wp-content\/uploads\/2022\/08\/petit-salon-de-jardin-en-bois-120x97.jpg 120w, https:\/\/pipcke.fr\/idees-deco\/wp-content\/uploads\/2022\/08\/petit-salon-de-jardin-en-bois-90x73.jpg 90w, https:\/\/pipcke.fr\/idees-deco\/wp-content\/uploads\/2022\/08\/petit-salon-de-jardin-en-bois-320x258.jpg 320w, https:\/\/pipcke.fr\/idees-deco\/wp-content\/uploads\/2022\/08\/petit-salon-de-jardin-en-bois-560x451.jpg 560w, https:\/\/pipcke.fr\/idees-deco\/wp-content\/uploads\/2022\/08\/petit-salon-de-jardin-en-bois.jpg 1024w\" sizes=\"auto, (max-width: 800px) 100vw, 800px\" \/><\/a><\/figure>\n<\/figure>\n\n\n\n<p class=\"has-text-align-center\"><sub>\u00a9 <a href=\"https:\/\/www.nuagedeco.fr\/\" target=\"_blank\" rel=\"noreferrer noopener\">Nuagedeco<\/a> &#8211; Marie Claire &#8211; Joli Place<\/sub><\/p>\n\n\n\n<p>Maintenant que votre terrasse ressemble \u00e0 une page de magazine de d\u00e9co, n\u2019oubliez pas d\u2019ajouter un \u00e9clairage qui mettra chaque d\u00e9tail en valeur. Design et tendance, la lumi\u00e8re indirecte sublimera les jardini\u00e8res tandis qu\u2019un joli lampadaire apportera une douce luminosit\u00e9. Et pourquoi pas une petite guirlande pour cr\u00e9er un esprit guinguette\u00a0?<\/p>\n\n\n\n<p>Inspir\u00e9s par nos id\u00e9es pour d\u00e9corer une terrasse ? D\u00e9couvrez <a href=\"https:\/\/pipcke.fr\/offres\" target=\"_blank\" rel=\"noreferrer noopener\">nos offres de collaboration<\/a> sur le mobilier de jardin et transformez votre espace ext\u00e9rieur d\u00e8s maintenant !<\/p>\n","protected":false},"excerpt":{"rendered":"<p>Synonyme de moments chill en plein air, d\u2019ap\u00e9ros entre amis et de repas en famille \u00e0 l\u2019ombre de la tonnelle, la terrasse devient un lieu de vie privil\u00e9gi\u00e9 d\u00e8s que&hellip;<\/p>\n","protected":false},"author":4,"featured_media":6448,"comment_status":"closed","ping_status":"closed","sticky":false,"template":"","format":"standard","meta":{"inline_featured_image":false,"footnotes":""},"categories":[50],"tags":[23,84,100,88,38,20,65,66,19,98],"powerkit_post_featured":[2,7,4,5,9],"class_list":{"0":"post-6438","1":"post","2":"type-post","3":"status-publish","4":"format-standard","5":"has-post-thumbnail","7":"category-conseils-de-decorateurs","8":"tag-conseils","9":"tag-deco","10":"tag-exterieurs","11":"tag-fleurs-plantes","12":"tag-idees","13":"tag-inspirations","14":"tag-peinture","15":"tag-sols-murs","16":"tag-tendances","17":"tag-terrasse"},"yoast_head":"<!-- This site is optimized with the Yoast SEO Premium plugin v22.3 (Yoast SEO v27.9) - https:\/\/yoast.com\/product\/yoast-seo-premium-wordpress\/ -->\n<title>5 id\u00e9es pour d\u00e9corer une terrasse : transformation garantie !<\/title>\n<meta name=\"description\" content=\"Des id\u00e9es uniques pour sol, murs et mobilier. Pr\u00eat \u00e0 d\u00e9corer votre terrasse avec style ? D\u00e9couvrez notre guide maintenant !\" \/>\n<meta name=\"robots\" content=\"index, follow, max-snippet:-1, max-image-preview:large, max-video-preview:-1\" \/>\n<link rel=\"canonical\" href=\"https:\/\/pipcke.fr\/idees-deco\/conseils-de-decorateurs\/decorer-une-terrasse\/\" \/>\n<meta property=\"og:locale\" content=\"fr_FR\" \/>\n<meta property=\"og:type\" content=\"article\" \/>\n<meta property=\"og:title\" content=\"5 id\u00e9es pour d\u00e9corer une terrasse irr\u00e9sistible : transformez votre espace ext\u00e9rieur !\" \/>\n<meta property=\"og:description\" content=\"Des id\u00e9es uniques pour sol, murs et mobilier. Pr\u00eat \u00e0 d\u00e9corer votre terrasse avec style ? D\u00e9couvrez notre guide maintenant !\" \/>\n<meta property=\"og:url\" content=\"https:\/\/pipcke.fr\/idees-deco\/conseils-de-decorateurs\/decorer-une-terrasse\/\" \/>\n<meta property=\"og:site_name\" content=\"Pipcke\" \/>\n<meta property=\"article:publisher\" content=\"https:\/\/www.facebook.com\/Pipcke\" \/>\n<meta property=\"article:published_time\" content=\"2022-08-10T15:12:28+00:00\" \/>\n<meta property=\"article:modified_time\" content=\"2023-12-19T20:02:16+00:00\" \/>\n<meta property=\"og:image\" content=\"https:\/\/pipcke.fr\/idees-deco\/wp-content\/uploads\/2022\/08\/terrasse-design-avec-tapis-et-parasol.jpg\" \/>\n\t<meta property=\"og:image:width\" content=\"950\" \/>\n\t<meta property=\"og:image:height\" content=\"708\" \/>\n\t<meta property=\"og:image:type\" content=\"image\/jpeg\" \/>\n<meta name=\"author\" content=\"Pauline Rosa\" \/>\n<meta name=\"twitter:card\" content=\"summary_large_image\" \/>\n<meta name=\"twitter:creator\" content=\"@pipcke\" \/>\n<meta name=\"twitter:site\" content=\"@pipcke\" \/>\n<meta name=\"twitter:label1\" content=\"\u00c9crit par\" \/>\n\t<meta name=\"twitter:data1\" content=\"Pauline Rosa\" \/>\n\t<meta name=\"twitter:label2\" content=\"Dur\u00e9e de lecture estim\u00e9e\" \/>\n\t<meta name=\"twitter:data2\" content=\"9 minutes\" \/>\n<script type=\"application\/ld+json\" class=\"yoast-schema-graph\">{\"@context\":\"https:\\\/\\\/schema.org\",\"@graph\":[{\"@type\":[\"Article\",\"BlogPosting\"],\"@id\":\"https:\\\/\\\/pipcke.fr\\\/idees-deco\\\/conseils-de-decorateurs\\\/decorer-une-terrasse\\\/#article\",\"isPartOf\":{\"@id\":\"https:\\\/\\\/pipcke.fr\\\/idees-deco\\\/conseils-de-decorateurs\\\/decorer-une-terrasse\\\/\"},\"author\":{\"name\":\"Pauline Rosa\",\"@id\":\"https:\\\/\\\/pipcke.fr\\\/idees-deco\\\/#\\\/schema\\\/person\\\/0eccc3e128321071a88d76d775685a0d\"},\"headline\":\"5 id\u00e9es pour d\u00e9corer une terrasse irr\u00e9sistible : transformez votre espace ext\u00e9rieur !\",\"datePublished\":\"2022-08-10T15:12:28+00:00\",\"dateModified\":\"2023-12-19T20:02:16+00:00\",\"mainEntityOfPage\":{\"@id\":\"https:\\\/\\\/pipcke.fr\\\/idees-deco\\\/conseils-de-decorateurs\\\/decorer-une-terrasse\\\/\"},\"wordCount\":1095,\"publisher\":{\"@id\":\"https:\\\/\\\/pipcke.fr\\\/idees-deco\\\/#organization\"},\"image\":{\"@id\":\"https:\\\/\\\/pipcke.fr\\\/idees-deco\\\/conseils-de-decorateurs\\\/decorer-une-terrasse\\\/#primaryimage\"},\"thumbnailUrl\":\"https:\\\/\\\/pipcke.fr\\\/idees-deco\\\/wp-content\\\/uploads\\\/2022\\\/08\\\/terrasse-design-avec-tapis-et-parasol.jpg\",\"keywords\":[\"Conseils\",\"d\u00e9co\",\"Ext\u00e9rieurs\",\"Fleurs &amp; plantes\",\"Id\u00e9es\",\"Inspirations\",\"Peinture\",\"Sols &amp; murs\",\"Tendances\",\"Terrasse\"],\"articleSection\":[\"Conseils de d\u00e9corateurs\"],\"inLanguage\":\"fr-FR\"},{\"@type\":\"WebPage\",\"@id\":\"https:\\\/\\\/pipcke.fr\\\/idees-deco\\\/conseils-de-decorateurs\\\/decorer-une-terrasse\\\/\",\"url\":\"https:\\\/\\\/pipcke.fr\\\/idees-deco\\\/conseils-de-decorateurs\\\/decorer-une-terrasse\\\/\",\"name\":\"5 id\u00e9es pour d\u00e9corer une terrasse : transformation garantie !\",\"isPartOf\":{\"@id\":\"https:\\\/\\\/pipcke.fr\\\/idees-deco\\\/#website\"},\"primaryImageOfPage\":{\"@id\":\"https:\\\/\\\/pipcke.fr\\\/idees-deco\\\/conseils-de-decorateurs\\\/decorer-une-terrasse\\\/#primaryimage\"},\"image\":{\"@id\":\"https:\\\/\\\/pipcke.fr\\\/idees-deco\\\/conseils-de-decorateurs\\\/decorer-une-terrasse\\\/#primaryimage\"},\"thumbnailUrl\":\"https:\\\/\\\/pipcke.fr\\\/idees-deco\\\/wp-content\\\/uploads\\\/2022\\\/08\\\/terrasse-design-avec-tapis-et-parasol.jpg\",\"datePublished\":\"2022-08-10T15:12:28+00:00\",\"dateModified\":\"2023-12-19T20:02:16+00:00\",\"description\":\"Des id\u00e9es uniques pour sol, murs et mobilier. Pr\u00eat \u00e0 d\u00e9corer votre terrasse avec style ? D\u00e9couvrez notre guide maintenant !\",\"breadcrumb\":{\"@id\":\"https:\\\/\\\/pipcke.fr\\\/idees-deco\\\/conseils-de-decorateurs\\\/decorer-une-terrasse\\\/#breadcrumb\"},\"inLanguage\":\"fr-FR\",\"potentialAction\":[{\"@type\":\"ReadAction\",\"target\":[\"https:\\\/\\\/pipcke.fr\\\/idees-deco\\\/conseils-de-decorateurs\\\/decorer-une-terrasse\\\/\"]}]},{\"@type\":\"ImageObject\",\"inLanguage\":\"fr-FR\",\"@id\":\"https:\\\/\\\/pipcke.fr\\\/idees-deco\\\/conseils-de-decorateurs\\\/decorer-une-terrasse\\\/#primaryimage\",\"url\":\"https:\\\/\\\/pipcke.fr\\\/idees-deco\\\/wp-content\\\/uploads\\\/2022\\\/08\\\/terrasse-design-avec-tapis-et-parasol.jpg\",\"contentUrl\":\"https:\\\/\\\/pipcke.fr\\\/idees-deco\\\/wp-content\\\/uploads\\\/2022\\\/08\\\/terrasse-design-avec-tapis-et-parasol.jpg\",\"width\":950,\"height\":708,\"caption\":\"Une grande terrasse avec vue sur la nature, un tapis graphique et un salon de jardin en bois\"},{\"@type\":\"BreadcrumbList\",\"@id\":\"https:\\\/\\\/pipcke.fr\\\/idees-deco\\\/conseils-de-decorateurs\\\/decorer-une-terrasse\\\/#breadcrumb\",\"itemListElement\":[{\"@type\":\"ListItem\",\"position\":1,\"name\":\"Accueil\",\"item\":\"https:\\\/\\\/pipcke.fr\\\/idees-deco\\\/\"},{\"@type\":\"ListItem\",\"position\":2,\"name\":\"Conseils de d\u00e9corateurs\",\"item\":\"https:\\\/\\\/pipcke.fr\\\/idees-deco\\\/.\\\/conseils-de-decorateurs\\\/\"},{\"@type\":\"ListItem\",\"position\":3,\"name\":\"5 id\u00e9es pour d\u00e9corer une terrasse irr\u00e9sistible : transformez votre espace ext\u00e9rieur !\"}]},{\"@type\":\"WebSite\",\"@id\":\"https:\\\/\\\/pipcke.fr\\\/idees-deco\\\/#website\",\"url\":\"https:\\\/\\\/pipcke.fr\\\/idees-deco\\\/\",\"name\":\"Pipcke\",\"description\":\"Id\u00e9es, conseils et inspirations d\u00e9co\",\"publisher\":{\"@id\":\"https:\\\/\\\/pipcke.fr\\\/idees-deco\\\/#organization\"},\"potentialAction\":[{\"@type\":\"SearchAction\",\"target\":{\"@type\":\"EntryPoint\",\"urlTemplate\":\"https:\\\/\\\/pipcke.fr\\\/idees-deco\\\/?s={search_term_string}\"},\"query-input\":{\"@type\":\"PropertyValueSpecification\",\"valueRequired\":true,\"valueName\":\"search_term_string\"}}],\"inLanguage\":\"fr-FR\"},{\"@type\":\"Organization\",\"@id\":\"https:\\\/\\\/pipcke.fr\\\/idees-deco\\\/#organization\",\"name\":\"PIPCKE\",\"alternateName\":\"PIPCKE\",\"url\":\"https:\\\/\\\/pipcke.fr\\\/idees-deco\\\/\",\"logo\":{\"@type\":\"ImageObject\",\"inLanguage\":\"fr-FR\",\"@id\":\"https:\\\/\\\/pipcke.fr\\\/idees-deco\\\/#\\\/schema\\\/logo\\\/image\\\/\",\"url\":\"https:\\\/\\\/pipcke.fr\\\/idees-deco\\\/wp-content\\\/uploads\\\/2020\\\/12\\\/logo-black.svg\",\"contentUrl\":\"https:\\\/\\\/pipcke.fr\\\/idees-deco\\\/wp-content\\\/uploads\\\/2020\\\/12\\\/logo-black.svg\",\"width\":524,\"height\":140,\"caption\":\"PIPCKE\"},\"image\":{\"@id\":\"https:\\\/\\\/pipcke.fr\\\/idees-deco\\\/#\\\/schema\\\/logo\\\/image\\\/\"},\"sameAs\":[\"https:\\\/\\\/www.facebook.com\\\/Pipcke\",\"https:\\\/\\\/x.com\\\/pipcke\",\"https:\\\/\\\/www.instagram.com\\\/pipcke.fr\\\/\",\"https:\\\/\\\/www.linkedin.com\\\/company\\\/pipcke\",\"https:\\\/\\\/www.pinterest.fr\\\/PIPCKE\\\/_created\\\/\",\"https:\\\/\\\/www.youtube.com\\\/channel\\\/UCaYnny5Q4k6HN1s3zr1Gazw\"],\"email\":\"hello@pipcke.fr\",\"telephone\":\"0184802084\",\"legalName\":\"Pipcke\"},{\"@type\":\"Person\",\"@id\":\"https:\\\/\\\/pipcke.fr\\\/idees-deco\\\/#\\\/schema\\\/person\\\/0eccc3e128321071a88d76d775685a0d\",\"name\":\"Pauline Rosa\",\"image\":{\"@type\":\"ImageObject\",\"inLanguage\":\"fr-FR\",\"@id\":\"https:\\\/\\\/secure.gravatar.com\\\/avatar\\\/3b5d4a0cad7ffd435800f1e3e88bddff18e6863f845e46c7874bf06e29934797?s=96&d=mm&r=g\",\"url\":\"https:\\\/\\\/secure.gravatar.com\\\/avatar\\\/3b5d4a0cad7ffd435800f1e3e88bddff18e6863f845e46c7874bf06e29934797?s=96&d=mm&r=g\",\"contentUrl\":\"https:\\\/\\\/secure.gravatar.com\\\/avatar\\\/3b5d4a0cad7ffd435800f1e3e88bddff18e6863f845e46c7874bf06e29934797?s=96&d=mm&r=g\",\"caption\":\"Pauline Rosa\"},\"description\":\"Pauline est notre r\u00e9dactrice passionn\u00e9e, experte en tendances d\u00e9co et en agencement intelligent des espaces. Sa mission : analyser, simplifier et transmettre l\u2019essentiel du monde de la d\u00e9coration pour offrir \u00e0 nos lecteurs des contenus clairs, utiles et inspirants. Elle a le talent de transformer des informations complexes en conseils accessibles, concrets et agr\u00e9ables \u00e0 lire. Observatrice attentive et chasseuse de tendances confirm\u00e9e, Pauline scrute les nouvelles influences, \u00e9coute les \u00e9volutions du secteur et d\u00e9cortique ce qui se dessine dans l\u2019air du temps pour rep\u00e9rer les couleurs, les styles et les mati\u00e8res qui feront la d\u00e9co de demain. En tant que r\u00e9dactrice, elle se distingue aussi par sa capacit\u00e9 \u00e0 transformer ces tendances en conseils concrets, notamment sur l\u2019optimisation des petits espaces. Studios, chambres exigu\u00ebs, pi\u00e8ces multifonctions\u2026 Pauline sait expliquer comment maximiser chaque m\u00e8tre carr\u00e9 de mani\u00e8re simple, efficace et esth\u00e9tique. \u00c0 travers ses articles, elle propose des conseils d\u2019am\u00e9nagement clairs et intelligents pour optimiser les espaces sans jamais sacrifier le style ni le bien-\u00eatre. Sa vision est celle d'une d\u00e9coration \u00e0 la fois belle, inspirante et surtout pratique.\",\"url\":\"https:\\\/\\\/pipcke.fr\\\/idees-deco\\\/auteur\\\/pauline-rosa\\\/\"}]}<\/script>\n<!-- \/ Yoast SEO Premium plugin. -->","yoast_head_json":{"title":"5 id\u00e9es pour d\u00e9corer une terrasse : transformation garantie !","description":"Des id\u00e9es uniques pour sol, murs et mobilier. Pr\u00eat \u00e0 d\u00e9corer votre terrasse avec style ? D\u00e9couvrez notre guide maintenant !","robots":{"index":"index","follow":"follow","max-snippet":"max-snippet:-1","max-image-preview":"max-image-preview:large","max-video-preview":"max-video-preview:-1"},"canonical":"https:\/\/pipcke.fr\/idees-deco\/conseils-de-decorateurs\/decorer-une-terrasse\/","og_locale":"fr_FR","og_type":"article","og_title":"5 id\u00e9es pour d\u00e9corer une terrasse irr\u00e9sistible : transformez votre espace ext\u00e9rieur !","og_description":"Des id\u00e9es uniques pour sol, murs et mobilier. Pr\u00eat \u00e0 d\u00e9corer votre terrasse avec style ? D\u00e9couvrez notre guide maintenant !","og_url":"https:\/\/pipcke.fr\/idees-deco\/conseils-de-decorateurs\/decorer-une-terrasse\/","og_site_name":"Pipcke","article_publisher":"https:\/\/www.facebook.com\/Pipcke","article_published_time":"2022-08-10T15:12:28+00:00","article_modified_time":"2023-12-19T20:02:16+00:00","og_image":[{"width":950,"height":708,"url":"https:\/\/pipcke.fr\/idees-deco\/wp-content\/uploads\/2022\/08\/terrasse-design-avec-tapis-et-parasol.jpg","type":"image\/jpeg"}],"author":"Pauline Rosa","twitter_card":"summary_large_image","twitter_creator":"@pipcke","twitter_site":"@pipcke","twitter_misc":{"\u00c9crit par":"Pauline Rosa","Dur\u00e9e de lecture estim\u00e9e":"9 minutes"},"schema":{"@context":"https:\/\/schema.org","@graph":[{"@type":["Article","BlogPosting"],"@id":"https:\/\/pipcke.fr\/idees-deco\/conseils-de-decorateurs\/decorer-une-terrasse\/#article","isPartOf":{"@id":"https:\/\/pipcke.fr\/idees-deco\/conseils-de-decorateurs\/decorer-une-terrasse\/"},"author":{"name":"Pauline Rosa","@id":"https:\/\/pipcke.fr\/idees-deco\/#\/schema\/person\/0eccc3e128321071a88d76d775685a0d"},"headline":"5 id\u00e9es pour d\u00e9corer une terrasse irr\u00e9sistible : transformez votre espace ext\u00e9rieur !","datePublished":"2022-08-10T15:12:28+00:00","dateModified":"2023-12-19T20:02:16+00:00","mainEntityOfPage":{"@id":"https:\/\/pipcke.fr\/idees-deco\/conseils-de-decorateurs\/decorer-une-terrasse\/"},"wordCount":1095,"publisher":{"@id":"https:\/\/pipcke.fr\/idees-deco\/#organization"},"image":{"@id":"https:\/\/pipcke.fr\/idees-deco\/conseils-de-decorateurs\/decorer-une-terrasse\/#primaryimage"},"thumbnailUrl":"https:\/\/pipcke.fr\/idees-deco\/wp-content\/uploads\/2022\/08\/terrasse-design-avec-tapis-et-parasol.jpg","keywords":["Conseils","d\u00e9co","Ext\u00e9rieurs","Fleurs &amp; plantes","Id\u00e9es","Inspirations","Peinture","Sols &amp; murs","Tendances","Terrasse"],"articleSection":["Conseils de d\u00e9corateurs"],"inLanguage":"fr-FR"},{"@type":"WebPage","@id":"https:\/\/pipcke.fr\/idees-deco\/conseils-de-decorateurs\/decorer-une-terrasse\/","url":"https:\/\/pipcke.fr\/idees-deco\/conseils-de-decorateurs\/decorer-une-terrasse\/","name":"5 id\u00e9es pour d\u00e9corer une terrasse : transformation garantie !","isPartOf":{"@id":"https:\/\/pipcke.fr\/idees-deco\/#website"},"primaryImageOfPage":{"@id":"https:\/\/pipcke.fr\/idees-deco\/conseils-de-decorateurs\/decorer-une-terrasse\/#primaryimage"},"image":{"@id":"https:\/\/pipcke.fr\/idees-deco\/conseils-de-decorateurs\/decorer-une-terrasse\/#primaryimage"},"thumbnailUrl":"https:\/\/pipcke.fr\/idees-deco\/wp-content\/uploads\/2022\/08\/terrasse-design-avec-tapis-et-parasol.jpg","datePublished":"2022-08-10T15:12:28+00:00","dateModified":"2023-12-19T20:02:16+00:00","description":"Des id\u00e9es uniques pour sol, murs et mobilier. Pr\u00eat \u00e0 d\u00e9corer votre terrasse avec style ? D\u00e9couvrez notre guide maintenant !","breadcrumb":{"@id":"https:\/\/pipcke.fr\/idees-deco\/conseils-de-decorateurs\/decorer-une-terrasse\/#breadcrumb"},"inLanguage":"fr-FR","potentialAction":[{"@type":"ReadAction","target":["https:\/\/pipcke.fr\/idees-deco\/conseils-de-decorateurs\/decorer-une-terrasse\/"]}]},{"@type":"ImageObject","inLanguage":"fr-FR","@id":"https:\/\/pipcke.fr\/idees-deco\/conseils-de-decorateurs\/decorer-une-terrasse\/#primaryimage","url":"https:\/\/pipcke.fr\/idees-deco\/wp-content\/uploads\/2022\/08\/terrasse-design-avec-tapis-et-parasol.jpg","contentUrl":"https:\/\/pipcke.fr\/idees-deco\/wp-content\/uploads\/2022\/08\/terrasse-design-avec-tapis-et-parasol.jpg","width":950,"height":708,"caption":"Une grande terrasse avec vue sur la nature, un tapis graphique et un salon de jardin en bois"},{"@type":"BreadcrumbList","@id":"https:\/\/pipcke.fr\/idees-deco\/conseils-de-decorateurs\/decorer-une-terrasse\/#breadcrumb","itemListElement":[{"@type":"ListItem","position":1,"name":"Accueil","item":"https:\/\/pipcke.fr\/idees-deco\/"},{"@type":"ListItem","position":2,"name":"Conseils de d\u00e9corateurs","item":"https:\/\/pipcke.fr\/idees-deco\/.\/conseils-de-decorateurs\/"},{"@type":"ListItem","position":3,"name":"5 id\u00e9es pour d\u00e9corer une terrasse irr\u00e9sistible : transformez votre espace ext\u00e9rieur !"}]},{"@type":"WebSite","@id":"https:\/\/pipcke.fr\/idees-deco\/#website","url":"https:\/\/pipcke.fr\/idees-deco\/","name":"Pipcke","description":"Id\u00e9es, conseils et inspirations d\u00e9co","publisher":{"@id":"https:\/\/pipcke.fr\/idees-deco\/#organization"},"potentialAction":[{"@type":"SearchAction","target":{"@type":"EntryPoint","urlTemplate":"https:\/\/pipcke.fr\/idees-deco\/?s={search_term_string}"},"query-input":{"@type":"PropertyValueSpecification","valueRequired":true,"valueName":"search_term_string"}}],"inLanguage":"fr-FR"},{"@type":"Organization","@id":"https:\/\/pipcke.fr\/idees-deco\/#organization","name":"PIPCKE","alternateName":"PIPCKE","url":"https:\/\/pipcke.fr\/idees-deco\/","logo":{"@type":"ImageObject","inLanguage":"fr-FR","@id":"https:\/\/pipcke.fr\/idees-deco\/#\/schema\/logo\/image\/","url":"https:\/\/pipcke.fr\/idees-deco\/wp-content\/uploads\/2020\/12\/logo-black.svg","contentUrl":"https:\/\/pipcke.fr\/idees-deco\/wp-content\/uploads\/2020\/12\/logo-black.svg","width":524,"height":140,"caption":"PIPCKE"},"image":{"@id":"https:\/\/pipcke.fr\/idees-deco\/#\/schema\/logo\/image\/"},"sameAs":["https:\/\/www.facebook.com\/Pipcke","https:\/\/x.com\/pipcke","https:\/\/www.instagram.com\/pipcke.fr\/","https:\/\/www.linkedin.com\/company\/pipcke","https:\/\/www.pinterest.fr\/PIPCKE\/_created\/","https:\/\/www.youtube.com\/channel\/UCaYnny5Q4k6HN1s3zr1Gazw"],"email":"hello@pipcke.fr","telephone":"0184802084","legalName":"Pipcke"},{"@type":"Person","@id":"https:\/\/pipcke.fr\/idees-deco\/#\/schema\/person\/0eccc3e128321071a88d76d775685a0d","name":"Pauline Rosa","image":{"@type":"ImageObject","inLanguage":"fr-FR","@id":"https:\/\/secure.gravatar.com\/avatar\/3b5d4a0cad7ffd435800f1e3e88bddff18e6863f845e46c7874bf06e29934797?s=96&d=mm&r=g","url":"https:\/\/secure.gravatar.com\/avatar\/3b5d4a0cad7ffd435800f1e3e88bddff18e6863f845e46c7874bf06e29934797?s=96&d=mm&r=g","contentUrl":"https:\/\/secure.gravatar.com\/avatar\/3b5d4a0cad7ffd435800f1e3e88bddff18e6863f845e46c7874bf06e29934797?s=96&d=mm&r=g","caption":"Pauline Rosa"},"description":"Pauline est notre r\u00e9dactrice passionn\u00e9e, experte en tendances d\u00e9co et en agencement intelligent des espaces. Sa mission : analyser, simplifier et transmettre l\u2019essentiel du monde de la d\u00e9coration pour offrir \u00e0 nos lecteurs des contenus clairs, utiles et inspirants. Elle a le talent de transformer des informations complexes en conseils accessibles, concrets et agr\u00e9ables \u00e0 lire. Observatrice attentive et chasseuse de tendances confirm\u00e9e, Pauline scrute les nouvelles influences, \u00e9coute les \u00e9volutions du secteur et d\u00e9cortique ce qui se dessine dans l\u2019air du temps pour rep\u00e9rer les couleurs, les styles et les mati\u00e8res qui feront la d\u00e9co de demain. En tant que r\u00e9dactrice, elle se distingue aussi par sa capacit\u00e9 \u00e0 transformer ces tendances en conseils concrets, notamment sur l\u2019optimisation des petits espaces. Studios, chambres exigu\u00ebs, pi\u00e8ces multifonctions\u2026 Pauline sait expliquer comment maximiser chaque m\u00e8tre carr\u00e9 de mani\u00e8re simple, efficace et esth\u00e9tique. \u00c0 travers ses articles, elle propose des conseils d\u2019am\u00e9nagement clairs et intelligents pour optimiser les espaces sans jamais sacrifier le style ni le bien-\u00eatre. Sa vision est celle d'une d\u00e9coration \u00e0 la fois belle, inspirante et surtout pratique.","url":"https:\/\/pipcke.fr\/idees-deco\/auteur\/pauline-rosa\/"}]}},"_links":{"self":[{"href":"https:\/\/pipcke.fr\/idees-deco\/wp-json\/wp\/v2\/posts\/6438","targetHints":{"allow":["GET"]}}],"collection":[{"href":"https:\/\/pipcke.fr\/idees-deco\/wp-json\/wp\/v2\/posts"}],"about":[{"href":"https:\/\/pipcke.fr\/idees-deco\/wp-json\/wp\/v2\/types\/post"}],"author":[{"embeddable":true,"href":"https:\/\/pipcke.fr\/idees-deco\/wp-json\/wp\/v2\/users\/4"}],"replies":[{"embeddable":true,"href":"https:\/\/pipcke.fr\/idees-deco\/wp-json\/wp\/v2\/comments?post=6438"}],"version-history":[{"count":20,"href":"https:\/\/pipcke.fr\/idees-deco\/wp-json\/wp\/v2\/posts\/6438\/revisions"}],"predecessor-version":[{"id":8855,"href":"https:\/\/pipcke.fr\/idees-deco\/wp-json\/wp\/v2\/posts\/6438\/revisions\/8855"}],"wp:featuredmedia":[{"embeddable":true,"href":"https:\/\/pipcke.fr\/idees-deco\/wp-json\/wp\/v2\/media\/6448"}],"wp:attachment":[{"href":"https:\/\/pipcke.fr\/idees-deco\/wp-json\/wp\/v2\/media?parent=6438"}],"wp:term":[{"taxonomy":"category","embeddable":true,"href":"https:\/\/pipcke.fr\/idees-deco\/wp-json\/wp\/v2\/categories?post=6438"},{"taxonomy":"post_tag","embeddable":true,"href":"https:\/\/pipcke.fr\/idees-deco\/wp-json\/wp\/v2\/tags?post=6438"},{"taxonomy":"powerkit_post_featured","embeddable":true,"href":"https:\/\/pipcke.fr\/idees-deco\/wp-json\/wp\/v2\/powerkit_post_featured?post=6438"}],"curies":[{"name":"wp","href":"https:\/\/api.w.org\/{rel}","templated":true}]}}