{"id":6363,"date":"2022-08-03T20:14:28","date_gmt":"2022-08-03T18:14:28","guid":{"rendered":"https:\/\/pipcke.fr\/idees-deco\/?p=6363"},"modified":"2024-03-27T01:24:44","modified_gmt":"2024-03-27T00:24:44","slug":"deco-francaise","status":"publish","type":"post","link":"https:\/\/pipcke.fr\/idees-deco\/inspirations-deco\/deco-francaise\/","title":{"rendered":"D\u00e9co fran\u00e7aise : plongez dans un style de charme et de chic"},"content":{"rendered":"<div id=\"bsf_rt_marker\"><\/div>\n<p><strong>La d\u00e9co fran\u00e7aise est un patchwork de nombreuses influences de styles<\/strong>, mais surtout d&rsquo;\u00e9poques. Elle peut diff\u00e9rer selon les r\u00e9gions, et s&rsquo;inspire aussi bien de son patrimoine historique que des apports d&rsquo;autres cultures.<\/p>\n\n\n\n<figure class=\"wp-block-image size-large\"><a href=\"https:\/\/pipcke.fr\/concept\"><img loading=\"lazy\" decoding=\"async\" width=\"1160\" height=\"387\" src=\"https:\/\/pipcke.fr\/idees-deco\/wp-content\/uploads\/2023\/11\/lancer-mon-projet-picto-1160x387.png\" alt=\"banni\u00e8re lancer mon projet\" class=\"wp-image-8957\" srcset=\"https:\/\/pipcke.fr\/idees-deco\/wp-content\/uploads\/2023\/11\/lancer-mon-projet-picto-1160x387.png 1160w, https:\/\/pipcke.fr\/idees-deco\/wp-content\/uploads\/2023\/11\/lancer-mon-projet-picto-800x267.png 800w, https:\/\/pipcke.fr\/idees-deco\/wp-content\/uploads\/2023\/11\/lancer-mon-projet-picto-120x40.png 120w, https:\/\/pipcke.fr\/idees-deco\/wp-content\/uploads\/2023\/11\/lancer-mon-projet-picto-90x30.png 90w, https:\/\/pipcke.fr\/idees-deco\/wp-content\/uploads\/2023\/11\/lancer-mon-projet-picto-320x107.png 320w, https:\/\/pipcke.fr\/idees-deco\/wp-content\/uploads\/2023\/11\/lancer-mon-projet-picto-560x187.png 560w, https:\/\/pipcke.fr\/idees-deco\/wp-content\/uploads\/2023\/11\/lancer-mon-projet-picto.png 1500w\" sizes=\"auto, (max-width: 1160px) 100vw, 1160px\" \/><\/a><\/figure>\n\n\n\n<h2 class=\"wp-block-heading\" id=\"h-qu-est-ce-que-le-chic-a-la-francaise\"><span id=\"quest-ce-que-le-chic-a-la-francaise\">Qu&rsquo;est-ce que le \u00ab\u00a0chic \u00e0 la fran\u00e7aise\u00a0\u00bb ?<\/span><\/h2>\n\n\n\n<p>L&rsquo;expression du \u00ab\u00a0chic \u00e0 la fran\u00e7aise\u00a0\u00bb s&#8217;emploie tant en mati\u00e8re de mode, que de d\u00e9coration ou de gastronomie. En bref, cela fait r\u00e9f\u00e9rence \u00e0 un style de vie, \u00e0 un ensemble de go\u00fbts et de choix qui d\u00e9finiraient les tendances et le style de vie fran\u00e7ais tel que per\u00e7u de l&rsquo;ext\u00e9rieur.<\/p>\n\n\n\n<p>Alors, <strong>comment d\u00e9finir la d\u00e9co fran\u00e7aise ?<\/strong> Dans ce cas, on fait souvent r\u00e9f\u00e9rence \u00e0 un style assez classique et intemporel. Celui que l&rsquo;on retrouve dans les vieux films en noir et blanc ou dans les int\u00e9rieurs <a href=\"https:\/\/pipcke.fr\/idees-deco\/inspirations-deco\/deco-annees-50\/\" target=\"_blank\" rel=\"noreferrer noopener\">d\u00e9co ann\u00e9es 50<\/a>.<\/p>\n\n\n\n<p>On pense alors aux immeubles Haussmanniens remplis de meubles majestueux en bois, style renaissance, aux tapisseries, aux int\u00e9rieurs feutr\u00e9s et \u00e9l\u00e9gants.<\/p>\n\n\n\n<figure class=\"wp-block-gallery has-nested-images columns-default is-cropped wp-block-gallery-1 is-layout-flex wp-block-gallery-is-layout-flex\">\n<figure class=\"wp-block-image size-large\"><a href=\"https:\/\/pipcke.fr\/idees-deco\/wp-content\/uploads\/2022\/08\/deco-francaise-salon-moderne.jpeg\"><img loading=\"lazy\" decoding=\"async\" width=\"482\" height=\"634\" data-id=\"6378\" src=\"https:\/\/pipcke.fr\/idees-deco\/wp-content\/uploads\/2022\/08\/deco-francaise-salon-moderne.jpeg\" alt=\"d\u00e9co moderne chic dans le salon d'un appartement haussmannien \u00e0 paris\" class=\"wp-image-6378\" srcset=\"https:\/\/pipcke.fr\/idees-deco\/wp-content\/uploads\/2022\/08\/deco-francaise-salon-moderne.jpeg 482w, https:\/\/pipcke.fr\/idees-deco\/wp-content\/uploads\/2022\/08\/deco-francaise-salon-moderne-120x158.jpeg 120w, https:\/\/pipcke.fr\/idees-deco\/wp-content\/uploads\/2022\/08\/deco-francaise-salon-moderne-90x118.jpeg 90w, https:\/\/pipcke.fr\/idees-deco\/wp-content\/uploads\/2022\/08\/deco-francaise-salon-moderne-320x421.jpeg 320w\" sizes=\"auto, (max-width: 482px) 100vw, 482px\" \/><\/a><\/figure>\n\n\n\n<figure class=\"wp-block-image size-large\"><a href=\"https:\/\/pipcke.fr\/idees-deco\/wp-content\/uploads\/2022\/08\/deco-francaise-chambre-baroque.jpeg\"><img loading=\"lazy\" decoding=\"async\" width=\"564\" height=\"462\" data-id=\"6379\" src=\"https:\/\/pipcke.fr\/idees-deco\/wp-content\/uploads\/2022\/08\/deco-francaise-chambre-baroque.jpeg\" alt=\"d\u00e9co fran\u00e7aise baroque avec mobilier louis XVI dans une chambre adultes\" class=\"wp-image-6379\" srcset=\"https:\/\/pipcke.fr\/idees-deco\/wp-content\/uploads\/2022\/08\/deco-francaise-chambre-baroque.jpeg 564w, https:\/\/pipcke.fr\/idees-deco\/wp-content\/uploads\/2022\/08\/deco-francaise-chambre-baroque-120x98.jpeg 120w, https:\/\/pipcke.fr\/idees-deco\/wp-content\/uploads\/2022\/08\/deco-francaise-chambre-baroque-90x74.jpeg 90w, https:\/\/pipcke.fr\/idees-deco\/wp-content\/uploads\/2022\/08\/deco-francaise-chambre-baroque-320x262.jpeg 320w, https:\/\/pipcke.fr\/idees-deco\/wp-content\/uploads\/2022\/08\/deco-francaise-chambre-baroque-560x459.jpeg 560w\" sizes=\"auto, (max-width: 564px) 100vw, 564px\" \/><\/a><\/figure>\n\n\n\n<figure class=\"wp-block-image size-large\"><a href=\"https:\/\/pipcke.fr\/idees-deco\/wp-content\/uploads\/2022\/08\/deco-francaise-salon-baroque.jpeg\"><img loading=\"lazy\" decoding=\"async\" width=\"564\" height=\"758\" data-id=\"6380\" src=\"https:\/\/pipcke.fr\/idees-deco\/wp-content\/uploads\/2022\/08\/deco-francaise-salon-baroque.jpeg\" alt=\"d\u00e9co chic vintage dans un salon haussmannien en cuir et mati\u00e8res nobles\" class=\"wp-image-6380\" srcset=\"https:\/\/pipcke.fr\/idees-deco\/wp-content\/uploads\/2022\/08\/deco-francaise-salon-baroque.jpeg 564w, https:\/\/pipcke.fr\/idees-deco\/wp-content\/uploads\/2022\/08\/deco-francaise-salon-baroque-120x160.jpeg 120w, https:\/\/pipcke.fr\/idees-deco\/wp-content\/uploads\/2022\/08\/deco-francaise-salon-baroque-90x120.jpeg 90w, https:\/\/pipcke.fr\/idees-deco\/wp-content\/uploads\/2022\/08\/deco-francaise-salon-baroque-320x430.jpeg 320w, https:\/\/pipcke.fr\/idees-deco\/wp-content\/uploads\/2022\/08\/deco-francaise-salon-baroque-560x753.jpeg 560w\" sizes=\"auto, (max-width: 564px) 100vw, 564px\" \/><\/a><\/figure>\n<figcaption class=\"blocks-gallery-caption wp-element-caption\"><sup>\u00a9 Plan\u00e8te D\u00e9co &#8211; Deavita &#8211; Inspirations D\u00e9co<\/sup><\/figcaption><\/figure>\n\n\n\n<p>Mais la <strong>d\u00e9co fran\u00e7aise, c&rsquo;est aussi des influences plus modernes<\/strong>, notamment dans les ann\u00e9es 70 et 80, avec des designs \u00e9pur\u00e9s et minimalistes qui viennent trancher avec le mobilier Louis XVI.<\/p>\n\n\n\n<p>Quoi qu&rsquo;il en soit, la sophistication et le chic sont toujours de mise. Que ce soit dans le choix des mat\u00e9riaux (bois noble, velours pour l&rsquo;ameublement, etc.) que dans celui des formes ou du mobilier. L&rsquo;id\u00e9e est de miser davantage sur l&rsquo;esth\u00e9tisme que sur le confort ou la praticit\u00e9.<\/p>\n\n\n\n<figure class=\"wp-block-gallery has-nested-images columns-default is-cropped wp-block-gallery-2 is-layout-flex wp-block-gallery-is-layout-flex\">\n<figure class=\"wp-block-image size-large\"><a href=\"https:\/\/pipcke.fr\/idees-deco\/wp-content\/uploads\/2022\/08\/deco-francaise-style-campagne-blanc.jpeg\"><img loading=\"lazy\" decoding=\"async\" width=\"564\" height=\"799\" data-id=\"6375\" src=\"https:\/\/pipcke.fr\/idees-deco\/wp-content\/uploads\/2022\/08\/deco-francaise-style-campagne-blanc.jpeg\" alt=\"grand lustre rustique et d\u00e9co fran\u00e7aise dans un grand salon d'une maison de campagne fran\u00e7aise\" class=\"wp-image-6375\" srcset=\"https:\/\/pipcke.fr\/idees-deco\/wp-content\/uploads\/2022\/08\/deco-francaise-style-campagne-blanc.jpeg 564w, https:\/\/pipcke.fr\/idees-deco\/wp-content\/uploads\/2022\/08\/deco-francaise-style-campagne-blanc-120x170.jpeg 120w, https:\/\/pipcke.fr\/idees-deco\/wp-content\/uploads\/2022\/08\/deco-francaise-style-campagne-blanc-90x128.jpeg 90w, https:\/\/pipcke.fr\/idees-deco\/wp-content\/uploads\/2022\/08\/deco-francaise-style-campagne-blanc-320x453.jpeg 320w, https:\/\/pipcke.fr\/idees-deco\/wp-content\/uploads\/2022\/08\/deco-francaise-style-campagne-blanc-560x793.jpeg 560w\" sizes=\"auto, (max-width: 564px) 100vw, 564px\" \/><\/a><\/figure>\n\n\n\n<figure class=\"wp-block-image size-large\"><a href=\"https:\/\/pipcke.fr\/idees-deco\/wp-content\/uploads\/2022\/08\/deco-francaise-salon-chic.jpeg\"><img loading=\"lazy\" decoding=\"async\" width=\"564\" height=\"678\" data-id=\"6376\" src=\"https:\/\/pipcke.fr\/idees-deco\/wp-content\/uploads\/2022\/08\/deco-francaise-salon-chic.jpeg\" alt=\"ambiance chic dans un salon de maison de campagne d\u00e9cor\u00e9 \u00e0 la fran\u00e7aise\" class=\"wp-image-6376\" srcset=\"https:\/\/pipcke.fr\/idees-deco\/wp-content\/uploads\/2022\/08\/deco-francaise-salon-chic.jpeg 564w, https:\/\/pipcke.fr\/idees-deco\/wp-content\/uploads\/2022\/08\/deco-francaise-salon-chic-120x144.jpeg 120w, https:\/\/pipcke.fr\/idees-deco\/wp-content\/uploads\/2022\/08\/deco-francaise-salon-chic-90x108.jpeg 90w, https:\/\/pipcke.fr\/idees-deco\/wp-content\/uploads\/2022\/08\/deco-francaise-salon-chic-320x385.jpeg 320w, https:\/\/pipcke.fr\/idees-deco\/wp-content\/uploads\/2022\/08\/deco-francaise-salon-chic-560x673.jpeg 560w\" sizes=\"auto, (max-width: 564px) 100vw, 564px\" \/><\/a><\/figure>\n\n\n\n<figure class=\"wp-block-image size-large\"><a href=\"https:\/\/pipcke.fr\/idees-deco\/wp-content\/uploads\/2022\/08\/deco-francaise-salon.jpeg\"><img loading=\"lazy\" decoding=\"async\" width=\"563\" height=\"711\" data-id=\"6377\" src=\"https:\/\/pipcke.fr\/idees-deco\/wp-content\/uploads\/2022\/08\/deco-francaise-salon.jpeg\" alt=\"canap\u00e9 cosy et lustre imposant dans un salon \u00e0 d\u00e9co fran\u00e7aise\" class=\"wp-image-6377\" srcset=\"https:\/\/pipcke.fr\/idees-deco\/wp-content\/uploads\/2022\/08\/deco-francaise-salon.jpeg 563w, https:\/\/pipcke.fr\/idees-deco\/wp-content\/uploads\/2022\/08\/deco-francaise-salon-120x152.jpeg 120w, https:\/\/pipcke.fr\/idees-deco\/wp-content\/uploads\/2022\/08\/deco-francaise-salon-90x114.jpeg 90w, https:\/\/pipcke.fr\/idees-deco\/wp-content\/uploads\/2022\/08\/deco-francaise-salon-320x404.jpeg 320w, https:\/\/pipcke.fr\/idees-deco\/wp-content\/uploads\/2022\/08\/deco-francaise-salon-560x707.jpeg 560w\" sizes=\"auto, (max-width: 563px) 100vw, 563px\" \/><\/a><\/figure>\n<figcaption class=\"blocks-gallery-caption wp-element-caption\"><sup>\u00a9 Your space furniture &#8211; Passion D\u00e9cor &#8211; Pinterest<\/sup><\/figcaption><\/figure>\n\n\n\n<h2 class=\"wp-block-heading\" id=\"h-deco-francaise-decouvrez-le-style-charme-propre-aux-maisons-de-campagne\"><span id=\"deco-francaise-decouvrez-le-style-charme-propre-aux-maisons-de-campagne\">D\u00e9co fran\u00e7aise : d\u00e9couvrez le style charme, propre aux maisons de campagne <\/span><\/h2>\n\n\n\n<p>Peut-\u00eatre \u00eates-vous d\u00e9j\u00e0 all\u00e9 en vacances dans une de ces grandes b\u00e2tisses de campagne au charme ancien. Ces maisons en pierre, qui allient chic et rusticit\u00e9, sont l&#8217;embl\u00e8me du <a href=\"https:\/\/pipcke.fr\/idees-deco\/inspirations-deco\/deco-maison-de-charme\/\" target=\"_blank\" rel=\"noreferrer noopener\">style d\u00e9co maison de charme<\/a> caract\u00e9ristique de la d\u00e9coration fran\u00e7aise.<\/p>\n\n\n\n<p>Les pi\u00e8ces sont grandes et hautes de plafond. Le salon est par\u00e9 de carrelage, tout comme la cuisine.<\/p>\n\n\n\n<p>De grands meubles (dessertes, buffets &#8230;) accueillent les ustensiles de cuisine et l&rsquo;art de la table. Cette derni\u00e8re est d&rsquo;ailleurs particuli\u00e8rement soign\u00e9e, pour rester dans la tradition culinaire fran\u00e7aise. La cuisine, am\u00e9nag\u00e9e avec <a href=\"https:\/\/pipcke.fr\/idees-deco\/conseils-amenagement\/coin-repas-d-angle\/\" target=\"_blank\" rel=\"noreferrer noopener\">un coin repas d&rsquo;angle<\/a> et enti\u00e8rement meubl\u00e9e de bois, se patine d&rsquo;un gris, beige ou blanc cass\u00e9.<\/p>\n\n\n\n<figure class=\"wp-block-gallery has-nested-images columns-default is-cropped wp-block-gallery-3 is-layout-flex wp-block-gallery-is-layout-flex\">\n<figure class=\"wp-block-image size-large\"><a href=\"https:\/\/pipcke.fr\/idees-deco\/wp-content\/uploads\/2022\/08\/deco-francaise-campagne-chic-cuisine.jpeg\"><img loading=\"lazy\" decoding=\"async\" width=\"563\" height=\"751\" data-id=\"6372\" src=\"https:\/\/pipcke.fr\/idees-deco\/wp-content\/uploads\/2022\/08\/deco-francaise-campagne-chic-cuisine.jpeg\" alt=\"cuisine rustique d'un mas proven\u00e7al avec sol en tomettes et \u00e9vier en granite\" class=\"wp-image-6372\" srcset=\"https:\/\/pipcke.fr\/idees-deco\/wp-content\/uploads\/2022\/08\/deco-francaise-campagne-chic-cuisine.jpeg 563w, https:\/\/pipcke.fr\/idees-deco\/wp-content\/uploads\/2022\/08\/deco-francaise-campagne-chic-cuisine-120x160.jpeg 120w, https:\/\/pipcke.fr\/idees-deco\/wp-content\/uploads\/2022\/08\/deco-francaise-campagne-chic-cuisine-90x120.jpeg 90w, https:\/\/pipcke.fr\/idees-deco\/wp-content\/uploads\/2022\/08\/deco-francaise-campagne-chic-cuisine-320x427.jpeg 320w, https:\/\/pipcke.fr\/idees-deco\/wp-content\/uploads\/2022\/08\/deco-francaise-campagne-chic-cuisine-560x747.jpeg 560w\" sizes=\"auto, (max-width: 563px) 100vw, 563px\" \/><\/a><\/figure>\n\n\n\n<figure class=\"wp-block-image size-large\"><a href=\"https:\/\/pipcke.fr\/idees-deco\/wp-content\/uploads\/2022\/08\/deco-francaise-style-campagne.jpeg\"><img loading=\"lazy\" decoding=\"async\" width=\"564\" height=\"779\" data-id=\"6373\" src=\"https:\/\/pipcke.fr\/idees-deco\/wp-content\/uploads\/2022\/08\/deco-francaise-style-campagne.jpeg\" alt=\"d\u00e9co fran\u00e7aise dans un s\u00e9jour de maison de campagne avec mobilier classique et draps blancs\" class=\"wp-image-6373\" srcset=\"https:\/\/pipcke.fr\/idees-deco\/wp-content\/uploads\/2022\/08\/deco-francaise-style-campagne.jpeg 564w, https:\/\/pipcke.fr\/idees-deco\/wp-content\/uploads\/2022\/08\/deco-francaise-style-campagne-120x166.jpeg 120w, https:\/\/pipcke.fr\/idees-deco\/wp-content\/uploads\/2022\/08\/deco-francaise-style-campagne-90x124.jpeg 90w, https:\/\/pipcke.fr\/idees-deco\/wp-content\/uploads\/2022\/08\/deco-francaise-style-campagne-320x442.jpeg 320w, https:\/\/pipcke.fr\/idees-deco\/wp-content\/uploads\/2022\/08\/deco-francaise-style-campagne-560x773.jpeg 560w\" sizes=\"auto, (max-width: 564px) 100vw, 564px\" \/><\/a><\/figure>\n<figcaption class=\"blocks-gallery-caption wp-element-caption\"><sup>\u00a9 Maisons de Campagne &#8211; Prenons le temps<\/sup><\/figcaption><\/figure>\n\n\n\n<p>On trouve souvent des sols en moquette dans la chambre, ainsi que des murs tapiss\u00e9s. Ces mat\u00e9riaux permettent de cr\u00e9er une atmosph\u00e8re douce et feutr\u00e9e, \u00e0 la mani\u00e8re des cabinets et boudoirs de la Renaissance.<\/p>\n\n\n\n<p>On y associe d&rsquo;imposants lustres \u00e0 pampilles, vases fleuris et autres miroirs anciens, l\u00e0 aussi en r\u00e9f\u00e9rence aux int\u00e9rieurs style Renaissance ou baroques. Le <a href=\"https:\/\/pipcke.fr\/idees-deco\/inspirations-deco\/deco-campagne-chic\/\" target=\"_blank\" rel=\"noreferrer noopener\"><strong>style<\/strong> <strong>campagne chic<\/strong><\/a> s&rsquo;inspire aussi des cottages anglais, avec son atmosph\u00e8re \u00e9l\u00e9gante et chaleureuse, conviviale mais distingu\u00e9e.<\/p>\n\n\n\n<figure class=\"wp-block-gallery aligncenter has-nested-images columns-default is-cropped wp-block-gallery-4 is-layout-flex wp-block-gallery-is-layout-flex\">\n<figure class=\"wp-block-image size-large\"><a href=\"https:\/\/pipcke.fr\/idees-deco\/wp-content\/uploads\/2022\/08\/deco-francaise-style-campagne-chic.jpeg\"><img loading=\"lazy\" decoding=\"async\" width=\"564\" height=\"321\" data-id=\"6374\" src=\"https:\/\/pipcke.fr\/idees-deco\/wp-content\/uploads\/2022\/08\/deco-francaise-style-campagne-chic.jpeg\" alt=\"salon chic avec une d\u00e9co fran\u00e7aise dans une maison de campagne\" class=\"wp-image-6374\" srcset=\"https:\/\/pipcke.fr\/idees-deco\/wp-content\/uploads\/2022\/08\/deco-francaise-style-campagne-chic.jpeg 564w, https:\/\/pipcke.fr\/idees-deco\/wp-content\/uploads\/2022\/08\/deco-francaise-style-campagne-chic-120x68.jpeg 120w, https:\/\/pipcke.fr\/idees-deco\/wp-content\/uploads\/2022\/08\/deco-francaise-style-campagne-chic-90x51.jpeg 90w, https:\/\/pipcke.fr\/idees-deco\/wp-content\/uploads\/2022\/08\/deco-francaise-style-campagne-chic-320x182.jpeg 320w, https:\/\/pipcke.fr\/idees-deco\/wp-content\/uploads\/2022\/08\/deco-francaise-style-campagne-chic-560x319.jpeg 560w\" sizes=\"auto, (max-width: 564px) 100vw, 564px\" \/><\/a><\/figure>\n<figcaption class=\"blocks-gallery-caption wp-element-caption\"><sup>\u00a9 Pinterest<\/sup><\/figcaption><\/figure>\n\n\n\n<h2 class=\"wp-block-heading\" id=\"h-le-style-chalet-de-montagne-en-hommage-aux-massifs-francais\"><span id=\"le-style-chalet-de-montagne-en-hommage-aux-massifs-francais\">Le style chalet de montagne, en hommage aux massifs fran\u00e7ais<\/span><\/h2>\n\n\n\n<p>Un autre style d&rsquo;int\u00e9rieur typique de la d\u00e9co fran\u00e7aise, cette fois-ci direction la montagne, et plus pr\u00e9cis\u00e9ment les chalets ! Ici, la convivialit\u00e9 s&rsquo;allie au raffinement. Le salon, centre du foyer, accueille une chemin\u00e9e ou un po\u00eale \u00e0 bois. Sur les murs, la pierre est aussi de mise, ou bien des bardages en bois.<\/p>\n\n\n\n<p>On retrouve aussi le bois, mat\u00e9riau phare, au sol, avec d&rsquo;\u00e9l\u00e9gants parquets massifs, ici plut\u00f4t en bois sombre. Ici, <strong>l&rsquo;architecture du chalet fait partie int\u00e9grante de la d\u00e9co fran\u00e7aise int\u00e9rieure<\/strong> (poutres apparentes, etc.).<\/p>\n\n\n\n<figure class=\"wp-block-gallery has-nested-images columns-2 is-cropped wp-block-gallery-5 is-layout-flex wp-block-gallery-is-layout-flex\">\n<figure class=\"wp-block-image size-large\"><a href=\"https:\/\/pipcke.fr\/idees-deco\/wp-content\/uploads\/2022\/08\/deco-francaise-deco-chalet-cocooning.jpeg\"><img loading=\"lazy\" decoding=\"async\" width=\"525\" height=\"694\" data-id=\"6368\" src=\"https:\/\/pipcke.fr\/idees-deco\/wp-content\/uploads\/2022\/08\/deco-francaise-deco-chalet-cocooning.jpeg\" alt=\"fauteuil balan\u00e7oire dans un salon de chalet dans les montagnes fran\u00e7aises\" class=\"wp-image-6368\" srcset=\"https:\/\/pipcke.fr\/idees-deco\/wp-content\/uploads\/2022\/08\/deco-francaise-deco-chalet-cocooning.jpeg 525w, https:\/\/pipcke.fr\/idees-deco\/wp-content\/uploads\/2022\/08\/deco-francaise-deco-chalet-cocooning-120x160.jpeg 120w, https:\/\/pipcke.fr\/idees-deco\/wp-content\/uploads\/2022\/08\/deco-francaise-deco-chalet-cocooning-90x120.jpeg 90w, https:\/\/pipcke.fr\/idees-deco\/wp-content\/uploads\/2022\/08\/deco-francaise-deco-chalet-cocooning-320x423.jpeg 320w\" sizes=\"auto, (max-width: 525px) 100vw, 525px\" \/><\/a><\/figure>\n\n\n\n<figure class=\"wp-block-image size-large\"><a href=\"https:\/\/pipcke.fr\/idees-deco\/wp-content\/uploads\/2022\/08\/deco-francaise-deco-chalet-bureau.jpeg\"><img loading=\"lazy\" decoding=\"async\" width=\"563\" height=\"750\" data-id=\"6370\" src=\"https:\/\/pipcke.fr\/idees-deco\/wp-content\/uploads\/2022\/08\/deco-francaise-deco-chalet-bureau.jpeg\" alt=\"bureau et chaise minimalistes sur un tapis en laine dans une pi\u00e8ce lumineuse de chalet\" class=\"wp-image-6370\" srcset=\"https:\/\/pipcke.fr\/idees-deco\/wp-content\/uploads\/2022\/08\/deco-francaise-deco-chalet-bureau.jpeg 563w, https:\/\/pipcke.fr\/idees-deco\/wp-content\/uploads\/2022\/08\/deco-francaise-deco-chalet-bureau-120x160.jpeg 120w, https:\/\/pipcke.fr\/idees-deco\/wp-content\/uploads\/2022\/08\/deco-francaise-deco-chalet-bureau-90x120.jpeg 90w, https:\/\/pipcke.fr\/idees-deco\/wp-content\/uploads\/2022\/08\/deco-francaise-deco-chalet-bureau-320x427.jpeg 320w, https:\/\/pipcke.fr\/idees-deco\/wp-content\/uploads\/2022\/08\/deco-francaise-deco-chalet-bureau-560x747.jpeg 560w\" sizes=\"auto, (max-width: 563px) 100vw, 563px\" \/><\/a><\/figure>\n\n\n\n<figure class=\"wp-block-image size-large\"><a href=\"https:\/\/pipcke.fr\/idees-deco\/wp-content\/uploads\/2022\/08\/deco-francaise-deco-chalet-chic.jpeg\"><img loading=\"lazy\" decoding=\"async\" width=\"564\" height=\"422\" data-id=\"6369\" src=\"https:\/\/pipcke.fr\/idees-deco\/wp-content\/uploads\/2022\/08\/deco-francaise-deco-chalet-chic.jpeg\" alt=\"d\u00e9co fran\u00e7aise chic dans un salon de chalet de montagnes avec canap\u00e9s en velours et tables en granite\" class=\"wp-image-6369\" srcset=\"https:\/\/pipcke.fr\/idees-deco\/wp-content\/uploads\/2022\/08\/deco-francaise-deco-chalet-chic.jpeg 564w, https:\/\/pipcke.fr\/idees-deco\/wp-content\/uploads\/2022\/08\/deco-francaise-deco-chalet-chic-320x240.jpeg 320w, https:\/\/pipcke.fr\/idees-deco\/wp-content\/uploads\/2022\/08\/deco-francaise-deco-chalet-chic-300x225.jpeg 300w, https:\/\/pipcke.fr\/idees-deco\/wp-content\/uploads\/2022\/08\/deco-francaise-deco-chalet-chic-120x90.jpeg 120w, https:\/\/pipcke.fr\/idees-deco\/wp-content\/uploads\/2022\/08\/deco-francaise-deco-chalet-chic-90x68.jpeg 90w, https:\/\/pipcke.fr\/idees-deco\/wp-content\/uploads\/2022\/08\/deco-francaise-deco-chalet-chic-560x420.jpeg 560w\" sizes=\"auto, (max-width: 564px) 100vw, 564px\" \/><\/a><\/figure>\n<figcaption class=\"blocks-gallery-caption wp-element-caption\"><sup>\u00a9 Plan\u00e8te D\u00e9co &#8211; Arts D\u00e9co &#8211; AM PM<\/sup><\/figcaption><\/figure>\n\n\n\n<p>La <strong><a href=\"https:\/\/pipcke.fr\/idees-deco\/astuces-deco-et-diy\/deco-chalet\/\" target=\"_blank\" rel=\"noreferrer noopener\">d\u00e9co chalet<\/a> \u00e0 la fran\u00e7aise<\/strong> fait la part belle aux tons neutres, simples et intemporels. M\u00eame si le confort est de mise, on ne n\u00e9glige pas l&rsquo;apparence.<\/p>\n\n\n\n<p>Dans le salon, pour cr\u00e9er un espace convivial, misez sur un grand canap\u00e9 d&rsquo;angle recouvert de plaids en laine et coussins en velours, un tapis \u00e0 poils longs et une jolie table en bois.<\/p>\n\n\n\n<p>Ne n\u00e9gligez pas non plus l&rsquo;\u00e9clairage, de pr\u00e9f\u00e9rence issu de plusieurs sources de lumi\u00e8re.<\/p>\n\n\n\n<figure class=\"wp-block-gallery aligncenter has-nested-images columns-default is-cropped wp-block-gallery-6 is-layout-flex wp-block-gallery-is-layout-flex\">\n<figure class=\"wp-block-image size-large\"><a href=\"https:\/\/pipcke.fr\/idees-deco\/wp-content\/uploads\/2022\/08\/deco-franacaise-salon-chalet.jpeg\"><img loading=\"lazy\" decoding=\"async\" width=\"563\" height=\"422\" data-id=\"6371\" src=\"https:\/\/pipcke.fr\/idees-deco\/wp-content\/uploads\/2022\/08\/deco-franacaise-salon-chalet.jpeg\" alt=\"grand canap\u00e9 bleu dans un salon de g\u00eete ambiance chasse et animaux\" class=\"wp-image-6371\" srcset=\"https:\/\/pipcke.fr\/idees-deco\/wp-content\/uploads\/2022\/08\/deco-franacaise-salon-chalet.jpeg 563w, https:\/\/pipcke.fr\/idees-deco\/wp-content\/uploads\/2022\/08\/deco-franacaise-salon-chalet-320x240.jpeg 320w, https:\/\/pipcke.fr\/idees-deco\/wp-content\/uploads\/2022\/08\/deco-franacaise-salon-chalet-300x225.jpeg 300w, https:\/\/pipcke.fr\/idees-deco\/wp-content\/uploads\/2022\/08\/deco-franacaise-salon-chalet-120x90.jpeg 120w, https:\/\/pipcke.fr\/idees-deco\/wp-content\/uploads\/2022\/08\/deco-franacaise-salon-chalet-90x68.jpeg 90w, https:\/\/pipcke.fr\/idees-deco\/wp-content\/uploads\/2022\/08\/deco-franacaise-salon-chalet-560x420.jpeg 560w\" sizes=\"auto, (max-width: 563px) 100vw, 563px\" \/><\/a><\/figure>\n<figcaption class=\"blocks-gallery-caption wp-element-caption\"><sup>\u00a9 Elle Magazine<\/sup><\/figcaption><\/figure>\n\n\n\n<h2 class=\"wp-block-heading\" id=\"h-la-deco-francaise-des-mas-provencaux-et-villas-de-la-cote-d-azur\"><span id=\"la-deco-francaise-des-mas-provencaux-et-villas-de-la-cote-dazur\">La d\u00e9co fran\u00e7aise des mas proven\u00e7aux et villas de la c\u00f4te d&rsquo;Azur ?<\/span><\/h2>\n\n\n\n<p>Direction cette fois-ci le sud, et plus pr\u00e9cis\u00e9ment la Provence. Ici, le m\u00e9lange de mati\u00e8res brutes et naturelles (<a href=\"https:\/\/pipcke.fr\/idees-deco\/inspirations-deco\/mur-en-pierre\/\" target=\"_blank\" rel=\"noreferrer noopener\">murs en pierre<\/a>, \u00e9vier en b\u00e9ton cir\u00e9, douche \u00e0 l&rsquo;italienne en carrelage mat), associ\u00e9es \u00e0 des meubles \u00e0 l&rsquo;esth\u00e9tisme chic, permet d&rsquo;offrir un raffinement particulier, propre \u00e0 la d\u00e9co fran\u00e7aise.<\/p>\n\n\n\n<p>La lumi\u00e8re est tr\u00e8s pr\u00e9sente dans les pi\u00e8ces lumineuses, et qui plus est d\u00e9cor\u00e9es de tons clairs (gris, blanc).<\/p>\n\n\n\n<figure class=\"wp-block-gallery has-nested-images columns-default is-cropped wp-block-gallery-7 is-layout-flex wp-block-gallery-is-layout-flex\">\n<figure class=\"wp-block-image size-large\"><a href=\"https:\/\/pipcke.fr\/idees-deco\/wp-content\/uploads\/2022\/08\/deco-francaise-mas-provene-salle-de-bains.jpeg\"><img loading=\"lazy\" decoding=\"async\" width=\"564\" height=\"846\" data-id=\"6381\" src=\"https:\/\/pipcke.fr\/idees-deco\/wp-content\/uploads\/2022\/08\/deco-francaise-mas-provene-salle-de-bains.jpeg\" alt=\"salle de bains en mat\u00e9riaux naturels et d\u00e9co campagnarde dans un mas proven\u00e7al\" class=\"wp-image-6381\" srcset=\"https:\/\/pipcke.fr\/idees-deco\/wp-content\/uploads\/2022\/08\/deco-francaise-mas-provene-salle-de-bains.jpeg 564w, https:\/\/pipcke.fr\/idees-deco\/wp-content\/uploads\/2022\/08\/deco-francaise-mas-provene-salle-de-bains-120x180.jpeg 120w, https:\/\/pipcke.fr\/idees-deco\/wp-content\/uploads\/2022\/08\/deco-francaise-mas-provene-salle-de-bains-90x135.jpeg 90w, https:\/\/pipcke.fr\/idees-deco\/wp-content\/uploads\/2022\/08\/deco-francaise-mas-provene-salle-de-bains-320x480.jpeg 320w, https:\/\/pipcke.fr\/idees-deco\/wp-content\/uploads\/2022\/08\/deco-francaise-mas-provene-salle-de-bains-560x840.jpeg 560w\" sizes=\"auto, (max-width: 564px) 100vw, 564px\" \/><\/a><\/figure>\n\n\n\n<figure class=\"wp-block-image size-large\"><a href=\"https:\/\/pipcke.fr\/idees-deco\/wp-content\/uploads\/2022\/08\/deco-francaise-mas-provence.jpeg\"><img loading=\"lazy\" decoding=\"async\" width=\"563\" height=\"751\" data-id=\"6382\" src=\"https:\/\/pipcke.fr\/idees-deco\/wp-content\/uploads\/2022\/08\/deco-francaise-mas-provence.jpeg\" alt=\"grande console rustique en bois dans le hall d'entr\u00e9e chic d'un mas proven\u00e7al\" class=\"wp-image-6382\" srcset=\"https:\/\/pipcke.fr\/idees-deco\/wp-content\/uploads\/2022\/08\/deco-francaise-mas-provence.jpeg 563w, https:\/\/pipcke.fr\/idees-deco\/wp-content\/uploads\/2022\/08\/deco-francaise-mas-provence-120x160.jpeg 120w, https:\/\/pipcke.fr\/idees-deco\/wp-content\/uploads\/2022\/08\/deco-francaise-mas-provence-90x120.jpeg 90w, https:\/\/pipcke.fr\/idees-deco\/wp-content\/uploads\/2022\/08\/deco-francaise-mas-provence-320x427.jpeg 320w, https:\/\/pipcke.fr\/idees-deco\/wp-content\/uploads\/2022\/08\/deco-francaise-mas-provence-560x747.jpeg 560w\" sizes=\"auto, (max-width: 563px) 100vw, 563px\" \/><\/a><\/figure>\n\n\n\n<figure class=\"wp-block-image size-large\"><a href=\"https:\/\/pipcke.fr\/idees-deco\/wp-content\/uploads\/2022\/08\/deco-francaise-villa-cote-azur.jpeg\"><img loading=\"lazy\" decoding=\"async\" width=\"564\" height=\"752\" data-id=\"6383\" src=\"https:\/\/pipcke.fr\/idees-deco\/wp-content\/uploads\/2022\/08\/deco-francaise-villa-cote-azur.jpeg\" alt=\"murs en pierre dans un salon proven\u00e7al avec mobilier rustique et d\u00e9co fran\u00e7aise\" class=\"wp-image-6383\" srcset=\"https:\/\/pipcke.fr\/idees-deco\/wp-content\/uploads\/2022\/08\/deco-francaise-villa-cote-azur.jpeg 564w, https:\/\/pipcke.fr\/idees-deco\/wp-content\/uploads\/2022\/08\/deco-francaise-villa-cote-azur-120x160.jpeg 120w, https:\/\/pipcke.fr\/idees-deco\/wp-content\/uploads\/2022\/08\/deco-francaise-villa-cote-azur-90x120.jpeg 90w, https:\/\/pipcke.fr\/idees-deco\/wp-content\/uploads\/2022\/08\/deco-francaise-villa-cote-azur-320x427.jpeg 320w, https:\/\/pipcke.fr\/idees-deco\/wp-content\/uploads\/2022\/08\/deco-francaise-villa-cote-azur-560x747.jpeg 560w\" sizes=\"auto, (max-width: 564px) 100vw, 564px\" \/><\/a><\/figure>\n<figcaption class=\"blocks-gallery-caption wp-element-caption\"><sup>\u00a9 Plan\u00e8te D\u00e9co &#8211; Le journal de la Maison<\/sup><\/figcaption><\/figure>\n\n\n\n<p>Pour ce qui est de la c\u00f4te d&rsquo;Azur, les influences sont ici plus marqu\u00e9es encore par l&rsquo;Italie et l&rsquo;on trouve beaucoup de points en commun avec les <a href=\"https:\/\/pipcke.fr\/idees-deco\/inspirations-deco\/deco-italienne\/\" target=\"_blank\" rel=\"noreferrer noopener\">int\u00e9rieurs italiens<\/a>. <\/p>\n\n\n\n<p><strong>Les int\u00e9rieurs de cette d\u00e9coration fran\u00e7aise sont tourn\u00e9s vers l&rsquo;ext\u00e9rieur et le soleil<\/strong>. On trouve ainsi de nombreux patios ou v\u00e9randas, qui servent de salon d&rsquo;hiver. Les plantes et arbustes viennent ajouter de la couleur (citronniers, orangers, voire oliviers en pots).<\/p>\n\n\n\n<figure class=\"wp-block-image size-large\"><a href=\"https:\/\/pipcke.fr\/offres\"><img loading=\"lazy\" decoding=\"async\" width=\"1160\" height=\"387\" src=\"https:\/\/pipcke.fr\/idees-deco\/wp-content\/uploads\/2023\/11\/offres-picto-1160x387.png\" alt=\"banni\u00e8re offre pipcke visage\" class=\"wp-image-8932\" srcset=\"https:\/\/pipcke.fr\/idees-deco\/wp-content\/uploads\/2023\/11\/offres-picto-1160x387.png 1160w, https:\/\/pipcke.fr\/idees-deco\/wp-content\/uploads\/2023\/11\/offres-picto-800x267.png 800w, https:\/\/pipcke.fr\/idees-deco\/wp-content\/uploads\/2023\/11\/offres-picto-120x40.png 120w, https:\/\/pipcke.fr\/idees-deco\/wp-content\/uploads\/2023\/11\/offres-picto-90x30.png 90w, https:\/\/pipcke.fr\/idees-deco\/wp-content\/uploads\/2023\/11\/offres-picto-320x107.png 320w, https:\/\/pipcke.fr\/idees-deco\/wp-content\/uploads\/2023\/11\/offres-picto-560x187.png 560w, https:\/\/pipcke.fr\/idees-deco\/wp-content\/uploads\/2023\/11\/offres-picto.png 1500w\" sizes=\"auto, (max-width: 1160px) 100vw, 1160px\" \/><\/a><\/figure>\n\n\n\n<p>Le mobilier moderne aux courbes minimalistes, des mat\u00e9riaux tels que l&rsquo;acier ou le verre, s&rsquo;invitent dans ce d\u00e9cor plus sophistiqu\u00e9. Quelques coloris plus acidul\u00e9s rel\u00e8vent le tout, en touches dans la chambre, dans le salon sur des tapis ou des coussins par exemple.<\/p>\n\n\n\n<figure class=\"wp-block-gallery has-nested-images columns-2 is-cropped wp-block-gallery-8 is-layout-flex wp-block-gallery-is-layout-flex\">\n<figure class=\"wp-block-image size-large\"><a href=\"https:\/\/pipcke.fr\/idees-deco\/wp-content\/uploads\/2022\/08\/deco-francaise-villa-cote-dazur.jpeg\"><img loading=\"lazy\" decoding=\"async\" width=\"375\" height=\"299\" data-id=\"6388\" src=\"https:\/\/pipcke.fr\/idees-deco\/wp-content\/uploads\/2022\/08\/deco-francaise-villa-cote-dazur.jpeg\" alt=\"canap\u00e9s arrondis et fauteuils en osier dans un salon de villa en c\u00f4te d'azur\" class=\"wp-image-6388\" srcset=\"https:\/\/pipcke.fr\/idees-deco\/wp-content\/uploads\/2022\/08\/deco-francaise-villa-cote-dazur.jpeg 375w, https:\/\/pipcke.fr\/idees-deco\/wp-content\/uploads\/2022\/08\/deco-francaise-villa-cote-dazur-120x96.jpeg 120w, https:\/\/pipcke.fr\/idees-deco\/wp-content\/uploads\/2022\/08\/deco-francaise-villa-cote-dazur-90x72.jpeg 90w, https:\/\/pipcke.fr\/idees-deco\/wp-content\/uploads\/2022\/08\/deco-francaise-villa-cote-dazur-320x255.jpeg 320w\" sizes=\"auto, (max-width: 375px) 100vw, 375px\" \/><\/a><\/figure>\n\n\n\n<figure class=\"wp-block-image size-large\"><a href=\"https:\/\/pipcke.fr\/idees-deco\/wp-content\/uploads\/2022\/08\/deco-francaise-chambre.jpeg\"><img loading=\"lazy\" decoding=\"async\" width=\"564\" height=\"663\" data-id=\"6389\" src=\"https:\/\/pipcke.fr\/idees-deco\/wp-content\/uploads\/2022\/08\/deco-francaise-chambre.jpeg\" alt=\"chambre au style rustique dans une maison de campagne fran\u00e7aise\" class=\"wp-image-6389\" srcset=\"https:\/\/pipcke.fr\/idees-deco\/wp-content\/uploads\/2022\/08\/deco-francaise-chambre.jpeg 564w, https:\/\/pipcke.fr\/idees-deco\/wp-content\/uploads\/2022\/08\/deco-francaise-chambre-120x141.jpeg 120w, https:\/\/pipcke.fr\/idees-deco\/wp-content\/uploads\/2022\/08\/deco-francaise-chambre-90x106.jpeg 90w, https:\/\/pipcke.fr\/idees-deco\/wp-content\/uploads\/2022\/08\/deco-francaise-chambre-320x376.jpeg 320w, https:\/\/pipcke.fr\/idees-deco\/wp-content\/uploads\/2022\/08\/deco-francaise-chambre-560x658.jpeg 560w\" sizes=\"auto, (max-width: 564px) 100vw, 564px\" \/><\/a><\/figure>\n\n\n\n<figure class=\"wp-block-image size-large\"><a href=\"https:\/\/pipcke.fr\/idees-deco\/wp-content\/uploads\/2022\/08\/deco-francaise-salon-villa-cote-azur.jpeg\"><img loading=\"lazy\" decoding=\"async\" width=\"563\" height=\"751\" data-id=\"6390\" src=\"https:\/\/pipcke.fr\/idees-deco\/wp-content\/uploads\/2022\/08\/deco-francaise-salon-villa-cote-azur.jpeg\" alt=\"d\u00e9co fran\u00e7aise dans un salon de villa en c\u00f4te d'azur avec mobilier contemporain et mat\u00e9riaux nobles\" class=\"wp-image-6390\" srcset=\"https:\/\/pipcke.fr\/idees-deco\/wp-content\/uploads\/2022\/08\/deco-francaise-salon-villa-cote-azur.jpeg 563w, https:\/\/pipcke.fr\/idees-deco\/wp-content\/uploads\/2022\/08\/deco-francaise-salon-villa-cote-azur-120x160.jpeg 120w, https:\/\/pipcke.fr\/idees-deco\/wp-content\/uploads\/2022\/08\/deco-francaise-salon-villa-cote-azur-90x120.jpeg 90w, https:\/\/pipcke.fr\/idees-deco\/wp-content\/uploads\/2022\/08\/deco-francaise-salon-villa-cote-azur-320x427.jpeg 320w, https:\/\/pipcke.fr\/idees-deco\/wp-content\/uploads\/2022\/08\/deco-francaise-salon-villa-cote-azur-560x747.jpeg 560w\" sizes=\"auto, (max-width: 563px) 100vw, 563px\" \/><\/a><\/figure>\n<\/figure>\n\n\n\n<p class=\"has-text-align-center\"><sup>\u00a9 <a href=\"https:\/\/www.admagazine.fr\/\" target=\"_blank\" rel=\"noreferrer noopener\">AD Magazine<\/a> &#8211; Pinterest<\/sup><\/p>\n\n\n\n<p>Vous n&rsquo;\u00eates pas s\u00fbr(e) de votre style d\u00e9co ? De vos pr\u00e9f\u00e9rences en termes de couleurs et de mat\u00e9riaux ? Notre <a href=\"https:\/\/pipcke.fr\/quiz\" target=\"_blank\" rel=\"noreferrer noopener\">quiz d\u00e9co<\/a> vous aidera certainement \u00e0 y avoir plus clair !<\/p>\n","protected":false},"excerpt":{"rendered":"<p>La d\u00e9co fran\u00e7aise est un patchwork de nombreuses influences de styles, mais surtout d&rsquo;\u00e9poques. Elle peut diff\u00e9rer selon les r\u00e9gions, et s&rsquo;inspire aussi bien de son patrimoine historique que des&hellip;<\/p>\n","protected":false},"author":4,"featured_media":6408,"comment_status":"closed","ping_status":"closed","sticky":false,"template":"","format":"standard","meta":{"inline_featured_image":false,"footnotes":""},"categories":[27],"tags":[37,21,81,40,28,32,35,42,22,31,82],"powerkit_post_featured":[2,7,4,5,9],"class_list":{"0":"post-6363","1":"post","2":"type-post","3":"status-publish","4":"format-standard","5":"has-post-thumbnail","7":"category-inspirations-deco","8":"tag-accessoires","9":"tag-chambre-adulte","10":"tag-chic","11":"tag-contemporain","12":"tag-decoration","13":"tag-interieurs","14":"tag-mobilier","15":"tag-moderne","16":"tag-salon","17":"tag-styles","18":"tag-tapisserie"},"yoast_head":"<!-- This site is optimized with the Yoast SEO Premium plugin v22.3 (Yoast SEO v27.9) - https:\/\/yoast.com\/product\/yoast-seo-premium-wordpress\/ -->\n<title>D\u00e9co fran\u00e7aise : Plongez dans un style de charme et de chic<\/title>\n<meta name=\"description\" content=\"Voyagez dans le temps avec la d\u00e9coration fran\u00e7aise, m\u00e9lange captivant d&#039;\u00e9poques et de cultures, r\u00e9v\u00e9lant un h\u00e9ritage riche et diversifi\u00e9.\" \/>\n<meta name=\"robots\" content=\"index, follow, max-snippet:-1, max-image-preview:large, max-video-preview:-1\" \/>\n<link rel=\"canonical\" href=\"https:\/\/pipcke.fr\/idees-deco\/inspirations-deco\/deco-francaise\/\" \/>\n<meta property=\"og:locale\" content=\"fr_FR\" \/>\n<meta property=\"og:type\" content=\"article\" \/>\n<meta property=\"og:title\" content=\"D\u00e9co fran\u00e7aise : plongez dans un style de charme et de chic\" \/>\n<meta property=\"og:description\" content=\"Voyagez dans le temps avec la d\u00e9coration fran\u00e7aise, m\u00e9lange captivant d&#039;\u00e9poques et de cultures, r\u00e9v\u00e9lant un h\u00e9ritage riche et diversifi\u00e9.\" \/>\n<meta property=\"og:url\" content=\"https:\/\/pipcke.fr\/idees-deco\/inspirations-deco\/deco-francaise\/\" \/>\n<meta property=\"og:site_name\" content=\"Pipcke\" \/>\n<meta property=\"article:publisher\" content=\"https:\/\/www.facebook.com\/Pipcke\" \/>\n<meta property=\"article:published_time\" content=\"2022-08-03T18:14:28+00:00\" \/>\n<meta property=\"article:modified_time\" content=\"2024-03-27T00:24:44+00:00\" \/>\n<meta property=\"og:image\" content=\"https:\/\/pipcke.fr\/idees-deco\/wp-content\/uploads\/2022\/08\/deco-francaise-mas-provencal.webp\" \/>\n\t<meta property=\"og:image:width\" content=\"1500\" \/>\n\t<meta property=\"og:image:height\" content=\"998\" \/>\n\t<meta property=\"og:image:type\" content=\"image\/webp\" \/>\n<meta name=\"author\" content=\"Pauline Rosa\" \/>\n<meta name=\"twitter:card\" content=\"summary_large_image\" \/>\n<meta name=\"twitter:creator\" content=\"@pipcke\" \/>\n<meta name=\"twitter:site\" content=\"@pipcke\" \/>\n<meta name=\"twitter:label1\" content=\"\u00c9crit par\" \/>\n\t<meta name=\"twitter:data1\" content=\"Pauline Rosa\" \/>\n\t<meta name=\"twitter:label2\" content=\"Dur\u00e9e de lecture estim\u00e9e\" \/>\n\t<meta name=\"twitter:data2\" content=\"9 minutes\" \/>\n<script type=\"application\/ld+json\" class=\"yoast-schema-graph\">{\"@context\":\"https:\\\/\\\/schema.org\",\"@graph\":[{\"@type\":[\"Article\",\"BlogPosting\"],\"@id\":\"https:\\\/\\\/pipcke.fr\\\/idees-deco\\\/inspirations-deco\\\/deco-francaise\\\/#article\",\"isPartOf\":{\"@id\":\"https:\\\/\\\/pipcke.fr\\\/idees-deco\\\/inspirations-deco\\\/deco-francaise\\\/\"},\"author\":{\"name\":\"Pauline Rosa\",\"@id\":\"https:\\\/\\\/pipcke.fr\\\/idees-deco\\\/#\\\/schema\\\/person\\\/0eccc3e128321071a88d76d775685a0d\"},\"headline\":\"D\u00e9co fran\u00e7aise : plongez dans un style de charme et de chic\",\"datePublished\":\"2022-08-03T18:14:28+00:00\",\"dateModified\":\"2024-03-27T00:24:44+00:00\",\"mainEntityOfPage\":{\"@id\":\"https:\\\/\\\/pipcke.fr\\\/idees-deco\\\/inspirations-deco\\\/deco-francaise\\\/\"},\"wordCount\":998,\"publisher\":{\"@id\":\"https:\\\/\\\/pipcke.fr\\\/idees-deco\\\/#organization\"},\"image\":{\"@id\":\"https:\\\/\\\/pipcke.fr\\\/idees-deco\\\/inspirations-deco\\\/deco-francaise\\\/#primaryimage\"},\"thumbnailUrl\":\"https:\\\/\\\/pipcke.fr\\\/idees-deco\\\/wp-content\\\/uploads\\\/2022\\\/08\\\/deco-francaise-mas-provencal.webp\",\"keywords\":[\"Accessoires\",\"Chambre adulte\",\"chic\",\"Contemporain\",\"D\u00e9coration\",\"Int\u00e9rieurs\",\"Mobilier\",\"Moderne\",\"Salon\",\"Styles\",\"Tapisserie\"],\"articleSection\":[\"Inspirations d\u00e9co\"],\"inLanguage\":\"fr-FR\"},{\"@type\":\"WebPage\",\"@id\":\"https:\\\/\\\/pipcke.fr\\\/idees-deco\\\/inspirations-deco\\\/deco-francaise\\\/\",\"url\":\"https:\\\/\\\/pipcke.fr\\\/idees-deco\\\/inspirations-deco\\\/deco-francaise\\\/\",\"name\":\"D\u00e9co fran\u00e7aise : Plongez dans un style de charme et de chic\",\"isPartOf\":{\"@id\":\"https:\\\/\\\/pipcke.fr\\\/idees-deco\\\/#website\"},\"primaryImageOfPage\":{\"@id\":\"https:\\\/\\\/pipcke.fr\\\/idees-deco\\\/inspirations-deco\\\/deco-francaise\\\/#primaryimage\"},\"image\":{\"@id\":\"https:\\\/\\\/pipcke.fr\\\/idees-deco\\\/inspirations-deco\\\/deco-francaise\\\/#primaryimage\"},\"thumbnailUrl\":\"https:\\\/\\\/pipcke.fr\\\/idees-deco\\\/wp-content\\\/uploads\\\/2022\\\/08\\\/deco-francaise-mas-provencal.webp\",\"datePublished\":\"2022-08-03T18:14:28+00:00\",\"dateModified\":\"2024-03-27T00:24:44+00:00\",\"description\":\"Voyagez dans le temps avec la d\u00e9coration fran\u00e7aise, m\u00e9lange captivant d'\u00e9poques et de cultures, r\u00e9v\u00e9lant un h\u00e9ritage riche et diversifi\u00e9.\",\"breadcrumb\":{\"@id\":\"https:\\\/\\\/pipcke.fr\\\/idees-deco\\\/inspirations-deco\\\/deco-francaise\\\/#breadcrumb\"},\"inLanguage\":\"fr-FR\",\"potentialAction\":[{\"@type\":\"ReadAction\",\"target\":[\"https:\\\/\\\/pipcke.fr\\\/idees-deco\\\/inspirations-deco\\\/deco-francaise\\\/\"]}]},{\"@type\":\"ImageObject\",\"inLanguage\":\"fr-FR\",\"@id\":\"https:\\\/\\\/pipcke.fr\\\/idees-deco\\\/inspirations-deco\\\/deco-francaise\\\/#primaryimage\",\"url\":\"https:\\\/\\\/pipcke.fr\\\/idees-deco\\\/wp-content\\\/uploads\\\/2022\\\/08\\\/deco-francaise-mas-provencal.webp\",\"contentUrl\":\"https:\\\/\\\/pipcke.fr\\\/idees-deco\\\/wp-content\\\/uploads\\\/2022\\\/08\\\/deco-francaise-mas-provencal.webp\",\"width\":1500,\"height\":998,\"caption\":\"d\u00e9co fran\u00e7aise dans le salon chic d'un mas proven\u00e7al\"},{\"@type\":\"BreadcrumbList\",\"@id\":\"https:\\\/\\\/pipcke.fr\\\/idees-deco\\\/inspirations-deco\\\/deco-francaise\\\/#breadcrumb\",\"itemListElement\":[{\"@type\":\"ListItem\",\"position\":1,\"name\":\"Accueil\",\"item\":\"https:\\\/\\\/pipcke.fr\\\/idees-deco\\\/\"},{\"@type\":\"ListItem\",\"position\":2,\"name\":\"Inspirations d\u00e9co\",\"item\":\"https:\\\/\\\/pipcke.fr\\\/idees-deco\\\/.\\\/inspirations-deco\\\/\"},{\"@type\":\"ListItem\",\"position\":3,\"name\":\"D\u00e9co fran\u00e7aise : plongez dans un style de charme et de chic\"}]},{\"@type\":\"WebSite\",\"@id\":\"https:\\\/\\\/pipcke.fr\\\/idees-deco\\\/#website\",\"url\":\"https:\\\/\\\/pipcke.fr\\\/idees-deco\\\/\",\"name\":\"Pipcke\",\"description\":\"Id\u00e9es, conseils et inspirations d\u00e9co\",\"publisher\":{\"@id\":\"https:\\\/\\\/pipcke.fr\\\/idees-deco\\\/#organization\"},\"potentialAction\":[{\"@type\":\"SearchAction\",\"target\":{\"@type\":\"EntryPoint\",\"urlTemplate\":\"https:\\\/\\\/pipcke.fr\\\/idees-deco\\\/?s={search_term_string}\"},\"query-input\":{\"@type\":\"PropertyValueSpecification\",\"valueRequired\":true,\"valueName\":\"search_term_string\"}}],\"inLanguage\":\"fr-FR\"},{\"@type\":\"Organization\",\"@id\":\"https:\\\/\\\/pipcke.fr\\\/idees-deco\\\/#organization\",\"name\":\"PIPCKE\",\"alternateName\":\"PIPCKE\",\"url\":\"https:\\\/\\\/pipcke.fr\\\/idees-deco\\\/\",\"logo\":{\"@type\":\"ImageObject\",\"inLanguage\":\"fr-FR\",\"@id\":\"https:\\\/\\\/pipcke.fr\\\/idees-deco\\\/#\\\/schema\\\/logo\\\/image\\\/\",\"url\":\"https:\\\/\\\/pipcke.fr\\\/idees-deco\\\/wp-content\\\/uploads\\\/2020\\\/12\\\/logo-black.svg\",\"contentUrl\":\"https:\\\/\\\/pipcke.fr\\\/idees-deco\\\/wp-content\\\/uploads\\\/2020\\\/12\\\/logo-black.svg\",\"width\":524,\"height\":140,\"caption\":\"PIPCKE\"},\"image\":{\"@id\":\"https:\\\/\\\/pipcke.fr\\\/idees-deco\\\/#\\\/schema\\\/logo\\\/image\\\/\"},\"sameAs\":[\"https:\\\/\\\/www.facebook.com\\\/Pipcke\",\"https:\\\/\\\/x.com\\\/pipcke\",\"https:\\\/\\\/www.instagram.com\\\/pipcke.fr\\\/\",\"https:\\\/\\\/www.linkedin.com\\\/company\\\/pipcke\",\"https:\\\/\\\/www.pinterest.fr\\\/PIPCKE\\\/_created\\\/\",\"https:\\\/\\\/www.youtube.com\\\/channel\\\/UCaYnny5Q4k6HN1s3zr1Gazw\"],\"email\":\"hello@pipcke.fr\",\"telephone\":\"0184802084\",\"legalName\":\"Pipcke\"},{\"@type\":\"Person\",\"@id\":\"https:\\\/\\\/pipcke.fr\\\/idees-deco\\\/#\\\/schema\\\/person\\\/0eccc3e128321071a88d76d775685a0d\",\"name\":\"Pauline Rosa\",\"image\":{\"@type\":\"ImageObject\",\"inLanguage\":\"fr-FR\",\"@id\":\"https:\\\/\\\/secure.gravatar.com\\\/avatar\\\/3b5d4a0cad7ffd435800f1e3e88bddff18e6863f845e46c7874bf06e29934797?s=96&d=mm&r=g\",\"url\":\"https:\\\/\\\/secure.gravatar.com\\\/avatar\\\/3b5d4a0cad7ffd435800f1e3e88bddff18e6863f845e46c7874bf06e29934797?s=96&d=mm&r=g\",\"contentUrl\":\"https:\\\/\\\/secure.gravatar.com\\\/avatar\\\/3b5d4a0cad7ffd435800f1e3e88bddff18e6863f845e46c7874bf06e29934797?s=96&d=mm&r=g\",\"caption\":\"Pauline Rosa\"},\"description\":\"Pauline est notre r\u00e9dactrice passionn\u00e9e, experte en tendances d\u00e9co et en agencement intelligent des espaces. Sa mission : analyser, simplifier et transmettre l\u2019essentiel du monde de la d\u00e9coration pour offrir \u00e0 nos lecteurs des contenus clairs, utiles et inspirants. Elle a le talent de transformer des informations complexes en conseils accessibles, concrets et agr\u00e9ables \u00e0 lire. Observatrice attentive et chasseuse de tendances confirm\u00e9e, Pauline scrute les nouvelles influences, \u00e9coute les \u00e9volutions du secteur et d\u00e9cortique ce qui se dessine dans l\u2019air du temps pour rep\u00e9rer les couleurs, les styles et les mati\u00e8res qui feront la d\u00e9co de demain. En tant que r\u00e9dactrice, elle se distingue aussi par sa capacit\u00e9 \u00e0 transformer ces tendances en conseils concrets, notamment sur l\u2019optimisation des petits espaces. Studios, chambres exigu\u00ebs, pi\u00e8ces multifonctions\u2026 Pauline sait expliquer comment maximiser chaque m\u00e8tre carr\u00e9 de mani\u00e8re simple, efficace et esth\u00e9tique. \u00c0 travers ses articles, elle propose des conseils d\u2019am\u00e9nagement clairs et intelligents pour optimiser les espaces sans jamais sacrifier le style ni le bien-\u00eatre. Sa vision est celle d'une d\u00e9coration \u00e0 la fois belle, inspirante et surtout pratique.\",\"url\":\"https:\\\/\\\/pipcke.fr\\\/idees-deco\\\/auteur\\\/pauline-rosa\\\/\"}]}<\/script>\n<!-- \/ Yoast SEO Premium plugin. -->","yoast_head_json":{"title":"D\u00e9co fran\u00e7aise : Plongez dans un style de charme et de chic","description":"Voyagez dans le temps avec la d\u00e9coration fran\u00e7aise, m\u00e9lange captivant d'\u00e9poques et de cultures, r\u00e9v\u00e9lant un h\u00e9ritage riche et diversifi\u00e9.","robots":{"index":"index","follow":"follow","max-snippet":"max-snippet:-1","max-image-preview":"max-image-preview:large","max-video-preview":"max-video-preview:-1"},"canonical":"https:\/\/pipcke.fr\/idees-deco\/inspirations-deco\/deco-francaise\/","og_locale":"fr_FR","og_type":"article","og_title":"D\u00e9co fran\u00e7aise : plongez dans un style de charme et de chic","og_description":"Voyagez dans le temps avec la d\u00e9coration fran\u00e7aise, m\u00e9lange captivant d'\u00e9poques et de cultures, r\u00e9v\u00e9lant un h\u00e9ritage riche et diversifi\u00e9.","og_url":"https:\/\/pipcke.fr\/idees-deco\/inspirations-deco\/deco-francaise\/","og_site_name":"Pipcke","article_publisher":"https:\/\/www.facebook.com\/Pipcke","article_published_time":"2022-08-03T18:14:28+00:00","article_modified_time":"2024-03-27T00:24:44+00:00","og_image":[{"width":1500,"height":998,"url":"https:\/\/pipcke.fr\/idees-deco\/wp-content\/uploads\/2022\/08\/deco-francaise-mas-provencal.webp","type":"image\/webp"}],"author":"Pauline Rosa","twitter_card":"summary_large_image","twitter_creator":"@pipcke","twitter_site":"@pipcke","twitter_misc":{"\u00c9crit par":"Pauline Rosa","Dur\u00e9e de lecture estim\u00e9e":"9 minutes"},"schema":{"@context":"https:\/\/schema.org","@graph":[{"@type":["Article","BlogPosting"],"@id":"https:\/\/pipcke.fr\/idees-deco\/inspirations-deco\/deco-francaise\/#article","isPartOf":{"@id":"https:\/\/pipcke.fr\/idees-deco\/inspirations-deco\/deco-francaise\/"},"author":{"name":"Pauline Rosa","@id":"https:\/\/pipcke.fr\/idees-deco\/#\/schema\/person\/0eccc3e128321071a88d76d775685a0d"},"headline":"D\u00e9co fran\u00e7aise : plongez dans un style de charme et de chic","datePublished":"2022-08-03T18:14:28+00:00","dateModified":"2024-03-27T00:24:44+00:00","mainEntityOfPage":{"@id":"https:\/\/pipcke.fr\/idees-deco\/inspirations-deco\/deco-francaise\/"},"wordCount":998,"publisher":{"@id":"https:\/\/pipcke.fr\/idees-deco\/#organization"},"image":{"@id":"https:\/\/pipcke.fr\/idees-deco\/inspirations-deco\/deco-francaise\/#primaryimage"},"thumbnailUrl":"https:\/\/pipcke.fr\/idees-deco\/wp-content\/uploads\/2022\/08\/deco-francaise-mas-provencal.webp","keywords":["Accessoires","Chambre adulte","chic","Contemporain","D\u00e9coration","Int\u00e9rieurs","Mobilier","Moderne","Salon","Styles","Tapisserie"],"articleSection":["Inspirations d\u00e9co"],"inLanguage":"fr-FR"},{"@type":"WebPage","@id":"https:\/\/pipcke.fr\/idees-deco\/inspirations-deco\/deco-francaise\/","url":"https:\/\/pipcke.fr\/idees-deco\/inspirations-deco\/deco-francaise\/","name":"D\u00e9co fran\u00e7aise : Plongez dans un style de charme et de chic","isPartOf":{"@id":"https:\/\/pipcke.fr\/idees-deco\/#website"},"primaryImageOfPage":{"@id":"https:\/\/pipcke.fr\/idees-deco\/inspirations-deco\/deco-francaise\/#primaryimage"},"image":{"@id":"https:\/\/pipcke.fr\/idees-deco\/inspirations-deco\/deco-francaise\/#primaryimage"},"thumbnailUrl":"https:\/\/pipcke.fr\/idees-deco\/wp-content\/uploads\/2022\/08\/deco-francaise-mas-provencal.webp","datePublished":"2022-08-03T18:14:28+00:00","dateModified":"2024-03-27T00:24:44+00:00","description":"Voyagez dans le temps avec la d\u00e9coration fran\u00e7aise, m\u00e9lange captivant d'\u00e9poques et de cultures, r\u00e9v\u00e9lant un h\u00e9ritage riche et diversifi\u00e9.","breadcrumb":{"@id":"https:\/\/pipcke.fr\/idees-deco\/inspirations-deco\/deco-francaise\/#breadcrumb"},"inLanguage":"fr-FR","potentialAction":[{"@type":"ReadAction","target":["https:\/\/pipcke.fr\/idees-deco\/inspirations-deco\/deco-francaise\/"]}]},{"@type":"ImageObject","inLanguage":"fr-FR","@id":"https:\/\/pipcke.fr\/idees-deco\/inspirations-deco\/deco-francaise\/#primaryimage","url":"https:\/\/pipcke.fr\/idees-deco\/wp-content\/uploads\/2022\/08\/deco-francaise-mas-provencal.webp","contentUrl":"https:\/\/pipcke.fr\/idees-deco\/wp-content\/uploads\/2022\/08\/deco-francaise-mas-provencal.webp","width":1500,"height":998,"caption":"d\u00e9co fran\u00e7aise dans le salon chic d'un mas proven\u00e7al"},{"@type":"BreadcrumbList","@id":"https:\/\/pipcke.fr\/idees-deco\/inspirations-deco\/deco-francaise\/#breadcrumb","itemListElement":[{"@type":"ListItem","position":1,"name":"Accueil","item":"https:\/\/pipcke.fr\/idees-deco\/"},{"@type":"ListItem","position":2,"name":"Inspirations d\u00e9co","item":"https:\/\/pipcke.fr\/idees-deco\/.\/inspirations-deco\/"},{"@type":"ListItem","position":3,"name":"D\u00e9co fran\u00e7aise : plongez dans un style de charme et de chic"}]},{"@type":"WebSite","@id":"https:\/\/pipcke.fr\/idees-deco\/#website","url":"https:\/\/pipcke.fr\/idees-deco\/","name":"Pipcke","description":"Id\u00e9es, conseils et inspirations d\u00e9co","publisher":{"@id":"https:\/\/pipcke.fr\/idees-deco\/#organization"},"potentialAction":[{"@type":"SearchAction","target":{"@type":"EntryPoint","urlTemplate":"https:\/\/pipcke.fr\/idees-deco\/?s={search_term_string}"},"query-input":{"@type":"PropertyValueSpecification","valueRequired":true,"valueName":"search_term_string"}}],"inLanguage":"fr-FR"},{"@type":"Organization","@id":"https:\/\/pipcke.fr\/idees-deco\/#organization","name":"PIPCKE","alternateName":"PIPCKE","url":"https:\/\/pipcke.fr\/idees-deco\/","logo":{"@type":"ImageObject","inLanguage":"fr-FR","@id":"https:\/\/pipcke.fr\/idees-deco\/#\/schema\/logo\/image\/","url":"https:\/\/pipcke.fr\/idees-deco\/wp-content\/uploads\/2020\/12\/logo-black.svg","contentUrl":"https:\/\/pipcke.fr\/idees-deco\/wp-content\/uploads\/2020\/12\/logo-black.svg","width":524,"height":140,"caption":"PIPCKE"},"image":{"@id":"https:\/\/pipcke.fr\/idees-deco\/#\/schema\/logo\/image\/"},"sameAs":["https:\/\/www.facebook.com\/Pipcke","https:\/\/x.com\/pipcke","https:\/\/www.instagram.com\/pipcke.fr\/","https:\/\/www.linkedin.com\/company\/pipcke","https:\/\/www.pinterest.fr\/PIPCKE\/_created\/","https:\/\/www.youtube.com\/channel\/UCaYnny5Q4k6HN1s3zr1Gazw"],"email":"hello@pipcke.fr","telephone":"0184802084","legalName":"Pipcke"},{"@type":"Person","@id":"https:\/\/pipcke.fr\/idees-deco\/#\/schema\/person\/0eccc3e128321071a88d76d775685a0d","name":"Pauline Rosa","image":{"@type":"ImageObject","inLanguage":"fr-FR","@id":"https:\/\/secure.gravatar.com\/avatar\/3b5d4a0cad7ffd435800f1e3e88bddff18e6863f845e46c7874bf06e29934797?s=96&d=mm&r=g","url":"https:\/\/secure.gravatar.com\/avatar\/3b5d4a0cad7ffd435800f1e3e88bddff18e6863f845e46c7874bf06e29934797?s=96&d=mm&r=g","contentUrl":"https:\/\/secure.gravatar.com\/avatar\/3b5d4a0cad7ffd435800f1e3e88bddff18e6863f845e46c7874bf06e29934797?s=96&d=mm&r=g","caption":"Pauline Rosa"},"description":"Pauline est notre r\u00e9dactrice passionn\u00e9e, experte en tendances d\u00e9co et en agencement intelligent des espaces. Sa mission : analyser, simplifier et transmettre l\u2019essentiel du monde de la d\u00e9coration pour offrir \u00e0 nos lecteurs des contenus clairs, utiles et inspirants. Elle a le talent de transformer des informations complexes en conseils accessibles, concrets et agr\u00e9ables \u00e0 lire. Observatrice attentive et chasseuse de tendances confirm\u00e9e, Pauline scrute les nouvelles influences, \u00e9coute les \u00e9volutions du secteur et d\u00e9cortique ce qui se dessine dans l\u2019air du temps pour rep\u00e9rer les couleurs, les styles et les mati\u00e8res qui feront la d\u00e9co de demain. En tant que r\u00e9dactrice, elle se distingue aussi par sa capacit\u00e9 \u00e0 transformer ces tendances en conseils concrets, notamment sur l\u2019optimisation des petits espaces. Studios, chambres exigu\u00ebs, pi\u00e8ces multifonctions\u2026 Pauline sait expliquer comment maximiser chaque m\u00e8tre carr\u00e9 de mani\u00e8re simple, efficace et esth\u00e9tique. \u00c0 travers ses articles, elle propose des conseils d\u2019am\u00e9nagement clairs et intelligents pour optimiser les espaces sans jamais sacrifier le style ni le bien-\u00eatre. Sa vision est celle d'une d\u00e9coration \u00e0 la fois belle, inspirante et surtout pratique.","url":"https:\/\/pipcke.fr\/idees-deco\/auteur\/pauline-rosa\/"}]}},"_links":{"self":[{"href":"https:\/\/pipcke.fr\/idees-deco\/wp-json\/wp\/v2\/posts\/6363","targetHints":{"allow":["GET"]}}],"collection":[{"href":"https:\/\/pipcke.fr\/idees-deco\/wp-json\/wp\/v2\/posts"}],"about":[{"href":"https:\/\/pipcke.fr\/idees-deco\/wp-json\/wp\/v2\/types\/post"}],"author":[{"embeddable":true,"href":"https:\/\/pipcke.fr\/idees-deco\/wp-json\/wp\/v2\/users\/4"}],"replies":[{"embeddable":true,"href":"https:\/\/pipcke.fr\/idees-deco\/wp-json\/wp\/v2\/comments?post=6363"}],"version-history":[{"count":14,"href":"https:\/\/pipcke.fr\/idees-deco\/wp-json\/wp\/v2\/posts\/6363\/revisions"}],"predecessor-version":[{"id":11249,"href":"https:\/\/pipcke.fr\/idees-deco\/wp-json\/wp\/v2\/posts\/6363\/revisions\/11249"}],"wp:featuredmedia":[{"embeddable":true,"href":"https:\/\/pipcke.fr\/idees-deco\/wp-json\/wp\/v2\/media\/6408"}],"wp:attachment":[{"href":"https:\/\/pipcke.fr\/idees-deco\/wp-json\/wp\/v2\/media?parent=6363"}],"wp:term":[{"taxonomy":"category","embeddable":true,"href":"https:\/\/pipcke.fr\/idees-deco\/wp-json\/wp\/v2\/categories?post=6363"},{"taxonomy":"post_tag","embeddable":true,"href":"https:\/\/pipcke.fr\/idees-deco\/wp-json\/wp\/v2\/tags?post=6363"},{"taxonomy":"powerkit_post_featured","embeddable":true,"href":"https:\/\/pipcke.fr\/idees-deco\/wp-json\/wp\/v2\/powerkit_post_featured?post=6363"}],"curies":[{"name":"wp","href":"https:\/\/api.w.org\/{rel}","templated":true}]}}