{"id":5270,"date":"2022-01-06T20:30:09","date_gmt":"2022-01-06T19:30:09","guid":{"rendered":"https:\/\/pipcke.fr\/idees-deco\/?p=5270"},"modified":"2025-07-04T10:39:32","modified_gmt":"2025-07-04T08:39:32","slug":"deco-boheme-chic","status":"publish","type":"post","link":"https:\/\/pipcke.fr\/idees-deco\/inspirations-deco\/deco-boheme-chic\/","title":{"rendered":"La d\u00e9co boh\u00e8me chic r\u00e9v\u00e8le les secrets d&rsquo;un style raffin\u00e9 moderne"},"content":{"rendered":"<div id=\"bsf_rt_marker\"><\/div>\n<p>Vous souhaitez changer votre d\u00e9co pour un style qui met \u00e0 l&rsquo;honneur \u00e0 la fois le voyage, le romantisme et la nature? La <strong>d\u00e9co boh\u00e8me chic s&rsquo;inspire des int\u00e9rieurs folks et ethniques<\/strong>, tout en leur combinant des teintes sobres et quelques d\u00e9tails modernes qui font la diff\u00e9rence. Puisez votre inspiration dans notre guide pour avoir les codes!<\/p>\n\n\n\n<figure class=\"wp-block-image size-large\"><a href=\"https:\/\/pipcke.fr\/quiz\"><img loading=\"lazy\" decoding=\"async\" width=\"1160\" height=\"387\" src=\"https:\/\/pipcke.fr\/idees-deco\/wp-content\/uploads\/2023\/11\/decouvrir-mon-style-picto-1-1160x387.png\" alt=\"banni\u00e8re d\u00e9couvrir mon style\" class=\"wp-image-8930\" srcset=\"https:\/\/pipcke.fr\/idees-deco\/wp-content\/uploads\/2023\/11\/decouvrir-mon-style-picto-1-1160x387.png 1160w, https:\/\/pipcke.fr\/idees-deco\/wp-content\/uploads\/2023\/11\/decouvrir-mon-style-picto-1-800x267.png 800w, https:\/\/pipcke.fr\/idees-deco\/wp-content\/uploads\/2023\/11\/decouvrir-mon-style-picto-1-120x40.png 120w, https:\/\/pipcke.fr\/idees-deco\/wp-content\/uploads\/2023\/11\/decouvrir-mon-style-picto-1-90x30.png 90w, https:\/\/pipcke.fr\/idees-deco\/wp-content\/uploads\/2023\/11\/decouvrir-mon-style-picto-1-320x107.png 320w, https:\/\/pipcke.fr\/idees-deco\/wp-content\/uploads\/2023\/11\/decouvrir-mon-style-picto-1-560x187.png 560w, https:\/\/pipcke.fr\/idees-deco\/wp-content\/uploads\/2023\/11\/decouvrir-mon-style-picto-1.png 1500w\" sizes=\"auto, (max-width: 1160px) 100vw, 1160px\" \/><\/a><\/figure>\n\n\n\n<h2 class=\"wp-block-heading\" id=\"h-la-deco-boheme-chic-qu-est-ce-que-c-est\"><span id=\"la-deco-boheme-chic-quest-ce-que-cest\">La d\u00e9co boh\u00e8me chic, qu&rsquo;est-ce que c&rsquo;est?<\/span><\/h2>\n\n\n\n<p>Vous avez certainement entendu parler de la d\u00e9co boh\u00e8me? Ce style met \u00e0 l&rsquo;honneur le vintage, les pi\u00e8ces de mobilier ou de d\u00e9co chin\u00e9es en brocantes, ainsi que les imprim\u00e9s ethniques. C&rsquo;est un style assez color\u00e9, o\u00f9 plusieurs motifs ou \u00e9poques peuvent se rencontrer dans une m\u00eame pi\u00e8ce.<\/p>\n\n\n\n<p><strong>La d\u00e9co boh\u00e8me chic est l\u00e9g\u00e8rement plus sobre<\/strong>. Elle met \u00e0 l&rsquo;honneur des teintes plus classiques comme le beige, le gris ou le rose poudr\u00e9. On retrouve, comme dans le style boh\u00e8me, des mat\u00e9riaux naturels (rotin, etc.), de grands tapis au sol et des \u00e9l\u00e9ments tir\u00e9s des ambiances cocooning.<\/p>\n\n\n\n<p>Pour aller plus loin, d\u00e9couvrez une s\u00e9lection d\u2019id\u00e9es et d\u2019<a href=\"https:\/\/lilimargaret.com\/collections\/decoration-boheme\" target=\"_blank\" rel=\"noreferrer noopener\">objets d\u00e9co boh\u00e8me<\/a> \u00e0 int\u00e9grer dans un int\u00e9rieur chic et naturel.<\/p>\n\n\n\n<p>Enfin, la <strong><a href=\"https:\/\/pipcke.fr\/idees-deco\/inspirations-deco\/deco-romantique\/\" target=\"_blank\" rel=\"noreferrer noopener\">d\u00e9co romantique<\/a><\/strong> (grands miroirs, multiples cadres \u00e0 dorures, fleurs s\u00e9ch\u00e9es d\u00e9co, coiffeuses en bois, etc.) est aussi une inspiration pour la <strong>d\u00e9coration boh\u00e8me chic<\/strong>.<\/p>\n\n\n\n<figure class=\"wp-block-gallery has-nested-images columns-default is-cropped wp-block-gallery-1 is-layout-flex wp-block-gallery-is-layout-flex\">\n<figure class=\"wp-block-image size-large\"><a href=\"https:\/\/pipcke.fr\/idees-deco\/wp-content\/uploads\/2022\/01\/deco-boheme-chic-miroir-bambou.jpeg\"><img loading=\"lazy\" decoding=\"async\" width=\"564\" height=\"846\" data-id=\"5278\" src=\"https:\/\/pipcke.fr\/idees-deco\/wp-content\/uploads\/2022\/01\/deco-boheme-chic-miroir-bambou.jpeg\" alt=\"miroirs ronds en bambou au mur\" class=\"wp-image-5278\" srcset=\"https:\/\/pipcke.fr\/idees-deco\/wp-content\/uploads\/2022\/01\/deco-boheme-chic-miroir-bambou.jpeg 564w, https:\/\/pipcke.fr\/idees-deco\/wp-content\/uploads\/2022\/01\/deco-boheme-chic-miroir-bambou-120x180.jpeg 120w, https:\/\/pipcke.fr\/idees-deco\/wp-content\/uploads\/2022\/01\/deco-boheme-chic-miroir-bambou-90x135.jpeg 90w, https:\/\/pipcke.fr\/idees-deco\/wp-content\/uploads\/2022\/01\/deco-boheme-chic-miroir-bambou-320x480.jpeg 320w, https:\/\/pipcke.fr\/idees-deco\/wp-content\/uploads\/2022\/01\/deco-boheme-chic-miroir-bambou-560x840.jpeg 560w\" sizes=\"auto, (max-width: 564px) 100vw, 564px\" \/><\/a><\/figure>\n\n\n\n<figure class=\"wp-block-image size-large\"><a href=\"https:\/\/pipcke.fr\/idees-deco\/wp-content\/uploads\/2022\/01\/deco-boheme-chic-salon-rose-poudre.jpeg\"><img loading=\"lazy\" decoding=\"async\" width=\"321\" height=\"401\" data-id=\"5279\" src=\"https:\/\/pipcke.fr\/idees-deco\/wp-content\/uploads\/2022\/01\/deco-boheme-chic-salon-rose-poudre.jpeg\" alt=\"canap\u00e9 rose poudr\u00e9 et tapis berb\u00e8re pour une d\u00e9co salon boh\u00e8me chic\" class=\"wp-image-5279\" srcset=\"https:\/\/pipcke.fr\/idees-deco\/wp-content\/uploads\/2022\/01\/deco-boheme-chic-salon-rose-poudre.jpeg 321w, https:\/\/pipcke.fr\/idees-deco\/wp-content\/uploads\/2022\/01\/deco-boheme-chic-salon-rose-poudre-120x150.jpeg 120w, https:\/\/pipcke.fr\/idees-deco\/wp-content\/uploads\/2022\/01\/deco-boheme-chic-salon-rose-poudre-90x112.jpeg 90w\" sizes=\"auto, (max-width: 321px) 100vw, 321px\" \/><\/a><\/figure>\n\n\n\n<figure class=\"wp-block-image size-large\"><a href=\"https:\/\/pipcke.fr\/idees-deco\/wp-content\/uploads\/2022\/01\/deco-boheme-chic-suspension-fauteuil-rotin.jpeg\"><img loading=\"lazy\" decoding=\"async\" width=\"564\" height=\"848\" data-id=\"5280\" src=\"https:\/\/pipcke.fr\/idees-deco\/wp-content\/uploads\/2022\/01\/deco-boheme-chic-suspension-fauteuil-rotin.jpeg\" alt=\"suspension et fauteuil en rotin avec plante d\u00e9corative dans panier en osier\" class=\"wp-image-5280\" srcset=\"https:\/\/pipcke.fr\/idees-deco\/wp-content\/uploads\/2022\/01\/deco-boheme-chic-suspension-fauteuil-rotin.jpeg 564w, https:\/\/pipcke.fr\/idees-deco\/wp-content\/uploads\/2022\/01\/deco-boheme-chic-suspension-fauteuil-rotin-120x180.jpeg 120w, https:\/\/pipcke.fr\/idees-deco\/wp-content\/uploads\/2022\/01\/deco-boheme-chic-suspension-fauteuil-rotin-90x135.jpeg 90w, https:\/\/pipcke.fr\/idees-deco\/wp-content\/uploads\/2022\/01\/deco-boheme-chic-suspension-fauteuil-rotin-320x481.jpeg 320w, https:\/\/pipcke.fr\/idees-deco\/wp-content\/uploads\/2022\/01\/deco-boheme-chic-suspension-fauteuil-rotin-560x842.jpeg 560w\" sizes=\"auto, (max-width: 564px) 100vw, 564px\" \/><\/a><\/figure>\n\n\n\n<figure class=\"wp-block-image size-large\"><a href=\"https:\/\/pipcke.fr\/idees-deco\/wp-content\/uploads\/2022\/01\/deco-boheme-chic-tapis-rotin-salon.jpeg\"><img loading=\"lazy\" decoding=\"async\" width=\"564\" height=\"752\" data-id=\"5276\" src=\"https:\/\/pipcke.fr\/idees-deco\/wp-content\/uploads\/2022\/01\/deco-boheme-chic-tapis-rotin-salon.jpeg\" alt=\"tapis ethnique rond et macram\u00e9s au mur pour une d\u00e9co boh\u00e8me chic de salon\" class=\"wp-image-5276\" srcset=\"https:\/\/pipcke.fr\/idees-deco\/wp-content\/uploads\/2022\/01\/deco-boheme-chic-tapis-rotin-salon.jpeg 564w, https:\/\/pipcke.fr\/idees-deco\/wp-content\/uploads\/2022\/01\/deco-boheme-chic-tapis-rotin-salon-120x160.jpeg 120w, https:\/\/pipcke.fr\/idees-deco\/wp-content\/uploads\/2022\/01\/deco-boheme-chic-tapis-rotin-salon-90x120.jpeg 90w, https:\/\/pipcke.fr\/idees-deco\/wp-content\/uploads\/2022\/01\/deco-boheme-chic-tapis-rotin-salon-320x427.jpeg 320w, https:\/\/pipcke.fr\/idees-deco\/wp-content\/uploads\/2022\/01\/deco-boheme-chic-tapis-rotin-salon-560x747.jpeg 560w\" sizes=\"auto, (max-width: 564px) 100vw, 564px\" \/><\/a><\/figure>\n\n\n\n<figure class=\"wp-block-image size-large\"><a href=\"https:\/\/pipcke.fr\/idees-deco\/wp-content\/uploads\/2022\/01\/deco-boheme-chic-tapis-salon.jpeg\"><img loading=\"lazy\" decoding=\"async\" width=\"564\" height=\"752\" data-id=\"5277\" src=\"https:\/\/pipcke.fr\/idees-deco\/wp-content\/uploads\/2022\/01\/deco-boheme-chic-tapis-salon.jpeg\" alt=\"grand tapis berb\u00e8re et d\u00e9co boh\u00e8me chic dans un salon\" class=\"wp-image-5277\" srcset=\"https:\/\/pipcke.fr\/idees-deco\/wp-content\/uploads\/2022\/01\/deco-boheme-chic-tapis-salon.jpeg 564w, https:\/\/pipcke.fr\/idees-deco\/wp-content\/uploads\/2022\/01\/deco-boheme-chic-tapis-salon-120x160.jpeg 120w, https:\/\/pipcke.fr\/idees-deco\/wp-content\/uploads\/2022\/01\/deco-boheme-chic-tapis-salon-90x120.jpeg 90w, https:\/\/pipcke.fr\/idees-deco\/wp-content\/uploads\/2022\/01\/deco-boheme-chic-tapis-salon-320x427.jpeg 320w, https:\/\/pipcke.fr\/idees-deco\/wp-content\/uploads\/2022\/01\/deco-boheme-chic-tapis-salon-560x747.jpeg 560w\" sizes=\"auto, (max-width: 564px) 100vw, 564px\" \/><\/a><\/figure>\n<figcaption class=\"blocks-gallery-caption wp-element-caption\"><sup>\u00a9 Leroy Merlin &#8211; Pinterest &#8211; Nazar Rugs &#8211; Clem Around the Corner &#8211; C\u00f4t\u00e9 Maison<\/sup><\/figcaption><\/figure>\n\n\n\n<p>Vous serez par ailleurs surpris par les r\u00e9f\u00e9rences communes entre la <a href=\"https:\/\/pipcke.fr\/idees-deco\/inspirations-deco\/deco-balinaise\/\" target=\"_blank\" rel=\"noreferrer noopener\">d\u00e9co balinaise<\/a> et la d\u00e9co boh\u00e8me chic. <\/p>\n\n\n\n<h2 class=\"wp-block-heading\" id=\"h-quelles-teintes-choisir-pour-une-decoration-boheme-chic\"><span id=\"quelles-teintes-choisir-pour-une-decoration-boheme-chic\">Quelles teintes choisir pour une d\u00e9coration boh\u00e8me chic?<\/span><\/h2>\n\n\n\n<p>La <strong>d\u00e9co boh\u00e8me chic<\/strong> se caract\u00e9rise par des teintes plus sobres et claires que sa cousine la d\u00e9co boh\u00e8me. Dans le salon, la chambre ou encore la salle de bains, <strong>la couleur est utilis\u00e9e avec parcimonie<\/strong>. L&rsquo;ensemble doit \u00eatre harmonieux et assorti.<\/p>\n\n\n\n<p>Ainsi, si vous choisissez comme base le gris, vous pouvez ajouter des <strong>touches de vert d&rsquo;eau ou de rose<\/strong>. Le blanc cass\u00e9 ira tr\u00e8s bien avec du beige ou du marron glac\u00e9.<\/p>\n\n\n\n<p>De mani\u00e8re g\u00e9n\u00e9rale, essayez de garder une constance dans les teintes d&rsquo;une m\u00eame pi\u00e8ce : rappel d&rsquo;un miroir avec un \u00e9l\u00e9ment de d\u00e9coration murale ou une suspension, ou des coussins du canap\u00e9 avec le tapis du salon par exemple.<\/p>\n\n\n\n<figure class=\"wp-block-gallery has-nested-images columns-2 is-cropped wp-block-gallery-2 is-layout-flex wp-block-gallery-is-layout-flex\">\n<figure class=\"wp-block-image size-large\"><a href=\"https:\/\/pipcke.fr\/idees-deco\/wp-content\/uploads\/2022\/01\/deco-boheme-chic-chambre-blanc-beige.jpeg\"><img loading=\"lazy\" decoding=\"async\" width=\"564\" height=\"705\" data-id=\"5281\" src=\"https:\/\/pipcke.fr\/idees-deco\/wp-content\/uploads\/2022\/01\/deco-boheme-chic-chambre-blanc-beige.jpeg\" alt=\"tapis et mobilier en osier dans chambre boh\u00e8me chic\" class=\"wp-image-5281\" srcset=\"https:\/\/pipcke.fr\/idees-deco\/wp-content\/uploads\/2022\/01\/deco-boheme-chic-chambre-blanc-beige.jpeg 564w, https:\/\/pipcke.fr\/idees-deco\/wp-content\/uploads\/2022\/01\/deco-boheme-chic-chambre-blanc-beige-120x150.jpeg 120w, https:\/\/pipcke.fr\/idees-deco\/wp-content\/uploads\/2022\/01\/deco-boheme-chic-chambre-blanc-beige-90x113.jpeg 90w, https:\/\/pipcke.fr\/idees-deco\/wp-content\/uploads\/2022\/01\/deco-boheme-chic-chambre-blanc-beige-320x400.jpeg 320w, https:\/\/pipcke.fr\/idees-deco\/wp-content\/uploads\/2022\/01\/deco-boheme-chic-chambre-blanc-beige-560x700.jpeg 560w\" sizes=\"auto, (max-width: 564px) 100vw, 564px\" \/><\/a><\/figure>\n\n\n\n<figure class=\"wp-block-image size-large\"><a href=\"https:\/\/pipcke.fr\/idees-deco\/wp-content\/uploads\/2022\/01\/deco-boheme-chic-miroirs.jpeg\"><img loading=\"lazy\" decoding=\"async\" width=\"564\" height=\"846\" data-id=\"5284\" src=\"https:\/\/pipcke.fr\/idees-deco\/wp-content\/uploads\/2022\/01\/deco-boheme-chic-miroirs.jpeg\" alt=\"miroir et objets d\u00e9co boh\u00e8me chic\" class=\"wp-image-5284\" srcset=\"https:\/\/pipcke.fr\/idees-deco\/wp-content\/uploads\/2022\/01\/deco-boheme-chic-miroirs.jpeg 564w, https:\/\/pipcke.fr\/idees-deco\/wp-content\/uploads\/2022\/01\/deco-boheme-chic-miroirs-120x180.jpeg 120w, https:\/\/pipcke.fr\/idees-deco\/wp-content\/uploads\/2022\/01\/deco-boheme-chic-miroirs-90x135.jpeg 90w, https:\/\/pipcke.fr\/idees-deco\/wp-content\/uploads\/2022\/01\/deco-boheme-chic-miroirs-320x480.jpeg 320w, https:\/\/pipcke.fr\/idees-deco\/wp-content\/uploads\/2022\/01\/deco-boheme-chic-miroirs-560x840.jpeg 560w\" sizes=\"auto, (max-width: 564px) 100vw, 564px\" \/><\/a><\/figure>\n\n\n\n<figure class=\"wp-block-image size-large\"><a href=\"https:\/\/pipcke.fr\/idees-deco\/wp-content\/uploads\/2022\/01\/deco-boheme-chic-salle-de-bains.jpeg\"><img loading=\"lazy\" decoding=\"async\" width=\"564\" height=\"789\" data-id=\"5282\" src=\"https:\/\/pipcke.fr\/idees-deco\/wp-content\/uploads\/2022\/01\/deco-boheme-chic-salle-de-bains.jpeg\" alt=\"plantes vertes d\u00e9coratives et objets d\u00e9co en osier dans salle de bains boh\u00e8me chic\" class=\"wp-image-5282\" srcset=\"https:\/\/pipcke.fr\/idees-deco\/wp-content\/uploads\/2022\/01\/deco-boheme-chic-salle-de-bains.jpeg 564w, https:\/\/pipcke.fr\/idees-deco\/wp-content\/uploads\/2022\/01\/deco-boheme-chic-salle-de-bains-120x168.jpeg 120w, https:\/\/pipcke.fr\/idees-deco\/wp-content\/uploads\/2022\/01\/deco-boheme-chic-salle-de-bains-90x126.jpeg 90w, https:\/\/pipcke.fr\/idees-deco\/wp-content\/uploads\/2022\/01\/deco-boheme-chic-salle-de-bains-320x448.jpeg 320w, https:\/\/pipcke.fr\/idees-deco\/wp-content\/uploads\/2022\/01\/deco-boheme-chic-salle-de-bains-560x783.jpeg 560w\" sizes=\"auto, (max-width: 564px) 100vw, 564px\" \/><\/a><\/figure>\n\n\n\n<figure class=\"wp-block-image size-large\"><a href=\"https:\/\/pipcke.fr\/idees-deco\/wp-content\/uploads\/2022\/01\/deco-boheme-chic-salon-gris.jpeg\"><img loading=\"lazy\" decoding=\"async\" width=\"564\" height=\"697\" data-id=\"5285\" src=\"https:\/\/pipcke.fr\/idees-deco\/wp-content\/uploads\/2022\/01\/deco-boheme-chic-salon-gris.jpeg\" alt=\"tapis en jute sous un fauteuil blanc en lin d\u00e9co boh\u00e8me chic\" class=\"wp-image-5285\" srcset=\"https:\/\/pipcke.fr\/idees-deco\/wp-content\/uploads\/2022\/01\/deco-boheme-chic-salon-gris.jpeg 564w, https:\/\/pipcke.fr\/idees-deco\/wp-content\/uploads\/2022\/01\/deco-boheme-chic-salon-gris-120x148.jpeg 120w, https:\/\/pipcke.fr\/idees-deco\/wp-content\/uploads\/2022\/01\/deco-boheme-chic-salon-gris-90x111.jpeg 90w, https:\/\/pipcke.fr\/idees-deco\/wp-content\/uploads\/2022\/01\/deco-boheme-chic-salon-gris-320x395.jpeg 320w, https:\/\/pipcke.fr\/idees-deco\/wp-content\/uploads\/2022\/01\/deco-boheme-chic-salon-gris-560x692.jpeg 560w\" sizes=\"auto, (max-width: 564px) 100vw, 564px\" \/><\/a><\/figure>\n<figcaption class=\"blocks-gallery-caption wp-element-caption\"><sup>\u00a9 Pinterest &#8211; Cd\u00e9co &#8211; Le journal de la Maison &#8211; Petite LiLy Interiors<\/sup><\/figcaption><\/figure>\n\n\n\n<h2 class=\"wp-block-heading\" id=\"h-les-accessoires-incontournables-pour-un-interieur-dans-ce-style\"><span id=\"les-accessoires-incontournables-pour-un-interieur-dans-ce-style\">Les accessoires incontournables pour un  int\u00e9rieur dans ce style<\/span><\/h2>\n\n\n\n<p>Plusieurs petits \u00e9l\u00e9ments de d\u00e9co se retrouvent dans la <strong>d\u00e9co boh\u00e8me chic<\/strong>. Sur les murs, l&rsquo;artisanat s&rsquo;affiche fi\u00e8rement : broderies, macram\u00e9, chapeaux de paille faits main ramen\u00e9s de voyage, etc. C&rsquo;est l&rsquo;occasion parfaite pour <a href=\"https:\/\/pipcke.fr\/idees-deco\/astuces-deco-et-diy\/idees-et-astuces-pour-recycler-objets-en-deco-murale\/\" target=\"_blank\" rel=\"noreferrer noopener\">recycler des objets en d\u00e9co murale<\/a>.<\/p>\n\n\n\n<p>Vous pouvez aussi encadrer de <strong>jolies affiches vintages<\/strong> ou bien accrocher un ensemble de <strong>miroirs chin\u00e9s dans des brocantes<\/strong>.<\/p>\n\n\n\n<figure class=\"wp-block-gallery has-nested-images columns-2 is-cropped wp-block-gallery-3 is-layout-flex wp-block-gallery-is-layout-flex\">\n<figure class=\"wp-block-image size-large\"><a href=\"https:\/\/pipcke.fr\/idees-deco\/wp-content\/uploads\/2022\/01\/deco-boheme-chic-deco-murale-ensemble.jpeg\"><img loading=\"lazy\" decoding=\"async\" width=\"564\" height=\"564\" data-id=\"5293\" src=\"https:\/\/pipcke.fr\/idees-deco\/wp-content\/uploads\/2022\/01\/deco-boheme-chic-deco-murale-ensemble.jpeg\" alt=\"mur de cadres de couleur rose poudr\u00e9 au dessus d'un canap\u00e9 d'angle blanc d'inspiration boh\u00e8me chic\" class=\"wp-image-5293\" srcset=\"https:\/\/pipcke.fr\/idees-deco\/wp-content\/uploads\/2022\/01\/deco-boheme-chic-deco-murale-ensemble.jpeg 564w, https:\/\/pipcke.fr\/idees-deco\/wp-content\/uploads\/2022\/01\/deco-boheme-chic-deco-murale-ensemble-80x80.jpeg 80w, https:\/\/pipcke.fr\/idees-deco\/wp-content\/uploads\/2022\/01\/deco-boheme-chic-deco-murale-ensemble-120x120.jpeg 120w, https:\/\/pipcke.fr\/idees-deco\/wp-content\/uploads\/2022\/01\/deco-boheme-chic-deco-murale-ensemble-90x90.jpeg 90w, https:\/\/pipcke.fr\/idees-deco\/wp-content\/uploads\/2022\/01\/deco-boheme-chic-deco-murale-ensemble-320x320.jpeg 320w, https:\/\/pipcke.fr\/idees-deco\/wp-content\/uploads\/2022\/01\/deco-boheme-chic-deco-murale-ensemble-560x560.jpeg 560w\" sizes=\"auto, (max-width: 564px) 100vw, 564px\" \/><\/a><\/figure>\n\n\n\n<figure class=\"wp-block-image size-large\"><a href=\"https:\/\/pipcke.fr\/idees-deco\/wp-content\/uploads\/2022\/01\/deco-boheme-chic-mur-miroirs.jpeg\"><img loading=\"lazy\" decoding=\"async\" width=\"564\" height=\"564\" data-id=\"5297\" src=\"https:\/\/pipcke.fr\/idees-deco\/wp-content\/uploads\/2022\/01\/deco-boheme-chic-mur-miroirs.jpeg\" alt=\"miroirs en osier d'inspiration boh\u00e8me chic sur le mur d'un salon\" class=\"wp-image-5297\" srcset=\"https:\/\/pipcke.fr\/idees-deco\/wp-content\/uploads\/2022\/01\/deco-boheme-chic-mur-miroirs.jpeg 564w, https:\/\/pipcke.fr\/idees-deco\/wp-content\/uploads\/2022\/01\/deco-boheme-chic-mur-miroirs-80x80.jpeg 80w, https:\/\/pipcke.fr\/idees-deco\/wp-content\/uploads\/2022\/01\/deco-boheme-chic-mur-miroirs-120x120.jpeg 120w, https:\/\/pipcke.fr\/idees-deco\/wp-content\/uploads\/2022\/01\/deco-boheme-chic-mur-miroirs-90x90.jpeg 90w, https:\/\/pipcke.fr\/idees-deco\/wp-content\/uploads\/2022\/01\/deco-boheme-chic-mur-miroirs-320x320.jpeg 320w, https:\/\/pipcke.fr\/idees-deco\/wp-content\/uploads\/2022\/01\/deco-boheme-chic-mur-miroirs-560x560.jpeg 560w\" sizes=\"auto, (max-width: 564px) 100vw, 564px\" \/><\/a><\/figure>\n\n\n\n<figure class=\"wp-block-image size-large\"><a href=\"https:\/\/pipcke.fr\/idees-deco\/wp-content\/uploads\/2022\/01\/deco-boheme-chic-tableaux-mur.jpeg\"><img loading=\"lazy\" decoding=\"async\" width=\"564\" height=\"846\" data-id=\"5298\" src=\"https:\/\/pipcke.fr\/idees-deco\/wp-content\/uploads\/2022\/01\/deco-boheme-chic-tableaux-mur.jpeg\" alt=\"tableaux de couleur rose pastel au mur au dessus d'un canap\u00e9 sur un tapis en laine boucl\u00e9e\" class=\"wp-image-5298\" srcset=\"https:\/\/pipcke.fr\/idees-deco\/wp-content\/uploads\/2022\/01\/deco-boheme-chic-tableaux-mur.jpeg 564w, https:\/\/pipcke.fr\/idees-deco\/wp-content\/uploads\/2022\/01\/deco-boheme-chic-tableaux-mur-120x180.jpeg 120w, https:\/\/pipcke.fr\/idees-deco\/wp-content\/uploads\/2022\/01\/deco-boheme-chic-tableaux-mur-90x135.jpeg 90w, https:\/\/pipcke.fr\/idees-deco\/wp-content\/uploads\/2022\/01\/deco-boheme-chic-tableaux-mur-320x480.jpeg 320w, https:\/\/pipcke.fr\/idees-deco\/wp-content\/uploads\/2022\/01\/deco-boheme-chic-tableaux-mur-560x840.jpeg 560w\" sizes=\"auto, (max-width: 564px) 100vw, 564px\" \/><\/a><\/figure>\n\n\n\n<figure class=\"wp-block-image size-large\"><a href=\"https:\/\/pipcke.fr\/idees-deco\/wp-content\/uploads\/2022\/01\/deco-boheme-chic-deco-murale.jpeg\"><img loading=\"lazy\" decoding=\"async\" width=\"564\" height=\"846\" data-id=\"5294\" src=\"https:\/\/pipcke.fr\/idees-deco\/wp-content\/uploads\/2022\/01\/deco-boheme-chic-deco-murale.jpeg\" alt=\"macram\u00e9 et chapeau sur le mur au dessus d'un fauteuil en osier pour d\u00e9corer un salon boh\u00e8me chic\" class=\"wp-image-5294\" srcset=\"https:\/\/pipcke.fr\/idees-deco\/wp-content\/uploads\/2022\/01\/deco-boheme-chic-deco-murale.jpeg 564w, https:\/\/pipcke.fr\/idees-deco\/wp-content\/uploads\/2022\/01\/deco-boheme-chic-deco-murale-120x180.jpeg 120w, https:\/\/pipcke.fr\/idees-deco\/wp-content\/uploads\/2022\/01\/deco-boheme-chic-deco-murale-90x135.jpeg 90w, https:\/\/pipcke.fr\/idees-deco\/wp-content\/uploads\/2022\/01\/deco-boheme-chic-deco-murale-320x480.jpeg 320w, https:\/\/pipcke.fr\/idees-deco\/wp-content\/uploads\/2022\/01\/deco-boheme-chic-deco-murale-560x840.jpeg 560w\" sizes=\"auto, (max-width: 564px) 100vw, 564px\" \/><\/a><\/figure>\n<figcaption class=\"blocks-gallery-caption wp-element-caption\"><sup>\u00a9 Etsy &#8211; Madame D\u00e9co &#8211; Pinterest<\/sup><\/figcaption><\/figure>\n\n\n\n<p>Un autre \u00e9l\u00e9ment incontournable de la <strong>d\u00e9coration boh\u00e8me chic<\/strong> : le tapis ! On en trouve dans toutes les pi\u00e8ces de la maison. De pr\u00e9f\u00e9rence en laine et artisanal, le tapis ethnique est la marque de fabrique de ce style.<\/p>\n\n\n\n<p>Ces <a href=\"https:\/\/pipcke.fr\/idees-deco\/inspirations-deco\/tapis-tendance\/\" target=\"_blank\" rel=\"noreferrer noopener\">tapis tendance<\/a> peuvent cependant parfois \u00eatre on\u00e9reux. On peut alors leur pr\u00e9f\u00e9rer une version en jute, plus accessible.<\/p>\n\n\n\n<figure class=\"wp-block-gallery has-nested-images columns-default is-cropped wp-block-gallery-4 is-layout-flex wp-block-gallery-is-layout-flex\">\n<figure class=\"wp-block-image size-large\"><a href=\"https:\/\/pipcke.fr\/idees-deco\/wp-content\/uploads\/2022\/01\/deco-boheme-chic-tapis-jute.jpeg\"><img loading=\"lazy\" decoding=\"async\" width=\"564\" height=\"694\" data-id=\"5290\" src=\"https:\/\/pipcke.fr\/idees-deco\/wp-content\/uploads\/2022\/01\/deco-boheme-chic-tapis-jute.jpeg\" alt=\"tapis en jute et mobilier en osier pour une d\u00e9co boh\u00e8me chic dans un salon lumineux\" class=\"wp-image-5290\" srcset=\"https:\/\/pipcke.fr\/idees-deco\/wp-content\/uploads\/2022\/01\/deco-boheme-chic-tapis-jute.jpeg 564w, https:\/\/pipcke.fr\/idees-deco\/wp-content\/uploads\/2022\/01\/deco-boheme-chic-tapis-jute-120x148.jpeg 120w, https:\/\/pipcke.fr\/idees-deco\/wp-content\/uploads\/2022\/01\/deco-boheme-chic-tapis-jute-90x111.jpeg 90w, https:\/\/pipcke.fr\/idees-deco\/wp-content\/uploads\/2022\/01\/deco-boheme-chic-tapis-jute-320x394.jpeg 320w, https:\/\/pipcke.fr\/idees-deco\/wp-content\/uploads\/2022\/01\/deco-boheme-chic-tapis-jute-560x689.jpeg 560w\" sizes=\"auto, (max-width: 564px) 100vw, 564px\" \/><\/a><\/figure>\n\n\n\n<figure class=\"wp-block-image size-large\"><a href=\"https:\/\/pipcke.fr\/idees-deco\/wp-content\/uploads\/2022\/01\/deco-boheme-chic-tapis-ethnique.jpeg\"><img loading=\"lazy\" decoding=\"async\" width=\"564\" height=\"846\" data-id=\"5291\" src=\"https:\/\/pipcke.fr\/idees-deco\/wp-content\/uploads\/2022\/01\/deco-boheme-chic-tapis-ethnique.jpeg\" alt=\"tapis kilim sous un canap\u00e9 boh\u00e8me chic en osier\" class=\"wp-image-5291\" srcset=\"https:\/\/pipcke.fr\/idees-deco\/wp-content\/uploads\/2022\/01\/deco-boheme-chic-tapis-ethnique.jpeg 564w, https:\/\/pipcke.fr\/idees-deco\/wp-content\/uploads\/2022\/01\/deco-boheme-chic-tapis-ethnique-120x180.jpeg 120w, https:\/\/pipcke.fr\/idees-deco\/wp-content\/uploads\/2022\/01\/deco-boheme-chic-tapis-ethnique-90x135.jpeg 90w, https:\/\/pipcke.fr\/idees-deco\/wp-content\/uploads\/2022\/01\/deco-boheme-chic-tapis-ethnique-320x480.jpeg 320w, https:\/\/pipcke.fr\/idees-deco\/wp-content\/uploads\/2022\/01\/deco-boheme-chic-tapis-ethnique-560x840.jpeg 560w\" sizes=\"auto, (max-width: 564px) 100vw, 564px\" \/><\/a><\/figure>\n\n\n\n<figure class=\"wp-block-image size-large\"><a href=\"https:\/\/pipcke.fr\/idees-deco\/wp-content\/uploads\/2022\/01\/deco-boheme-chic-tapis-salon-jute.jpeg\"><img loading=\"lazy\" decoding=\"async\" width=\"564\" height=\"770\" data-id=\"5292\" src=\"https:\/\/pipcke.fr\/idees-deco\/wp-content\/uploads\/2022\/01\/deco-boheme-chic-tapis-salon-jute.jpeg\" alt=\"tapis en jonc de mer sous un canap\u00e9 d'angle blanc dans un salon d\u00e9co boh\u00e8me chic\" class=\"wp-image-5292\" srcset=\"https:\/\/pipcke.fr\/idees-deco\/wp-content\/uploads\/2022\/01\/deco-boheme-chic-tapis-salon-jute.jpeg 564w, https:\/\/pipcke.fr\/idees-deco\/wp-content\/uploads\/2022\/01\/deco-boheme-chic-tapis-salon-jute-120x164.jpeg 120w, https:\/\/pipcke.fr\/idees-deco\/wp-content\/uploads\/2022\/01\/deco-boheme-chic-tapis-salon-jute-90x123.jpeg 90w, https:\/\/pipcke.fr\/idees-deco\/wp-content\/uploads\/2022\/01\/deco-boheme-chic-tapis-salon-jute-320x437.jpeg 320w, https:\/\/pipcke.fr\/idees-deco\/wp-content\/uploads\/2022\/01\/deco-boheme-chic-tapis-salon-jute-560x765.jpeg 560w\" sizes=\"auto, (max-width: 564px) 100vw, 564px\" \/><\/a><\/figure>\n<figcaption class=\"blocks-gallery-caption wp-element-caption\"><sup>\u00a9 Leroy Merlin &#8211; Urban Outfitters &#8211; Pinterest<\/sup><\/figcaption><\/figure>\n\n\n\n<h2 class=\"wp-block-heading\" id=\"h-comment-decorer-une-chambre-boheme-chic\"><span id=\"comment-decorer-une-chambre-boheme-chic\">Comment d\u00e9corer une chambre boh\u00e8me chic?<\/span><\/h2>\n\n\n\n<p>Dans la chambre, la <strong>tendance est plus que jamais aux teintes claires et douces<\/strong>. L&rsquo;id\u00e9e est de cr\u00e9er une atmosph\u00e8re chaleureuse et romantique. Le blanc, le beige ou le rose clair s&rsquo;accordent d&rsquo;ailleurs parfaitement au bois ou aux \u00e9l\u00e9ments en cannage (chaises, lustres) de la d\u00e9co boh\u00e8me chic&#8230; Mais aussi \u00e0 une table de nuit ou un petit tabouret en bambou, ou un <a href=\"https:\/\/pipcke.fr\/idees-deco\/conseils-de-decorateurs\/meuble-en-rotin\/\" target=\"_blank\" rel=\"noreferrer noopener\">meuble en rotin<\/a>.<\/p>\n\n\n\n<p>Pour changer, on peut aussi se laisser tenter par une chambre d\u00e9cor\u00e9e dans les tons gris souris ou vert d&rsquo;eau. Sur le lit, quelques <a href=\"https:\/\/pipcke.fr\/idees-deco\/astuces-deco-et-diy\/coussins-diy\/\" target=\"_blank\" rel=\"noreferrer noopener\">coussins DIY<\/a> ou un pardessus aux imprim\u00e9s ethniques viennent ajouter la touche folk.<\/p>\n\n\n\n<p>N&rsquo;oubliez pas d&rsquo;ajouter quelques plantes ou <a href=\"https:\/\/pipcke.fr\/idees-deco\/conseils-de-decorateurs\/fleurs-sechees-deco\/\" target=\"_blank\" rel=\"noreferrer noopener\">fleurs s\u00e9ch\u00e9es d\u00e9co<\/a> (vraies ou tiss\u00e9es en macram\u00e9) pour <a href=\"https:\/\/pipcke.fr\/idees-deco\/conseils-de-decorateurs\/decorer-un-mur-vide\/\" target=\"_blank\" rel=\"noreferrer noopener\">d\u00e9corer un mur vide<\/a>, des \u00e9tag\u00e8res ou commodes pour le c\u00f4t\u00e9 champ\u00eatre!<\/p>\n\n\n\n<figure class=\"wp-block-gallery has-nested-images columns-default is-cropped wp-block-gallery-5 is-layout-flex wp-block-gallery-is-layout-flex\">\n<figure class=\"wp-block-image size-large\"><a href=\"https:\/\/pipcke.fr\/idees-deco\/wp-content\/uploads\/2022\/01\/deco-boheme-chic-chambre-macrame.jpeg\"><img loading=\"lazy\" decoding=\"async\" width=\"564\" height=\"846\" data-id=\"5272\" src=\"https:\/\/pipcke.fr\/idees-deco\/wp-content\/uploads\/2022\/01\/deco-boheme-chic-chambre-macrame.jpeg\" alt=\"d\u00e9co boh\u00e8me chic avec tapis rond en macram\u00e9 et pampas en pots\" class=\"wp-image-5272\" srcset=\"https:\/\/pipcke.fr\/idees-deco\/wp-content\/uploads\/2022\/01\/deco-boheme-chic-chambre-macrame.jpeg 564w, https:\/\/pipcke.fr\/idees-deco\/wp-content\/uploads\/2022\/01\/deco-boheme-chic-chambre-macrame-120x180.jpeg 120w, https:\/\/pipcke.fr\/idees-deco\/wp-content\/uploads\/2022\/01\/deco-boheme-chic-chambre-macrame-90x135.jpeg 90w, https:\/\/pipcke.fr\/idees-deco\/wp-content\/uploads\/2022\/01\/deco-boheme-chic-chambre-macrame-320x480.jpeg 320w, https:\/\/pipcke.fr\/idees-deco\/wp-content\/uploads\/2022\/01\/deco-boheme-chic-chambre-macrame-560x840.jpeg 560w\" sizes=\"auto, (max-width: 564px) 100vw, 564px\" \/><\/a><\/figure>\n\n\n\n<figure class=\"wp-block-image size-large\"><a href=\"https:\/\/pipcke.fr\/idees-deco\/wp-content\/uploads\/2022\/01\/deco-boheme-chic-coussins-deco-murale.jpeg\"><img loading=\"lazy\" decoding=\"async\" width=\"540\" height=\"540\" data-id=\"5274\" src=\"https:\/\/pipcke.fr\/idees-deco\/wp-content\/uploads\/2022\/01\/deco-boheme-chic-coussins-deco-murale.jpeg\" alt=\"t\u00eate de lit en osier dans chambre d\u00e9co boh\u00e8me chic aux tons roses\" class=\"wp-image-5274\" srcset=\"https:\/\/pipcke.fr\/idees-deco\/wp-content\/uploads\/2022\/01\/deco-boheme-chic-coussins-deco-murale.jpeg 540w, https:\/\/pipcke.fr\/idees-deco\/wp-content\/uploads\/2022\/01\/deco-boheme-chic-coussins-deco-murale-80x80.jpeg 80w, https:\/\/pipcke.fr\/idees-deco\/wp-content\/uploads\/2022\/01\/deco-boheme-chic-coussins-deco-murale-120x120.jpeg 120w, https:\/\/pipcke.fr\/idees-deco\/wp-content\/uploads\/2022\/01\/deco-boheme-chic-coussins-deco-murale-90x90.jpeg 90w, https:\/\/pipcke.fr\/idees-deco\/wp-content\/uploads\/2022\/01\/deco-boheme-chic-coussins-deco-murale-320x320.jpeg 320w\" sizes=\"auto, (max-width: 540px) 100vw, 540px\" \/><\/a><\/figure>\n\n\n\n<figure class=\"wp-block-image size-large\"><a href=\"https:\/\/pipcke.fr\/idees-deco\/wp-content\/uploads\/2022\/01\/deco-boheme-chic-chambre-miroir.jpeg\"><img loading=\"lazy\" decoding=\"async\" width=\"321\" height=\"400\" data-id=\"5273\" src=\"https:\/\/pipcke.fr\/idees-deco\/wp-content\/uploads\/2022\/01\/deco-boheme-chic-chambre-miroir.jpeg\" alt=\"d\u00e9co boh\u00e8me chic de chambre avec grand miroir classique\" class=\"wp-image-5273\" srcset=\"https:\/\/pipcke.fr\/idees-deco\/wp-content\/uploads\/2022\/01\/deco-boheme-chic-chambre-miroir.jpeg 321w, https:\/\/pipcke.fr\/idees-deco\/wp-content\/uploads\/2022\/01\/deco-boheme-chic-chambre-miroir-120x150.jpeg 120w, https:\/\/pipcke.fr\/idees-deco\/wp-content\/uploads\/2022\/01\/deco-boheme-chic-chambre-miroir-90x112.jpeg 90w\" sizes=\"auto, (max-width: 321px) 100vw, 321px\" \/><\/a><\/figure>\n\n\n\n<figure class=\"wp-block-image size-large\"><a href=\"https:\/\/pipcke.fr\/idees-deco\/wp-content\/uploads\/2022\/01\/deco-boheme-chic-chambre-beige-gris.jpeg\"><img loading=\"lazy\" decoding=\"async\" width=\"564\" height=\"846\" data-id=\"5271\" src=\"https:\/\/pipcke.fr\/idees-deco\/wp-content\/uploads\/2022\/01\/deco-boheme-chic-chambre-beige-gris.jpeg\" alt=\"pampas et suspensions en osier pour une d\u00e9co boh\u00e8me chic de chambre\" class=\"wp-image-5271\" srcset=\"https:\/\/pipcke.fr\/idees-deco\/wp-content\/uploads\/2022\/01\/deco-boheme-chic-chambre-beige-gris.jpeg 564w, https:\/\/pipcke.fr\/idees-deco\/wp-content\/uploads\/2022\/01\/deco-boheme-chic-chambre-beige-gris-120x180.jpeg 120w, https:\/\/pipcke.fr\/idees-deco\/wp-content\/uploads\/2022\/01\/deco-boheme-chic-chambre-beige-gris-90x135.jpeg 90w, https:\/\/pipcke.fr\/idees-deco\/wp-content\/uploads\/2022\/01\/deco-boheme-chic-chambre-beige-gris-320x480.jpeg 320w, https:\/\/pipcke.fr\/idees-deco\/wp-content\/uploads\/2022\/01\/deco-boheme-chic-chambre-beige-gris-560x840.jpeg 560w\" sizes=\"auto, (max-width: 564px) 100vw, 564px\" \/><\/a><\/figure>\n<figcaption class=\"blocks-gallery-caption wp-element-caption\"><sup>\u00a9 Pinterest &#8211; Cd\u00e9co &#8211; Marie-Claire Maison<\/sup><\/figcaption><\/figure>\n\n\n\n<p>Vous \u00eates adapte du cosy et douillet? D\u00e9couvrez nos id\u00e9es et astuces pour votre <a href=\"https:\/\/pipcke.fr\/idees-deco\/inspirations-deco\/decoration-chambre-cocooning\/\" target=\"_blank\" rel=\"noreferrer noopener\">d\u00e9coration chambre cocooning<\/a> parfaite pour les mois froids.<\/p>\n\n\n\n<h2 class=\"wp-block-heading\" id=\"h-amenager-sa-salle-de-bains-dans-la-meme-ambiance\"><span id=\"amenager-sa-salle-de-bains-dans-la-meme-ambiance\">Am\u00e9nager sa salle de bains dans la m\u00eame ambiance<\/span><\/h2>\n\n\n\n<p>Dans une <strong>salle de bains d\u00e9co boh\u00e8me chic<\/strong>, l&rsquo;\u00e9clairage est particuli\u00e8rement \u00e0 soigner. On privil\u00e9gie au maximum la lumi\u00e8re naturelle, en laissant d\u00e9gag\u00e9es les ouvertures (fen\u00eatres ou velux).<\/p>\n\n\n\n<p>Un grand miroir rond, plac\u00e9 au-dessus du lavabo, permet de refl\u00e9ter la lumi\u00e8re dans la pi\u00e8ce. Pour le choix du mobilier (meuble sous-vasque, rangements, porte-serviettes), le bois est roi.<\/p>\n\n\n\n<figure class=\"wp-block-image size-large\"><a href=\"https:\/\/pipcke.fr\/concept\"><img loading=\"lazy\" decoding=\"async\" width=\"1160\" height=\"387\" src=\"https:\/\/pipcke.fr\/idees-deco\/wp-content\/uploads\/2023\/11\/lancer-mon-projet-picto-1160x387.png\" alt=\"banni\u00e8re lancer mon projet\" class=\"wp-image-8957\" srcset=\"https:\/\/pipcke.fr\/idees-deco\/wp-content\/uploads\/2023\/11\/lancer-mon-projet-picto-1160x387.png 1160w, https:\/\/pipcke.fr\/idees-deco\/wp-content\/uploads\/2023\/11\/lancer-mon-projet-picto-800x267.png 800w, https:\/\/pipcke.fr\/idees-deco\/wp-content\/uploads\/2023\/11\/lancer-mon-projet-picto-120x40.png 120w, https:\/\/pipcke.fr\/idees-deco\/wp-content\/uploads\/2023\/11\/lancer-mon-projet-picto-90x30.png 90w, https:\/\/pipcke.fr\/idees-deco\/wp-content\/uploads\/2023\/11\/lancer-mon-projet-picto-320x107.png 320w, https:\/\/pipcke.fr\/idees-deco\/wp-content\/uploads\/2023\/11\/lancer-mon-projet-picto-560x187.png 560w, https:\/\/pipcke.fr\/idees-deco\/wp-content\/uploads\/2023\/11\/lancer-mon-projet-picto.png 1500w\" sizes=\"auto, (max-width: 1160px) 100vw, 1160px\" \/><\/a><\/figure>\n\n\n\n<p><strong>Pr\u00e9f\u00e9rez des mat\u00e9riaux nobles et un design raffin\u00e9<\/strong>, pour rester dans un esprit chic. Les formes arrondies et douces sont aussi majoritaires dans cette pi\u00e8ce. Ainsi, la baignoire et son petit tabouret d&rsquo;appoint seront plut\u00f4t choisis ovales par exemple. <\/p>\n\n\n\n<p><strong>Pensez aussi aux touches de naturel<\/strong> : du v\u00e9g\u00e9tal bien s\u00fbr, mais aussi une suspension ajour\u00e9e en cannage, ou encore quelques galets dispos\u00e9s \u00e7\u00e0 et l\u00e0. Enfin, un joli tapis de bain \u00e0 motifs viendra ajouter la touche ethnique \u00e0 votre <strong>salle de bains d\u00e9coration boh\u00e8me chic<\/strong>.<\/p>\n\n\n\n<p>Explorez notre guide pour r\u00e9ussir votre <a href=\"https:\/\/pipcke.fr\/idees-deco\/conseils-de-decorateurs\/deco-murale-naturelle\/\" target=\"_blank\" rel=\"noreferrer noopener\">d\u00e9coration murale naturelle<\/a> et faites le plein d&rsquo;id\u00e9es et d&rsquo;inspiration.<\/p>\n\n\n\n<figure class=\"wp-block-gallery has-nested-images columns-2 is-cropped wp-block-gallery-6 is-layout-flex wp-block-gallery-is-layout-flex\">\n<figure class=\"wp-block-image size-large\"><a href=\"https:\/\/pipcke.fr\/idees-deco\/wp-content\/uploads\/2022\/01\/deco-boheme-chic-salle-de-bains-suspension.jpeg\"><img loading=\"lazy\" decoding=\"async\" width=\"564\" height=\"846\" data-id=\"5288\" src=\"https:\/\/pipcke.fr\/idees-deco\/wp-content\/uploads\/2022\/01\/deco-boheme-chic-salle-de-bains-suspension.jpeg\" alt=\"suspension en cannage et fleurs s\u00e9ch\u00e9es dans un vase en c\u00e9ramique dans une salle de bains\" class=\"wp-image-5288\" srcset=\"https:\/\/pipcke.fr\/idees-deco\/wp-content\/uploads\/2022\/01\/deco-boheme-chic-salle-de-bains-suspension.jpeg 564w, https:\/\/pipcke.fr\/idees-deco\/wp-content\/uploads\/2022\/01\/deco-boheme-chic-salle-de-bains-suspension-120x180.jpeg 120w, https:\/\/pipcke.fr\/idees-deco\/wp-content\/uploads\/2022\/01\/deco-boheme-chic-salle-de-bains-suspension-90x135.jpeg 90w, https:\/\/pipcke.fr\/idees-deco\/wp-content\/uploads\/2022\/01\/deco-boheme-chic-salle-de-bains-suspension-320x480.jpeg 320w, https:\/\/pipcke.fr\/idees-deco\/wp-content\/uploads\/2022\/01\/deco-boheme-chic-salle-de-bains-suspension-560x840.jpeg 560w\" sizes=\"auto, (max-width: 564px) 100vw, 564px\" \/><\/a><\/figure>\n\n\n\n<figure class=\"wp-block-image size-large\"><a href=\"https:\/\/pipcke.fr\/idees-deco\/wp-content\/uploads\/2022\/01\/deco-boheme-chic-salle-de-bains-bois.jpeg\"><img loading=\"lazy\" decoding=\"async\" width=\"563\" height=\"407\" data-id=\"5287\" src=\"https:\/\/pipcke.fr\/idees-deco\/wp-content\/uploads\/2022\/01\/deco-boheme-chic-salle-de-bains-bois.jpeg\" alt=\"mobilier sous vasque vintage en bois dans une salle de bains au murs en fa\u00efence\" class=\"wp-image-5287\" srcset=\"https:\/\/pipcke.fr\/idees-deco\/wp-content\/uploads\/2022\/01\/deco-boheme-chic-salle-de-bains-bois.jpeg 563w, https:\/\/pipcke.fr\/idees-deco\/wp-content\/uploads\/2022\/01\/deco-boheme-chic-salle-de-bains-bois-120x87.jpeg 120w, https:\/\/pipcke.fr\/idees-deco\/wp-content\/uploads\/2022\/01\/deco-boheme-chic-salle-de-bains-bois-90x65.jpeg 90w, https:\/\/pipcke.fr\/idees-deco\/wp-content\/uploads\/2022\/01\/deco-boheme-chic-salle-de-bains-bois-320x231.jpeg 320w, https:\/\/pipcke.fr\/idees-deco\/wp-content\/uploads\/2022\/01\/deco-boheme-chic-salle-de-bains-bois-560x405.jpeg 560w\" sizes=\"auto, (max-width: 563px) 100vw, 563px\" \/><\/a><\/figure>\n\n\n\n<figure class=\"wp-block-image size-large\"><a href=\"https:\/\/pipcke.fr\/idees-deco\/wp-content\/uploads\/2022\/01\/deco-boheme-chic-salle-de-bains-ethnique.jpeg\"><img loading=\"lazy\" decoding=\"async\" width=\"564\" height=\"699\" data-id=\"5289\" src=\"https:\/\/pipcke.fr\/idees-deco\/wp-content\/uploads\/2022\/01\/deco-boheme-chic-salle-de-bains-ethnique.jpeg\" alt=\"tapis ethnique sous une baignoire blanche en c\u00e9ramique dans une salle de bains d\u00e9cor\u00e9e de plantes vertes\" class=\"wp-image-5289\" srcset=\"https:\/\/pipcke.fr\/idees-deco\/wp-content\/uploads\/2022\/01\/deco-boheme-chic-salle-de-bains-ethnique.jpeg 564w, https:\/\/pipcke.fr\/idees-deco\/wp-content\/uploads\/2022\/01\/deco-boheme-chic-salle-de-bains-ethnique-120x149.jpeg 120w, https:\/\/pipcke.fr\/idees-deco\/wp-content\/uploads\/2022\/01\/deco-boheme-chic-salle-de-bains-ethnique-90x112.jpeg 90w, https:\/\/pipcke.fr\/idees-deco\/wp-content\/uploads\/2022\/01\/deco-boheme-chic-salle-de-bains-ethnique-320x397.jpeg 320w, https:\/\/pipcke.fr\/idees-deco\/wp-content\/uploads\/2022\/01\/deco-boheme-chic-salle-de-bains-ethnique-560x694.jpeg 560w\" sizes=\"auto, (max-width: 564px) 100vw, 564px\" \/><\/a><\/figure>\n\n\n\n<figure class=\"wp-block-image size-large\"><a href=\"https:\/\/pipcke.fr\/idees-deco\/wp-content\/uploads\/2022\/01\/deco-boheme-chic-salle-de-bains-baignoire.jpeg\"><img loading=\"lazy\" decoding=\"async\" width=\"564\" height=\"846\" data-id=\"5286\" src=\"https:\/\/pipcke.fr\/idees-deco\/wp-content\/uploads\/2022\/01\/deco-boheme-chic-salle-de-bains-baignoire.jpeg\" alt=\"baignoire en c\u00e9ramique dans une salle de bains d\u00e9co boh\u00e8me chic\" class=\"wp-image-5286\" srcset=\"https:\/\/pipcke.fr\/idees-deco\/wp-content\/uploads\/2022\/01\/deco-boheme-chic-salle-de-bains-baignoire.jpeg 564w, https:\/\/pipcke.fr\/idees-deco\/wp-content\/uploads\/2022\/01\/deco-boheme-chic-salle-de-bains-baignoire-120x180.jpeg 120w, https:\/\/pipcke.fr\/idees-deco\/wp-content\/uploads\/2022\/01\/deco-boheme-chic-salle-de-bains-baignoire-90x135.jpeg 90w, https:\/\/pipcke.fr\/idees-deco\/wp-content\/uploads\/2022\/01\/deco-boheme-chic-salle-de-bains-baignoire-320x480.jpeg 320w, https:\/\/pipcke.fr\/idees-deco\/wp-content\/uploads\/2022\/01\/deco-boheme-chic-salle-de-bains-baignoire-560x840.jpeg 560w\" sizes=\"auto, (max-width: 564px) 100vw, 564px\" \/><\/a><\/figure>\n<figcaption class=\"blocks-gallery-caption wp-element-caption\"><sup>\u00a9 <a href=\"https:\/\/www.pinterest.com\" target=\"_blank\" rel=\"noreferrer noopener\">Pinterest<\/a> &#8211; Leroy Merlin<\/sup><\/figcaption><\/figure>\n\n\n\n<p>Vous avez fait le plein d&rsquo;id\u00e9es et d&rsquo;inspiration pour <strong>r\u00e9ussir votre d\u00e9co boh\u00e8me chic?<\/strong> Il ne vous reste plus qu&rsquo;\u00e0 d\u00e9couvrir <a href=\"https:\/\/pipcke.fr\/offres\" target=\"_blank\" rel=\"noreferrer noopener\"><strong>nos offres de d\u00e9coration en ligne<\/strong><\/a> et vous faire accompagner par l&rsquo;un de nos architectes d&rsquo;int\u00e9rieur pour l&rsquo;am\u00e9nagement de votre espace!<\/p>\n","protected":false},"excerpt":{"rendered":"<p>Vous souhaitez changer votre d\u00e9co pour un style qui met \u00e0 l&rsquo;honneur \u00e0 la fois le voyage, le romantisme et la nature? La d\u00e9co boh\u00e8me chic s&rsquo;inspire des int\u00e9rieurs folks&hellip;<\/p>\n","protected":false},"author":4,"featured_media":5303,"comment_status":"closed","ping_status":"closed","sticky":false,"template":"","format":"standard","meta":{"inline_featured_image":false,"footnotes":""},"categories":[27],"tags":[24,21,81,64,84,29,88,38,20,35,36,60,22,31],"powerkit_post_featured":[2,7,4,5,9],"class_list":{"0":"post-5270","1":"post","2":"type-post","3":"status-publish","4":"format-standard","5":"has-post-thumbnail","7":"category-inspirations-deco","8":"tag-boheme","9":"tag-chambre-adulte","10":"tag-chic","11":"tag-couleurs","12":"tag-deco","13":"tag-design","14":"tag-fleurs-plantes","15":"tag-idees","16":"tag-inspirations","17":"tag-mobilier","18":"tag-objets","19":"tag-salle-de-bains","20":"tag-salon","21":"tag-styles"},"yoast_head":"<!-- This site is optimized with the Yoast SEO Premium plugin v22.3 (Yoast SEO v27.9) - https:\/\/yoast.com\/product\/yoast-seo-premium-wordpress\/ -->\n<title>D\u00e9co boh\u00e8me chic : une r\u00e9v\u00e9lation de douceur et de raffinement<\/title>\n<meta name=\"description\" content=\"Notre guide vous invite \u00e0 cr\u00e9er un int\u00e9rieur chic et chaud. Explorez la d\u00e9coration boh\u00e8me chic, un m\u00e9lange subtil entre sobri\u00e9t\u00e9 et modernit\u00e9.\" \/>\n<meta name=\"robots\" content=\"index, follow, max-snippet:-1, max-image-preview:large, max-video-preview:-1\" \/>\n<link rel=\"canonical\" href=\"https:\/\/pipcke.fr\/idees-deco\/inspirations-deco\/deco-boheme-chic\/\" \/>\n<meta property=\"og:locale\" content=\"fr_FR\" \/>\n<meta property=\"og:type\" content=\"article\" \/>\n<meta property=\"og:title\" content=\"La d\u00e9co boh\u00e8me chic r\u00e9v\u00e8le les secrets d&#039;un style raffin\u00e9 moderne\" \/>\n<meta property=\"og:description\" content=\"Notre guide vous invite \u00e0 cr\u00e9er un int\u00e9rieur chic et chaud. Explorez la d\u00e9coration boh\u00e8me chic, un m\u00e9lange subtil entre sobri\u00e9t\u00e9 et modernit\u00e9.\" \/>\n<meta property=\"og:url\" content=\"https:\/\/pipcke.fr\/idees-deco\/inspirations-deco\/deco-boheme-chic\/\" \/>\n<meta property=\"og:site_name\" content=\"Pipcke\" \/>\n<meta property=\"article:publisher\" content=\"https:\/\/www.facebook.com\/Pipcke\" \/>\n<meta property=\"article:published_time\" content=\"2022-01-06T19:30:09+00:00\" \/>\n<meta property=\"article:modified_time\" content=\"2025-07-04T08:39:32+00:00\" \/>\n<meta property=\"og:image\" content=\"https:\/\/pipcke.fr\/idees-deco\/wp-content\/uploads\/2022\/01\/de\u0301co-bohe\u0300me-chic-dans-le-salon-avec-couleurs-fonce\u0301es.jpeg\" \/>\n\t<meta property=\"og:image:width\" content=\"747\" \/>\n\t<meta property=\"og:image:height\" content=\"1024\" \/>\n\t<meta property=\"og:image:type\" content=\"image\/jpeg\" \/>\n<meta name=\"author\" content=\"Pauline Rosa\" \/>\n<meta name=\"twitter:card\" content=\"summary_large_image\" \/>\n<meta name=\"twitter:creator\" content=\"@pipcke\" \/>\n<meta name=\"twitter:site\" content=\"@pipcke\" \/>\n<meta name=\"twitter:label1\" content=\"\u00c9crit par\" \/>\n\t<meta name=\"twitter:data1\" content=\"Pauline Rosa\" \/>\n\t<meta name=\"twitter:label2\" content=\"Dur\u00e9e de lecture estim\u00e9e\" \/>\n\t<meta name=\"twitter:data2\" content=\"10 minutes\" \/>\n<script type=\"application\/ld+json\" class=\"yoast-schema-graph\">{\"@context\":\"https:\\\/\\\/schema.org\",\"@graph\":[{\"@type\":[\"Article\",\"BlogPosting\"],\"@id\":\"https:\\\/\\\/pipcke.fr\\\/idees-deco\\\/inspirations-deco\\\/deco-boheme-chic\\\/#article\",\"isPartOf\":{\"@id\":\"https:\\\/\\\/pipcke.fr\\\/idees-deco\\\/inspirations-deco\\\/deco-boheme-chic\\\/\"},\"author\":{\"name\":\"Pauline Rosa\",\"@id\":\"https:\\\/\\\/pipcke.fr\\\/idees-deco\\\/#\\\/schema\\\/person\\\/0eccc3e128321071a88d76d775685a0d\"},\"headline\":\"La d\u00e9co boh\u00e8me chic r\u00e9v\u00e8le les secrets d&rsquo;un style raffin\u00e9 moderne\",\"datePublished\":\"2022-01-06T19:30:09+00:00\",\"dateModified\":\"2025-07-04T08:39:32+00:00\",\"mainEntityOfPage\":{\"@id\":\"https:\\\/\\\/pipcke.fr\\\/idees-deco\\\/inspirations-deco\\\/deco-boheme-chic\\\/\"},\"wordCount\":1032,\"publisher\":{\"@id\":\"https:\\\/\\\/pipcke.fr\\\/idees-deco\\\/#organization\"},\"image\":{\"@id\":\"https:\\\/\\\/pipcke.fr\\\/idees-deco\\\/inspirations-deco\\\/deco-boheme-chic\\\/#primaryimage\"},\"thumbnailUrl\":\"https:\\\/\\\/pipcke.fr\\\/idees-deco\\\/wp-content\\\/uploads\\\/2022\\\/01\\\/de\u0301co-bohe\u0300me-chic-dans-le-salon-avec-couleurs-fonce\u0301es.jpeg\",\"keywords\":[\"Boh\u00e8me\",\"Chambre adulte\",\"chic\",\"Couleurs\",\"d\u00e9co\",\"Design\",\"Fleurs &amp; plantes\",\"Id\u00e9es\",\"Inspirations\",\"Mobilier\",\"Objets\",\"Salle de bains\",\"Salon\",\"Styles\"],\"articleSection\":[\"Inspirations d\u00e9co\"],\"inLanguage\":\"fr-FR\"},{\"@type\":\"WebPage\",\"@id\":\"https:\\\/\\\/pipcke.fr\\\/idees-deco\\\/inspirations-deco\\\/deco-boheme-chic\\\/\",\"url\":\"https:\\\/\\\/pipcke.fr\\\/idees-deco\\\/inspirations-deco\\\/deco-boheme-chic\\\/\",\"name\":\"D\u00e9co boh\u00e8me chic : une r\u00e9v\u00e9lation de douceur et de raffinement\",\"isPartOf\":{\"@id\":\"https:\\\/\\\/pipcke.fr\\\/idees-deco\\\/#website\"},\"primaryImageOfPage\":{\"@id\":\"https:\\\/\\\/pipcke.fr\\\/idees-deco\\\/inspirations-deco\\\/deco-boheme-chic\\\/#primaryimage\"},\"image\":{\"@id\":\"https:\\\/\\\/pipcke.fr\\\/idees-deco\\\/inspirations-deco\\\/deco-boheme-chic\\\/#primaryimage\"},\"thumbnailUrl\":\"https:\\\/\\\/pipcke.fr\\\/idees-deco\\\/wp-content\\\/uploads\\\/2022\\\/01\\\/de\u0301co-bohe\u0300me-chic-dans-le-salon-avec-couleurs-fonce\u0301es.jpeg\",\"datePublished\":\"2022-01-06T19:30:09+00:00\",\"dateModified\":\"2025-07-04T08:39:32+00:00\",\"description\":\"Notre guide vous invite \u00e0 cr\u00e9er un int\u00e9rieur chic et chaud. Explorez la d\u00e9coration boh\u00e8me chic, un m\u00e9lange subtil entre sobri\u00e9t\u00e9 et modernit\u00e9.\",\"breadcrumb\":{\"@id\":\"https:\\\/\\\/pipcke.fr\\\/idees-deco\\\/inspirations-deco\\\/deco-boheme-chic\\\/#breadcrumb\"},\"inLanguage\":\"fr-FR\",\"potentialAction\":[{\"@type\":\"ReadAction\",\"target\":[\"https:\\\/\\\/pipcke.fr\\\/idees-deco\\\/inspirations-deco\\\/deco-boheme-chic\\\/\"]}]},{\"@type\":\"ImageObject\",\"inLanguage\":\"fr-FR\",\"@id\":\"https:\\\/\\\/pipcke.fr\\\/idees-deco\\\/inspirations-deco\\\/deco-boheme-chic\\\/#primaryimage\",\"url\":\"https:\\\/\\\/pipcke.fr\\\/idees-deco\\\/wp-content\\\/uploads\\\/2022\\\/01\\\/de\u0301co-bohe\u0300me-chic-dans-le-salon-avec-couleurs-fonce\u0301es.jpeg\",\"contentUrl\":\"https:\\\/\\\/pipcke.fr\\\/idees-deco\\\/wp-content\\\/uploads\\\/2022\\\/01\\\/de\u0301co-bohe\u0300me-chic-dans-le-salon-avec-couleurs-fonce\u0301es.jpeg\",\"width\":747,\"height\":1024,\"caption\":\"d\u00e9co boh\u00e8me chic dans un salon aux tons fonc\u00e9s d\u00e9cor\u00e9 de plantes vertes\"},{\"@type\":\"BreadcrumbList\",\"@id\":\"https:\\\/\\\/pipcke.fr\\\/idees-deco\\\/inspirations-deco\\\/deco-boheme-chic\\\/#breadcrumb\",\"itemListElement\":[{\"@type\":\"ListItem\",\"position\":1,\"name\":\"Accueil\",\"item\":\"https:\\\/\\\/pipcke.fr\\\/idees-deco\\\/\"},{\"@type\":\"ListItem\",\"position\":2,\"name\":\"Inspirations d\u00e9co\",\"item\":\"https:\\\/\\\/pipcke.fr\\\/idees-deco\\\/.\\\/inspirations-deco\\\/\"},{\"@type\":\"ListItem\",\"position\":3,\"name\":\"La d\u00e9co boh\u00e8me chic r\u00e9v\u00e8le les secrets d&rsquo;un style raffin\u00e9 moderne\"}]},{\"@type\":\"WebSite\",\"@id\":\"https:\\\/\\\/pipcke.fr\\\/idees-deco\\\/#website\",\"url\":\"https:\\\/\\\/pipcke.fr\\\/idees-deco\\\/\",\"name\":\"Pipcke\",\"description\":\"Id\u00e9es, conseils et inspirations d\u00e9co\",\"publisher\":{\"@id\":\"https:\\\/\\\/pipcke.fr\\\/idees-deco\\\/#organization\"},\"potentialAction\":[{\"@type\":\"SearchAction\",\"target\":{\"@type\":\"EntryPoint\",\"urlTemplate\":\"https:\\\/\\\/pipcke.fr\\\/idees-deco\\\/?s={search_term_string}\"},\"query-input\":{\"@type\":\"PropertyValueSpecification\",\"valueRequired\":true,\"valueName\":\"search_term_string\"}}],\"inLanguage\":\"fr-FR\"},{\"@type\":\"Organization\",\"@id\":\"https:\\\/\\\/pipcke.fr\\\/idees-deco\\\/#organization\",\"name\":\"PIPCKE\",\"alternateName\":\"PIPCKE\",\"url\":\"https:\\\/\\\/pipcke.fr\\\/idees-deco\\\/\",\"logo\":{\"@type\":\"ImageObject\",\"inLanguage\":\"fr-FR\",\"@id\":\"https:\\\/\\\/pipcke.fr\\\/idees-deco\\\/#\\\/schema\\\/logo\\\/image\\\/\",\"url\":\"https:\\\/\\\/pipcke.fr\\\/idees-deco\\\/wp-content\\\/uploads\\\/2020\\\/12\\\/logo-black.svg\",\"contentUrl\":\"https:\\\/\\\/pipcke.fr\\\/idees-deco\\\/wp-content\\\/uploads\\\/2020\\\/12\\\/logo-black.svg\",\"width\":524,\"height\":140,\"caption\":\"PIPCKE\"},\"image\":{\"@id\":\"https:\\\/\\\/pipcke.fr\\\/idees-deco\\\/#\\\/schema\\\/logo\\\/image\\\/\"},\"sameAs\":[\"https:\\\/\\\/www.facebook.com\\\/Pipcke\",\"https:\\\/\\\/x.com\\\/pipcke\",\"https:\\\/\\\/www.instagram.com\\\/pipcke.fr\\\/\",\"https:\\\/\\\/www.linkedin.com\\\/company\\\/pipcke\",\"https:\\\/\\\/www.pinterest.fr\\\/PIPCKE\\\/_created\\\/\",\"https:\\\/\\\/www.youtube.com\\\/channel\\\/UCaYnny5Q4k6HN1s3zr1Gazw\"],\"email\":\"hello@pipcke.fr\",\"telephone\":\"0184802084\",\"legalName\":\"Pipcke\"},{\"@type\":\"Person\",\"@id\":\"https:\\\/\\\/pipcke.fr\\\/idees-deco\\\/#\\\/schema\\\/person\\\/0eccc3e128321071a88d76d775685a0d\",\"name\":\"Pauline Rosa\",\"image\":{\"@type\":\"ImageObject\",\"inLanguage\":\"fr-FR\",\"@id\":\"https:\\\/\\\/secure.gravatar.com\\\/avatar\\\/3b5d4a0cad7ffd435800f1e3e88bddff18e6863f845e46c7874bf06e29934797?s=96&d=mm&r=g\",\"url\":\"https:\\\/\\\/secure.gravatar.com\\\/avatar\\\/3b5d4a0cad7ffd435800f1e3e88bddff18e6863f845e46c7874bf06e29934797?s=96&d=mm&r=g\",\"contentUrl\":\"https:\\\/\\\/secure.gravatar.com\\\/avatar\\\/3b5d4a0cad7ffd435800f1e3e88bddff18e6863f845e46c7874bf06e29934797?s=96&d=mm&r=g\",\"caption\":\"Pauline Rosa\"},\"description\":\"Pauline est notre r\u00e9dactrice passionn\u00e9e, experte en tendances d\u00e9co et en agencement intelligent des espaces. Sa mission : analyser, simplifier et transmettre l\u2019essentiel du monde de la d\u00e9coration pour offrir \u00e0 nos lecteurs des contenus clairs, utiles et inspirants. Elle a le talent de transformer des informations complexes en conseils accessibles, concrets et agr\u00e9ables \u00e0 lire. Observatrice attentive et chasseuse de tendances confirm\u00e9e, Pauline scrute les nouvelles influences, \u00e9coute les \u00e9volutions du secteur et d\u00e9cortique ce qui se dessine dans l\u2019air du temps pour rep\u00e9rer les couleurs, les styles et les mati\u00e8res qui feront la d\u00e9co de demain. En tant que r\u00e9dactrice, elle se distingue aussi par sa capacit\u00e9 \u00e0 transformer ces tendances en conseils concrets, notamment sur l\u2019optimisation des petits espaces. Studios, chambres exigu\u00ebs, pi\u00e8ces multifonctions\u2026 Pauline sait expliquer comment maximiser chaque m\u00e8tre carr\u00e9 de mani\u00e8re simple, efficace et esth\u00e9tique. \u00c0 travers ses articles, elle propose des conseils d\u2019am\u00e9nagement clairs et intelligents pour optimiser les espaces sans jamais sacrifier le style ni le bien-\u00eatre. Sa vision est celle d'une d\u00e9coration \u00e0 la fois belle, inspirante et surtout pratique.\",\"url\":\"https:\\\/\\\/pipcke.fr\\\/idees-deco\\\/auteur\\\/pauline-rosa\\\/\"}]}<\/script>\n<!-- \/ Yoast SEO Premium plugin. -->","yoast_head_json":{"title":"D\u00e9co boh\u00e8me chic : une r\u00e9v\u00e9lation de douceur et de raffinement","description":"Notre guide vous invite \u00e0 cr\u00e9er un int\u00e9rieur chic et chaud. Explorez la d\u00e9coration boh\u00e8me chic, un m\u00e9lange subtil entre sobri\u00e9t\u00e9 et modernit\u00e9.","robots":{"index":"index","follow":"follow","max-snippet":"max-snippet:-1","max-image-preview":"max-image-preview:large","max-video-preview":"max-video-preview:-1"},"canonical":"https:\/\/pipcke.fr\/idees-deco\/inspirations-deco\/deco-boheme-chic\/","og_locale":"fr_FR","og_type":"article","og_title":"La d\u00e9co boh\u00e8me chic r\u00e9v\u00e8le les secrets d'un style raffin\u00e9 moderne","og_description":"Notre guide vous invite \u00e0 cr\u00e9er un int\u00e9rieur chic et chaud. Explorez la d\u00e9coration boh\u00e8me chic, un m\u00e9lange subtil entre sobri\u00e9t\u00e9 et modernit\u00e9.","og_url":"https:\/\/pipcke.fr\/idees-deco\/inspirations-deco\/deco-boheme-chic\/","og_site_name":"Pipcke","article_publisher":"https:\/\/www.facebook.com\/Pipcke","article_published_time":"2022-01-06T19:30:09+00:00","article_modified_time":"2025-07-04T08:39:32+00:00","og_image":[{"width":747,"height":1024,"url":"https:\/\/pipcke.fr\/idees-deco\/wp-content\/uploads\/2022\/01\/de\u0301co-bohe\u0300me-chic-dans-le-salon-avec-couleurs-fonce\u0301es.jpeg","type":"image\/jpeg"}],"author":"Pauline Rosa","twitter_card":"summary_large_image","twitter_creator":"@pipcke","twitter_site":"@pipcke","twitter_misc":{"\u00c9crit par":"Pauline Rosa","Dur\u00e9e de lecture estim\u00e9e":"10 minutes"},"schema":{"@context":"https:\/\/schema.org","@graph":[{"@type":["Article","BlogPosting"],"@id":"https:\/\/pipcke.fr\/idees-deco\/inspirations-deco\/deco-boheme-chic\/#article","isPartOf":{"@id":"https:\/\/pipcke.fr\/idees-deco\/inspirations-deco\/deco-boheme-chic\/"},"author":{"name":"Pauline Rosa","@id":"https:\/\/pipcke.fr\/idees-deco\/#\/schema\/person\/0eccc3e128321071a88d76d775685a0d"},"headline":"La d\u00e9co boh\u00e8me chic r\u00e9v\u00e8le les secrets d&rsquo;un style raffin\u00e9 moderne","datePublished":"2022-01-06T19:30:09+00:00","dateModified":"2025-07-04T08:39:32+00:00","mainEntityOfPage":{"@id":"https:\/\/pipcke.fr\/idees-deco\/inspirations-deco\/deco-boheme-chic\/"},"wordCount":1032,"publisher":{"@id":"https:\/\/pipcke.fr\/idees-deco\/#organization"},"image":{"@id":"https:\/\/pipcke.fr\/idees-deco\/inspirations-deco\/deco-boheme-chic\/#primaryimage"},"thumbnailUrl":"https:\/\/pipcke.fr\/idees-deco\/wp-content\/uploads\/2022\/01\/de\u0301co-bohe\u0300me-chic-dans-le-salon-avec-couleurs-fonce\u0301es.jpeg","keywords":["Boh\u00e8me","Chambre adulte","chic","Couleurs","d\u00e9co","Design","Fleurs &amp; plantes","Id\u00e9es","Inspirations","Mobilier","Objets","Salle de bains","Salon","Styles"],"articleSection":["Inspirations d\u00e9co"],"inLanguage":"fr-FR"},{"@type":"WebPage","@id":"https:\/\/pipcke.fr\/idees-deco\/inspirations-deco\/deco-boheme-chic\/","url":"https:\/\/pipcke.fr\/idees-deco\/inspirations-deco\/deco-boheme-chic\/","name":"D\u00e9co boh\u00e8me chic : une r\u00e9v\u00e9lation de douceur et de raffinement","isPartOf":{"@id":"https:\/\/pipcke.fr\/idees-deco\/#website"},"primaryImageOfPage":{"@id":"https:\/\/pipcke.fr\/idees-deco\/inspirations-deco\/deco-boheme-chic\/#primaryimage"},"image":{"@id":"https:\/\/pipcke.fr\/idees-deco\/inspirations-deco\/deco-boheme-chic\/#primaryimage"},"thumbnailUrl":"https:\/\/pipcke.fr\/idees-deco\/wp-content\/uploads\/2022\/01\/de\u0301co-bohe\u0300me-chic-dans-le-salon-avec-couleurs-fonce\u0301es.jpeg","datePublished":"2022-01-06T19:30:09+00:00","dateModified":"2025-07-04T08:39:32+00:00","description":"Notre guide vous invite \u00e0 cr\u00e9er un int\u00e9rieur chic et chaud. Explorez la d\u00e9coration boh\u00e8me chic, un m\u00e9lange subtil entre sobri\u00e9t\u00e9 et modernit\u00e9.","breadcrumb":{"@id":"https:\/\/pipcke.fr\/idees-deco\/inspirations-deco\/deco-boheme-chic\/#breadcrumb"},"inLanguage":"fr-FR","potentialAction":[{"@type":"ReadAction","target":["https:\/\/pipcke.fr\/idees-deco\/inspirations-deco\/deco-boheme-chic\/"]}]},{"@type":"ImageObject","inLanguage":"fr-FR","@id":"https:\/\/pipcke.fr\/idees-deco\/inspirations-deco\/deco-boheme-chic\/#primaryimage","url":"https:\/\/pipcke.fr\/idees-deco\/wp-content\/uploads\/2022\/01\/de\u0301co-bohe\u0300me-chic-dans-le-salon-avec-couleurs-fonce\u0301es.jpeg","contentUrl":"https:\/\/pipcke.fr\/idees-deco\/wp-content\/uploads\/2022\/01\/de\u0301co-bohe\u0300me-chic-dans-le-salon-avec-couleurs-fonce\u0301es.jpeg","width":747,"height":1024,"caption":"d\u00e9co boh\u00e8me chic dans un salon aux tons fonc\u00e9s d\u00e9cor\u00e9 de plantes vertes"},{"@type":"BreadcrumbList","@id":"https:\/\/pipcke.fr\/idees-deco\/inspirations-deco\/deco-boheme-chic\/#breadcrumb","itemListElement":[{"@type":"ListItem","position":1,"name":"Accueil","item":"https:\/\/pipcke.fr\/idees-deco\/"},{"@type":"ListItem","position":2,"name":"Inspirations d\u00e9co","item":"https:\/\/pipcke.fr\/idees-deco\/.\/inspirations-deco\/"},{"@type":"ListItem","position":3,"name":"La d\u00e9co boh\u00e8me chic r\u00e9v\u00e8le les secrets d&rsquo;un style raffin\u00e9 moderne"}]},{"@type":"WebSite","@id":"https:\/\/pipcke.fr\/idees-deco\/#website","url":"https:\/\/pipcke.fr\/idees-deco\/","name":"Pipcke","description":"Id\u00e9es, conseils et inspirations d\u00e9co","publisher":{"@id":"https:\/\/pipcke.fr\/idees-deco\/#organization"},"potentialAction":[{"@type":"SearchAction","target":{"@type":"EntryPoint","urlTemplate":"https:\/\/pipcke.fr\/idees-deco\/?s={search_term_string}"},"query-input":{"@type":"PropertyValueSpecification","valueRequired":true,"valueName":"search_term_string"}}],"inLanguage":"fr-FR"},{"@type":"Organization","@id":"https:\/\/pipcke.fr\/idees-deco\/#organization","name":"PIPCKE","alternateName":"PIPCKE","url":"https:\/\/pipcke.fr\/idees-deco\/","logo":{"@type":"ImageObject","inLanguage":"fr-FR","@id":"https:\/\/pipcke.fr\/idees-deco\/#\/schema\/logo\/image\/","url":"https:\/\/pipcke.fr\/idees-deco\/wp-content\/uploads\/2020\/12\/logo-black.svg","contentUrl":"https:\/\/pipcke.fr\/idees-deco\/wp-content\/uploads\/2020\/12\/logo-black.svg","width":524,"height":140,"caption":"PIPCKE"},"image":{"@id":"https:\/\/pipcke.fr\/idees-deco\/#\/schema\/logo\/image\/"},"sameAs":["https:\/\/www.facebook.com\/Pipcke","https:\/\/x.com\/pipcke","https:\/\/www.instagram.com\/pipcke.fr\/","https:\/\/www.linkedin.com\/company\/pipcke","https:\/\/www.pinterest.fr\/PIPCKE\/_created\/","https:\/\/www.youtube.com\/channel\/UCaYnny5Q4k6HN1s3zr1Gazw"],"email":"hello@pipcke.fr","telephone":"0184802084","legalName":"Pipcke"},{"@type":"Person","@id":"https:\/\/pipcke.fr\/idees-deco\/#\/schema\/person\/0eccc3e128321071a88d76d775685a0d","name":"Pauline Rosa","image":{"@type":"ImageObject","inLanguage":"fr-FR","@id":"https:\/\/secure.gravatar.com\/avatar\/3b5d4a0cad7ffd435800f1e3e88bddff18e6863f845e46c7874bf06e29934797?s=96&d=mm&r=g","url":"https:\/\/secure.gravatar.com\/avatar\/3b5d4a0cad7ffd435800f1e3e88bddff18e6863f845e46c7874bf06e29934797?s=96&d=mm&r=g","contentUrl":"https:\/\/secure.gravatar.com\/avatar\/3b5d4a0cad7ffd435800f1e3e88bddff18e6863f845e46c7874bf06e29934797?s=96&d=mm&r=g","caption":"Pauline Rosa"},"description":"Pauline est notre r\u00e9dactrice passionn\u00e9e, experte en tendances d\u00e9co et en agencement intelligent des espaces. Sa mission : analyser, simplifier et transmettre l\u2019essentiel du monde de la d\u00e9coration pour offrir \u00e0 nos lecteurs des contenus clairs, utiles et inspirants. Elle a le talent de transformer des informations complexes en conseils accessibles, concrets et agr\u00e9ables \u00e0 lire. Observatrice attentive et chasseuse de tendances confirm\u00e9e, Pauline scrute les nouvelles influences, \u00e9coute les \u00e9volutions du secteur et d\u00e9cortique ce qui se dessine dans l\u2019air du temps pour rep\u00e9rer les couleurs, les styles et les mati\u00e8res qui feront la d\u00e9co de demain. En tant que r\u00e9dactrice, elle se distingue aussi par sa capacit\u00e9 \u00e0 transformer ces tendances en conseils concrets, notamment sur l\u2019optimisation des petits espaces. Studios, chambres exigu\u00ebs, pi\u00e8ces multifonctions\u2026 Pauline sait expliquer comment maximiser chaque m\u00e8tre carr\u00e9 de mani\u00e8re simple, efficace et esth\u00e9tique. \u00c0 travers ses articles, elle propose des conseils d\u2019am\u00e9nagement clairs et intelligents pour optimiser les espaces sans jamais sacrifier le style ni le bien-\u00eatre. Sa vision est celle d'une d\u00e9coration \u00e0 la fois belle, inspirante et surtout pratique.","url":"https:\/\/pipcke.fr\/idees-deco\/auteur\/pauline-rosa\/"}]}},"_links":{"self":[{"href":"https:\/\/pipcke.fr\/idees-deco\/wp-json\/wp\/v2\/posts\/5270","targetHints":{"allow":["GET"]}}],"collection":[{"href":"https:\/\/pipcke.fr\/idees-deco\/wp-json\/wp\/v2\/posts"}],"about":[{"href":"https:\/\/pipcke.fr\/idees-deco\/wp-json\/wp\/v2\/types\/post"}],"author":[{"embeddable":true,"href":"https:\/\/pipcke.fr\/idees-deco\/wp-json\/wp\/v2\/users\/4"}],"replies":[{"embeddable":true,"href":"https:\/\/pipcke.fr\/idees-deco\/wp-json\/wp\/v2\/comments?post=5270"}],"version-history":[{"count":8,"href":"https:\/\/pipcke.fr\/idees-deco\/wp-json\/wp\/v2\/posts\/5270\/revisions"}],"predecessor-version":[{"id":19230,"href":"https:\/\/pipcke.fr\/idees-deco\/wp-json\/wp\/v2\/posts\/5270\/revisions\/19230"}],"wp:featuredmedia":[{"embeddable":true,"href":"https:\/\/pipcke.fr\/idees-deco\/wp-json\/wp\/v2\/media\/5303"}],"wp:attachment":[{"href":"https:\/\/pipcke.fr\/idees-deco\/wp-json\/wp\/v2\/media?parent=5270"}],"wp:term":[{"taxonomy":"category","embeddable":true,"href":"https:\/\/pipcke.fr\/idees-deco\/wp-json\/wp\/v2\/categories?post=5270"},{"taxonomy":"post_tag","embeddable":true,"href":"https:\/\/pipcke.fr\/idees-deco\/wp-json\/wp\/v2\/tags?post=5270"},{"taxonomy":"powerkit_post_featured","embeddable":true,"href":"https:\/\/pipcke.fr\/idees-deco\/wp-json\/wp\/v2\/powerkit_post_featured?post=5270"}],"curies":[{"name":"wp","href":"https:\/\/api.w.org\/{rel}","templated":true}]}}