{"id":21383,"date":"2026-02-04T14:14:47","date_gmt":"2026-02-04T13:14:47","guid":{"rendered":"https:\/\/pipcke.fr\/idees-deco\/?p=21383"},"modified":"2026-02-04T14:14:48","modified_gmt":"2026-02-04T13:14:48","slug":"couleur-plafond-pour-agrandir-une-piece","status":"publish","type":"post","link":"https:\/\/pipcke.fr\/idees-deco\/conseils-de-decorateurs\/couleur-plafond-pour-agrandir-une-piece\/","title":{"rendered":"Couleur plafond pour agrandir pi\u00e8ce : les conseils de nos d\u00e9corateurs"},"content":{"rendered":"<div id=\"bsf_rt_marker\"><\/div>\n<p>Le plafond est consid\u00e9r\u00e9 comme le cinqui\u00e8me mur d\u2019une pi\u00e8ce. Ainsi, la base des bases pour qu\u2019une pi\u00e8ce apparaisse plus grande est le choix de la peinture.  De ce fait, la <strong>couleur plafond pour agrandir la pi\u00e8ce<\/strong> cr\u00e9e de nouveaux volumes<\/p>\n\n\n\n<p>Envie de m\u00e9tamorphoser votre int\u00e9rieur avec un simple coup de pinceau?<br>Bien plus qu\u2019un atout d\u00e9coratif, le choix de la couleur de la peinture permet de cr\u00e9er de nouvelles perspectives. Plus pr\u00e9cis\u00e9ment, dans cet article, on va s\u2019int\u00e9resser \u00e0 la couleur du plafond.<\/p>\n\n\n\n<figure class=\"wp-block-image size-large\"><a href=\"https:\/\/pipcke.fr\/offres\"><img loading=\"lazy\" decoding=\"async\" width=\"1160\" height=\"387\" src=\"https:\/\/pipcke.fr\/idees-deco\/wp-content\/uploads\/2023\/11\/offres-logo-pipcke-1160x387.png\" alt=\"banni\u00e8re offre pipcke\" class=\"wp-image-8933\" srcset=\"https:\/\/pipcke.fr\/idees-deco\/wp-content\/uploads\/2023\/11\/offres-logo-pipcke-1160x387.png 1160w, https:\/\/pipcke.fr\/idees-deco\/wp-content\/uploads\/2023\/11\/offres-logo-pipcke-800x267.png 800w, https:\/\/pipcke.fr\/idees-deco\/wp-content\/uploads\/2023\/11\/offres-logo-pipcke-120x40.png 120w, https:\/\/pipcke.fr\/idees-deco\/wp-content\/uploads\/2023\/11\/offres-logo-pipcke-90x30.png 90w, https:\/\/pipcke.fr\/idees-deco\/wp-content\/uploads\/2023\/11\/offres-logo-pipcke-320x107.png 320w, https:\/\/pipcke.fr\/idees-deco\/wp-content\/uploads\/2023\/11\/offres-logo-pipcke-560x187.png 560w, https:\/\/pipcke.fr\/idees-deco\/wp-content\/uploads\/2023\/11\/offres-logo-pipcke.png 1500w\" sizes=\"auto, (max-width: 1160px) 100vw, 1160px\" \/><\/a><\/figure>\n\n\n\n<h2 class=\"wp-block-heading\" id=\"h-blanc-et-tons-pastel-ces-couleurs-qui-agrandissent-une-piece\"><span id=\"blanc-et-tons-pastel-ces-couleurs-qui-agrandissent-une-piece\">Blanc et tons pastel : ces couleurs qui agrandissent une pi\u00e8ce<\/span><\/h2>\n\n\n\n<p>Utilisez des couleurs claires pour maximiser la r\u00e9flexion de la lumi\u00e8re, comme le blanc ou les tons pastel. Misez sur la couleur blanche pour <strong>agrandir une pi\u00e8ce.<\/strong><br>Elle maximise la r\u00e9flexion de la lumi\u00e8re naturelle ou artificielle et donne une perception visuelle plus grande de la chambre \u00e0 coucher.<\/p>\n\n\n\n<figure class=\"wp-block-image size-large\"><img loading=\"lazy\" decoding=\"async\" width=\"1160\" height=\"773\" src=\"https:\/\/pipcke.fr\/idees-deco\/wp-content\/uploads\/2026\/01\/image-2-1160x773.jpeg\" alt=\"la couleur blanche maximise la reflexion de la lumiere et donne une perception visuelle plus grande\" class=\"wp-image-21387\" srcset=\"https:\/\/pipcke.fr\/idees-deco\/wp-content\/uploads\/2026\/01\/image-2-1160x773.jpeg 1160w, https:\/\/pipcke.fr\/idees-deco\/wp-content\/uploads\/2026\/01\/image-2-800x533.jpeg 800w, https:\/\/pipcke.fr\/idees-deco\/wp-content\/uploads\/2026\/01\/image-2-1536x1023.jpeg 1536w, https:\/\/pipcke.fr\/idees-deco\/wp-content\/uploads\/2026\/01\/image-2-120x80.jpeg 120w, https:\/\/pipcke.fr\/idees-deco\/wp-content\/uploads\/2026\/01\/image-2-90x60.jpeg 90w, https:\/\/pipcke.fr\/idees-deco\/wp-content\/uploads\/2026\/01\/image-2-320x213.jpeg 320w, https:\/\/pipcke.fr\/idees-deco\/wp-content\/uploads\/2026\/01\/image-2-560x373.jpeg 560w, https:\/\/pipcke.fr\/idees-deco\/wp-content\/uploads\/2026\/01\/image-2.jpeg 1600w\" sizes=\"auto, (max-width: 1160px) 100vw, 1160px\" \/><\/figure>\n\n\n\n<figure class=\"wp-block-image size-full\"><img loading=\"lazy\" decoding=\"async\" width=\"1066\" height=\"1600\" src=\"https:\/\/pipcke.fr\/idees-deco\/wp-content\/uploads\/2026\/01\/image-3.jpeg\" alt=\"chambre zen , couleurs pastels emanant une energie positive. La vegetation est presente\" class=\"wp-image-21388\" srcset=\"https:\/\/pipcke.fr\/idees-deco\/wp-content\/uploads\/2026\/01\/image-3.jpeg 1066w, https:\/\/pipcke.fr\/idees-deco\/wp-content\/uploads\/2026\/01\/image-3-800x1201.jpeg 800w, https:\/\/pipcke.fr\/idees-deco\/wp-content\/uploads\/2026\/01\/image-3-1023x1536.jpeg 1023w, https:\/\/pipcke.fr\/idees-deco\/wp-content\/uploads\/2026\/01\/image-3-120x180.jpeg 120w, https:\/\/pipcke.fr\/idees-deco\/wp-content\/uploads\/2026\/01\/image-3-90x135.jpeg 90w, https:\/\/pipcke.fr\/idees-deco\/wp-content\/uploads\/2026\/01\/image-3-320x480.jpeg 320w, https:\/\/pipcke.fr\/idees-deco\/wp-content\/uploads\/2026\/01\/image-3-560x841.jpeg 560w\" sizes=\"auto, (max-width: 1066px) 100vw, 1066px\" \/><\/figure>\n\n\n\n<p>D\u00e9couvrez cette chambre \u00e0 coucher o\u00f9 le plafond et les murs sont peints dans la m\u00eame teinte pastel. Le r\u00e9sultat cr\u00e9e une atmosph\u00e8re apaisante et positive.<\/p>\n\n\n\n<h2 class=\"wp-block-heading\" id=\"h-quelle-couleur-plafond-pour-agrandir-piece\"><span id=\"quelle-couleur-plafond-pour-agrandir-piece\">Quelle couleur plafond pour agrandir pi\u00e8ce ?<\/span><\/h2>\n\n\n\n<h3 class=\"wp-block-heading is-style-cnvs-heading-numbered\" id=\"h-couleurs-pour-agrandir-un-salon\"><span id=\"couleurs-pour-agrandir-un-salon\">Couleurs pour agrandir un salon<\/span><\/h3>\n\n\n\n<p>Optez pour un <strong>plafond et des murs dans une teinte blanche<\/strong>. Cette combinaison rend le salon plus spacieux et plus ouvert.<\/p>\n\n\n\n<figure class=\"wp-block-image size-large\"><img loading=\"lazy\" decoding=\"async\" width=\"1160\" height=\"774\" src=\"https:\/\/pipcke.fr\/idees-deco\/wp-content\/uploads\/2026\/01\/image-1160x774.jpeg\" alt=\"salle de sejour en longuer , la couleur blanche du plafond et des murs la font apparaitre plus large\" class=\"wp-image-21385\" srcset=\"https:\/\/pipcke.fr\/idees-deco\/wp-content\/uploads\/2026\/01\/image-1160x774.jpeg 1160w, https:\/\/pipcke.fr\/idees-deco\/wp-content\/uploads\/2026\/01\/image-800x534.jpeg 800w, https:\/\/pipcke.fr\/idees-deco\/wp-content\/uploads\/2026\/01\/image-1536x1024.jpeg 1536w, https:\/\/pipcke.fr\/idees-deco\/wp-content\/uploads\/2026\/01\/image-120x80.jpeg 120w, https:\/\/pipcke.fr\/idees-deco\/wp-content\/uploads\/2026\/01\/image-90x60.jpeg 90w, https:\/\/pipcke.fr\/idees-deco\/wp-content\/uploads\/2026\/01\/image-320x213.jpeg 320w, https:\/\/pipcke.fr\/idees-deco\/wp-content\/uploads\/2026\/01\/image-560x373.jpeg 560w, https:\/\/pipcke.fr\/idees-deco\/wp-content\/uploads\/2026\/01\/image.jpeg 1600w\" sizes=\"auto, (max-width: 1160px) 100vw, 1160px\" \/><\/figure>\n\n\n\n<p>Un salon de couleur blanche classique qui fonctionne \u00e0 tous les coups : il cr\u00e9e une sensation de hauteur et d\u2019ouverture.<\/p>\n\n\n\n<figure class=\"wp-block-image size-large\"><img loading=\"lazy\" decoding=\"async\" width=\"1160\" height=\"1160\" src=\"https:\/\/pipcke.fr\/idees-deco\/wp-content\/uploads\/2026\/01\/image-17-1160x1160.jpeg\" alt=\"salon lumineux peint en jaune a deux tons evoquant optimisme et gaiete en parfaite harmonie avec la decoration\" class=\"wp-image-21402\" srcset=\"https:\/\/pipcke.fr\/idees-deco\/wp-content\/uploads\/2026\/01\/image-17-1160x1160.jpeg 1160w, https:\/\/pipcke.fr\/idees-deco\/wp-content\/uploads\/2026\/01\/image-17-800x800.jpeg 800w, https:\/\/pipcke.fr\/idees-deco\/wp-content\/uploads\/2026\/01\/image-17-1536x1536.jpeg 1536w, https:\/\/pipcke.fr\/idees-deco\/wp-content\/uploads\/2026\/01\/image-17-80x80.jpeg 80w, https:\/\/pipcke.fr\/idees-deco\/wp-content\/uploads\/2026\/01\/image-17-120x120.jpeg 120w, https:\/\/pipcke.fr\/idees-deco\/wp-content\/uploads\/2026\/01\/image-17-90x90.jpeg 90w, https:\/\/pipcke.fr\/idees-deco\/wp-content\/uploads\/2026\/01\/image-17-320x320.jpeg 320w, https:\/\/pipcke.fr\/idees-deco\/wp-content\/uploads\/2026\/01\/image-17-560x560.jpeg 560w, https:\/\/pipcke.fr\/idees-deco\/wp-content\/uploads\/2026\/01\/image-17.jpeg 1600w\" sizes=\"auto, (max-width: 1160px) 100vw, 1160px\" \/><\/figure>\n\n\n\n<p>Un petit salon lumineux \u00e0 deux tons : le plafond est peint en blanc et les murs en jaune, ce qui cr\u00e9e une d\u00e9coration color\u00e9e et lumineuse.<\/p>\n\n\n\n<figure class=\"wp-block-image size-large\"><img loading=\"lazy\" decoding=\"async\" width=\"1160\" height=\"773\" src=\"https:\/\/pipcke.fr\/idees-deco\/wp-content\/uploads\/2026\/01\/image-14-1160x773.jpeg\" alt=\"salon a deux couleurs, pour la faire allonger le plafond est peint en blanc et les murs en plus foncee\" class=\"wp-image-21399\" srcset=\"https:\/\/pipcke.fr\/idees-deco\/wp-content\/uploads\/2026\/01\/image-14-1160x773.jpeg 1160w, https:\/\/pipcke.fr\/idees-deco\/wp-content\/uploads\/2026\/01\/image-14-800x533.jpeg 800w, https:\/\/pipcke.fr\/idees-deco\/wp-content\/uploads\/2026\/01\/image-14-1536x1023.jpeg 1536w, https:\/\/pipcke.fr\/idees-deco\/wp-content\/uploads\/2026\/01\/image-14-120x80.jpeg 120w, https:\/\/pipcke.fr\/idees-deco\/wp-content\/uploads\/2026\/01\/image-14-90x60.jpeg 90w, https:\/\/pipcke.fr\/idees-deco\/wp-content\/uploads\/2026\/01\/image-14-320x213.jpeg 320w, https:\/\/pipcke.fr\/idees-deco\/wp-content\/uploads\/2026\/01\/image-14-560x373.jpeg 560w, https:\/\/pipcke.fr\/idees-deco\/wp-content\/uploads\/2026\/01\/image-14.jpeg 1600w\" sizes=\"auto, (max-width: 1160px) 100vw, 1160px\" \/><\/figure>\n\n\n\n<p>En revanche, si vous d\u00e9sirez allonger votre salon, optez pour une couleur blanche au plafond et une teinte plus fonc\u00e9e sur les murs : cela ajoute de la dimension \u00e0 votre pi\u00e8ce.<\/p>\n\n\n\n<h3 class=\"wp-block-heading is-style-cnvs-heading-numbered\" id=\"h-dans-une-salle-a-manger\"><span id=\"dans-une-salle-a-manger\">Dans une salle \u00e0 manger<\/span><\/h3>\n\n\n\n<p>De m\u00eame, cr\u00e9ez de beaux volumes dans votre salle \u00e0 manger en peignant le plafond et les murs de la m\u00eame couleur.<\/p>\n\n\n\n<figure class=\"wp-block-image size-large\"><img loading=\"lazy\" decoding=\"async\" width=\"1160\" height=\"871\" src=\"https:\/\/pipcke.fr\/idees-deco\/wp-content\/uploads\/2026\/01\/image-5-1160x871.jpeg\" alt=\"salle a manger ou on a cree des volumes en peignant le plafond et les murs en blanc\" class=\"wp-image-21390\" srcset=\"https:\/\/pipcke.fr\/idees-deco\/wp-content\/uploads\/2026\/01\/image-5-1160x870.jpeg 1160w, https:\/\/pipcke.fr\/idees-deco\/wp-content\/uploads\/2026\/01\/image-5-800x600.jpeg 800w, https:\/\/pipcke.fr\/idees-deco\/wp-content\/uploads\/2026\/01\/image-5-320x240.jpeg 320w, https:\/\/pipcke.fr\/idees-deco\/wp-content\/uploads\/2026\/01\/image-5-1536x1154.jpeg 1536w, https:\/\/pipcke.fr\/idees-deco\/wp-content\/uploads\/2026\/01\/image-5-300x225.jpeg 300w, https:\/\/pipcke.fr\/idees-deco\/wp-content\/uploads\/2026\/01\/image-5-120x90.jpeg 120w, https:\/\/pipcke.fr\/idees-deco\/wp-content\/uploads\/2026\/01\/image-5-90x68.jpeg 90w, https:\/\/pipcke.fr\/idees-deco\/wp-content\/uploads\/2026\/01\/image-5-560x420.jpeg 560w, https:\/\/pipcke.fr\/idees-deco\/wp-content\/uploads\/2026\/01\/image-5.jpeg 1600w\" sizes=\"auto, (max-width: 1160px) 100vw, 1160px\" \/><\/figure>\n\n\n\n<p>Sensation d\u2019espace dans cette salle \u00e0 manger : le plafond et les murs sont peints de la m\u00eame couleur blanc cass\u00e9, ce qui cr\u00e9e un bel \u00e9clat lumineux. Faites attention \u00e0 l\u2019\u00e9clairage.<\/p>\n\n\n\n<figure class=\"wp-block-image size-large\"><img loading=\"lazy\" decoding=\"async\" width=\"1160\" height=\"870\" src=\"https:\/\/pipcke.fr\/idees-deco\/wp-content\/uploads\/2026\/01\/image-13-1160x870.jpeg\" alt=\"salle a manger dont le plafond est peint en blanc et les murs en bleue foncee, pour donner une impression de largeur\" class=\"wp-image-21398\" srcset=\"https:\/\/pipcke.fr\/idees-deco\/wp-content\/uploads\/2026\/01\/image-13-1160x870.jpeg 1160w, https:\/\/pipcke.fr\/idees-deco\/wp-content\/uploads\/2026\/01\/image-13-800x600.jpeg 800w, https:\/\/pipcke.fr\/idees-deco\/wp-content\/uploads\/2026\/01\/image-13-320x240.jpeg 320w, https:\/\/pipcke.fr\/idees-deco\/wp-content\/uploads\/2026\/01\/image-13-1536x1152.jpeg 1536w, https:\/\/pipcke.fr\/idees-deco\/wp-content\/uploads\/2026\/01\/image-13-300x225.jpeg 300w, https:\/\/pipcke.fr\/idees-deco\/wp-content\/uploads\/2026\/01\/image-13-120x90.jpeg 120w, https:\/\/pipcke.fr\/idees-deco\/wp-content\/uploads\/2026\/01\/image-13-90x68.jpeg 90w, https:\/\/pipcke.fr\/idees-deco\/wp-content\/uploads\/2026\/01\/image-13-560x420.jpeg 560w, https:\/\/pipcke.fr\/idees-deco\/wp-content\/uploads\/2026\/01\/image-13.jpeg 1600w\" sizes=\"auto, (max-width: 1160px) 100vw, 1160px\" \/><\/figure>\n\n\n\n<p>\u00c0 l\u2019inverse, \u00c9largissez votre salle \u00e0 manger en peignant le plafond en blanc et les murs dans une couleur plus fonc\u00e9e. \u00c0 la recherche d\u2019une id\u00e9e couleur unique en son genre pour la salle \u00e0 manger ? Le bleu est un excellent choix.<\/p>\n\n\n\n<figure class=\"wp-block-image size-large\"><img loading=\"lazy\" decoding=\"async\" width=\"1160\" height=\"774\" src=\"https:\/\/pipcke.fr\/idees-deco\/wp-content\/uploads\/2026\/01\/image-16-1160x774.jpeg\" alt=\"salle a manger avec un plafond en blanc et des rayures foncees pour donner de la profondeur et elargir la piece\" class=\"wp-image-21401\" srcset=\"https:\/\/pipcke.fr\/idees-deco\/wp-content\/uploads\/2026\/01\/image-16-1160x774.jpeg 1160w, https:\/\/pipcke.fr\/idees-deco\/wp-content\/uploads\/2026\/01\/image-16-800x534.jpeg 800w, https:\/\/pipcke.fr\/idees-deco\/wp-content\/uploads\/2026\/01\/image-16-1536x1025.jpeg 1536w, https:\/\/pipcke.fr\/idees-deco\/wp-content\/uploads\/2026\/01\/image-16-120x80.jpeg 120w, https:\/\/pipcke.fr\/idees-deco\/wp-content\/uploads\/2026\/01\/image-16-90x60.jpeg 90w, https:\/\/pipcke.fr\/idees-deco\/wp-content\/uploads\/2026\/01\/image-16-320x214.jpeg 320w, https:\/\/pipcke.fr\/idees-deco\/wp-content\/uploads\/2026\/01\/image-16-560x374.jpeg 560w, https:\/\/pipcke.fr\/idees-deco\/wp-content\/uploads\/2026\/01\/image-16.jpeg 1600w\" sizes=\"auto, (max-width: 1160px) 100vw, 1160px\" \/><\/figure>\n\n\n\n<p>Optez pour des rayures de couleur sombre sur un plafond clair : elles peuvent \u00eatre adopt\u00e9es pour cr\u00e9er des contrastes et ajouter de la profondeur. Cela donne l\u2019impression d\u2019agrandir la pi\u00e8ce.<\/p>\n\n\n\n<h3 class=\"wp-block-heading is-style-cnvs-heading-numbered\" id=\"h-dans-une-cuisine\"><span id=\"dans-une-cuisine\">Dans une cuisine<\/span><\/h3>\n\n\n\n<p>Cr\u00e9ez de nouveaux volumes et de nouvelles perceptions visuelles dans votre cuisine. Contrairement aux id\u00e9es re\u00e7ues, une cuisine blanche n\u2019a rien de banal. Elle est tr\u00e8s tendance, surtout lorsqu\u2019elle est associ\u00e9e au marbre et au bois<\/p>\n\n\n\n<figure class=\"wp-block-image size-large\"><img loading=\"lazy\" decoding=\"async\" width=\"1160\" height=\"773\" src=\"https:\/\/pipcke.fr\/idees-deco\/wp-content\/uploads\/2026\/01\/image-4-1160x773.jpeg\" alt=\"cuisine blanche incroyablement tendance, combinee avec du marbre blanc et un revetement au sol en bois\" class=\"wp-image-21389\" srcset=\"https:\/\/pipcke.fr\/idees-deco\/wp-content\/uploads\/2026\/01\/image-4-1160x773.jpeg 1160w, https:\/\/pipcke.fr\/idees-deco\/wp-content\/uploads\/2026\/01\/image-4-800x533.jpeg 800w, https:\/\/pipcke.fr\/idees-deco\/wp-content\/uploads\/2026\/01\/image-4-1536x1023.jpeg 1536w, https:\/\/pipcke.fr\/idees-deco\/wp-content\/uploads\/2026\/01\/image-4-120x80.jpeg 120w, https:\/\/pipcke.fr\/idees-deco\/wp-content\/uploads\/2026\/01\/image-4-90x60.jpeg 90w, https:\/\/pipcke.fr\/idees-deco\/wp-content\/uploads\/2026\/01\/image-4-320x213.jpeg 320w, https:\/\/pipcke.fr\/idees-deco\/wp-content\/uploads\/2026\/01\/image-4-560x373.jpeg 560w, https:\/\/pipcke.fr\/idees-deco\/wp-content\/uploads\/2026\/01\/image-4.jpeg 1600w\" sizes=\"auto, (max-width: 1160px) 100vw, 1160px\" \/><\/figure>\n\n\n\n<p>Afin de donner de la profondeur \u00e0 votre cuisine, peignez le mur du fond et le plafond dans une couleur fonc\u00e9e et optez pour une couleur claire sur les c\u00f4t\u00e9s et les autres murs.<\/p>\n\n\n\n<figure class=\"wp-block-image size-large\"><img loading=\"lazy\" decoding=\"async\" width=\"1160\" height=\"1160\" src=\"https:\/\/pipcke.fr\/idees-deco\/wp-content\/uploads\/2026\/01\/image-8-1160x1160.jpeg\" alt=\"Jumelage de couleurs, foncee sur les murs de cote et blanc au plafond\" class=\"wp-image-21393\" srcset=\"https:\/\/pipcke.fr\/idees-deco\/wp-content\/uploads\/2026\/01\/image-8-1160x1160.jpeg 1160w, https:\/\/pipcke.fr\/idees-deco\/wp-content\/uploads\/2026\/01\/image-8-800x800.jpeg 800w, https:\/\/pipcke.fr\/idees-deco\/wp-content\/uploads\/2026\/01\/image-8-1536x1536.jpeg 1536w, https:\/\/pipcke.fr\/idees-deco\/wp-content\/uploads\/2026\/01\/image-8-80x80.jpeg 80w, https:\/\/pipcke.fr\/idees-deco\/wp-content\/uploads\/2026\/01\/image-8-120x120.jpeg 120w, https:\/\/pipcke.fr\/idees-deco\/wp-content\/uploads\/2026\/01\/image-8-90x90.jpeg 90w, https:\/\/pipcke.fr\/idees-deco\/wp-content\/uploads\/2026\/01\/image-8-320x320.jpeg 320w, https:\/\/pipcke.fr\/idees-deco\/wp-content\/uploads\/2026\/01\/image-8-560x560.jpeg 560w, https:\/\/pipcke.fr\/idees-deco\/wp-content\/uploads\/2026\/01\/image-8.jpeg 1600w\" sizes=\"auto, (max-width: 1160px) 100vw, 1160px\" \/><\/figure>\n\n\n\n<p>Ainsi, allongez une pi\u00e8ce en peignant le plafond dans une couleur claire et les murs en bleu fonc\u00e9. C\u2019est une teinte tr\u00e8s agr\u00e9able qui transmet une sensation de s\u00e9r\u00e9nit\u00e9 et de bien-\u00eatre psychophysique, tout en personnalisant l\u2019espace.<\/p>\n\n\n\n<figure class=\"wp-block-image size-large\"><img loading=\"lazy\" decoding=\"async\" width=\"1160\" height=\"776\" src=\"https:\/\/pipcke.fr\/idees-deco\/wp-content\/uploads\/2026\/01\/image-10-1160x776.jpeg\" alt=\"cuisine tres chic couleur grise sobre, tendance. Valeur sure qui s'adapte a toutes les decorations\" class=\"wp-image-21395\" srcset=\"https:\/\/pipcke.fr\/idees-deco\/wp-content\/uploads\/2026\/01\/image-10-1160x776.jpeg 1160w, https:\/\/pipcke.fr\/idees-deco\/wp-content\/uploads\/2026\/01\/image-10-800x536.jpeg 800w, https:\/\/pipcke.fr\/idees-deco\/wp-content\/uploads\/2026\/01\/image-10-1536x1028.jpeg 1536w, https:\/\/pipcke.fr\/idees-deco\/wp-content\/uploads\/2026\/01\/image-10-120x80.jpeg 120w, https:\/\/pipcke.fr\/idees-deco\/wp-content\/uploads\/2026\/01\/image-10-90x60.jpeg 90w, https:\/\/pipcke.fr\/idees-deco\/wp-content\/uploads\/2026\/01\/image-10-320x214.jpeg 320w, https:\/\/pipcke.fr\/idees-deco\/wp-content\/uploads\/2026\/01\/image-10-560x375.jpeg 560w, https:\/\/pipcke.fr\/idees-deco\/wp-content\/uploads\/2026\/01\/image-10.jpeg 1600w\" sizes=\"auto, (max-width: 1160px) 100vw, 1160px\" \/><\/figure>\n\n\n\n<h3 class=\"wp-block-heading is-style-cnvs-heading-numbered\" id=\"h-dans-une-salle-de-bain\"><span id=\"dans-une-salle-de-bain\">Dans une salle de bain<\/span><\/h3>\n\n\n\n<p>Le choix des couleurs et des mat\u00e9riaux joue un r\u00f4le essentiel dans la perception de l\u2019espace et des volumes dans une salle de bain, tout en apportant une touche esth\u00e9tique moderne et \u00e9l\u00e9gante.<\/p>\n\n\n\n<ol start=\"4\" class=\"wp-block-list\"><\/ol>\n\n\n\n<figure class=\"wp-block-image size-large\"><img loading=\"lazy\" decoding=\"async\" width=\"1160\" height=\"773\" src=\"https:\/\/pipcke.fr\/idees-deco\/wp-content\/uploads\/2026\/01\/image-1-1160x773.jpeg\" alt=\"salle de bain etroite, la couleur blanche augmente sa luminosite elle parait plus large qu'en realite\" class=\"wp-image-21386\" srcset=\"https:\/\/pipcke.fr\/idees-deco\/wp-content\/uploads\/2026\/01\/image-1-1160x773.jpeg 1160w, https:\/\/pipcke.fr\/idees-deco\/wp-content\/uploads\/2026\/01\/image-1-800x533.jpeg 800w, https:\/\/pipcke.fr\/idees-deco\/wp-content\/uploads\/2026\/01\/image-1-1536x1023.jpeg 1536w, https:\/\/pipcke.fr\/idees-deco\/wp-content\/uploads\/2026\/01\/image-1-120x80.jpeg 120w, https:\/\/pipcke.fr\/idees-deco\/wp-content\/uploads\/2026\/01\/image-1-90x60.jpeg 90w, https:\/\/pipcke.fr\/idees-deco\/wp-content\/uploads\/2026\/01\/image-1-320x213.jpeg 320w, https:\/\/pipcke.fr\/idees-deco\/wp-content\/uploads\/2026\/01\/image-1-560x373.jpeg 560w, https:\/\/pipcke.fr\/idees-deco\/wp-content\/uploads\/2026\/01\/image-1.jpeg 1600w\" sizes=\"auto, (max-width: 1160px) 100vw, 1160px\" \/><\/figure>\n\n\n\n<p>Le blanc augmente la luminosit\u00e9 de votre salle de bain et, par la suite, donne une perception visuelle plus grande qu\u2019en r\u00e9alit\u00e9. C\u2019est un excellent choix pour agrandir l\u2019espace.<\/p>\n\n\n\n<figure class=\"wp-block-image size-full\"><img loading=\"lazy\" decoding=\"async\" width=\"1082\" height=\"1600\" src=\"https:\/\/pipcke.fr\/idees-deco\/wp-content\/uploads\/2026\/01\/image-12.jpeg\" alt=\"salle de bain avec un plafond trop haut, en rabattant la peinture sur les murs de cote ,il apparait plus bas\" class=\"wp-image-21397\" srcset=\"https:\/\/pipcke.fr\/idees-deco\/wp-content\/uploads\/2026\/01\/image-12.jpeg 1082w, https:\/\/pipcke.fr\/idees-deco\/wp-content\/uploads\/2026\/01\/image-12-800x1183.jpeg 800w, https:\/\/pipcke.fr\/idees-deco\/wp-content\/uploads\/2026\/01\/image-12-1039x1536.jpeg 1039w, https:\/\/pipcke.fr\/idees-deco\/wp-content\/uploads\/2026\/01\/image-12-120x177.jpeg 120w, https:\/\/pipcke.fr\/idees-deco\/wp-content\/uploads\/2026\/01\/image-12-90x133.jpeg 90w, https:\/\/pipcke.fr\/idees-deco\/wp-content\/uploads\/2026\/01\/image-12-320x473.jpeg 320w, https:\/\/pipcke.fr\/idees-deco\/wp-content\/uploads\/2026\/01\/image-12-560x828.jpeg 560w\" sizes=\"auto, (max-width: 1082px) 100vw, 1082px\" \/><\/figure>\n\n\n\n<p>Par ailleurs, si le plafond de votre salle de bain est trop haut, optez pour une couleur fonc\u00e9e afin de donner l\u2019impression d\u2019un plafond plus bas.<\/p>\n\n\n\n<figure class=\"wp-block-image size-full\"><img loading=\"lazy\" decoding=\"async\" width=\"1066\" height=\"1600\" src=\"https:\/\/pipcke.fr\/idees-deco\/wp-content\/uploads\/2026\/01\/image-9.jpeg\" alt=\"salle de bain tres tendance, aux tons gris claire et fonce, intemporelle\" class=\"wp-image-21394\" srcset=\"https:\/\/pipcke.fr\/idees-deco\/wp-content\/uploads\/2026\/01\/image-9.jpeg 1066w, https:\/\/pipcke.fr\/idees-deco\/wp-content\/uploads\/2026\/01\/image-9-800x1201.jpeg 800w, https:\/\/pipcke.fr\/idees-deco\/wp-content\/uploads\/2026\/01\/image-9-1023x1536.jpeg 1023w, https:\/\/pipcke.fr\/idees-deco\/wp-content\/uploads\/2026\/01\/image-9-120x180.jpeg 120w, https:\/\/pipcke.fr\/idees-deco\/wp-content\/uploads\/2026\/01\/image-9-90x135.jpeg 90w, https:\/\/pipcke.fr\/idees-deco\/wp-content\/uploads\/2026\/01\/image-9-320x480.jpeg 320w, https:\/\/pipcke.fr\/idees-deco\/wp-content\/uploads\/2026\/01\/image-9-560x841.jpeg 560w\" sizes=\"auto, (max-width: 1066px) 100vw, 1066px\" \/><\/figure>\n\n\n\n<p>Petite salle de bain aux tons pastel gris clair, intemporelle, combin\u00e9e avec du marbre noir. Tr\u00e8s tendance.<\/p>\n\n\n\n<figure class=\"wp-block-image size-large\"><a href=\"https:\/\/pipcke.fr\/quiz\"><img loading=\"lazy\" decoding=\"async\" width=\"1160\" height=\"387\" src=\"https:\/\/pipcke.fr\/idees-deco\/wp-content\/uploads\/2023\/11\/decouvrir-mon-style-logo-pipcke-1160x387.png\" alt=\"banni\u00e8re d\u00e9couvrir mon style pipcke\" class=\"wp-image-8931\" srcset=\"https:\/\/pipcke.fr\/idees-deco\/wp-content\/uploads\/2023\/11\/decouvrir-mon-style-logo-pipcke-1160x387.png 1160w, https:\/\/pipcke.fr\/idees-deco\/wp-content\/uploads\/2023\/11\/decouvrir-mon-style-logo-pipcke-800x267.png 800w, https:\/\/pipcke.fr\/idees-deco\/wp-content\/uploads\/2023\/11\/decouvrir-mon-style-logo-pipcke-120x40.png 120w, https:\/\/pipcke.fr\/idees-deco\/wp-content\/uploads\/2023\/11\/decouvrir-mon-style-logo-pipcke-90x30.png 90w, https:\/\/pipcke.fr\/idees-deco\/wp-content\/uploads\/2023\/11\/decouvrir-mon-style-logo-pipcke-320x107.png 320w, https:\/\/pipcke.fr\/idees-deco\/wp-content\/uploads\/2023\/11\/decouvrir-mon-style-logo-pipcke-560x187.png 560w, https:\/\/pipcke.fr\/idees-deco\/wp-content\/uploads\/2023\/11\/decouvrir-mon-style-logo-pipcke.png 1500w\" sizes=\"auto, (max-width: 1160px) 100vw, 1160px\" \/><\/a><\/figure>\n\n\n\n<h3 class=\"wp-block-heading is-style-cnvs-heading-numbered\" id=\"h-couleur-plafond-pour-agrandir-un-couloir\"><span id=\"couleur-plafond-pour-agrandir-un-couloir\">Couleur plafond pour agrandir un couloir<\/span><\/h3>\n\n\n\n<p>Vous trouvez que votre couloir est trop \u00e9troit ? Heureusement, plusieurs astuces permettent de l\u2019agrandir visuellement sans pousser les murs.<\/p>\n\n\n\n<figure class=\"wp-block-image size-full\"><img loading=\"lazy\" decoding=\"async\" width=\"1066\" height=\"1600\" src=\"https:\/\/pipcke.fr\/idees-deco\/wp-content\/uploads\/2026\/01\/image-6.jpeg\" alt=\"Sans pousser les murs, la peinture blanche de ce couloir donne l'impression qu'il est plus large\" class=\"wp-image-21391\" srcset=\"https:\/\/pipcke.fr\/idees-deco\/wp-content\/uploads\/2026\/01\/image-6.jpeg 1066w, https:\/\/pipcke.fr\/idees-deco\/wp-content\/uploads\/2026\/01\/image-6-800x1201.jpeg 800w, https:\/\/pipcke.fr\/idees-deco\/wp-content\/uploads\/2026\/01\/image-6-1023x1536.jpeg 1023w, https:\/\/pipcke.fr\/idees-deco\/wp-content\/uploads\/2026\/01\/image-6-120x180.jpeg 120w, https:\/\/pipcke.fr\/idees-deco\/wp-content\/uploads\/2026\/01\/image-6-90x135.jpeg 90w, https:\/\/pipcke.fr\/idees-deco\/wp-content\/uploads\/2026\/01\/image-6-320x480.jpeg 320w, https:\/\/pipcke.fr\/idees-deco\/wp-content\/uploads\/2026\/01\/image-6-560x841.jpeg 560w\" sizes=\"auto, (max-width: 1066px) 100vw, 1066px\" \/><\/figure>\n\n\n\n<p>Astuce num\u00e9ro pour une <a href=\"https:\/\/pipcke.fr\/idees-deco\/conseils-de-decorateurs\/peinture-couloir-etroit\/\">couleur qui agrandit visuellement un couloir \u00e9troit<\/a> : choisir la couleur blanche, qui amplifie la luminosit\u00e9 et refl\u00e8te parfaitement la lumi\u00e8re, qu\u2019elle soit naturelle ou artificielle.<\/p>\n\n\n\n<figure class=\"wp-block-image size-full\"><img loading=\"lazy\" decoding=\"async\" width=\"1080\" height=\"1600\" src=\"https:\/\/pipcke.fr\/idees-deco\/wp-content\/uploads\/2026\/01\/image-11.jpeg\" alt=\"Allonger votre couloir en optant pour une couleur blanche pour le plafond et une autre foncee pour les murs\" class=\"wp-image-21396\" srcset=\"https:\/\/pipcke.fr\/idees-deco\/wp-content\/uploads\/2026\/01\/image-11.jpeg 1080w, https:\/\/pipcke.fr\/idees-deco\/wp-content\/uploads\/2026\/01\/image-11-800x1185.jpeg 800w, https:\/\/pipcke.fr\/idees-deco\/wp-content\/uploads\/2026\/01\/image-11-1037x1536.jpeg 1037w, https:\/\/pipcke.fr\/idees-deco\/wp-content\/uploads\/2026\/01\/image-11-120x178.jpeg 120w, https:\/\/pipcke.fr\/idees-deco\/wp-content\/uploads\/2026\/01\/image-11-90x133.jpeg 90w, https:\/\/pipcke.fr\/idees-deco\/wp-content\/uploads\/2026\/01\/image-11-320x474.jpeg 320w, https:\/\/pipcke.fr\/idees-deco\/wp-content\/uploads\/2026\/01\/image-11-560x830.jpeg 560w\" sizes=\"auto, (max-width: 1080px) 100vw, 1080px\" \/><\/figure>\n\n\n\n<p>Deuxi\u00e8me astuce : pour allonger votre couloir, optez pour un plafond de couleur blanche et des murs lat\u00e9raux de couleur fonc\u00e9e.<\/p>\n\n\n\n<figure class=\"wp-block-image size-large\"><a href=\"https:\/\/www.pinterest.com\/\"><img loading=\"lazy\" decoding=\"async\" width=\"1160\" height=\"1450\" src=\"https:\/\/pipcke.fr\/idees-deco\/wp-content\/uploads\/2026\/01\/image-15-1160x1450.jpeg\" alt=\"Elargissez visuellement votre couloir avec un plafond peint en foncee et les murs peints en couleur claire\" class=\"wp-image-21400\" srcset=\"https:\/\/pipcke.fr\/idees-deco\/wp-content\/uploads\/2026\/01\/image-15-1160x1450.jpeg 1160w, https:\/\/pipcke.fr\/idees-deco\/wp-content\/uploads\/2026\/01\/image-15-800x1000.jpeg 800w, https:\/\/pipcke.fr\/idees-deco\/wp-content\/uploads\/2026\/01\/image-15-1229x1536.jpeg 1229w, https:\/\/pipcke.fr\/idees-deco\/wp-content\/uploads\/2026\/01\/image-15-120x150.jpeg 120w, https:\/\/pipcke.fr\/idees-deco\/wp-content\/uploads\/2026\/01\/image-15-90x113.jpeg 90w, https:\/\/pipcke.fr\/idees-deco\/wp-content\/uploads\/2026\/01\/image-15-320x400.jpeg 320w, https:\/\/pipcke.fr\/idees-deco\/wp-content\/uploads\/2026\/01\/image-15-560x700.jpeg 560w, https:\/\/pipcke.fr\/idees-deco\/wp-content\/uploads\/2026\/01\/image-15.jpeg 1280w\" sizes=\"auto, (max-width: 1160px) 100vw, 1160px\" \/><\/a><\/figure>\n\n\n\n<p>Enfin, troisi\u00e8me astuce : pour \u00e9largir visuellement votre couloir, optez pour un plafond de couleur fonc\u00e9e et des murs lat\u00e9raux de couleur claire.<\/p>\n\n\n\n<p>La couleur plafond pour agrandir pi\u00e8ce est un levier efficace pour transformer les volumes sans gros travaux. Teintes claires, continuit\u00e9 entre plafond et murs, contrastes ou rayures, chaque choix chromatique modifie la perception de l\u2019espace.<\/p>\n\n\n\n<p>En adaptant la couleur du plafond au type et aux proportions de chaque pi\u00e8ce, on cr\u00e9e des effets d\u2019optique \u00e9l\u00e9gants et harmonieux. Salon, cuisine, chambre, salle de bain ou couloir : chaque espace peut \u00eatre sublim\u00e9.<\/p>\n","protected":false},"excerpt":{"rendered":"<p>Le plafond est consid\u00e9r\u00e9 comme le cinqui\u00e8me mur d\u2019une pi\u00e8ce. Ainsi, la base des bases pour qu\u2019une pi\u00e8ce apparaisse plus grande est le choix de la peinture. De ce fait,&hellip;<\/p>\n","protected":false},"author":18,"featured_media":21398,"comment_status":"closed","ping_status":"closed","sticky":false,"template":"","format":"standard","meta":{"inline_featured_image":false,"footnotes":""},"categories":[50],"tags":[],"powerkit_post_featured":[2,7,4,5,9],"class_list":{"0":"post-21383","1":"post","2":"type-post","3":"status-publish","4":"format-standard","5":"has-post-thumbnail","7":"category-conseils-de-decorateurs"},"yoast_head":"<!-- This site is optimized with the Yoast SEO Premium plugin v22.3 (Yoast SEO v27.9) - https:\/\/yoast.com\/product\/yoast-seo-premium-wordpress\/ -->\n<title>Quelle couleur plafond pour agrandir une pi\u00e8ce ?<\/title>\n<meta name=\"description\" content=\"Couleur plafond pour agrandir pi\u00e8ce : d\u00e9couvrez ces teintes \u00e0 privil\u00e9gier pour agrandir vos pi\u00e8ces et leur donner de la profondeur!\" \/>\n<meta name=\"robots\" content=\"index, follow, max-snippet:-1, max-image-preview:large, max-video-preview:-1\" \/>\n<link rel=\"canonical\" href=\"https:\/\/pipcke.fr\/idees-deco\/conseils-de-decorateurs\/couleur-plafond-pour-agrandir-une-piece\/\" \/>\n<meta property=\"og:locale\" content=\"fr_FR\" \/>\n<meta property=\"og:type\" content=\"article\" \/>\n<meta property=\"og:title\" content=\"Couleur plafond pour agrandir pi\u00e8ce : les conseils de nos d\u00e9corateurs Super conseils : quelles couleurs de plafond pour agrandir une pi\u00e8ce ?\" \/>\n<meta property=\"og:description\" content=\"La couleur plafond pour agrandir pi\u00e8ce influence fortement la perception du volume. D\u00e9couvrez comment bien la choisir.\" \/>\n<meta property=\"og:url\" content=\"https:\/\/pipcke.fr\/idees-deco\/conseils-de-decorateurs\/couleur-plafond-pour-agrandir-une-piece\/\" \/>\n<meta property=\"og:site_name\" content=\"Pipcke\" \/>\n<meta property=\"article:publisher\" content=\"https:\/\/www.facebook.com\/Pipcke\" \/>\n<meta property=\"article:published_time\" content=\"2026-02-04T13:14:47+00:00\" \/>\n<meta property=\"article:modified_time\" content=\"2026-02-04T13:14:48+00:00\" \/>\n<meta property=\"og:image\" content=\"https:\/\/pipcke.fr\/idees-deco\/wp-content\/uploads\/2026\/01\/image-13.jpeg\" \/>\n\t<meta property=\"og:image:width\" content=\"1600\" \/>\n\t<meta property=\"og:image:height\" content=\"1200\" \/>\n\t<meta property=\"og:image:type\" content=\"image\/jpeg\" \/>\n<meta name=\"author\" content=\"Fatina Sleiman\" \/>\n<meta name=\"twitter:card\" content=\"summary_large_image\" \/>\n<meta name=\"twitter:title\" content=\"Couleur plafond pour agrandir pi\u00e8ce : les conseils de nos d\u00e9corateurs\" \/>\n<meta name=\"twitter:creator\" content=\"@pipcke\" \/>\n<meta name=\"twitter:site\" content=\"@pipcke\" \/>\n<meta name=\"twitter:label1\" content=\"\u00c9crit par\" \/>\n\t<meta name=\"twitter:data1\" content=\"Fatina Sleiman\" \/>\n\t<meta name=\"twitter:label2\" content=\"Dur\u00e9e de lecture estim\u00e9e\" \/>\n\t<meta name=\"twitter:data2\" content=\"9 minutes\" \/>\n<script type=\"application\/ld+json\" class=\"yoast-schema-graph\">{\"@context\":\"https:\\\/\\\/schema.org\",\"@graph\":[{\"@type\":[\"Article\",\"BlogPosting\"],\"@id\":\"https:\\\/\\\/pipcke.fr\\\/idees-deco\\\/conseils-de-decorateurs\\\/couleur-plafond-pour-agrandir-une-piece\\\/#article\",\"isPartOf\":{\"@id\":\"https:\\\/\\\/pipcke.fr\\\/idees-deco\\\/conseils-de-decorateurs\\\/couleur-plafond-pour-agrandir-une-piece\\\/\"},\"author\":{\"name\":\"Fatina Sleiman\",\"@id\":\"https:\\\/\\\/pipcke.fr\\\/idees-deco\\\/#\\\/schema\\\/person\\\/8b5506de5e3c01d4bdf4d6eec0847e64\"},\"headline\":\"Couleur plafond pour agrandir pi\u00e8ce : les conseils de nos d\u00e9corateurs\",\"datePublished\":\"2026-02-04T13:14:47+00:00\",\"dateModified\":\"2026-02-04T13:14:48+00:00\",\"mainEntityOfPage\":{\"@id\":\"https:\\\/\\\/pipcke.fr\\\/idees-deco\\\/conseils-de-decorateurs\\\/couleur-plafond-pour-agrandir-une-piece\\\/\"},\"wordCount\":893,\"publisher\":{\"@id\":\"https:\\\/\\\/pipcke.fr\\\/idees-deco\\\/#organization\"},\"image\":{\"@id\":\"https:\\\/\\\/pipcke.fr\\\/idees-deco\\\/conseils-de-decorateurs\\\/couleur-plafond-pour-agrandir-une-piece\\\/#primaryimage\"},\"thumbnailUrl\":\"https:\\\/\\\/pipcke.fr\\\/idees-deco\\\/wp-content\\\/uploads\\\/2026\\\/01\\\/image-13.jpeg\",\"articleSection\":[\"Conseils de d\u00e9corateurs\"],\"inLanguage\":\"fr-FR\"},{\"@type\":\"WebPage\",\"@id\":\"https:\\\/\\\/pipcke.fr\\\/idees-deco\\\/conseils-de-decorateurs\\\/couleur-plafond-pour-agrandir-une-piece\\\/\",\"url\":\"https:\\\/\\\/pipcke.fr\\\/idees-deco\\\/conseils-de-decorateurs\\\/couleur-plafond-pour-agrandir-une-piece\\\/\",\"name\":\"Quelle couleur plafond pour agrandir une pi\u00e8ce ?\",\"isPartOf\":{\"@id\":\"https:\\\/\\\/pipcke.fr\\\/idees-deco\\\/#website\"},\"primaryImageOfPage\":{\"@id\":\"https:\\\/\\\/pipcke.fr\\\/idees-deco\\\/conseils-de-decorateurs\\\/couleur-plafond-pour-agrandir-une-piece\\\/#primaryimage\"},\"image\":{\"@id\":\"https:\\\/\\\/pipcke.fr\\\/idees-deco\\\/conseils-de-decorateurs\\\/couleur-plafond-pour-agrandir-une-piece\\\/#primaryimage\"},\"thumbnailUrl\":\"https:\\\/\\\/pipcke.fr\\\/idees-deco\\\/wp-content\\\/uploads\\\/2026\\\/01\\\/image-13.jpeg\",\"datePublished\":\"2026-02-04T13:14:47+00:00\",\"dateModified\":\"2026-02-04T13:14:48+00:00\",\"description\":\"Couleur plafond pour agrandir pi\u00e8ce : d\u00e9couvrez ces teintes \u00e0 privil\u00e9gier pour agrandir vos pi\u00e8ces et leur donner de la profondeur!\",\"breadcrumb\":{\"@id\":\"https:\\\/\\\/pipcke.fr\\\/idees-deco\\\/conseils-de-decorateurs\\\/couleur-plafond-pour-agrandir-une-piece\\\/#breadcrumb\"},\"inLanguage\":\"fr-FR\",\"potentialAction\":[{\"@type\":\"ReadAction\",\"target\":[\"https:\\\/\\\/pipcke.fr\\\/idees-deco\\\/conseils-de-decorateurs\\\/couleur-plafond-pour-agrandir-une-piece\\\/\"]}]},{\"@type\":\"ImageObject\",\"inLanguage\":\"fr-FR\",\"@id\":\"https:\\\/\\\/pipcke.fr\\\/idees-deco\\\/conseils-de-decorateurs\\\/couleur-plafond-pour-agrandir-une-piece\\\/#primaryimage\",\"url\":\"https:\\\/\\\/pipcke.fr\\\/idees-deco\\\/wp-content\\\/uploads\\\/2026\\\/01\\\/image-13.jpeg\",\"contentUrl\":\"https:\\\/\\\/pipcke.fr\\\/idees-deco\\\/wp-content\\\/uploads\\\/2026\\\/01\\\/image-13.jpeg\",\"width\":1600,\"height\":1200,\"caption\":\"Salle \u00e0 manger dont le plafond est peint en blanc et les murs en bleu fonc\u00e9 avec suspension, table en bois, chaises et tapis\"},{\"@type\":\"BreadcrumbList\",\"@id\":\"https:\\\/\\\/pipcke.fr\\\/idees-deco\\\/conseils-de-decorateurs\\\/couleur-plafond-pour-agrandir-une-piece\\\/#breadcrumb\",\"itemListElement\":[{\"@type\":\"ListItem\",\"position\":1,\"name\":\"Accueil\",\"item\":\"https:\\\/\\\/pipcke.fr\\\/idees-deco\\\/\"},{\"@type\":\"ListItem\",\"position\":2,\"name\":\"Conseils de d\u00e9corateurs\",\"item\":\"https:\\\/\\\/pipcke.fr\\\/idees-deco\\\/.\\\/conseils-de-decorateurs\\\/\"},{\"@type\":\"ListItem\",\"position\":3,\"name\":\"Couleur plafond pour agrandir pi\u00e8ce : les conseils de nos d\u00e9corateurs\"}]},{\"@type\":\"WebSite\",\"@id\":\"https:\\\/\\\/pipcke.fr\\\/idees-deco\\\/#website\",\"url\":\"https:\\\/\\\/pipcke.fr\\\/idees-deco\\\/\",\"name\":\"Pipcke\",\"description\":\"Id\u00e9es, conseils et inspirations d\u00e9co\",\"publisher\":{\"@id\":\"https:\\\/\\\/pipcke.fr\\\/idees-deco\\\/#organization\"},\"potentialAction\":[{\"@type\":\"SearchAction\",\"target\":{\"@type\":\"EntryPoint\",\"urlTemplate\":\"https:\\\/\\\/pipcke.fr\\\/idees-deco\\\/?s={search_term_string}\"},\"query-input\":{\"@type\":\"PropertyValueSpecification\",\"valueRequired\":true,\"valueName\":\"search_term_string\"}}],\"inLanguage\":\"fr-FR\"},{\"@type\":\"Organization\",\"@id\":\"https:\\\/\\\/pipcke.fr\\\/idees-deco\\\/#organization\",\"name\":\"PIPCKE\",\"alternateName\":\"PIPCKE\",\"url\":\"https:\\\/\\\/pipcke.fr\\\/idees-deco\\\/\",\"logo\":{\"@type\":\"ImageObject\",\"inLanguage\":\"fr-FR\",\"@id\":\"https:\\\/\\\/pipcke.fr\\\/idees-deco\\\/#\\\/schema\\\/logo\\\/image\\\/\",\"url\":\"https:\\\/\\\/pipcke.fr\\\/idees-deco\\\/wp-content\\\/uploads\\\/2020\\\/12\\\/logo-black.svg\",\"contentUrl\":\"https:\\\/\\\/pipcke.fr\\\/idees-deco\\\/wp-content\\\/uploads\\\/2020\\\/12\\\/logo-black.svg\",\"width\":524,\"height\":140,\"caption\":\"PIPCKE\"},\"image\":{\"@id\":\"https:\\\/\\\/pipcke.fr\\\/idees-deco\\\/#\\\/schema\\\/logo\\\/image\\\/\"},\"sameAs\":[\"https:\\\/\\\/www.facebook.com\\\/Pipcke\",\"https:\\\/\\\/x.com\\\/pipcke\",\"https:\\\/\\\/www.instagram.com\\\/pipcke.fr\\\/\",\"https:\\\/\\\/www.linkedin.com\\\/company\\\/pipcke\",\"https:\\\/\\\/www.pinterest.fr\\\/PIPCKE\\\/_created\\\/\",\"https:\\\/\\\/www.youtube.com\\\/channel\\\/UCaYnny5Q4k6HN1s3zr1Gazw\"],\"email\":\"hello@pipcke.fr\",\"telephone\":\"0184802084\",\"legalName\":\"Pipcke\"},{\"@type\":\"Person\",\"@id\":\"https:\\\/\\\/pipcke.fr\\\/idees-deco\\\/#\\\/schema\\\/person\\\/8b5506de5e3c01d4bdf4d6eec0847e64\",\"name\":\"Fatina Sleiman\",\"image\":{\"@type\":\"ImageObject\",\"inLanguage\":\"fr-FR\",\"@id\":\"https:\\\/\\\/secure.gravatar.com\\\/avatar\\\/33adce8ac61f425fd715619b70468232eba35ea2a75e2245c576d75661f4f516?s=96&d=mm&r=g\",\"url\":\"https:\\\/\\\/secure.gravatar.com\\\/avatar\\\/33adce8ac61f425fd715619b70468232eba35ea2a75e2245c576d75661f4f516?s=96&d=mm&r=g\",\"contentUrl\":\"https:\\\/\\\/secure.gravatar.com\\\/avatar\\\/33adce8ac61f425fd715619b70468232eba35ea2a75e2245c576d75661f4f516?s=96&d=mm&r=g\",\"caption\":\"Fatina Sleiman\"},\"description\":\"Fatina est la r\u00e9dactrice sp\u00e9cialis\u00e9e de Pipcke pour toutes les th\u00e9matiques li\u00e9es \u00e0 la couleur, aux peintures et \u00e0 la perception visuelle de l\u2019habitat. Son travail d\u2019analyse se concentre sur la mani\u00e8re dont les teintes, les contrastes et les finitions influencent les volumes et l'atmosph\u00e8re d'un int\u00e9rieur. \u00c0 travers ses articles et guides pratiques, Fatina d\u00e9crypte comment la peinture s'impose comme un v\u00e9ritable levier d'agencement : La correction des volumes et des perspectives : agrandir visuellement un couloir \u00e9troit, \u00e9lever un plafond ou structurer une pi\u00e8ce de vie par la couleur. L'art du mur d'accent et des associations : choisir le bon mur \u00e0 peindre dans une chambre, un salon ou une cuisine et marier deux couleurs sans encombrer le regard. La r\u00e9novation et la revalorisation : s\u00e9lectionner les meilleures teintes pour repeindre et moderniser du mobilier en bois ou des \u00e9l\u00e9ments architecturaux. Son objectif \u00e0 travers chaque guide est de fournir aux lecteurs des conseils clairs, techniques et imm\u00e9diatement applicables pour transformer leurs espaces en jouant simplement sur la lumi\u00e8re et les harmonies chromatiques.\",\"url\":\"https:\\\/\\\/pipcke.fr\\\/idees-deco\\\/auteur\\\/fatina-sleiman\\\/\"}]}<\/script>\n<!-- \/ Yoast SEO Premium plugin. -->","yoast_head_json":{"title":"Quelle couleur plafond pour agrandir une pi\u00e8ce ?","description":"Couleur plafond pour agrandir pi\u00e8ce : d\u00e9couvrez ces teintes \u00e0 privil\u00e9gier pour agrandir vos pi\u00e8ces et leur donner de la profondeur!","robots":{"index":"index","follow":"follow","max-snippet":"max-snippet:-1","max-image-preview":"max-image-preview:large","max-video-preview":"max-video-preview:-1"},"canonical":"https:\/\/pipcke.fr\/idees-deco\/conseils-de-decorateurs\/couleur-plafond-pour-agrandir-une-piece\/","og_locale":"fr_FR","og_type":"article","og_title":"Couleur plafond pour agrandir pi\u00e8ce : les conseils de nos d\u00e9corateurs Super conseils : quelles couleurs de plafond pour agrandir une pi\u00e8ce ?","og_description":"La couleur plafond pour agrandir pi\u00e8ce influence fortement la perception du volume. D\u00e9couvrez comment bien la choisir.","og_url":"https:\/\/pipcke.fr\/idees-deco\/conseils-de-decorateurs\/couleur-plafond-pour-agrandir-une-piece\/","og_site_name":"Pipcke","article_publisher":"https:\/\/www.facebook.com\/Pipcke","article_published_time":"2026-02-04T13:14:47+00:00","article_modified_time":"2026-02-04T13:14:48+00:00","og_image":[{"width":1600,"height":1200,"url":"https:\/\/pipcke.fr\/idees-deco\/wp-content\/uploads\/2026\/01\/image-13.jpeg","type":"image\/jpeg"}],"author":"Fatina Sleiman","twitter_card":"summary_large_image","twitter_title":"Couleur plafond pour agrandir pi\u00e8ce : les conseils de nos d\u00e9corateurs","twitter_creator":"@pipcke","twitter_site":"@pipcke","twitter_misc":{"\u00c9crit par":"Fatina Sleiman","Dur\u00e9e de lecture estim\u00e9e":"9 minutes"},"schema":{"@context":"https:\/\/schema.org","@graph":[{"@type":["Article","BlogPosting"],"@id":"https:\/\/pipcke.fr\/idees-deco\/conseils-de-decorateurs\/couleur-plafond-pour-agrandir-une-piece\/#article","isPartOf":{"@id":"https:\/\/pipcke.fr\/idees-deco\/conseils-de-decorateurs\/couleur-plafond-pour-agrandir-une-piece\/"},"author":{"name":"Fatina Sleiman","@id":"https:\/\/pipcke.fr\/idees-deco\/#\/schema\/person\/8b5506de5e3c01d4bdf4d6eec0847e64"},"headline":"Couleur plafond pour agrandir pi\u00e8ce : les conseils de nos d\u00e9corateurs","datePublished":"2026-02-04T13:14:47+00:00","dateModified":"2026-02-04T13:14:48+00:00","mainEntityOfPage":{"@id":"https:\/\/pipcke.fr\/idees-deco\/conseils-de-decorateurs\/couleur-plafond-pour-agrandir-une-piece\/"},"wordCount":893,"publisher":{"@id":"https:\/\/pipcke.fr\/idees-deco\/#organization"},"image":{"@id":"https:\/\/pipcke.fr\/idees-deco\/conseils-de-decorateurs\/couleur-plafond-pour-agrandir-une-piece\/#primaryimage"},"thumbnailUrl":"https:\/\/pipcke.fr\/idees-deco\/wp-content\/uploads\/2026\/01\/image-13.jpeg","articleSection":["Conseils de d\u00e9corateurs"],"inLanguage":"fr-FR"},{"@type":"WebPage","@id":"https:\/\/pipcke.fr\/idees-deco\/conseils-de-decorateurs\/couleur-plafond-pour-agrandir-une-piece\/","url":"https:\/\/pipcke.fr\/idees-deco\/conseils-de-decorateurs\/couleur-plafond-pour-agrandir-une-piece\/","name":"Quelle couleur plafond pour agrandir une pi\u00e8ce ?","isPartOf":{"@id":"https:\/\/pipcke.fr\/idees-deco\/#website"},"primaryImageOfPage":{"@id":"https:\/\/pipcke.fr\/idees-deco\/conseils-de-decorateurs\/couleur-plafond-pour-agrandir-une-piece\/#primaryimage"},"image":{"@id":"https:\/\/pipcke.fr\/idees-deco\/conseils-de-decorateurs\/couleur-plafond-pour-agrandir-une-piece\/#primaryimage"},"thumbnailUrl":"https:\/\/pipcke.fr\/idees-deco\/wp-content\/uploads\/2026\/01\/image-13.jpeg","datePublished":"2026-02-04T13:14:47+00:00","dateModified":"2026-02-04T13:14:48+00:00","description":"Couleur plafond pour agrandir pi\u00e8ce : d\u00e9couvrez ces teintes \u00e0 privil\u00e9gier pour agrandir vos pi\u00e8ces et leur donner de la profondeur!","breadcrumb":{"@id":"https:\/\/pipcke.fr\/idees-deco\/conseils-de-decorateurs\/couleur-plafond-pour-agrandir-une-piece\/#breadcrumb"},"inLanguage":"fr-FR","potentialAction":[{"@type":"ReadAction","target":["https:\/\/pipcke.fr\/idees-deco\/conseils-de-decorateurs\/couleur-plafond-pour-agrandir-une-piece\/"]}]},{"@type":"ImageObject","inLanguage":"fr-FR","@id":"https:\/\/pipcke.fr\/idees-deco\/conseils-de-decorateurs\/couleur-plafond-pour-agrandir-une-piece\/#primaryimage","url":"https:\/\/pipcke.fr\/idees-deco\/wp-content\/uploads\/2026\/01\/image-13.jpeg","contentUrl":"https:\/\/pipcke.fr\/idees-deco\/wp-content\/uploads\/2026\/01\/image-13.jpeg","width":1600,"height":1200,"caption":"Salle \u00e0 manger dont le plafond est peint en blanc et les murs en bleu fonc\u00e9 avec suspension, table en bois, chaises et tapis"},{"@type":"BreadcrumbList","@id":"https:\/\/pipcke.fr\/idees-deco\/conseils-de-decorateurs\/couleur-plafond-pour-agrandir-une-piece\/#breadcrumb","itemListElement":[{"@type":"ListItem","position":1,"name":"Accueil","item":"https:\/\/pipcke.fr\/idees-deco\/"},{"@type":"ListItem","position":2,"name":"Conseils de d\u00e9corateurs","item":"https:\/\/pipcke.fr\/idees-deco\/.\/conseils-de-decorateurs\/"},{"@type":"ListItem","position":3,"name":"Couleur plafond pour agrandir pi\u00e8ce : les conseils de nos d\u00e9corateurs"}]},{"@type":"WebSite","@id":"https:\/\/pipcke.fr\/idees-deco\/#website","url":"https:\/\/pipcke.fr\/idees-deco\/","name":"Pipcke","description":"Id\u00e9es, conseils et inspirations d\u00e9co","publisher":{"@id":"https:\/\/pipcke.fr\/idees-deco\/#organization"},"potentialAction":[{"@type":"SearchAction","target":{"@type":"EntryPoint","urlTemplate":"https:\/\/pipcke.fr\/idees-deco\/?s={search_term_string}"},"query-input":{"@type":"PropertyValueSpecification","valueRequired":true,"valueName":"search_term_string"}}],"inLanguage":"fr-FR"},{"@type":"Organization","@id":"https:\/\/pipcke.fr\/idees-deco\/#organization","name":"PIPCKE","alternateName":"PIPCKE","url":"https:\/\/pipcke.fr\/idees-deco\/","logo":{"@type":"ImageObject","inLanguage":"fr-FR","@id":"https:\/\/pipcke.fr\/idees-deco\/#\/schema\/logo\/image\/","url":"https:\/\/pipcke.fr\/idees-deco\/wp-content\/uploads\/2020\/12\/logo-black.svg","contentUrl":"https:\/\/pipcke.fr\/idees-deco\/wp-content\/uploads\/2020\/12\/logo-black.svg","width":524,"height":140,"caption":"PIPCKE"},"image":{"@id":"https:\/\/pipcke.fr\/idees-deco\/#\/schema\/logo\/image\/"},"sameAs":["https:\/\/www.facebook.com\/Pipcke","https:\/\/x.com\/pipcke","https:\/\/www.instagram.com\/pipcke.fr\/","https:\/\/www.linkedin.com\/company\/pipcke","https:\/\/www.pinterest.fr\/PIPCKE\/_created\/","https:\/\/www.youtube.com\/channel\/UCaYnny5Q4k6HN1s3zr1Gazw"],"email":"hello@pipcke.fr","telephone":"0184802084","legalName":"Pipcke"},{"@type":"Person","@id":"https:\/\/pipcke.fr\/idees-deco\/#\/schema\/person\/8b5506de5e3c01d4bdf4d6eec0847e64","name":"Fatina Sleiman","image":{"@type":"ImageObject","inLanguage":"fr-FR","@id":"https:\/\/secure.gravatar.com\/avatar\/33adce8ac61f425fd715619b70468232eba35ea2a75e2245c576d75661f4f516?s=96&d=mm&r=g","url":"https:\/\/secure.gravatar.com\/avatar\/33adce8ac61f425fd715619b70468232eba35ea2a75e2245c576d75661f4f516?s=96&d=mm&r=g","contentUrl":"https:\/\/secure.gravatar.com\/avatar\/33adce8ac61f425fd715619b70468232eba35ea2a75e2245c576d75661f4f516?s=96&d=mm&r=g","caption":"Fatina Sleiman"},"description":"Fatina est la r\u00e9dactrice sp\u00e9cialis\u00e9e de Pipcke pour toutes les th\u00e9matiques li\u00e9es \u00e0 la couleur, aux peintures et \u00e0 la perception visuelle de l\u2019habitat. Son travail d\u2019analyse se concentre sur la mani\u00e8re dont les teintes, les contrastes et les finitions influencent les volumes et l'atmosph\u00e8re d'un int\u00e9rieur. \u00c0 travers ses articles et guides pratiques, Fatina d\u00e9crypte comment la peinture s'impose comme un v\u00e9ritable levier d'agencement : La correction des volumes et des perspectives : agrandir visuellement un couloir \u00e9troit, \u00e9lever un plafond ou structurer une pi\u00e8ce de vie par la couleur. L'art du mur d'accent et des associations : choisir le bon mur \u00e0 peindre dans une chambre, un salon ou une cuisine et marier deux couleurs sans encombrer le regard. La r\u00e9novation et la revalorisation : s\u00e9lectionner les meilleures teintes pour repeindre et moderniser du mobilier en bois ou des \u00e9l\u00e9ments architecturaux. Son objectif \u00e0 travers chaque guide est de fournir aux lecteurs des conseils clairs, techniques et imm\u00e9diatement applicables pour transformer leurs espaces en jouant simplement sur la lumi\u00e8re et les harmonies chromatiques.","url":"https:\/\/pipcke.fr\/idees-deco\/auteur\/fatina-sleiman\/"}]}},"_links":{"self":[{"href":"https:\/\/pipcke.fr\/idees-deco\/wp-json\/wp\/v2\/posts\/21383","targetHints":{"allow":["GET"]}}],"collection":[{"href":"https:\/\/pipcke.fr\/idees-deco\/wp-json\/wp\/v2\/posts"}],"about":[{"href":"https:\/\/pipcke.fr\/idees-deco\/wp-json\/wp\/v2\/types\/post"}],"author":[{"embeddable":true,"href":"https:\/\/pipcke.fr\/idees-deco\/wp-json\/wp\/v2\/users\/18"}],"replies":[{"embeddable":true,"href":"https:\/\/pipcke.fr\/idees-deco\/wp-json\/wp\/v2\/comments?post=21383"}],"version-history":[{"count":17,"href":"https:\/\/pipcke.fr\/idees-deco\/wp-json\/wp\/v2\/posts\/21383\/revisions"}],"predecessor-version":[{"id":21624,"href":"https:\/\/pipcke.fr\/idees-deco\/wp-json\/wp\/v2\/posts\/21383\/revisions\/21624"}],"wp:featuredmedia":[{"embeddable":true,"href":"https:\/\/pipcke.fr\/idees-deco\/wp-json\/wp\/v2\/media\/21398"}],"wp:attachment":[{"href":"https:\/\/pipcke.fr\/idees-deco\/wp-json\/wp\/v2\/media?parent=21383"}],"wp:term":[{"taxonomy":"category","embeddable":true,"href":"https:\/\/pipcke.fr\/idees-deco\/wp-json\/wp\/v2\/categories?post=21383"},{"taxonomy":"post_tag","embeddable":true,"href":"https:\/\/pipcke.fr\/idees-deco\/wp-json\/wp\/v2\/tags?post=21383"},{"taxonomy":"powerkit_post_featured","embeddable":true,"href":"https:\/\/pipcke.fr\/idees-deco\/wp-json\/wp\/v2\/powerkit_post_featured?post=21383"}],"curies":[{"name":"wp","href":"https:\/\/api.w.org\/{rel}","templated":true}]}}