{"id":18120,"date":"2025-04-08T18:31:47","date_gmt":"2025-04-08T16:31:47","guid":{"rendered":"https:\/\/pipcke.fr\/idees-deco\/?p=18120"},"modified":"2025-04-08T18:31:49","modified_gmt":"2025-04-08T16:31:49","slug":"decoration-de-paques","status":"publish","type":"post","link":"https:\/\/pipcke.fr\/idees-deco\/inspirations-deco\/decoration-de-paques\/","title":{"rendered":"10 Fa\u00e7ons cr\u00e9atives de mettre en sc\u00e8ne votre d\u00e9coration de P\u00e2ques"},"content":{"rendered":"<div id=\"bsf_rt_marker\"><\/div>\n<p>Les premiers signes du printemps sont l\u00e0 : les fleurs commencent \u00e0 bourgeonner et la <strong>f\u00eate de P\u00e2ques approche \u00e0 grands pas<\/strong>. Voici quelques inspirations pour une jolie <strong>d\u00e9coration de P\u00e2ques<\/strong>.<\/p>\n\n\n\n<p>Nous sommes ravis de vous retrouver aujourd\u2019hui pour vous proposer nos \u00e9l\u00e9ments de d\u00e9coration de P\u00e2ques. Faites-vous plaisir avec nos <strong>id\u00e9es cr\u00e9atives<\/strong>, parfaites pour <strong>r\u00e9aliser une d\u00e9coration de P\u00e2ques festive et pleine de charme<\/strong>.<\/p>\n\n\n\n<figure class=\"wp-block-image size-large\"><a href=\"https:\/\/pipcke.fr\/quiz\"><img loading=\"lazy\" decoding=\"async\" width=\"1160\" height=\"387\" src=\"https:\/\/pipcke.fr\/idees-deco\/wp-content\/uploads\/2023\/11\/decouvrir-mon-style-logo-pipcke-1160x387.png\" alt=\"banni\u00e8re d\u00e9couvrir mon style pipcke\" class=\"wp-image-8931\" srcset=\"https:\/\/pipcke.fr\/idees-deco\/wp-content\/uploads\/2023\/11\/decouvrir-mon-style-logo-pipcke-1160x387.png 1160w, https:\/\/pipcke.fr\/idees-deco\/wp-content\/uploads\/2023\/11\/decouvrir-mon-style-logo-pipcke-800x267.png 800w, https:\/\/pipcke.fr\/idees-deco\/wp-content\/uploads\/2023\/11\/decouvrir-mon-style-logo-pipcke-120x40.png 120w, https:\/\/pipcke.fr\/idees-deco\/wp-content\/uploads\/2023\/11\/decouvrir-mon-style-logo-pipcke-90x30.png 90w, https:\/\/pipcke.fr\/idees-deco\/wp-content\/uploads\/2023\/11\/decouvrir-mon-style-logo-pipcke-320x107.png 320w, https:\/\/pipcke.fr\/idees-deco\/wp-content\/uploads\/2023\/11\/decouvrir-mon-style-logo-pipcke-560x187.png 560w, https:\/\/pipcke.fr\/idees-deco\/wp-content\/uploads\/2023\/11\/decouvrir-mon-style-logo-pipcke.png 1500w\" sizes=\"auto, (max-width: 1160px) 100vw, 1160px\" \/><\/a><\/figure>\n\n\n\n<h2 class=\"wp-block-heading\" id=\"h-le-theme-et-la-palette-de-couleurs-pour-une-decoration-de-paques-harmonieuse\"><span id=\"le-theme-et-la-palette-de-couleurs-pour-une-decoration-de-paques-harmonieuse\">Le th\u00e8me et la palette de couleurs pour une d\u00e9coration de P\u00e2ques harmonieuse <\/span><\/h2>\n\n\n\n<ol class=\"wp-block-list\">\n<li>Commencez par choisir un code couleur adapt\u00e9 \u00e0 l\u2019esprit de la f\u00eate. \u00c9vitez les teintes criardes et privil\u00e9giez les couleurs pastel, douces et populaires, qui s\u2019harmonisent avec l\u2019univers fleuri et printanier de P\u00e2ques.<\/li>\n<\/ol>\n\n\n\n<p>Optez pour du rose, du jaune, du mauve, du vert ou du bleu. N\u2019oubliez pas que le blanc symbolise la r\u00e9surrection.<\/p>\n\n\n\n<figure class=\"wp-block-gallery has-nested-images columns-default is-cropped wp-block-gallery-1 is-layout-flex wp-block-gallery-is-layout-flex\">\n<figure class=\"wp-block-image size-large\"><a href=\"https:\/\/pipcke.fr\/idees-deco\/wp-content\/uploads\/2025\/04\/decoration-de-paques-couleurs-printemps-scaled.jpg\"><img loading=\"lazy\" decoding=\"async\" width=\"1160\" height=\"1160\" data-id=\"18124\" src=\"https:\/\/pipcke.fr\/idees-deco\/wp-content\/uploads\/2025\/04\/decoration-de-paques-couleurs-printemps-1160x1160.jpg\" alt=\"Couleurs adoptees a l'esprit de deco de paques s'harmonisant avec l'univers du printemps\" class=\"wp-image-18124\" srcset=\"https:\/\/pipcke.fr\/idees-deco\/wp-content\/uploads\/2025\/04\/decoration-de-paques-couleurs-printemps-1160x1160.jpg 1160w, https:\/\/pipcke.fr\/idees-deco\/wp-content\/uploads\/2025\/04\/decoration-de-paques-couleurs-printemps-800x800.jpg 800w, https:\/\/pipcke.fr\/idees-deco\/wp-content\/uploads\/2025\/04\/decoration-de-paques-couleurs-printemps-1536x1536.jpg 1536w, https:\/\/pipcke.fr\/idees-deco\/wp-content\/uploads\/2025\/04\/decoration-de-paques-couleurs-printemps-2048x2048.jpg 2048w, https:\/\/pipcke.fr\/idees-deco\/wp-content\/uploads\/2025\/04\/decoration-de-paques-couleurs-printemps-80x80.jpg 80w, https:\/\/pipcke.fr\/idees-deco\/wp-content\/uploads\/2025\/04\/decoration-de-paques-couleurs-printemps-120x120.jpg 120w, https:\/\/pipcke.fr\/idees-deco\/wp-content\/uploads\/2025\/04\/decoration-de-paques-couleurs-printemps-90x90.jpg 90w, https:\/\/pipcke.fr\/idees-deco\/wp-content\/uploads\/2025\/04\/decoration-de-paques-couleurs-printemps-320x320.jpg 320w, https:\/\/pipcke.fr\/idees-deco\/wp-content\/uploads\/2025\/04\/decoration-de-paques-couleurs-printemps-560x560.jpg 560w, https:\/\/pipcke.fr\/idees-deco\/wp-content\/uploads\/2025\/04\/decoration-de-paques-couleurs-printemps-1920x1920.jpg 1920w, https:\/\/pipcke.fr\/idees-deco\/wp-content\/uploads\/2025\/04\/decoration-de-paques-couleurs-printemps-scaled.jpg 2560w\" sizes=\"auto, (max-width: 1160px) 100vw, 1160px\" \/><\/a><\/figure>\n<\/figure>\n\n\n\n<h2 class=\"wp-block-heading\" id=\"h-les-oeufs-de-paques-en-decoration\"><span id=\"les-oeufs-de-paques-en-decoration\">Les \u0153ufs de p\u00e2ques en d\u00e9coration<\/span><\/h2>\n\n\n\n<ol class=\"wp-block-list\" start=\"2\">\n<li>La star de P\u00e2ques, c\u2019est sans conteste l&rsquo;\u0153uf. Il symbolise le premier stade de la vie et repr\u00e9sente la maternit\u00e9, la vie et la protection.<\/li>\n<\/ol>\n\n\n\n<figure class=\"wp-block-gallery has-nested-images columns-default is-cropped wp-block-gallery-2 is-layout-flex wp-block-gallery-is-layout-flex\">\n<figure class=\"wp-block-image size-large\"><a href=\"https:\/\/pipcke.fr\/idees-deco\/wp-content\/uploads\/2025\/04\/oeurfs-et-fleurs-de-paques-scaled.jpg\"><img loading=\"lazy\" decoding=\"async\" width=\"1160\" height=\"1160\" data-id=\"18125\" src=\"https:\/\/pipcke.fr\/idees-deco\/wp-content\/uploads\/2025\/04\/oeurfs-et-fleurs-de-paques-1160x1160.jpg\" alt=\"Le star de la fete, oeufs de paques, peints en rose, acrylique\" class=\"wp-image-18125\" srcset=\"https:\/\/pipcke.fr\/idees-deco\/wp-content\/uploads\/2025\/04\/oeurfs-et-fleurs-de-paques-1160x1160.jpg 1160w, https:\/\/pipcke.fr\/idees-deco\/wp-content\/uploads\/2025\/04\/oeurfs-et-fleurs-de-paques-800x800.jpg 800w, https:\/\/pipcke.fr\/idees-deco\/wp-content\/uploads\/2025\/04\/oeurfs-et-fleurs-de-paques-1536x1536.jpg 1536w, https:\/\/pipcke.fr\/idees-deco\/wp-content\/uploads\/2025\/04\/oeurfs-et-fleurs-de-paques-2048x2048.jpg 2048w, https:\/\/pipcke.fr\/idees-deco\/wp-content\/uploads\/2025\/04\/oeurfs-et-fleurs-de-paques-80x80.jpg 80w, https:\/\/pipcke.fr\/idees-deco\/wp-content\/uploads\/2025\/04\/oeurfs-et-fleurs-de-paques-120x120.jpg 120w, https:\/\/pipcke.fr\/idees-deco\/wp-content\/uploads\/2025\/04\/oeurfs-et-fleurs-de-paques-90x90.jpg 90w, https:\/\/pipcke.fr\/idees-deco\/wp-content\/uploads\/2025\/04\/oeurfs-et-fleurs-de-paques-320x320.jpg 320w, https:\/\/pipcke.fr\/idees-deco\/wp-content\/uploads\/2025\/04\/oeurfs-et-fleurs-de-paques-560x560.jpg 560w, https:\/\/pipcke.fr\/idees-deco\/wp-content\/uploads\/2025\/04\/oeurfs-et-fleurs-de-paques-1920x1920.jpg 1920w, https:\/\/pipcke.fr\/idees-deco\/wp-content\/uploads\/2025\/04\/oeurfs-et-fleurs-de-paques-scaled.jpg 2560w\" sizes=\"auto, (max-width: 1160px) 100vw, 1160px\" \/><\/a><\/figure>\n<\/figure>\n\n\n\n<p>Donnez de la couleur \u00e0 vos \u0153ufs de P\u00e2ques avec de la peinture acrylique rose et cr\u00e9ez une structure marbr\u00e9e.<\/p>\n\n\n\n<figure class=\"wp-block-gallery has-nested-images columns-default is-cropped wp-block-gallery-3 is-layout-flex wp-block-gallery-is-layout-flex\">\n<figure class=\"wp-block-image size-large\"><a href=\"https:\/\/pipcke.fr\/idees-deco\/wp-content\/uploads\/2025\/04\/peinture-oeufs-de-paques-scaled.jpg\"><img loading=\"lazy\" decoding=\"async\" width=\"1160\" height=\"1203\" data-id=\"18126\" src=\"https:\/\/pipcke.fr\/idees-deco\/wp-content\/uploads\/2025\/04\/peinture-oeufs-de-paques-1160x1203.jpg\" alt=\"Veritables oeuvres d'art, deco de paques, peinturte sur oeufs\" class=\"wp-image-18126\" srcset=\"https:\/\/pipcke.fr\/idees-deco\/wp-content\/uploads\/2025\/04\/peinture-oeufs-de-paques-1160x1203.jpg 1160w, https:\/\/pipcke.fr\/idees-deco\/wp-content\/uploads\/2025\/04\/peinture-oeufs-de-paques-800x829.jpg 800w, https:\/\/pipcke.fr\/idees-deco\/wp-content\/uploads\/2025\/04\/peinture-oeufs-de-paques-1481x1536.jpg 1481w, https:\/\/pipcke.fr\/idees-deco\/wp-content\/uploads\/2025\/04\/peinture-oeufs-de-paques-1975x2048.jpg 1975w, https:\/\/pipcke.fr\/idees-deco\/wp-content\/uploads\/2025\/04\/peinture-oeufs-de-paques-120x124.jpg 120w, https:\/\/pipcke.fr\/idees-deco\/wp-content\/uploads\/2025\/04\/peinture-oeufs-de-paques-90x93.jpg 90w, https:\/\/pipcke.fr\/idees-deco\/wp-content\/uploads\/2025\/04\/peinture-oeufs-de-paques-320x332.jpg 320w, https:\/\/pipcke.fr\/idees-deco\/wp-content\/uploads\/2025\/04\/peinture-oeufs-de-paques-560x581.jpg 560w, https:\/\/pipcke.fr\/idees-deco\/wp-content\/uploads\/2025\/04\/peinture-oeufs-de-paques-1920x1991.jpg 1920w, https:\/\/pipcke.fr\/idees-deco\/wp-content\/uploads\/2025\/04\/peinture-oeufs-de-paques-scaled.jpg 2469w\" sizes=\"auto, (max-width: 1160px) 100vw, 1160px\" \/><\/a><\/figure>\n<\/figure>\n\n\n\n<p>Des \u0153ufs de P\u00e2ques travaill\u00e9s comme de v\u00e9ritables \u0153uvres d\u2019art, une magnifique d\u00e9coration de peinture sur \u0153ufs, avec au centre un bouquet de fleurs s\u00e8ches.<\/p>\n\n\n\n<h2 class=\"wp-block-heading\" id=\"h-le-lapin-de-paques\"><span id=\"le-lapin-de-paques\">Le lapin de p\u00e2ques<\/span><\/h2>\n\n\n\n<ol class=\"wp-block-list\" start=\"3\">\n<li>Le lapin symbolise l&rsquo;abondance, l&rsquo;\u00e9veil et la flexibilit\u00e9. Il est \u00e9galement le symbole de vigilance et de capacit\u00e9 \u00e0 r\u00e9agir face aux situations.<\/li>\n<\/ol>\n\n\n\n<figure class=\"wp-block-gallery has-nested-images columns-default is-cropped wp-block-gallery-4 is-layout-flex wp-block-gallery-is-layout-flex\">\n<figure class=\"wp-block-image size-large\"><a href=\"https:\/\/pipcke.fr\/idees-deco\/wp-content\/uploads\/2025\/04\/lapin-paques-feutre-scaled.jpg\"><img loading=\"lazy\" decoding=\"async\" width=\"1160\" height=\"1740\" data-id=\"18129\" src=\"https:\/\/pipcke.fr\/idees-deco\/wp-content\/uploads\/2025\/04\/lapin-paques-feutre-1160x1740.jpg\" alt=\"Nid de paille sur lequel est pose un lapin en feutre\" class=\"wp-image-18129\" srcset=\"https:\/\/pipcke.fr\/idees-deco\/wp-content\/uploads\/2025\/04\/lapin-paques-feutre-1160x1740.jpg 1160w, https:\/\/pipcke.fr\/idees-deco\/wp-content\/uploads\/2025\/04\/lapin-paques-feutre-800x1200.jpg 800w, https:\/\/pipcke.fr\/idees-deco\/wp-content\/uploads\/2025\/04\/lapin-paques-feutre-1024x1536.jpg 1024w, https:\/\/pipcke.fr\/idees-deco\/wp-content\/uploads\/2025\/04\/lapin-paques-feutre-1365x2048.jpg 1365w, https:\/\/pipcke.fr\/idees-deco\/wp-content\/uploads\/2025\/04\/lapin-paques-feutre-120x180.jpg 120w, https:\/\/pipcke.fr\/idees-deco\/wp-content\/uploads\/2025\/04\/lapin-paques-feutre-90x135.jpg 90w, https:\/\/pipcke.fr\/idees-deco\/wp-content\/uploads\/2025\/04\/lapin-paques-feutre-320x480.jpg 320w, https:\/\/pipcke.fr\/idees-deco\/wp-content\/uploads\/2025\/04\/lapin-paques-feutre-560x840.jpg 560w, https:\/\/pipcke.fr\/idees-deco\/wp-content\/uploads\/2025\/04\/lapin-paques-feutre-1920x2880.jpg 1920w, https:\/\/pipcke.fr\/idees-deco\/wp-content\/uploads\/2025\/04\/lapin-paques-feutre-scaled.jpg 1707w\" sizes=\"auto, (max-width: 1160px) 100vw, 1160px\" \/><\/a><\/figure>\n<\/figure>\n\n\n\n<p>Lapin de P\u00e2ques en feutre, pos\u00e9 sur un nid de paille, entour\u00e9 de marguerites annon\u00e7ant l\u2019arriv\u00e9e du printemps, avec des couleurs printani\u00e8res.<\/p>\n\n\n\n<figure class=\"wp-block-gallery has-nested-images columns-default is-cropped wp-block-gallery-5 is-layout-flex wp-block-gallery-is-layout-flex\">\n<figure class=\"wp-block-image size-large\"><a href=\"https:\/\/pipcke.fr\/idees-deco\/wp-content\/uploads\/2025\/04\/concept-decoration-de-paques-scaled.jpg\"><img loading=\"lazy\" decoding=\"async\" width=\"1160\" height=\"773\" data-id=\"18128\" src=\"https:\/\/pipcke.fr\/idees-deco\/wp-content\/uploads\/2025\/04\/concept-decoration-de-paques-1160x773.jpg\" alt=\"oeuf de caille tachete marron, de part et d'autre deux lapins en porcelaine\" class=\"wp-image-18128\" srcset=\"https:\/\/pipcke.fr\/idees-deco\/wp-content\/uploads\/2025\/04\/concept-decoration-de-paques-1160x773.jpg 1160w, https:\/\/pipcke.fr\/idees-deco\/wp-content\/uploads\/2025\/04\/concept-decoration-de-paques-800x533.jpg 800w, https:\/\/pipcke.fr\/idees-deco\/wp-content\/uploads\/2025\/04\/concept-decoration-de-paques-1536x1024.jpg 1536w, https:\/\/pipcke.fr\/idees-deco\/wp-content\/uploads\/2025\/04\/concept-decoration-de-paques-2048x1365.jpg 2048w, https:\/\/pipcke.fr\/idees-deco\/wp-content\/uploads\/2025\/04\/concept-decoration-de-paques-120x80.jpg 120w, https:\/\/pipcke.fr\/idees-deco\/wp-content\/uploads\/2025\/04\/concept-decoration-de-paques-90x60.jpg 90w, https:\/\/pipcke.fr\/idees-deco\/wp-content\/uploads\/2025\/04\/concept-decoration-de-paques-320x213.jpg 320w, https:\/\/pipcke.fr\/idees-deco\/wp-content\/uploads\/2025\/04\/concept-decoration-de-paques-560x373.jpg 560w, https:\/\/pipcke.fr\/idees-deco\/wp-content\/uploads\/2025\/04\/concept-decoration-de-paques-1920x1280.jpg 1920w, https:\/\/pipcke.fr\/idees-deco\/wp-content\/uploads\/2025\/04\/concept-decoration-de-paques-scaled.jpg 2560w\" sizes=\"auto, (max-width: 1160px) 100vw, 1160px\" \/><\/a><\/figure>\n<\/figure>\n\n\n\n<p>Deux lapins de P\u00e2ques en porcelaine bleue et jaune, avec au centre un \u0153uf de caille tachet\u00e9 de couleur marron.<\/p>\n\n\n\n<h2 class=\"wp-block-heading\" id=\"h-la-couronne-de-paques-une-decoration-de-paques-a-faire-soi-meme\"><span id=\"la-couronne-de-paques-une-decoration-de-paques-a-faire-soi-meme\">La couronne de p\u00e2ques : une d\u00e9coration de p\u00e2ques \u00e0 faire soi m\u00eame<\/span><\/h2>\n\n\n\n<ol class=\"wp-block-list\" start=\"4\">\n<li>La f\u00eate de P\u00e2ques est un \u00e9v\u00e9nement color\u00e9. La couronne de P\u00e2ques, dans de nombreuses cultures, est le symbole de la renaissance. Les \u0153ufs sont les pi\u00e8ces ma\u00eetresses de cette couronne festive.<\/li>\n<\/ol>\n\n\n\n<figure class=\"wp-block-gallery has-nested-images columns-default is-cropped wp-block-gallery-6 is-layout-flex wp-block-gallery-is-layout-flex\">\n<figure class=\"wp-block-image size-large\"><a href=\"https:\/\/pipcke.fr\/idees-deco\/wp-content\/uploads\/2025\/04\/couronne-de-paques-en-fleurs-et-oeufs-scaled.jpg\"><img loading=\"lazy\" decoding=\"async\" width=\"1160\" height=\"768\" data-id=\"18127\" src=\"https:\/\/pipcke.fr\/idees-deco\/wp-content\/uploads\/2025\/04\/couronne-de-paques-en-fleurs-et-oeufs-1160x768.jpg\" alt=\"Celebrer la splendeur de paques, inspirez vous par la couronne avec des oeufs et des fleurs\" class=\"wp-image-18127\" srcset=\"https:\/\/pipcke.fr\/idees-deco\/wp-content\/uploads\/2025\/04\/couronne-de-paques-en-fleurs-et-oeufs-1160x768.jpg 1160w, https:\/\/pipcke.fr\/idees-deco\/wp-content\/uploads\/2025\/04\/couronne-de-paques-en-fleurs-et-oeufs-800x530.jpg 800w, https:\/\/pipcke.fr\/idees-deco\/wp-content\/uploads\/2025\/04\/couronne-de-paques-en-fleurs-et-oeufs-1536x1017.jpg 1536w, https:\/\/pipcke.fr\/idees-deco\/wp-content\/uploads\/2025\/04\/couronne-de-paques-en-fleurs-et-oeufs-2048x1356.jpg 2048w, https:\/\/pipcke.fr\/idees-deco\/wp-content\/uploads\/2025\/04\/couronne-de-paques-en-fleurs-et-oeufs-120x79.jpg 120w, https:\/\/pipcke.fr\/idees-deco\/wp-content\/uploads\/2025\/04\/couronne-de-paques-en-fleurs-et-oeufs-90x60.jpg 90w, https:\/\/pipcke.fr\/idees-deco\/wp-content\/uploads\/2025\/04\/couronne-de-paques-en-fleurs-et-oeufs-320x212.jpg 320w, https:\/\/pipcke.fr\/idees-deco\/wp-content\/uploads\/2025\/04\/couronne-de-paques-en-fleurs-et-oeufs-560x371.jpg 560w, https:\/\/pipcke.fr\/idees-deco\/wp-content\/uploads\/2025\/04\/couronne-de-paques-en-fleurs-et-oeufs-1920x1272.jpg 1920w, https:\/\/pipcke.fr\/idees-deco\/wp-content\/uploads\/2025\/04\/couronne-de-paques-en-fleurs-et-oeufs-scaled.jpg 2560w\" sizes=\"auto, (max-width: 1160px) 100vw, 1160px\" \/><\/a><\/figure>\n<\/figure>\n\n\n\n<p>Laissez-vous inspirer par la couronne de P\u00e2ques r\u00e9alis\u00e9e avec des \u0153ufs de poule et de caille pour c\u00e9l\u00e9brer la splendeur de P\u00e2ques. Int\u00e9grez des fleurs fra\u00eeches et s\u00e8ches pour cr\u00e9er une <a href=\"https:\/\/pipcke.fr\/idees-deco\/astuces-deco-et-diy\/deco-printemps\/\" target=\"_blank\" rel=\"noreferrer noopener\">atmosph\u00e8re printani\u00e8re<\/a>.<\/p>\n\n\n\n<figure class=\"wp-block-gallery has-nested-images columns-default is-cropped wp-block-gallery-7 is-layout-flex wp-block-gallery-is-layout-flex\">\n<figure class=\"wp-block-image size-large\"><a href=\"https:\/\/pipcke.fr\/idees-deco\/wp-content\/uploads\/2025\/04\/decoration-paques-couronne-scaled.jpg\"><img loading=\"lazy\" decoding=\"async\" width=\"1160\" height=\"1740\" data-id=\"18130\" src=\"https:\/\/pipcke.fr\/idees-deco\/wp-content\/uploads\/2025\/04\/decoration-paques-couronne-1160x1740.jpg\" alt=\"magnifique decoration de paques, couronne en oeufs dores et oeufs de caille\" class=\"wp-image-18130\" srcset=\"https:\/\/pipcke.fr\/idees-deco\/wp-content\/uploads\/2025\/04\/decoration-paques-couronne-1160x1740.jpg 1160w, https:\/\/pipcke.fr\/idees-deco\/wp-content\/uploads\/2025\/04\/decoration-paques-couronne-800x1200.jpg 800w, https:\/\/pipcke.fr\/idees-deco\/wp-content\/uploads\/2025\/04\/decoration-paques-couronne-1024x1536.jpg 1024w, https:\/\/pipcke.fr\/idees-deco\/wp-content\/uploads\/2025\/04\/decoration-paques-couronne-1365x2048.jpg 1365w, https:\/\/pipcke.fr\/idees-deco\/wp-content\/uploads\/2025\/04\/decoration-paques-couronne-120x180.jpg 120w, https:\/\/pipcke.fr\/idees-deco\/wp-content\/uploads\/2025\/04\/decoration-paques-couronne-90x135.jpg 90w, https:\/\/pipcke.fr\/idees-deco\/wp-content\/uploads\/2025\/04\/decoration-paques-couronne-320x480.jpg 320w, https:\/\/pipcke.fr\/idees-deco\/wp-content\/uploads\/2025\/04\/decoration-paques-couronne-560x840.jpg 560w, https:\/\/pipcke.fr\/idees-deco\/wp-content\/uploads\/2025\/04\/decoration-paques-couronne-1920x2881.jpg 1920w, https:\/\/pipcke.fr\/idees-deco\/wp-content\/uploads\/2025\/04\/decoration-paques-couronne-scaled.jpg 1706w\" sizes=\"auto, (max-width: 1160px) 100vw, 1160px\" \/><\/a><\/figure>\n<\/figure>\n\n\n\n<p>Attirez l\u2019attention et c\u00e9l\u00e9brez P\u00e2ques avec cette magnifique couronne d&rsquo;\u0153ufs de caille et de poule, dont certains sont dor\u00e9s pour capter tous les regards.<\/p>\n\n\n\n<h2 class=\"wp-block-heading\" id=\"h-decoration-de-paques-le-nid-de-paques\"><span id=\"decoration-de-paques-le-nid-de-paques\">D\u00e9coration de P\u00e2ques : le nid de p\u00e2ques<\/span><\/h2>\n\n\n\n<ol class=\"wp-block-list\" start=\"5\">\n<li>Impossible de f\u00eater p\u00e2ques sans nid et pas de nid de p\u00e2ques sans \u0153ufs, c\u2019est l\u2019incontournable de la f\u00eate. C\u2019est une version raffin\u00e9e et classique de p\u00e2ques de l\u2019enfance.<\/li>\n<\/ol>\n\n\n\n<p>Il peut \u00eatre utilis\u00e9 comme cadeau de f\u00eate ou comme une d\u00e9coration enti\u00e8re.<\/p>\n\n\n\n<figure class=\"wp-block-gallery has-nested-images columns-default is-cropped wp-block-gallery-8 is-layout-flex wp-block-gallery-is-layout-flex\">\n<figure class=\"wp-block-image size-large\"><a href=\"https:\/\/pipcke.fr\/idees-deco\/wp-content\/uploads\/2025\/04\/oeufs-peints-nid-de-paques-scaled.jpg\"><img loading=\"lazy\" decoding=\"async\" width=\"1160\" height=\"773\" data-id=\"18132\" src=\"https:\/\/pipcke.fr\/idees-deco\/wp-content\/uploads\/2025\/04\/oeufs-peints-nid-de-paques-1160x773.jpg\" alt=\"nid de paques incontournable, plumes et fleurs sechees, avec des oeufs peints au milieu\" class=\"wp-image-18132\" srcset=\"https:\/\/pipcke.fr\/idees-deco\/wp-content\/uploads\/2025\/04\/oeufs-peints-nid-de-paques-1160x773.jpg 1160w, https:\/\/pipcke.fr\/idees-deco\/wp-content\/uploads\/2025\/04\/oeufs-peints-nid-de-paques-800x533.jpg 800w, https:\/\/pipcke.fr\/idees-deco\/wp-content\/uploads\/2025\/04\/oeufs-peints-nid-de-paques-1536x1024.jpg 1536w, https:\/\/pipcke.fr\/idees-deco\/wp-content\/uploads\/2025\/04\/oeufs-peints-nid-de-paques-2048x1365.jpg 2048w, https:\/\/pipcke.fr\/idees-deco\/wp-content\/uploads\/2025\/04\/oeufs-peints-nid-de-paques-120x80.jpg 120w, https:\/\/pipcke.fr\/idees-deco\/wp-content\/uploads\/2025\/04\/oeufs-peints-nid-de-paques-90x60.jpg 90w, https:\/\/pipcke.fr\/idees-deco\/wp-content\/uploads\/2025\/04\/oeufs-peints-nid-de-paques-320x213.jpg 320w, https:\/\/pipcke.fr\/idees-deco\/wp-content\/uploads\/2025\/04\/oeufs-peints-nid-de-paques-560x373.jpg 560w, https:\/\/pipcke.fr\/idees-deco\/wp-content\/uploads\/2025\/04\/oeufs-peints-nid-de-paques-1920x1280.jpg 1920w, https:\/\/pipcke.fr\/idees-deco\/wp-content\/uploads\/2025\/04\/oeufs-peints-nid-de-paques-scaled.jpg 2560w\" sizes=\"auto, (max-width: 1160px) 100vw, 1160px\" \/><\/a><\/figure>\n<\/figure>\n\n\n\n<p>Nid de P\u00e2ques constitu\u00e9 de plumes et de petites branches dess\u00e9ch\u00e9es, entour\u00e9 de roses et de tulipes aux couleurs printani\u00e8res.<\/p>\n\n\n\n<figure class=\"wp-block-gallery has-nested-images columns-default is-cropped wp-block-gallery-9 is-layout-flex wp-block-gallery-is-layout-flex\">\n<figure class=\"wp-block-image size-large\"><a href=\"https:\/\/pipcke.fr\/idees-deco\/wp-content\/uploads\/2025\/04\/Tulipes-nid-de-paques-scaled.jpg\"><img loading=\"lazy\" decoding=\"async\" width=\"1160\" height=\"1740\" data-id=\"18131\" src=\"https:\/\/pipcke.fr\/idees-deco\/wp-content\/uploads\/2025\/04\/Tulipes-nid-de-paques-1160x1740.jpg\" alt=\"decoration de paques, nid personnalise en fils, avec des oeufs peints au milieu\" class=\"wp-image-18131\" srcset=\"https:\/\/pipcke.fr\/idees-deco\/wp-content\/uploads\/2025\/04\/Tulipes-nid-de-paques-1160x1740.jpg 1160w, https:\/\/pipcke.fr\/idees-deco\/wp-content\/uploads\/2025\/04\/Tulipes-nid-de-paques-800x1200.jpg 800w, https:\/\/pipcke.fr\/idees-deco\/wp-content\/uploads\/2025\/04\/Tulipes-nid-de-paques-1024x1536.jpg 1024w, https:\/\/pipcke.fr\/idees-deco\/wp-content\/uploads\/2025\/04\/Tulipes-nid-de-paques-1365x2048.jpg 1365w, https:\/\/pipcke.fr\/idees-deco\/wp-content\/uploads\/2025\/04\/Tulipes-nid-de-paques-120x180.jpg 120w, https:\/\/pipcke.fr\/idees-deco\/wp-content\/uploads\/2025\/04\/Tulipes-nid-de-paques-90x135.jpg 90w, https:\/\/pipcke.fr\/idees-deco\/wp-content\/uploads\/2025\/04\/Tulipes-nid-de-paques-320x480.jpg 320w, https:\/\/pipcke.fr\/idees-deco\/wp-content\/uploads\/2025\/04\/Tulipes-nid-de-paques-560x840.jpg 560w, https:\/\/pipcke.fr\/idees-deco\/wp-content\/uploads\/2025\/04\/Tulipes-nid-de-paques-1920x2880.jpg 1920w, https:\/\/pipcke.fr\/idees-deco\/wp-content\/uploads\/2025\/04\/Tulipes-nid-de-paques-scaled.jpg 1707w\" sizes=\"auto, (max-width: 1160px) 100vw, 1160px\" \/><\/a><\/figure>\n<\/figure>\n\n\n\n<p>Personnalisez votre nid de P\u00e2ques en rassemblant des fils et en y pla\u00e7ant au centre des \u0153ufs peints \u00e0 la main, v\u00e9ritables \u0153uvres d\u2019art qui apportent une atmosph\u00e8re de renouveau.<\/p>\n\n\n\n<figure class=\"wp-block-image size-large\"><a href=\"https:\/\/pipcke.fr\/offres\"><img loading=\"lazy\" decoding=\"async\" width=\"1160\" height=\"387\" src=\"https:\/\/pipcke.fr\/idees-deco\/wp-content\/uploads\/2023\/11\/offres-logo-pipcke-1160x387.png\" alt=\"banni\u00e8re offre pipcke\" class=\"wp-image-8933\" srcset=\"https:\/\/pipcke.fr\/idees-deco\/wp-content\/uploads\/2023\/11\/offres-logo-pipcke-1160x387.png 1160w, https:\/\/pipcke.fr\/idees-deco\/wp-content\/uploads\/2023\/11\/offres-logo-pipcke-800x267.png 800w, https:\/\/pipcke.fr\/idees-deco\/wp-content\/uploads\/2023\/11\/offres-logo-pipcke-120x40.png 120w, https:\/\/pipcke.fr\/idees-deco\/wp-content\/uploads\/2023\/11\/offres-logo-pipcke-90x30.png 90w, https:\/\/pipcke.fr\/idees-deco\/wp-content\/uploads\/2023\/11\/offres-logo-pipcke-320x107.png 320w, https:\/\/pipcke.fr\/idees-deco\/wp-content\/uploads\/2023\/11\/offres-logo-pipcke-560x187.png 560w, https:\/\/pipcke.fr\/idees-deco\/wp-content\/uploads\/2023\/11\/offres-logo-pipcke.png 1500w\" sizes=\"auto, (max-width: 1160px) 100vw, 1160px\" \/><\/a><\/figure>\n\n\n\n<h2 class=\"wp-block-heading\" id=\"h-decoration-de-paques-pour-la-table-avec-des-fleurs\"><span id=\"decoration-de-paques-pour-la-table-avec-des-fleurs\">D\u00e9coration de p\u00e2ques pour la table avec des fleurs<\/span><\/h2>\n\n\n\n<ol class=\"wp-block-list\" start=\"6\">\n<li>La jonquille est la fleur du printemps par excellence avec son jaune vif. C\u2019est une fleur traditionnelle de P\u00e2ques. La marguerite, quant \u00e0 elle, est la fleur symbolique de naissance pour le mois d\u2019avril, associ\u00e9e \u00e0 la puret\u00e9 et \u00e0 la simplicit\u00e9.<\/li>\n<\/ol>\n\n\n\n<figure class=\"wp-block-gallery has-nested-images columns-default is-cropped wp-block-gallery-10 is-layout-flex wp-block-gallery-is-layout-flex\">\n<figure class=\"wp-block-image size-medium\"><a href=\"https:\/\/pipcke.fr\/idees-deco\/wp-content\/uploads\/2025\/04\/lapin-ceramique-deco-paques-scaled.jpg\"><img loading=\"lazy\" decoding=\"async\" width=\"800\" height=\"1159\" data-id=\"18133\" src=\"https:\/\/pipcke.fr\/idees-deco\/wp-content\/uploads\/2025\/04\/lapin-ceramique-deco-paques-800x1159.jpg\" alt=\"lapin de paques en porcelaine, aves un panier de joquilles annoncant l'arrivee du printemps\" class=\"wp-image-18133\" srcset=\"https:\/\/pipcke.fr\/idees-deco\/wp-content\/uploads\/2025\/04\/lapin-ceramique-deco-paques-800x1159.jpg 800w, https:\/\/pipcke.fr\/idees-deco\/wp-content\/uploads\/2025\/04\/lapin-ceramique-deco-paques-1160x1680.jpg 1160w, https:\/\/pipcke.fr\/idees-deco\/wp-content\/uploads\/2025\/04\/lapin-ceramique-deco-paques-1060x1536.jpg 1060w, https:\/\/pipcke.fr\/idees-deco\/wp-content\/uploads\/2025\/04\/lapin-ceramique-deco-paques-1414x2048.jpg 1414w, https:\/\/pipcke.fr\/idees-deco\/wp-content\/uploads\/2025\/04\/lapin-ceramique-deco-paques-120x174.jpg 120w, https:\/\/pipcke.fr\/idees-deco\/wp-content\/uploads\/2025\/04\/lapin-ceramique-deco-paques-90x130.jpg 90w, https:\/\/pipcke.fr\/idees-deco\/wp-content\/uploads\/2025\/04\/lapin-ceramique-deco-paques-320x464.jpg 320w, https:\/\/pipcke.fr\/idees-deco\/wp-content\/uploads\/2025\/04\/lapin-ceramique-deco-paques-560x811.jpg 560w, https:\/\/pipcke.fr\/idees-deco\/wp-content\/uploads\/2025\/04\/lapin-ceramique-deco-paques-1920x2781.jpg 1920w, https:\/\/pipcke.fr\/idees-deco\/wp-content\/uploads\/2025\/04\/lapin-ceramique-deco-paques-scaled.jpg 1767w\" sizes=\"auto, (max-width: 800px) 100vw, 800px\" \/><\/a><\/figure>\n<\/figure>\n\n\n\n<p>Lapin de P\u00e2ques blanc en porcelaine portant un panier de jonquilles, annon\u00e7ant l\u2019arriv\u00e9e du printemps.<\/p>\n\n\n\n<figure class=\"wp-block-gallery has-nested-images columns-default is-cropped wp-block-gallery-11 is-layout-flex wp-block-gallery-is-layout-flex\">\n<figure class=\"wp-block-image size-large\"><a href=\"https:\/\/pipcke.fr\/idees-deco\/wp-content\/uploads\/2025\/04\/nid-entoure-de-plumes-scaled.jpg\"><img loading=\"lazy\" decoding=\"async\" width=\"1160\" height=\"1160\" data-id=\"18134\" src=\"https:\/\/pipcke.fr\/idees-deco\/wp-content\/uploads\/2025\/04\/nid-entoure-de-plumes-1160x1160.jpg\" alt=\"plumes jaunes, oeufs de caille, marguerittes blanches deco de paques nid\" class=\"wp-image-18134\" srcset=\"https:\/\/pipcke.fr\/idees-deco\/wp-content\/uploads\/2025\/04\/nid-entoure-de-plumes-1160x1160.jpg 1160w, https:\/\/pipcke.fr\/idees-deco\/wp-content\/uploads\/2025\/04\/nid-entoure-de-plumes-800x800.jpg 800w, https:\/\/pipcke.fr\/idees-deco\/wp-content\/uploads\/2025\/04\/nid-entoure-de-plumes-1536x1536.jpg 1536w, https:\/\/pipcke.fr\/idees-deco\/wp-content\/uploads\/2025\/04\/nid-entoure-de-plumes-2048x2048.jpg 2048w, https:\/\/pipcke.fr\/idees-deco\/wp-content\/uploads\/2025\/04\/nid-entoure-de-plumes-80x80.jpg 80w, https:\/\/pipcke.fr\/idees-deco\/wp-content\/uploads\/2025\/04\/nid-entoure-de-plumes-120x120.jpg 120w, https:\/\/pipcke.fr\/idees-deco\/wp-content\/uploads\/2025\/04\/nid-entoure-de-plumes-90x90.jpg 90w, https:\/\/pipcke.fr\/idees-deco\/wp-content\/uploads\/2025\/04\/nid-entoure-de-plumes-320x320.jpg 320w, https:\/\/pipcke.fr\/idees-deco\/wp-content\/uploads\/2025\/04\/nid-entoure-de-plumes-560x560.jpg 560w, https:\/\/pipcke.fr\/idees-deco\/wp-content\/uploads\/2025\/04\/nid-entoure-de-plumes-1920x1920.jpg 1920w, https:\/\/pipcke.fr\/idees-deco\/wp-content\/uploads\/2025\/04\/nid-entoure-de-plumes-scaled.jpg 2560w\" sizes=\"auto, (max-width: 1160px) 100vw, 1160px\" \/><\/a><\/figure>\n<\/figure>\n\n\n\n<p>Nid de P\u00e2ques enti\u00e8rement en paille, entour\u00e9 de plumes jaunes et de marguerites blanches, symboles de l\u2019arriv\u00e9e du printemps.<\/p>\n\n\n\n<h2 class=\"wp-block-heading\" id=\"h-decoration-paques-maison-tout-en-douceur-avec-des-elements-naturels\"><span id=\"decoration-paques-maison-tout-en-douceur-avec-des-elements-naturels\">D\u00e9coration P\u00e2ques maison tout en douceur avec des \u00e9l\u00e9ments naturels<\/span><\/h2>\n\n\n\n<ol class=\"wp-block-list\" start=\"7\">\n<li>Cr\u00e9ez une ambiance printani\u00e8re avec de petits paniers qui se fondent parfaitement dans le d\u00e9cor, inspir\u00e9s de votre jardin : jonquilles, tulipes, marguerites, pens\u00e9es&#8230; Ce panier c\u00e9l\u00e8bre magnifiquement l\u2019arriv\u00e9e du printemps.<\/li>\n<\/ol>\n\n\n\n<figure class=\"wp-block-gallery has-nested-images columns-default is-cropped wp-block-gallery-12 is-layout-flex wp-block-gallery-is-layout-flex\">\n<figure class=\"wp-block-image size-large\"><a href=\"https:\/\/pipcke.fr\/idees-deco\/wp-content\/uploads\/2025\/04\/marguerites-autour-du-panier-paques-scaled.jpg\"><img loading=\"lazy\" decoding=\"async\" width=\"1160\" height=\"773\" data-id=\"18135\" src=\"https:\/\/pipcke.fr\/idees-deco\/wp-content\/uploads\/2025\/04\/marguerites-autour-du-panier-paques-1160x773.jpg\" alt=\"dcoration paques, figurines en petits lapins et des oeufs dans un panier en bambou\" class=\"wp-image-18135\" srcset=\"https:\/\/pipcke.fr\/idees-deco\/wp-content\/uploads\/2025\/04\/marguerites-autour-du-panier-paques-1160x773.jpg 1160w, https:\/\/pipcke.fr\/idees-deco\/wp-content\/uploads\/2025\/04\/marguerites-autour-du-panier-paques-800x533.jpg 800w, https:\/\/pipcke.fr\/idees-deco\/wp-content\/uploads\/2025\/04\/marguerites-autour-du-panier-paques-1536x1024.jpg 1536w, https:\/\/pipcke.fr\/idees-deco\/wp-content\/uploads\/2025\/04\/marguerites-autour-du-panier-paques-2048x1365.jpg 2048w, https:\/\/pipcke.fr\/idees-deco\/wp-content\/uploads\/2025\/04\/marguerites-autour-du-panier-paques-120x80.jpg 120w, https:\/\/pipcke.fr\/idees-deco\/wp-content\/uploads\/2025\/04\/marguerites-autour-du-panier-paques-90x60.jpg 90w, https:\/\/pipcke.fr\/idees-deco\/wp-content\/uploads\/2025\/04\/marguerites-autour-du-panier-paques-320x213.jpg 320w, https:\/\/pipcke.fr\/idees-deco\/wp-content\/uploads\/2025\/04\/marguerites-autour-du-panier-paques-560x373.jpg 560w, https:\/\/pipcke.fr\/idees-deco\/wp-content\/uploads\/2025\/04\/marguerites-autour-du-panier-paques-1920x1280.jpg 1920w, https:\/\/pipcke.fr\/idees-deco\/wp-content\/uploads\/2025\/04\/marguerites-autour-du-panier-paques-scaled.jpg 2560w\" sizes=\"auto, (max-width: 1160px) 100vw, 1160px\" \/><\/a><\/figure>\n<\/figure>\n\n\n\n<p>Panier de P\u00e2ques avec de petites figurines de lapins, entour\u00e9 de marguerites. Des \u0153ufs suspendus forment une jolie guirlande.<\/p>\n\n\n\n<figure class=\"wp-block-gallery has-nested-images columns-default is-cropped wp-block-gallery-13 is-layout-flex wp-block-gallery-is-layout-flex\">\n<figure class=\"wp-block-image size-large\"><a href=\"https:\/\/pipcke.fr\/idees-deco\/wp-content\/uploads\/2025\/04\/panier-paques-poussins-scaled.jpg\"><img loading=\"lazy\" decoding=\"async\" width=\"1160\" height=\"870\" data-id=\"18138\" src=\"https:\/\/pipcke.fr\/idees-deco\/wp-content\/uploads\/2025\/04\/panier-paques-poussins-1160x870.jpg\" alt=\"petit panier de paques contenant un poussin jaune\" class=\"wp-image-18138\" srcset=\"https:\/\/pipcke.fr\/idees-deco\/wp-content\/uploads\/2025\/04\/panier-paques-poussins-1160x870.jpg 1160w, https:\/\/pipcke.fr\/idees-deco\/wp-content\/uploads\/2025\/04\/panier-paques-poussins-800x600.jpg 800w, https:\/\/pipcke.fr\/idees-deco\/wp-content\/uploads\/2025\/04\/panier-paques-poussins-320x240.jpg 320w, https:\/\/pipcke.fr\/idees-deco\/wp-content\/uploads\/2025\/04\/panier-paques-poussins-1536x1152.jpg 1536w, https:\/\/pipcke.fr\/idees-deco\/wp-content\/uploads\/2025\/04\/panier-paques-poussins-2048x1536.jpg 2048w, https:\/\/pipcke.fr\/idees-deco\/wp-content\/uploads\/2025\/04\/panier-paques-poussins-300x225.jpg 300w, https:\/\/pipcke.fr\/idees-deco\/wp-content\/uploads\/2025\/04\/panier-paques-poussins-120x90.jpg 120w, https:\/\/pipcke.fr\/idees-deco\/wp-content\/uploads\/2025\/04\/panier-paques-poussins-90x68.jpg 90w, https:\/\/pipcke.fr\/idees-deco\/wp-content\/uploads\/2025\/04\/panier-paques-poussins-560x420.jpg 560w, https:\/\/pipcke.fr\/idees-deco\/wp-content\/uploads\/2025\/04\/panier-paques-poussins-1920x1440.jpg 1920w, https:\/\/pipcke.fr\/idees-deco\/wp-content\/uploads\/2025\/04\/panier-paques-poussins-scaled.jpg 2560w\" sizes=\"auto, (max-width: 1160px) 100vw, 1160px\" \/><\/a><\/figure>\n<\/figure>\n\n\n\n<p>Un petit panier de P\u00e2ques contenant un poussin, tout autour des \u0153ufs de caille entour\u00e9s de rubans color\u00e9s.<\/p>\n\n\n\n<h2 class=\"wp-block-heading\" id=\"h-les-guirlandes\"><span id=\"les-guirlandes\">Les guirlandes<\/span><\/h2>\n\n\n\n<ol class=\"wp-block-list\" start=\"8\">\n<li>Les guirlandes sont vraiment magnifiques et constituent une d\u00e9coration saisonni\u00e8re joyeuse. Des guirlandes d\u2019\u0153ufs aux teintes printani\u00e8res et fra\u00eeches, combinez vos couleurs pr\u00e9f\u00e9r\u00e9es ou quelques teintes apaisantes pour sublimer votre int\u00e9rieur.<\/li>\n<\/ol>\n\n\n\n<figure class=\"wp-block-gallery has-nested-images columns-1 is-cropped wp-block-gallery-14 is-layout-flex wp-block-gallery-is-layout-flex\">\n<figure class=\"wp-block-image size-large\"><a href=\"https:\/\/pipcke.fr\/idees-deco\/wp-content\/uploads\/2025\/04\/oeufs-de-paques-tulipes-scaled.jpg\"><img loading=\"lazy\" decoding=\"async\" width=\"1160\" height=\"773\" data-id=\"18137\" src=\"https:\/\/pipcke.fr\/idees-deco\/wp-content\/uploads\/2025\/04\/oeufs-de-paques-tulipes-1160x773.jpg\" alt=\"decoration paques, guirlandes en oeufs peints a la main, vase rempli de tulipes\" class=\"wp-image-18137\" srcset=\"https:\/\/pipcke.fr\/idees-deco\/wp-content\/uploads\/2025\/04\/oeufs-de-paques-tulipes-1160x773.jpg 1160w, https:\/\/pipcke.fr\/idees-deco\/wp-content\/uploads\/2025\/04\/oeufs-de-paques-tulipes-800x533.jpg 800w, https:\/\/pipcke.fr\/idees-deco\/wp-content\/uploads\/2025\/04\/oeufs-de-paques-tulipes-1536x1024.jpg 1536w, https:\/\/pipcke.fr\/idees-deco\/wp-content\/uploads\/2025\/04\/oeufs-de-paques-tulipes-2048x1365.jpg 2048w, https:\/\/pipcke.fr\/idees-deco\/wp-content\/uploads\/2025\/04\/oeufs-de-paques-tulipes-120x80.jpg 120w, https:\/\/pipcke.fr\/idees-deco\/wp-content\/uploads\/2025\/04\/oeufs-de-paques-tulipes-90x60.jpg 90w, https:\/\/pipcke.fr\/idees-deco\/wp-content\/uploads\/2025\/04\/oeufs-de-paques-tulipes-320x213.jpg 320w, https:\/\/pipcke.fr\/idees-deco\/wp-content\/uploads\/2025\/04\/oeufs-de-paques-tulipes-560x373.jpg 560w, https:\/\/pipcke.fr\/idees-deco\/wp-content\/uploads\/2025\/04\/oeufs-de-paques-tulipes-1920x1280.jpg 1920w, https:\/\/pipcke.fr\/idees-deco\/wp-content\/uploads\/2025\/04\/oeufs-de-paques-tulipes-scaled.jpg 2560w\" sizes=\"auto, (max-width: 1160px) 100vw, 1160px\" \/><\/a><\/figure>\n\n\n\n<figure class=\"wp-block-image size-large\"><a href=\"https:\/\/pipcke.fr\/idees-deco\/wp-content\/uploads\/2025\/04\/Lapins-de-paques-scaled.jpg\"><img loading=\"lazy\" decoding=\"async\" width=\"1160\" height=\"814\" data-id=\"18136\" src=\"https:\/\/pipcke.fr\/idees-deco\/wp-content\/uploads\/2025\/04\/Lapins-de-paques-1160x814.jpg\" alt=\"Magnifique guirlande de paques, aux teintes printanieres\" class=\"wp-image-18136\" srcset=\"https:\/\/pipcke.fr\/idees-deco\/wp-content\/uploads\/2025\/04\/Lapins-de-paques-1160x814.jpg 1160w, https:\/\/pipcke.fr\/idees-deco\/wp-content\/uploads\/2025\/04\/Lapins-de-paques-800x561.jpg 800w, https:\/\/pipcke.fr\/idees-deco\/wp-content\/uploads\/2025\/04\/Lapins-de-paques-1536x1077.jpg 1536w, https:\/\/pipcke.fr\/idees-deco\/wp-content\/uploads\/2025\/04\/Lapins-de-paques-2048x1436.jpg 2048w, https:\/\/pipcke.fr\/idees-deco\/wp-content\/uploads\/2025\/04\/Lapins-de-paques-120x84.jpg 120w, https:\/\/pipcke.fr\/idees-deco\/wp-content\/uploads\/2025\/04\/Lapins-de-paques-90x63.jpg 90w, https:\/\/pipcke.fr\/idees-deco\/wp-content\/uploads\/2025\/04\/Lapins-de-paques-320x224.jpg 320w, https:\/\/pipcke.fr\/idees-deco\/wp-content\/uploads\/2025\/04\/Lapins-de-paques-560x393.jpg 560w, https:\/\/pipcke.fr\/idees-deco\/wp-content\/uploads\/2025\/04\/Lapins-de-paques-1920x1346.jpg 1920w, https:\/\/pipcke.fr\/idees-deco\/wp-content\/uploads\/2025\/04\/Lapins-de-paques-scaled.jpg 2560w\" sizes=\"auto, (max-width: 1160px) 100vw, 1160px\" \/><\/a><\/figure>\n<\/figure>\n\n\n\n<p>Une guirlande de P\u00e2ques faite avec des \u0153ufs peints \u00e0 la main, dans les couleurs du printemps, auxquels on a ajout\u00e9 des fleurs et des oiseaux en feutre. Un grand vase rempli de tulipes. Parsemez le th\u00e8me de la f\u00eate dans toute votre maison.<\/p>\n\n\n\n<h2 class=\"wp-block-heading\" id=\"h-arbre-de-paques-idee-de-decoration-de-paques-originale\"><span id=\"arbre-de-paques-idee-de-decoration-de-paques-originale\">Arbre de P\u00e2ques : id\u00e9e de d\u00e9coration de P\u00e2ques originale<\/span><\/h2>\n\n\n\n<ol class=\"wp-block-list\" start=\"9\">\n<li>Il apporte une note subtile \u00e0 votre int\u00e9rieur, embellissant votre logement avant et apr\u00e8s les festivit\u00e9s. Votre d\u00e9coration n\u2019est pas compl\u00e8te sans un arbre de P\u00e2ques, qui conf\u00e8re une atmosph\u00e8re printani\u00e8re, r\u00e9chauffe le c\u0153ur et suscite la joie.<\/li>\n<\/ol>\n\n\n\n<figure class=\"wp-block-gallery has-nested-images columns-default is-cropped wp-block-gallery-15 is-layout-flex wp-block-gallery-is-layout-flex\">\n<figure class=\"wp-block-image size-large\"><a href=\"https:\/\/pipcke.fr\/idees-deco\/wp-content\/uploads\/2025\/04\/arbre-de-paques-scaled.jpg\"><img loading=\"lazy\" decoding=\"async\" width=\"1160\" height=\"774\" data-id=\"18140\" src=\"https:\/\/pipcke.fr\/idees-deco\/wp-content\/uploads\/2025\/04\/arbre-de-paques-1160x774.jpg\" alt=\"L'arbre de paques symbolise l'arrivee du printemps, arbre auquel on a accroche des oeufs multicolors\" class=\"wp-image-18140\" srcset=\"https:\/\/pipcke.fr\/idees-deco\/wp-content\/uploads\/2025\/04\/arbre-de-paques-1160x774.jpg 1160w, https:\/\/pipcke.fr\/idees-deco\/wp-content\/uploads\/2025\/04\/arbre-de-paques-800x534.jpg 800w, https:\/\/pipcke.fr\/idees-deco\/wp-content\/uploads\/2025\/04\/arbre-de-paques-1536x1025.jpg 1536w, https:\/\/pipcke.fr\/idees-deco\/wp-content\/uploads\/2025\/04\/arbre-de-paques-2048x1367.jpg 2048w, https:\/\/pipcke.fr\/idees-deco\/wp-content\/uploads\/2025\/04\/arbre-de-paques-120x80.jpg 120w, https:\/\/pipcke.fr\/idees-deco\/wp-content\/uploads\/2025\/04\/arbre-de-paques-90x60.jpg 90w, https:\/\/pipcke.fr\/idees-deco\/wp-content\/uploads\/2025\/04\/arbre-de-paques-320x214.jpg 320w, https:\/\/pipcke.fr\/idees-deco\/wp-content\/uploads\/2025\/04\/arbre-de-paques-560x374.jpg 560w, https:\/\/pipcke.fr\/idees-deco\/wp-content\/uploads\/2025\/04\/arbre-de-paques-1920x1282.jpg 1920w, https:\/\/pipcke.fr\/idees-deco\/wp-content\/uploads\/2025\/04\/arbre-de-paques-scaled.jpg 2560w\" sizes=\"auto, (max-width: 1160px) 100vw, 1160px\" \/><\/a><\/figure>\n<\/figure>\n\n\n\n<p>D\u00e9corez un arbre ou une branche d\u2019arbre avec des \u0153ufs multicolores, des lapins m\u00e9talliques et des fleurs, pour c\u00e9l\u00e9brer P\u00e2ques et le printemps.<\/p>\n\n\n\n<figure class=\"wp-block-gallery has-nested-images columns-default is-cropped wp-block-gallery-16 is-layout-flex wp-block-gallery-is-layout-flex\">\n<figure class=\"wp-block-image size-large\"><a href=\"https:\/\/pipcke.fr\/idees-deco\/wp-content\/uploads\/2025\/04\/arbre-de-paques-oeufs-couleurs-pastel-scaled.jpg\"><img loading=\"lazy\" decoding=\"async\" width=\"1160\" height=\"870\" data-id=\"18141\" src=\"https:\/\/pipcke.fr\/idees-deco\/wp-content\/uploads\/2025\/04\/arbre-de-paques-oeufs-couleurs-pastel-1160x870.jpg\" alt=\"decoration paques, arbre avec des oeufs,motifs peints a la main\" class=\"wp-image-18141\" srcset=\"https:\/\/pipcke.fr\/idees-deco\/wp-content\/uploads\/2025\/04\/arbre-de-paques-oeufs-couleurs-pastel-1160x870.jpg 1160w, https:\/\/pipcke.fr\/idees-deco\/wp-content\/uploads\/2025\/04\/arbre-de-paques-oeufs-couleurs-pastel-800x600.jpg 800w, https:\/\/pipcke.fr\/idees-deco\/wp-content\/uploads\/2025\/04\/arbre-de-paques-oeufs-couleurs-pastel-320x240.jpg 320w, https:\/\/pipcke.fr\/idees-deco\/wp-content\/uploads\/2025\/04\/arbre-de-paques-oeufs-couleurs-pastel-1536x1152.jpg 1536w, https:\/\/pipcke.fr\/idees-deco\/wp-content\/uploads\/2025\/04\/arbre-de-paques-oeufs-couleurs-pastel-2048x1536.jpg 2048w, https:\/\/pipcke.fr\/idees-deco\/wp-content\/uploads\/2025\/04\/arbre-de-paques-oeufs-couleurs-pastel-300x225.jpg 300w, https:\/\/pipcke.fr\/idees-deco\/wp-content\/uploads\/2025\/04\/arbre-de-paques-oeufs-couleurs-pastel-120x90.jpg 120w, https:\/\/pipcke.fr\/idees-deco\/wp-content\/uploads\/2025\/04\/arbre-de-paques-oeufs-couleurs-pastel-90x68.jpg 90w, https:\/\/pipcke.fr\/idees-deco\/wp-content\/uploads\/2025\/04\/arbre-de-paques-oeufs-couleurs-pastel-560x420.jpg 560w, https:\/\/pipcke.fr\/idees-deco\/wp-content\/uploads\/2025\/04\/arbre-de-paques-oeufs-couleurs-pastel-1920x1440.jpg 1920w, https:\/\/pipcke.fr\/idees-deco\/wp-content\/uploads\/2025\/04\/arbre-de-paques-oeufs-couleurs-pastel-scaled.jpg 2560w\" sizes=\"auto, (max-width: 1160px) 100vw, 1160px\" \/><\/a><\/figure>\n<\/figure>\n\n\n\n<p>L\u2019arbre de P\u00e2ques symbolise l\u2019arriv\u00e9e du printemps. Accrochez \u00e0 ses branches des \u0153ufs aux couleurs pastel, d\u00e9cor\u00e9s de motifs peints \u00e0 la main. L\u2019arbre de P\u00e2ques est charg\u00e9 d\u2019histoire, de symbolisme et de significations spirituelles.<\/p>\n\n\n\n<h2 class=\"wp-block-heading\" id=\"h-decoration-mangeable\"><span id=\"decoration-mangeable\">D\u00e9coration mangeable <\/span><\/h2>\n\n\n\n<ol class=\"wp-block-list\" start=\"10\">\n<li>Int\u00e9grez des d\u00e9corations de P\u00e2ques mangeables, dont la beaut\u00e9 rendra hommage \u00e0 votre f\u00eate. En plus d\u2019\u00eatre esth\u00e9tiques, vos d\u00e9corations de P\u00e2ques seront d\u00e9licieuses.&nbsp;<\/li>\n<\/ol>\n\n\n\n<figure class=\"wp-block-gallery has-nested-images columns-default is-cropped wp-block-gallery-17 is-layout-flex wp-block-gallery-is-layout-flex\">\n<figure class=\"wp-block-image size-medium\"><a href=\"https:\/\/pipcke.fr\/idees-deco\/wp-content\/uploads\/2025\/04\/oeuf-chocolat-paques-scaled.jpg\"><img loading=\"lazy\" decoding=\"async\" width=\"800\" height=\"1169\" data-id=\"18139\" src=\"https:\/\/pipcke.fr\/idees-deco\/wp-content\/uploads\/2025\/04\/oeuf-chocolat-paques-800x1169.jpg\" alt=\"decoration de paques, oeuf mangeable en chocolat\" class=\"wp-image-18139\" srcset=\"https:\/\/pipcke.fr\/idees-deco\/wp-content\/uploads\/2025\/04\/oeuf-chocolat-paques-800x1169.jpg 800w, https:\/\/pipcke.fr\/idees-deco\/wp-content\/uploads\/2025\/04\/oeuf-chocolat-paques-1160x1695.jpg 1160w, https:\/\/pipcke.fr\/idees-deco\/wp-content\/uploads\/2025\/04\/oeuf-chocolat-paques-1051x1536.jpg 1051w, https:\/\/pipcke.fr\/idees-deco\/wp-content\/uploads\/2025\/04\/oeuf-chocolat-paques-1401x2048.jpg 1401w, https:\/\/pipcke.fr\/idees-deco\/wp-content\/uploads\/2025\/04\/oeuf-chocolat-paques-120x175.jpg 120w, https:\/\/pipcke.fr\/idees-deco\/wp-content\/uploads\/2025\/04\/oeuf-chocolat-paques-90x132.jpg 90w, https:\/\/pipcke.fr\/idees-deco\/wp-content\/uploads\/2025\/04\/oeuf-chocolat-paques-320x468.jpg 320w, https:\/\/pipcke.fr\/idees-deco\/wp-content\/uploads\/2025\/04\/oeuf-chocolat-paques-560x818.jpg 560w, https:\/\/pipcke.fr\/idees-deco\/wp-content\/uploads\/2025\/04\/oeuf-chocolat-paques-1920x2806.jpg 1920w, https:\/\/pipcke.fr\/idees-deco\/wp-content\/uploads\/2025\/04\/oeuf-chocolat-paques-scaled.jpg 1752w\" sizes=\"auto, (max-width: 800px) 100vw, 800px\" \/><\/a><\/figure>\n<\/figure>\n\n\n\n<p><strong>D\u00e9coration de P\u00e2ques<\/strong> mangeable : un \u0153uf en chocolat avec des motifs dor\u00e9s, de grand calibre, entour\u00e9 de macarons. Le chocolat, v\u00e9ritable mol\u00e9cule d\u2019amour, symbolise la fin du je\u00fbne.&nbsp;<\/p>\n\n\n\n<figure class=\"wp-block-gallery has-nested-images columns-default is-cropped wp-block-gallery-18 is-layout-flex wp-block-gallery-is-layout-flex\">\n<figure class=\"wp-block-image size-large\"><a href=\"https:\/\/pipcke.fr\/idees-deco\/wp-content\/uploads\/2025\/04\/biscuits-paques-fait-maison-scaled.jpg\"><img loading=\"lazy\" decoding=\"async\" width=\"1160\" height=\"773\" data-id=\"18142\" src=\"https:\/\/pipcke.fr\/idees-deco\/wp-content\/uploads\/2025\/04\/biscuits-paques-fait-maison-1160x773.jpg\" alt=\"laissez libre court a votre creativite.deco paques, biscuits aux formes et couleurs variees\" class=\"wp-image-18142\" srcset=\"https:\/\/pipcke.fr\/idees-deco\/wp-content\/uploads\/2025\/04\/biscuits-paques-fait-maison-1160x773.jpg 1160w, https:\/\/pipcke.fr\/idees-deco\/wp-content\/uploads\/2025\/04\/biscuits-paques-fait-maison-800x533.jpg 800w, https:\/\/pipcke.fr\/idees-deco\/wp-content\/uploads\/2025\/04\/biscuits-paques-fait-maison-1536x1024.jpg 1536w, https:\/\/pipcke.fr\/idees-deco\/wp-content\/uploads\/2025\/04\/biscuits-paques-fait-maison-2048x1365.jpg 2048w, https:\/\/pipcke.fr\/idees-deco\/wp-content\/uploads\/2025\/04\/biscuits-paques-fait-maison-120x80.jpg 120w, https:\/\/pipcke.fr\/idees-deco\/wp-content\/uploads\/2025\/04\/biscuits-paques-fait-maison-90x60.jpg 90w, https:\/\/pipcke.fr\/idees-deco\/wp-content\/uploads\/2025\/04\/biscuits-paques-fait-maison-320x213.jpg 320w, https:\/\/pipcke.fr\/idees-deco\/wp-content\/uploads\/2025\/04\/biscuits-paques-fait-maison-560x373.jpg 560w, https:\/\/pipcke.fr\/idees-deco\/wp-content\/uploads\/2025\/04\/biscuits-paques-fait-maison-1920x1280.jpg 1920w, https:\/\/pipcke.fr\/idees-deco\/wp-content\/uploads\/2025\/04\/biscuits-paques-fait-maison-scaled.jpg 2560w\" sizes=\"auto, (max-width: 1160px) 100vw, 1160px\" \/><\/a><\/figure>\n<\/figure>\n\n\n\n<p>Biscuits de P\u00e2ques aux formes et couleurs vari\u00e9es. Laissez libre cours \u00e0 votre cr\u00e9ativit\u00e9 avec une d\u00e9coration de biscuits au gla\u00e7age royal.<\/p>\n\n\n\n<h2 class=\"wp-block-heading\" id=\"h-transformez-votre-interieur-avec-une-decoration-de-paques-pleine-de-charme-et-de-fraicheur\"><span id=\"transformez-votre-interieur-avec-une-decoration-de-paques-pleine-de-charme-et-de-fraicheur\">Transformez votre int\u00e9rieur avec une d\u00e9coration de P\u00e2ques pleine de charme et de fra\u00eecheur<\/span><\/h2>\n\n\n\n<p>La <strong>d\u00e9coration de P\u00e2ques<\/strong> est l&rsquo;occasion id\u00e9ale pour lib\u00e9rer votre cr\u00e9ativit\u00e9 et infuser votre int\u00e9rieur d\u2019une <strong>atmosph\u00e8re printani\u00e8re et festive<\/strong>.<\/p>\n\n\n\n<p>Que vous choisissiez des \u00e9l\u00e9ments traditionnels comme les \u0153ufs, les lapins, ou que vous ajoutiez une touche gourmande avec des cr\u00e9ations mangeables, chaque d\u00e9tail contribue \u00e0 cr\u00e9er une ambiance joyeuse et chaleureuse.<\/p>\n\n\n\n<figure class=\"wp-block-image size-large\"><a href=\"https:\/\/pipcke.fr\/nouveau-projet\"><img loading=\"lazy\" decoding=\"async\" width=\"1160\" height=\"387\" src=\"https:\/\/pipcke.fr\/idees-deco\/wp-content\/uploads\/2023\/11\/lancer-mon-projet-logo-pipcke-1160x387.png\" alt=\"banni\u00e8re lancer mon projet pipcke\" class=\"wp-image-8958\" srcset=\"https:\/\/pipcke.fr\/idees-deco\/wp-content\/uploads\/2023\/11\/lancer-mon-projet-logo-pipcke-1160x387.png 1160w, https:\/\/pipcke.fr\/idees-deco\/wp-content\/uploads\/2023\/11\/lancer-mon-projet-logo-pipcke-800x267.png 800w, https:\/\/pipcke.fr\/idees-deco\/wp-content\/uploads\/2023\/11\/lancer-mon-projet-logo-pipcke-120x40.png 120w, https:\/\/pipcke.fr\/idees-deco\/wp-content\/uploads\/2023\/11\/lancer-mon-projet-logo-pipcke-90x30.png 90w, https:\/\/pipcke.fr\/idees-deco\/wp-content\/uploads\/2023\/11\/lancer-mon-projet-logo-pipcke-320x107.png 320w, https:\/\/pipcke.fr\/idees-deco\/wp-content\/uploads\/2023\/11\/lancer-mon-projet-logo-pipcke-560x187.png 560w, https:\/\/pipcke.fr\/idees-deco\/wp-content\/uploads\/2023\/11\/lancer-mon-projet-logo-pipcke.png 1500w\" sizes=\"auto, (max-width: 1160px) 100vw, 1160px\" \/><\/a><\/figure>\n\n\n\n<p>En combinant des couleurs douces, des \u00e9l\u00e9ments naturels et des accessoires charmants, vous transformerez votre maison en un v\u00e9ritable havre de printemps.<\/p>\n\n\n\n<p>N&rsquo;attendez plus, laissez-vous inspirer par ces id\u00e9es de <strong>d\u00e9coration de P\u00e2ques<\/strong> pour faire de cette f\u00eate un moment inoubliable!<\/p>\n","protected":false},"excerpt":{"rendered":"<p>F\u00eatez P\u00e2ques en famille de mani\u00e8re originale et inoubliable. Donnez du pep\u2019s \u00e0 votre int\u00e9rieur avec nos id\u00e9es d\u00e9co D\u00e9coration de p\u00e2ques !<\/p>\n","protected":false},"author":18,"featured_media":18150,"comment_status":"closed","ping_status":"closed","sticky":false,"template":"","format":"standard","meta":{"inline_featured_image":false,"footnotes":""},"categories":[27],"tags":[30,23,64,28,74,88,147,20,148,32,36,128],"powerkit_post_featured":[2,7,4,5,9],"class_list":{"0":"post-18120","1":"post","2":"type-post","3":"status-publish","4":"format-standard","5":"has-post-thumbnail","7":"category-inspirations-deco","8":"tag-astuces","9":"tag-conseils","10":"tag-couleurs","11":"tag-decoration","12":"tag-diy","13":"tag-fleurs-plantes","14":"tag-idees-deco","15":"tag-inspirations","16":"tag-inspirations-deco","17":"tag-interieurs","18":"tag-objets","19":"tag-printemps"},"yoast_head":"<!-- This site is optimized with the Yoast SEO Premium plugin v22.3 (Yoast SEO v27.9) - https:\/\/yoast.com\/product\/yoast-seo-premium-wordpress\/ -->\n<title>10 id\u00e9es de d\u00e9coration de P\u00e2ques pour cr\u00e9er une ambiance festive<\/title>\n<meta name=\"description\" content=\"F\u00eatez P\u00e2ques en famille de mani\u00e8re originale et inoubliable. Donnez du pep\u2019s \u00e0 votre int\u00e9rieur avec nos id\u00e9es d\u00e9co d\u00e9coration de p\u00e2ques!\" \/>\n<meta name=\"robots\" content=\"index, follow, max-snippet:-1, max-image-preview:large, max-video-preview:-1\" \/>\n<link rel=\"canonical\" href=\"https:\/\/pipcke.fr\/idees-deco\/inspirations-deco\/decoration-de-paques\/\" \/>\n<meta property=\"og:locale\" content=\"fr_FR\" \/>\n<meta property=\"og:type\" content=\"article\" \/>\n<meta property=\"og:title\" content=\"10 Fa\u00e7ons cr\u00e9atives de mettre en sc\u00e8ne votre d\u00e9coration de P\u00e2ques 10 Fa\u00e7ons cr\u00e9atives de mettre en sc\u00e8ne la d\u00e9coration de P\u00e2ques\" \/>\n<meta property=\"og:description\" content=\"F\u00eatez P\u00e2ques en famille de mani\u00e8re originale et inoubliable. Donnez du pep\u2019s \u00e0 votre int\u00e9rieur avec nos id\u00e9es d\u00e9co D\u00e9coration de p\u00e2ques !\" \/>\n<meta property=\"og:url\" content=\"https:\/\/pipcke.fr\/idees-deco\/inspirations-deco\/decoration-de-paques\/\" \/>\n<meta property=\"og:site_name\" content=\"Pipcke\" \/>\n<meta property=\"article:publisher\" content=\"https:\/\/www.facebook.com\/Pipcke\" \/>\n<meta property=\"article:published_time\" content=\"2025-04-08T16:31:47+00:00\" \/>\n<meta property=\"article:modified_time\" content=\"2025-04-08T16:31:49+00:00\" \/>\n<meta property=\"og:image\" content=\"https:\/\/pipcke.fr\/idees-deco\/wp-content\/uploads\/2025\/04\/decoration-de-paques.jpg\" \/>\n\t<meta property=\"og:image:width\" content=\"600\" \/>\n\t<meta property=\"og:image:height\" content=\"376\" \/>\n\t<meta property=\"og:image:type\" content=\"image\/jpeg\" \/>\n<meta name=\"author\" content=\"Fatina Sleiman\" \/>\n<meta name=\"twitter:card\" content=\"summary_large_image\" \/>\n<meta name=\"twitter:title\" content=\"10 Fa\u00e7ons cr\u00e9atives de mettre en sc\u00e8ne votre d\u00e9coration de P\u00e2ques\" \/>\n<meta name=\"twitter:creator\" content=\"@pipcke\" \/>\n<meta name=\"twitter:site\" content=\"@pipcke\" \/>\n<meta name=\"twitter:label1\" content=\"\u00c9crit par\" \/>\n\t<meta name=\"twitter:data1\" content=\"Fatina Sleiman\" \/>\n\t<meta name=\"twitter:label2\" content=\"Dur\u00e9e de lecture estim\u00e9e\" \/>\n\t<meta name=\"twitter:data2\" content=\"10 minutes\" \/>\n<script type=\"application\/ld+json\" class=\"yoast-schema-graph\">{\"@context\":\"https:\\\/\\\/schema.org\",\"@graph\":[{\"@type\":[\"Article\",\"BlogPosting\"],\"@id\":\"https:\\\/\\\/pipcke.fr\\\/idees-deco\\\/inspirations-deco\\\/decoration-de-paques\\\/#article\",\"isPartOf\":{\"@id\":\"https:\\\/\\\/pipcke.fr\\\/idees-deco\\\/inspirations-deco\\\/decoration-de-paques\\\/\"},\"author\":{\"name\":\"Fatina Sleiman\",\"@id\":\"https:\\\/\\\/pipcke.fr\\\/idees-deco\\\/#\\\/schema\\\/person\\\/8b5506de5e3c01d4bdf4d6eec0847e64\"},\"headline\":\"10 Fa\u00e7ons cr\u00e9atives de mettre en sc\u00e8ne votre d\u00e9coration de P\u00e2ques\",\"datePublished\":\"2025-04-08T16:31:47+00:00\",\"dateModified\":\"2025-04-08T16:31:49+00:00\",\"mainEntityOfPage\":{\"@id\":\"https:\\\/\\\/pipcke.fr\\\/idees-deco\\\/inspirations-deco\\\/decoration-de-paques\\\/\"},\"wordCount\":1222,\"publisher\":{\"@id\":\"https:\\\/\\\/pipcke.fr\\\/idees-deco\\\/#organization\"},\"image\":{\"@id\":\"https:\\\/\\\/pipcke.fr\\\/idees-deco\\\/inspirations-deco\\\/decoration-de-paques\\\/#primaryimage\"},\"thumbnailUrl\":\"https:\\\/\\\/pipcke.fr\\\/idees-deco\\\/wp-content\\\/uploads\\\/2025\\\/04\\\/decoration-de-paques.jpg\",\"keywords\":[\"Astuces\",\"Conseils\",\"Couleurs\",\"D\u00e9coration\",\"DIY\",\"Fleurs &amp; plantes\",\"Id\u00e9es d\u00e9co\",\"Inspirations\",\"Inspirations d\u00e9co\",\"Int\u00e9rieurs\",\"Objets\",\"Printemps\"],\"articleSection\":[\"Inspirations d\u00e9co\"],\"inLanguage\":\"fr-FR\"},{\"@type\":\"WebPage\",\"@id\":\"https:\\\/\\\/pipcke.fr\\\/idees-deco\\\/inspirations-deco\\\/decoration-de-paques\\\/\",\"url\":\"https:\\\/\\\/pipcke.fr\\\/idees-deco\\\/inspirations-deco\\\/decoration-de-paques\\\/\",\"name\":\"10 id\u00e9es de d\u00e9coration de P\u00e2ques pour cr\u00e9er une ambiance festive\",\"isPartOf\":{\"@id\":\"https:\\\/\\\/pipcke.fr\\\/idees-deco\\\/#website\"},\"primaryImageOfPage\":{\"@id\":\"https:\\\/\\\/pipcke.fr\\\/idees-deco\\\/inspirations-deco\\\/decoration-de-paques\\\/#primaryimage\"},\"image\":{\"@id\":\"https:\\\/\\\/pipcke.fr\\\/idees-deco\\\/inspirations-deco\\\/decoration-de-paques\\\/#primaryimage\"},\"thumbnailUrl\":\"https:\\\/\\\/pipcke.fr\\\/idees-deco\\\/wp-content\\\/uploads\\\/2025\\\/04\\\/decoration-de-paques.jpg\",\"datePublished\":\"2025-04-08T16:31:47+00:00\",\"dateModified\":\"2025-04-08T16:31:49+00:00\",\"description\":\"F\u00eatez P\u00e2ques en famille de mani\u00e8re originale et inoubliable. Donnez du pep\u2019s \u00e0 votre int\u00e9rieur avec nos id\u00e9es d\u00e9co d\u00e9coration de p\u00e2ques!\",\"breadcrumb\":{\"@id\":\"https:\\\/\\\/pipcke.fr\\\/idees-deco\\\/inspirations-deco\\\/decoration-de-paques\\\/#breadcrumb\"},\"inLanguage\":\"fr-FR\",\"potentialAction\":[{\"@type\":\"ReadAction\",\"target\":[\"https:\\\/\\\/pipcke.fr\\\/idees-deco\\\/inspirations-deco\\\/decoration-de-paques\\\/\"]}]},{\"@type\":\"ImageObject\",\"inLanguage\":\"fr-FR\",\"@id\":\"https:\\\/\\\/pipcke.fr\\\/idees-deco\\\/inspirations-deco\\\/decoration-de-paques\\\/#primaryimage\",\"url\":\"https:\\\/\\\/pipcke.fr\\\/idees-deco\\\/wp-content\\\/uploads\\\/2025\\\/04\\\/decoration-de-paques.jpg\",\"contentUrl\":\"https:\\\/\\\/pipcke.fr\\\/idees-deco\\\/wp-content\\\/uploads\\\/2025\\\/04\\\/decoration-de-paques.jpg\",\"width\":600,\"height\":376,\"caption\":\"D\u00e9coration de P\u00e2ques avec \u0153ufs color\u00e9s, un lapin, une bougie et des \u00e9l\u00e9ments naturels.\"},{\"@type\":\"BreadcrumbList\",\"@id\":\"https:\\\/\\\/pipcke.fr\\\/idees-deco\\\/inspirations-deco\\\/decoration-de-paques\\\/#breadcrumb\",\"itemListElement\":[{\"@type\":\"ListItem\",\"position\":1,\"name\":\"Accueil\",\"item\":\"https:\\\/\\\/pipcke.fr\\\/idees-deco\\\/\"},{\"@type\":\"ListItem\",\"position\":2,\"name\":\"Inspirations d\u00e9co\",\"item\":\"https:\\\/\\\/pipcke.fr\\\/idees-deco\\\/.\\\/inspirations-deco\\\/\"},{\"@type\":\"ListItem\",\"position\":3,\"name\":\"10 Fa\u00e7ons cr\u00e9atives de mettre en sc\u00e8ne votre d\u00e9coration de P\u00e2ques\"}]},{\"@type\":\"WebSite\",\"@id\":\"https:\\\/\\\/pipcke.fr\\\/idees-deco\\\/#website\",\"url\":\"https:\\\/\\\/pipcke.fr\\\/idees-deco\\\/\",\"name\":\"Pipcke\",\"description\":\"Id\u00e9es, conseils et inspirations d\u00e9co\",\"publisher\":{\"@id\":\"https:\\\/\\\/pipcke.fr\\\/idees-deco\\\/#organization\"},\"potentialAction\":[{\"@type\":\"SearchAction\",\"target\":{\"@type\":\"EntryPoint\",\"urlTemplate\":\"https:\\\/\\\/pipcke.fr\\\/idees-deco\\\/?s={search_term_string}\"},\"query-input\":{\"@type\":\"PropertyValueSpecification\",\"valueRequired\":true,\"valueName\":\"search_term_string\"}}],\"inLanguage\":\"fr-FR\"},{\"@type\":\"Organization\",\"@id\":\"https:\\\/\\\/pipcke.fr\\\/idees-deco\\\/#organization\",\"name\":\"PIPCKE\",\"alternateName\":\"PIPCKE\",\"url\":\"https:\\\/\\\/pipcke.fr\\\/idees-deco\\\/\",\"logo\":{\"@type\":\"ImageObject\",\"inLanguage\":\"fr-FR\",\"@id\":\"https:\\\/\\\/pipcke.fr\\\/idees-deco\\\/#\\\/schema\\\/logo\\\/image\\\/\",\"url\":\"https:\\\/\\\/pipcke.fr\\\/idees-deco\\\/wp-content\\\/uploads\\\/2020\\\/12\\\/logo-black.svg\",\"contentUrl\":\"https:\\\/\\\/pipcke.fr\\\/idees-deco\\\/wp-content\\\/uploads\\\/2020\\\/12\\\/logo-black.svg\",\"width\":524,\"height\":140,\"caption\":\"PIPCKE\"},\"image\":{\"@id\":\"https:\\\/\\\/pipcke.fr\\\/idees-deco\\\/#\\\/schema\\\/logo\\\/image\\\/\"},\"sameAs\":[\"https:\\\/\\\/www.facebook.com\\\/Pipcke\",\"https:\\\/\\\/x.com\\\/pipcke\",\"https:\\\/\\\/www.instagram.com\\\/pipcke.fr\\\/\",\"https:\\\/\\\/www.linkedin.com\\\/company\\\/pipcke\",\"https:\\\/\\\/www.pinterest.fr\\\/PIPCKE\\\/_created\\\/\",\"https:\\\/\\\/www.youtube.com\\\/channel\\\/UCaYnny5Q4k6HN1s3zr1Gazw\"],\"email\":\"hello@pipcke.fr\",\"telephone\":\"0184802084\",\"legalName\":\"Pipcke\"},{\"@type\":\"Person\",\"@id\":\"https:\\\/\\\/pipcke.fr\\\/idees-deco\\\/#\\\/schema\\\/person\\\/8b5506de5e3c01d4bdf4d6eec0847e64\",\"name\":\"Fatina Sleiman\",\"image\":{\"@type\":\"ImageObject\",\"inLanguage\":\"fr-FR\",\"@id\":\"https:\\\/\\\/secure.gravatar.com\\\/avatar\\\/33adce8ac61f425fd715619b70468232eba35ea2a75e2245c576d75661f4f516?s=96&d=mm&r=g\",\"url\":\"https:\\\/\\\/secure.gravatar.com\\\/avatar\\\/33adce8ac61f425fd715619b70468232eba35ea2a75e2245c576d75661f4f516?s=96&d=mm&r=g\",\"contentUrl\":\"https:\\\/\\\/secure.gravatar.com\\\/avatar\\\/33adce8ac61f425fd715619b70468232eba35ea2a75e2245c576d75661f4f516?s=96&d=mm&r=g\",\"caption\":\"Fatina Sleiman\"},\"description\":\"Fatina est la r\u00e9dactrice sp\u00e9cialis\u00e9e de Pipcke pour toutes les th\u00e9matiques li\u00e9es \u00e0 la couleur, aux peintures et \u00e0 la perception visuelle de l\u2019habitat. Son travail d\u2019analyse se concentre sur la mani\u00e8re dont les teintes, les contrastes et les finitions influencent les volumes et l'atmosph\u00e8re d'un int\u00e9rieur. \u00c0 travers ses articles et guides pratiques, Fatina d\u00e9crypte comment la peinture s'impose comme un v\u00e9ritable levier d'agencement : La correction des volumes et des perspectives : agrandir visuellement un couloir \u00e9troit, \u00e9lever un plafond ou structurer une pi\u00e8ce de vie par la couleur. L'art du mur d'accent et des associations : choisir le bon mur \u00e0 peindre dans une chambre, un salon ou une cuisine et marier deux couleurs sans encombrer le regard. La r\u00e9novation et la revalorisation : s\u00e9lectionner les meilleures teintes pour repeindre et moderniser du mobilier en bois ou des \u00e9l\u00e9ments architecturaux. Son objectif \u00e0 travers chaque guide est de fournir aux lecteurs des conseils clairs, techniques et imm\u00e9diatement applicables pour transformer leurs espaces en jouant simplement sur la lumi\u00e8re et les harmonies chromatiques.\",\"url\":\"https:\\\/\\\/pipcke.fr\\\/idees-deco\\\/auteur\\\/fatina-sleiman\\\/\"}]}<\/script>\n<!-- \/ Yoast SEO Premium plugin. -->","yoast_head_json":{"title":"10 id\u00e9es de d\u00e9coration de P\u00e2ques pour cr\u00e9er une ambiance festive","description":"F\u00eatez P\u00e2ques en famille de mani\u00e8re originale et inoubliable. Donnez du pep\u2019s \u00e0 votre int\u00e9rieur avec nos id\u00e9es d\u00e9co d\u00e9coration de p\u00e2ques!","robots":{"index":"index","follow":"follow","max-snippet":"max-snippet:-1","max-image-preview":"max-image-preview:large","max-video-preview":"max-video-preview:-1"},"canonical":"https:\/\/pipcke.fr\/idees-deco\/inspirations-deco\/decoration-de-paques\/","og_locale":"fr_FR","og_type":"article","og_title":"10 Fa\u00e7ons cr\u00e9atives de mettre en sc\u00e8ne votre d\u00e9coration de P\u00e2ques 10 Fa\u00e7ons cr\u00e9atives de mettre en sc\u00e8ne la d\u00e9coration de P\u00e2ques","og_description":"F\u00eatez P\u00e2ques en famille de mani\u00e8re originale et inoubliable. Donnez du pep\u2019s \u00e0 votre int\u00e9rieur avec nos id\u00e9es d\u00e9co D\u00e9coration de p\u00e2ques !","og_url":"https:\/\/pipcke.fr\/idees-deco\/inspirations-deco\/decoration-de-paques\/","og_site_name":"Pipcke","article_publisher":"https:\/\/www.facebook.com\/Pipcke","article_published_time":"2025-04-08T16:31:47+00:00","article_modified_time":"2025-04-08T16:31:49+00:00","og_image":[{"width":600,"height":376,"url":"https:\/\/pipcke.fr\/idees-deco\/wp-content\/uploads\/2025\/04\/decoration-de-paques.jpg","type":"image\/jpeg"}],"author":"Fatina Sleiman","twitter_card":"summary_large_image","twitter_title":"10 Fa\u00e7ons cr\u00e9atives de mettre en sc\u00e8ne votre d\u00e9coration de P\u00e2ques","twitter_creator":"@pipcke","twitter_site":"@pipcke","twitter_misc":{"\u00c9crit par":"Fatina Sleiman","Dur\u00e9e de lecture estim\u00e9e":"10 minutes"},"schema":{"@context":"https:\/\/schema.org","@graph":[{"@type":["Article","BlogPosting"],"@id":"https:\/\/pipcke.fr\/idees-deco\/inspirations-deco\/decoration-de-paques\/#article","isPartOf":{"@id":"https:\/\/pipcke.fr\/idees-deco\/inspirations-deco\/decoration-de-paques\/"},"author":{"name":"Fatina Sleiman","@id":"https:\/\/pipcke.fr\/idees-deco\/#\/schema\/person\/8b5506de5e3c01d4bdf4d6eec0847e64"},"headline":"10 Fa\u00e7ons cr\u00e9atives de mettre en sc\u00e8ne votre d\u00e9coration de P\u00e2ques","datePublished":"2025-04-08T16:31:47+00:00","dateModified":"2025-04-08T16:31:49+00:00","mainEntityOfPage":{"@id":"https:\/\/pipcke.fr\/idees-deco\/inspirations-deco\/decoration-de-paques\/"},"wordCount":1222,"publisher":{"@id":"https:\/\/pipcke.fr\/idees-deco\/#organization"},"image":{"@id":"https:\/\/pipcke.fr\/idees-deco\/inspirations-deco\/decoration-de-paques\/#primaryimage"},"thumbnailUrl":"https:\/\/pipcke.fr\/idees-deco\/wp-content\/uploads\/2025\/04\/decoration-de-paques.jpg","keywords":["Astuces","Conseils","Couleurs","D\u00e9coration","DIY","Fleurs &amp; plantes","Id\u00e9es d\u00e9co","Inspirations","Inspirations d\u00e9co","Int\u00e9rieurs","Objets","Printemps"],"articleSection":["Inspirations d\u00e9co"],"inLanguage":"fr-FR"},{"@type":"WebPage","@id":"https:\/\/pipcke.fr\/idees-deco\/inspirations-deco\/decoration-de-paques\/","url":"https:\/\/pipcke.fr\/idees-deco\/inspirations-deco\/decoration-de-paques\/","name":"10 id\u00e9es de d\u00e9coration de P\u00e2ques pour cr\u00e9er une ambiance festive","isPartOf":{"@id":"https:\/\/pipcke.fr\/idees-deco\/#website"},"primaryImageOfPage":{"@id":"https:\/\/pipcke.fr\/idees-deco\/inspirations-deco\/decoration-de-paques\/#primaryimage"},"image":{"@id":"https:\/\/pipcke.fr\/idees-deco\/inspirations-deco\/decoration-de-paques\/#primaryimage"},"thumbnailUrl":"https:\/\/pipcke.fr\/idees-deco\/wp-content\/uploads\/2025\/04\/decoration-de-paques.jpg","datePublished":"2025-04-08T16:31:47+00:00","dateModified":"2025-04-08T16:31:49+00:00","description":"F\u00eatez P\u00e2ques en famille de mani\u00e8re originale et inoubliable. Donnez du pep\u2019s \u00e0 votre int\u00e9rieur avec nos id\u00e9es d\u00e9co d\u00e9coration de p\u00e2ques!","breadcrumb":{"@id":"https:\/\/pipcke.fr\/idees-deco\/inspirations-deco\/decoration-de-paques\/#breadcrumb"},"inLanguage":"fr-FR","potentialAction":[{"@type":"ReadAction","target":["https:\/\/pipcke.fr\/idees-deco\/inspirations-deco\/decoration-de-paques\/"]}]},{"@type":"ImageObject","inLanguage":"fr-FR","@id":"https:\/\/pipcke.fr\/idees-deco\/inspirations-deco\/decoration-de-paques\/#primaryimage","url":"https:\/\/pipcke.fr\/idees-deco\/wp-content\/uploads\/2025\/04\/decoration-de-paques.jpg","contentUrl":"https:\/\/pipcke.fr\/idees-deco\/wp-content\/uploads\/2025\/04\/decoration-de-paques.jpg","width":600,"height":376,"caption":"D\u00e9coration de P\u00e2ques avec \u0153ufs color\u00e9s, un lapin, une bougie et des \u00e9l\u00e9ments naturels."},{"@type":"BreadcrumbList","@id":"https:\/\/pipcke.fr\/idees-deco\/inspirations-deco\/decoration-de-paques\/#breadcrumb","itemListElement":[{"@type":"ListItem","position":1,"name":"Accueil","item":"https:\/\/pipcke.fr\/idees-deco\/"},{"@type":"ListItem","position":2,"name":"Inspirations d\u00e9co","item":"https:\/\/pipcke.fr\/idees-deco\/.\/inspirations-deco\/"},{"@type":"ListItem","position":3,"name":"10 Fa\u00e7ons cr\u00e9atives de mettre en sc\u00e8ne votre d\u00e9coration de P\u00e2ques"}]},{"@type":"WebSite","@id":"https:\/\/pipcke.fr\/idees-deco\/#website","url":"https:\/\/pipcke.fr\/idees-deco\/","name":"Pipcke","description":"Id\u00e9es, conseils et inspirations d\u00e9co","publisher":{"@id":"https:\/\/pipcke.fr\/idees-deco\/#organization"},"potentialAction":[{"@type":"SearchAction","target":{"@type":"EntryPoint","urlTemplate":"https:\/\/pipcke.fr\/idees-deco\/?s={search_term_string}"},"query-input":{"@type":"PropertyValueSpecification","valueRequired":true,"valueName":"search_term_string"}}],"inLanguage":"fr-FR"},{"@type":"Organization","@id":"https:\/\/pipcke.fr\/idees-deco\/#organization","name":"PIPCKE","alternateName":"PIPCKE","url":"https:\/\/pipcke.fr\/idees-deco\/","logo":{"@type":"ImageObject","inLanguage":"fr-FR","@id":"https:\/\/pipcke.fr\/idees-deco\/#\/schema\/logo\/image\/","url":"https:\/\/pipcke.fr\/idees-deco\/wp-content\/uploads\/2020\/12\/logo-black.svg","contentUrl":"https:\/\/pipcke.fr\/idees-deco\/wp-content\/uploads\/2020\/12\/logo-black.svg","width":524,"height":140,"caption":"PIPCKE"},"image":{"@id":"https:\/\/pipcke.fr\/idees-deco\/#\/schema\/logo\/image\/"},"sameAs":["https:\/\/www.facebook.com\/Pipcke","https:\/\/x.com\/pipcke","https:\/\/www.instagram.com\/pipcke.fr\/","https:\/\/www.linkedin.com\/company\/pipcke","https:\/\/www.pinterest.fr\/PIPCKE\/_created\/","https:\/\/www.youtube.com\/channel\/UCaYnny5Q4k6HN1s3zr1Gazw"],"email":"hello@pipcke.fr","telephone":"0184802084","legalName":"Pipcke"},{"@type":"Person","@id":"https:\/\/pipcke.fr\/idees-deco\/#\/schema\/person\/8b5506de5e3c01d4bdf4d6eec0847e64","name":"Fatina Sleiman","image":{"@type":"ImageObject","inLanguage":"fr-FR","@id":"https:\/\/secure.gravatar.com\/avatar\/33adce8ac61f425fd715619b70468232eba35ea2a75e2245c576d75661f4f516?s=96&d=mm&r=g","url":"https:\/\/secure.gravatar.com\/avatar\/33adce8ac61f425fd715619b70468232eba35ea2a75e2245c576d75661f4f516?s=96&d=mm&r=g","contentUrl":"https:\/\/secure.gravatar.com\/avatar\/33adce8ac61f425fd715619b70468232eba35ea2a75e2245c576d75661f4f516?s=96&d=mm&r=g","caption":"Fatina Sleiman"},"description":"Fatina est la r\u00e9dactrice sp\u00e9cialis\u00e9e de Pipcke pour toutes les th\u00e9matiques li\u00e9es \u00e0 la couleur, aux peintures et \u00e0 la perception visuelle de l\u2019habitat. Son travail d\u2019analyse se concentre sur la mani\u00e8re dont les teintes, les contrastes et les finitions influencent les volumes et l'atmosph\u00e8re d'un int\u00e9rieur. \u00c0 travers ses articles et guides pratiques, Fatina d\u00e9crypte comment la peinture s'impose comme un v\u00e9ritable levier d'agencement : La correction des volumes et des perspectives : agrandir visuellement un couloir \u00e9troit, \u00e9lever un plafond ou structurer une pi\u00e8ce de vie par la couleur. L'art du mur d'accent et des associations : choisir le bon mur \u00e0 peindre dans une chambre, un salon ou une cuisine et marier deux couleurs sans encombrer le regard. La r\u00e9novation et la revalorisation : s\u00e9lectionner les meilleures teintes pour repeindre et moderniser du mobilier en bois ou des \u00e9l\u00e9ments architecturaux. Son objectif \u00e0 travers chaque guide est de fournir aux lecteurs des conseils clairs, techniques et imm\u00e9diatement applicables pour transformer leurs espaces en jouant simplement sur la lumi\u00e8re et les harmonies chromatiques.","url":"https:\/\/pipcke.fr\/idees-deco\/auteur\/fatina-sleiman\/"}]}},"_links":{"self":[{"href":"https:\/\/pipcke.fr\/idees-deco\/wp-json\/wp\/v2\/posts\/18120","targetHints":{"allow":["GET"]}}],"collection":[{"href":"https:\/\/pipcke.fr\/idees-deco\/wp-json\/wp\/v2\/posts"}],"about":[{"href":"https:\/\/pipcke.fr\/idees-deco\/wp-json\/wp\/v2\/types\/post"}],"author":[{"embeddable":true,"href":"https:\/\/pipcke.fr\/idees-deco\/wp-json\/wp\/v2\/users\/18"}],"replies":[{"embeddable":true,"href":"https:\/\/pipcke.fr\/idees-deco\/wp-json\/wp\/v2\/comments?post=18120"}],"version-history":[{"count":6,"href":"https:\/\/pipcke.fr\/idees-deco\/wp-json\/wp\/v2\/posts\/18120\/revisions"}],"predecessor-version":[{"id":18153,"href":"https:\/\/pipcke.fr\/idees-deco\/wp-json\/wp\/v2\/posts\/18120\/revisions\/18153"}],"wp:featuredmedia":[{"embeddable":true,"href":"https:\/\/pipcke.fr\/idees-deco\/wp-json\/wp\/v2\/media\/18150"}],"wp:attachment":[{"href":"https:\/\/pipcke.fr\/idees-deco\/wp-json\/wp\/v2\/media?parent=18120"}],"wp:term":[{"taxonomy":"category","embeddable":true,"href":"https:\/\/pipcke.fr\/idees-deco\/wp-json\/wp\/v2\/categories?post=18120"},{"taxonomy":"post_tag","embeddable":true,"href":"https:\/\/pipcke.fr\/idees-deco\/wp-json\/wp\/v2\/tags?post=18120"},{"taxonomy":"powerkit_post_featured","embeddable":true,"href":"https:\/\/pipcke.fr\/idees-deco\/wp-json\/wp\/v2\/powerkit_post_featured?post=18120"}],"curies":[{"name":"wp","href":"https:\/\/api.w.org\/{rel}","templated":true}]}}