{"id":16298,"date":"2024-11-10T23:32:39","date_gmt":"2024-11-10T22:32:39","guid":{"rendered":"https:\/\/pipcke.fr\/idees-deco\/?p=16298"},"modified":"2024-11-10T23:33:58","modified_gmt":"2024-11-10T22:33:58","slug":"deco-escalier","status":"publish","type":"post","link":"https:\/\/pipcke.fr\/idees-deco\/inspirations-deco\/deco-escalier\/","title":{"rendered":"\u00a017 id\u00e9es d\u00e9co escalier qui donnent envie de monter \u00e0 l\u2019\u00e9tage"},"content":{"rendered":"<div id=\"bsf_rt_marker\"><\/div>\n<p>L\u2019escalier est aussi appel\u00e9 une pi\u00e8ce de passage, \u00e0 laquelle on ne pr\u00eate pas toujours beaucoup d\u2019attention en mati\u00e8re de d\u00e9coration.<\/p>\n\n\n\n<p>Faites-en un v\u00e9ritable espace en adoptant nos 17 id\u00e9es <strong>d\u00e9co escalier<\/strong>, qui vous permettront de mettre en place une d\u00e9coration plus pertinente.<\/p>\n\n\n\n<figure class=\"wp-block-image size-large\"><img loading=\"lazy\" decoding=\"async\" width=\"1160\" height=\"387\" src=\"https:\/\/pipcke.fr\/idees-deco\/wp-content\/uploads\/2023\/11\/decouvrir-mon-style-logo-pipcke-1160x387.png\" alt=\"banni\u00e8re d\u00e9couvrir mon style pipcke\" class=\"wp-image-8931\" srcset=\"https:\/\/pipcke.fr\/idees-deco\/wp-content\/uploads\/2023\/11\/decouvrir-mon-style-logo-pipcke-1160x387.png 1160w, https:\/\/pipcke.fr\/idees-deco\/wp-content\/uploads\/2023\/11\/decouvrir-mon-style-logo-pipcke-800x267.png 800w, https:\/\/pipcke.fr\/idees-deco\/wp-content\/uploads\/2023\/11\/decouvrir-mon-style-logo-pipcke-120x40.png 120w, https:\/\/pipcke.fr\/idees-deco\/wp-content\/uploads\/2023\/11\/decouvrir-mon-style-logo-pipcke-90x30.png 90w, https:\/\/pipcke.fr\/idees-deco\/wp-content\/uploads\/2023\/11\/decouvrir-mon-style-logo-pipcke-320x107.png 320w, https:\/\/pipcke.fr\/idees-deco\/wp-content\/uploads\/2023\/11\/decouvrir-mon-style-logo-pipcke-560x187.png 560w, https:\/\/pipcke.fr\/idees-deco\/wp-content\/uploads\/2023\/11\/decouvrir-mon-style-logo-pipcke.png 1500w\" sizes=\"auto, (max-width: 1160px) 100vw, 1160px\" \/><\/figure>\n\n\n\n<h2 class=\"wp-block-heading\" id=\"h-optimisez-la-deco-de-votre-escalier-selon-son-emplacement\"><span id=\"optimisez-la-deco-de-votre-escalier-selon-son-emplacement\">Optimisez la d\u00e9co de votre escalier selon son emplacement<\/span><\/h2>\n\n\n\n<p>Il y a beaucoup de similitudes entre la <strong>d\u00e9co couloir <\/strong>et la <strong>d\u00e9co escalier<\/strong>.&nbsp;<\/p>\n\n\n\n<p>Adaptez votre d\u00e9coration \u00e0 votre int\u00e9rieur, \u00e0 votre architecture et \u00e0 vos choix de couleurs.<\/p>\n\n\n\n<p>Un param\u00e8tre tr\u00e8s important dans la <strong>d\u00e9co d&rsquo;escalier<\/strong> est son emplacement.<\/p>\n\n\n\n<ol class=\"wp-block-list\">\n<li><strong>Pour un escalier qui donne sur l&rsquo;entr\u00e9e de la maison, mettez un joli tapis, une table basse ou un banc<\/strong><\/li>\n<\/ol>\n\n\n\n<figure class=\"wp-block-image size-large\"><img loading=\"lazy\" decoding=\"async\" width=\"1160\" height=\"1160\" src=\"https:\/\/pipcke.fr\/idees-deco\/wp-content\/uploads\/2024\/11\/deco-escalier-entree-moderne-1160x1160.jpg\" alt=\"Entr\u00e9e moderne avec tableau abstrait, table en bois, pouf textur\u00e9 et escalier courb\u00e9 \u00e9l\u00e9gant.\" class=\"wp-image-16320\" srcset=\"https:\/\/pipcke.fr\/idees-deco\/wp-content\/uploads\/2024\/11\/deco-escalier-entree-moderne-1160x1160.jpg 1160w, https:\/\/pipcke.fr\/idees-deco\/wp-content\/uploads\/2024\/11\/deco-escalier-entree-moderne-800x800.jpg 800w, https:\/\/pipcke.fr\/idees-deco\/wp-content\/uploads\/2024\/11\/deco-escalier-entree-moderne-1536x1536.jpg 1536w, https:\/\/pipcke.fr\/idees-deco\/wp-content\/uploads\/2024\/11\/deco-escalier-entree-moderne-2048x2048.jpg 2048w, https:\/\/pipcke.fr\/idees-deco\/wp-content\/uploads\/2024\/11\/deco-escalier-entree-moderne-80x80.jpg 80w, https:\/\/pipcke.fr\/idees-deco\/wp-content\/uploads\/2024\/11\/deco-escalier-entree-moderne-120x120.jpg 120w, https:\/\/pipcke.fr\/idees-deco\/wp-content\/uploads\/2024\/11\/deco-escalier-entree-moderne-90x90.jpg 90w, https:\/\/pipcke.fr\/idees-deco\/wp-content\/uploads\/2024\/11\/deco-escalier-entree-moderne-320x320.jpg 320w, https:\/\/pipcke.fr\/idees-deco\/wp-content\/uploads\/2024\/11\/deco-escalier-entree-moderne-560x560.jpg 560w, https:\/\/pipcke.fr\/idees-deco\/wp-content\/uploads\/2024\/11\/deco-escalier-entree-moderne-1920x1920.jpg 1920w, https:\/\/pipcke.fr\/idees-deco\/wp-content\/uploads\/2024\/11\/deco-escalier-entree-moderne-scaled.jpg 2560w\" sizes=\"auto, (max-width: 1160px) 100vw, 1160px\" \/><\/figure>\n\n\n\n<p>Vous pouvez opter pour un joli tapis, une table basse ou un banc, et harmoniser le tout avec le reste de la d\u00e9coration, en ajoutant une belle toile \u00e0 votre go\u00fbt.&nbsp;<\/p>\n\n\n\n<ol class=\"wp-block-list\" start=\"2\">\n<li><strong>Si votre escalier donne sur le salon, mettez l\u2019accent sur la d\u00e9coration de la rambarde\u202f; le reste doit rester discret&nbsp;<\/strong><\/li>\n<\/ol>\n\n\n\n<figure class=\"wp-block-image size-large\"><img loading=\"lazy\" decoding=\"async\" width=\"1160\" height=\"1540\" src=\"https:\/\/pipcke.fr\/idees-deco\/wp-content\/uploads\/2024\/11\/escalier-vintage-blanc-touche-doree-1160x1540.jpg\" alt=\"Escalier classique avec rampe blanche, mur vert pastel, plantes en pot et touches dor\u00e9es.\" class=\"wp-image-16303\" srcset=\"https:\/\/pipcke.fr\/idees-deco\/wp-content\/uploads\/2024\/11\/escalier-vintage-blanc-touche-doree-1160x1540.jpg 1160w, https:\/\/pipcke.fr\/idees-deco\/wp-content\/uploads\/2024\/11\/escalier-vintage-blanc-touche-doree-800x1062.jpg 800w, https:\/\/pipcke.fr\/idees-deco\/wp-content\/uploads\/2024\/11\/escalier-vintage-blanc-touche-doree-1157x1536.jpg 1157w, https:\/\/pipcke.fr\/idees-deco\/wp-content\/uploads\/2024\/11\/escalier-vintage-blanc-touche-doree-1543x2048.jpg 1543w, https:\/\/pipcke.fr\/idees-deco\/wp-content\/uploads\/2024\/11\/escalier-vintage-blanc-touche-doree-120x160.jpg 120w, https:\/\/pipcke.fr\/idees-deco\/wp-content\/uploads\/2024\/11\/escalier-vintage-blanc-touche-doree-90x120.jpg 90w, https:\/\/pipcke.fr\/idees-deco\/wp-content\/uploads\/2024\/11\/escalier-vintage-blanc-touche-doree-320x425.jpg 320w, https:\/\/pipcke.fr\/idees-deco\/wp-content\/uploads\/2024\/11\/escalier-vintage-blanc-touche-doree-560x743.jpg 560w, https:\/\/pipcke.fr\/idees-deco\/wp-content\/uploads\/2024\/11\/escalier-vintage-blanc-touche-doree-1920x2549.jpg 1920w, https:\/\/pipcke.fr\/idees-deco\/wp-content\/uploads\/2024\/11\/escalier-vintage-blanc-touche-doree-scaled.jpg 1928w\" sizes=\"auto, (max-width: 1160px) 100vw, 1160px\" \/><\/figure>\n\n\n\n<h2 class=\"wp-block-heading\" id=\"h-idee-deco-escalier-peinture-papier-peint-et-revetements\"><span id=\"idee-deco-escalier-peinture-papier-peint-et-revetements\">Id\u00e9e d\u00e9co escalier : peinture, papier peint et rev\u00eatements<\/span><\/h2>\n\n\n\n<ol class=\"wp-block-list\" start=\"3\">\n<li><strong>Le premier choix est la peinture : faites-vous plaisir avec des couleurs soutenues comme le bleu marine, le vert ou la couleur moutarde.<\/strong><\/li>\n<\/ol>\n\n\n\n<p>Vous pouvez tout peindre de la m\u00eame couleur.<\/p>\n\n\n\n<figure class=\"wp-block-image size-large\"><img loading=\"lazy\" decoding=\"async\" width=\"1160\" height=\"870\" src=\"https:\/\/pipcke.fr\/idees-deco\/wp-content\/uploads\/2024\/11\/escalier-design-moderne-couleurs-structurees-1160x870.jpg\" alt=\"Escalier moderne avec structure m\u00e9tallique, mur orange vif, fauteuil vert et plantes en pot.\" class=\"wp-image-16304\" srcset=\"https:\/\/pipcke.fr\/idees-deco\/wp-content\/uploads\/2024\/11\/escalier-design-moderne-couleurs-structurees-1160x870.jpg 1160w, https:\/\/pipcke.fr\/idees-deco\/wp-content\/uploads\/2024\/11\/escalier-design-moderne-couleurs-structurees-800x600.jpg 800w, https:\/\/pipcke.fr\/idees-deco\/wp-content\/uploads\/2024\/11\/escalier-design-moderne-couleurs-structurees-320x240.jpg 320w, https:\/\/pipcke.fr\/idees-deco\/wp-content\/uploads\/2024\/11\/escalier-design-moderne-couleurs-structurees-1536x1152.jpg 1536w, https:\/\/pipcke.fr\/idees-deco\/wp-content\/uploads\/2024\/11\/escalier-design-moderne-couleurs-structurees-2048x1536.jpg 2048w, https:\/\/pipcke.fr\/idees-deco\/wp-content\/uploads\/2024\/11\/escalier-design-moderne-couleurs-structurees-300x225.jpg 300w, https:\/\/pipcke.fr\/idees-deco\/wp-content\/uploads\/2024\/11\/escalier-design-moderne-couleurs-structurees-120x90.jpg 120w, https:\/\/pipcke.fr\/idees-deco\/wp-content\/uploads\/2024\/11\/escalier-design-moderne-couleurs-structurees-90x68.jpg 90w, https:\/\/pipcke.fr\/idees-deco\/wp-content\/uploads\/2024\/11\/escalier-design-moderne-couleurs-structurees-560x420.jpg 560w, https:\/\/pipcke.fr\/idees-deco\/wp-content\/uploads\/2024\/11\/escalier-design-moderne-couleurs-structurees-1920x1440.jpg 1920w, https:\/\/pipcke.fr\/idees-deco\/wp-content\/uploads\/2024\/11\/escalier-design-moderne-couleurs-structurees-scaled.jpg 2560w\" sizes=\"auto, (max-width: 1160px) 100vw, 1160px\" \/><\/figure>\n\n\n\n<ol class=\"wp-block-list\" start=\"4\">\n<li><strong>Sinon, cr\u00e9ez un soubassement qui divise la couleur en deux\u202f; cela va casser la monotonie de votre cage d\u2019escalier et diminuer la sensation de hauteur. \u00c7a fonctionne !<\/strong><\/li>\n<\/ol>\n\n\n\n<figure class=\"wp-block-image size-large\"><img loading=\"lazy\" decoding=\"async\" width=\"1160\" height=\"663\" src=\"https:\/\/pipcke.fr\/idees-deco\/wp-content\/uploads\/2024\/11\/escalier-peinture-sous-bassement-1160x663.jpg\" alt=\"Escalier sous bassement, couleurs structur\u00e9es blue marine et moutarde.\" class=\"wp-image-16307\" srcset=\"https:\/\/pipcke.fr\/idees-deco\/wp-content\/uploads\/2024\/11\/escalier-peinture-sous-bassement-1160x663.jpg 1160w, https:\/\/pipcke.fr\/idees-deco\/wp-content\/uploads\/2024\/11\/escalier-peinture-sous-bassement-800x457.jpg 800w, https:\/\/pipcke.fr\/idees-deco\/wp-content\/uploads\/2024\/11\/escalier-peinture-sous-bassement-1536x878.jpg 1536w, https:\/\/pipcke.fr\/idees-deco\/wp-content\/uploads\/2024\/11\/escalier-peinture-sous-bassement-2048x1170.jpg 2048w, https:\/\/pipcke.fr\/idees-deco\/wp-content\/uploads\/2024\/11\/escalier-peinture-sous-bassement-120x69.jpg 120w, https:\/\/pipcke.fr\/idees-deco\/wp-content\/uploads\/2024\/11\/escalier-peinture-sous-bassement-90x51.jpg 90w, https:\/\/pipcke.fr\/idees-deco\/wp-content\/uploads\/2024\/11\/escalier-peinture-sous-bassement-320x183.jpg 320w, https:\/\/pipcke.fr\/idees-deco\/wp-content\/uploads\/2024\/11\/escalier-peinture-sous-bassement-560x320.jpg 560w, https:\/\/pipcke.fr\/idees-deco\/wp-content\/uploads\/2024\/11\/escalier-peinture-sous-bassement-1920x1097.jpg 1920w, https:\/\/pipcke.fr\/idees-deco\/wp-content\/uploads\/2024\/11\/escalier-peinture-sous-bassement-scaled.jpg 2560w\" sizes=\"auto, (max-width: 1160px) 100vw, 1160px\" \/><\/figure>\n\n\n\n<ol class=\"wp-block-list\" start=\"5\">\n<li><strong>Optez pour un papier peint panoramique qui apporte une touche cocon \u00e0 votre pi\u00e8ce de passage.&nbsp;<\/strong><\/li>\n<\/ol>\n\n\n\n<p>&nbsp;Une autre id\u00e9e d\u00e9co pour l&rsquo;escalier est d&rsquo;utiliser de gros motifs.<\/p>\n\n\n\n<figure class=\"wp-block-image size-large\"><img loading=\"lazy\" decoding=\"async\" width=\"1160\" height=\"1160\" src=\"https:\/\/pipcke.fr\/idees-deco\/wp-content\/uploads\/2024\/11\/deco-escalier-murs-papier-peint-1160x1160.jpg\" alt=\"D\u00e9co escalier avec un mur floral jaune sur un escalier en bois clair.\" class=\"wp-image-16306\" srcset=\"https:\/\/pipcke.fr\/idees-deco\/wp-content\/uploads\/2024\/11\/deco-escalier-murs-papier-peint-1160x1160.jpg 1160w, https:\/\/pipcke.fr\/idees-deco\/wp-content\/uploads\/2024\/11\/deco-escalier-murs-papier-peint-800x800.jpg 800w, https:\/\/pipcke.fr\/idees-deco\/wp-content\/uploads\/2024\/11\/deco-escalier-murs-papier-peint-1536x1536.jpg 1536w, https:\/\/pipcke.fr\/idees-deco\/wp-content\/uploads\/2024\/11\/deco-escalier-murs-papier-peint-2048x2048.jpg 2048w, https:\/\/pipcke.fr\/idees-deco\/wp-content\/uploads\/2024\/11\/deco-escalier-murs-papier-peint-80x80.jpg 80w, https:\/\/pipcke.fr\/idees-deco\/wp-content\/uploads\/2024\/11\/deco-escalier-murs-papier-peint-120x120.jpg 120w, https:\/\/pipcke.fr\/idees-deco\/wp-content\/uploads\/2024\/11\/deco-escalier-murs-papier-peint-90x90.jpg 90w, https:\/\/pipcke.fr\/idees-deco\/wp-content\/uploads\/2024\/11\/deco-escalier-murs-papier-peint-320x320.jpg 320w, https:\/\/pipcke.fr\/idees-deco\/wp-content\/uploads\/2024\/11\/deco-escalier-murs-papier-peint-560x560.jpg 560w, https:\/\/pipcke.fr\/idees-deco\/wp-content\/uploads\/2024\/11\/deco-escalier-murs-papier-peint-1920x1920.jpg 1920w, https:\/\/pipcke.fr\/idees-deco\/wp-content\/uploads\/2024\/11\/deco-escalier-murs-papier-peint-scaled.jpg 2560w\" sizes=\"auto, (max-width: 1160px) 100vw, 1160px\" \/><\/figure>\n\n\n\n<p>Le papier peint apporte une touche d\u00e9corative, donne un effet wow et d\u00e9core imm\u00e9diatement. Vous n\u2019aurez plus l\u2019obligation d\u2019accrocher des cadres.&nbsp;<\/p>\n\n\n\n<ol class=\"wp-block-list\" start=\"6\">\n<li><strong>Peignez l&rsquo;escalier lui-m\u00eame pour le mettre en valeur, pas besoin d&rsquo;en faire trop.&nbsp;<\/strong><\/li>\n<\/ol>\n\n\n\n<p>Un escalier color\u00e9 donne un \u00e9l\u00e9ment fort. Une id\u00e9e d\u00e9co escalier : restez discret pour les murs.<\/p>\n\n\n\n<figure class=\"wp-block-image size-large\"><img loading=\"lazy\" decoding=\"async\" width=\"1160\" height=\"1491\" src=\"https:\/\/pipcke.fr\/idees-deco\/wp-content\/uploads\/2024\/11\/deco-escalier-couleurs-pastelles-discret-1160x1491.jpg\" alt=\"d\u00e9co escalier en bois avec une peinture murale rose et bleue.\" class=\"wp-image-16305\" srcset=\"https:\/\/pipcke.fr\/idees-deco\/wp-content\/uploads\/2024\/11\/deco-escalier-couleurs-pastelles-discret-1160x1491.jpg 1160w, https:\/\/pipcke.fr\/idees-deco\/wp-content\/uploads\/2024\/11\/deco-escalier-couleurs-pastelles-discret-800x1029.jpg 800w, https:\/\/pipcke.fr\/idees-deco\/wp-content\/uploads\/2024\/11\/deco-escalier-couleurs-pastelles-discret-1195x1536.jpg 1195w, https:\/\/pipcke.fr\/idees-deco\/wp-content\/uploads\/2024\/11\/deco-escalier-couleurs-pastelles-discret-1593x2048.jpg 1593w, https:\/\/pipcke.fr\/idees-deco\/wp-content\/uploads\/2024\/11\/deco-escalier-couleurs-pastelles-discret-120x154.jpg 120w, https:\/\/pipcke.fr\/idees-deco\/wp-content\/uploads\/2024\/11\/deco-escalier-couleurs-pastelles-discret-90x116.jpg 90w, https:\/\/pipcke.fr\/idees-deco\/wp-content\/uploads\/2024\/11\/deco-escalier-couleurs-pastelles-discret-320x411.jpg 320w, https:\/\/pipcke.fr\/idees-deco\/wp-content\/uploads\/2024\/11\/deco-escalier-couleurs-pastelles-discret-560x720.jpg 560w, https:\/\/pipcke.fr\/idees-deco\/wp-content\/uploads\/2024\/11\/deco-escalier-couleurs-pastelles-discret-1920x2469.jpg 1920w, https:\/\/pipcke.fr\/idees-deco\/wp-content\/uploads\/2024\/11\/deco-escalier-couleurs-pastelles-discret-scaled.jpg 1991w\" sizes=\"auto, (max-width: 1160px) 100vw, 1160px\" \/><\/figure>\n\n\n\n<ol class=\"wp-block-list\" start=\"7\">\n<li><strong>Mettez l\u2019accent uniquement sur les contremarches de l\u2019escalier en posant de la c\u00e9ramique qui lui donnera un c\u00f4t\u00e9 vintage<\/strong><\/li>\n<\/ol>\n\n\n\n<figure class=\"wp-block-image size-large\"><img loading=\"lazy\" decoding=\"async\" width=\"1160\" height=\"1739\" src=\"https:\/\/pipcke.fr\/idees-deco\/wp-content\/uploads\/2024\/11\/escalier-style-retro-1160x1739.jpg\" alt=\"d\u00e9co escalier r\u00e9tro, contre marche porcelaine, garde corps fer noir\" class=\"wp-image-16308\" srcset=\"https:\/\/pipcke.fr\/idees-deco\/wp-content\/uploads\/2024\/11\/escalier-style-retro-1160x1739.jpg 1160w, https:\/\/pipcke.fr\/idees-deco\/wp-content\/uploads\/2024\/11\/escalier-style-retro-800x1199.jpg 800w, https:\/\/pipcke.fr\/idees-deco\/wp-content\/uploads\/2024\/11\/escalier-style-retro-1025x1536.jpg 1025w, https:\/\/pipcke.fr\/idees-deco\/wp-content\/uploads\/2024\/11\/escalier-style-retro-1366x2048.jpg 1366w, https:\/\/pipcke.fr\/idees-deco\/wp-content\/uploads\/2024\/11\/escalier-style-retro-120x180.jpg 120w, https:\/\/pipcke.fr\/idees-deco\/wp-content\/uploads\/2024\/11\/escalier-style-retro-90x135.jpg 90w, https:\/\/pipcke.fr\/idees-deco\/wp-content\/uploads\/2024\/11\/escalier-style-retro-320x480.jpg 320w, https:\/\/pipcke.fr\/idees-deco\/wp-content\/uploads\/2024\/11\/escalier-style-retro-560x840.jpg 560w, https:\/\/pipcke.fr\/idees-deco\/wp-content\/uploads\/2024\/11\/escalier-style-retro-1920x2879.jpg 1920w, https:\/\/pipcke.fr\/idees-deco\/wp-content\/uploads\/2024\/11\/escalier-style-retro-scaled.jpg 1708w\" sizes=\"auto, (max-width: 1160px) 100vw, 1160px\" \/><\/figure>\n\n\n\n<figure class=\"wp-block-image size-large\"><a href=\"https:\/\/pipcke.fr\/offres\"><img loading=\"lazy\" decoding=\"async\" width=\"1160\" height=\"387\" src=\"https:\/\/pipcke.fr\/idees-deco\/wp-content\/uploads\/2023\/11\/offres-logo-pipcke-1160x387.png\" alt=\"banni\u00e8re offre pipcke\" class=\"wp-image-8933\" srcset=\"https:\/\/pipcke.fr\/idees-deco\/wp-content\/uploads\/2023\/11\/offres-logo-pipcke-1160x387.png 1160w, https:\/\/pipcke.fr\/idees-deco\/wp-content\/uploads\/2023\/11\/offres-logo-pipcke-800x267.png 800w, https:\/\/pipcke.fr\/idees-deco\/wp-content\/uploads\/2023\/11\/offres-logo-pipcke-120x40.png 120w, https:\/\/pipcke.fr\/idees-deco\/wp-content\/uploads\/2023\/11\/offres-logo-pipcke-90x30.png 90w, https:\/\/pipcke.fr\/idees-deco\/wp-content\/uploads\/2023\/11\/offres-logo-pipcke-320x107.png 320w, https:\/\/pipcke.fr\/idees-deco\/wp-content\/uploads\/2023\/11\/offres-logo-pipcke-560x187.png 560w, https:\/\/pipcke.fr\/idees-deco\/wp-content\/uploads\/2023\/11\/offres-logo-pipcke.png 1500w\" sizes=\"auto, (max-width: 1160px) 100vw, 1160px\" \/><\/a><\/figure>\n\n\n\n<p><strong>La c\u00e9ramique offre un effet d\u00e9coratif et graphique que vous pouvez utiliser pour am\u00e9nager votre escalier.<\/strong><\/p>\n\n\n\n<ol class=\"wp-block-list\" start=\"8\">\n<li><strong>Placez un rev\u00eatement au sol : poser de la moquette sur l\u2019escalier est une solution rapide et pratique, excellente pour l\u2019acoustique<\/strong><\/li>\n<\/ol>\n\n\n\n<p>Choisissez-en une qui s\u2019harmonise avec le th\u00e8me de votre d\u00e9coration<\/p>\n\n\n\n<figure class=\"wp-block-image size-large\"><img loading=\"lazy\" decoding=\"async\" width=\"1160\" height=\"773\" src=\"https:\/\/pipcke.fr\/idees-deco\/wp-content\/uploads\/2024\/11\/escalier-revetement-moquette-1160x773.jpg\" alt=\"Escalier en bois naturel, marron fonc\u00e9e, rev\u00eatement du sol, moquette.\" class=\"wp-image-16309\" srcset=\"https:\/\/pipcke.fr\/idees-deco\/wp-content\/uploads\/2024\/11\/escalier-revetement-moquette-1160x773.jpg 1160w, https:\/\/pipcke.fr\/idees-deco\/wp-content\/uploads\/2024\/11\/escalier-revetement-moquette-800x533.jpg 800w, https:\/\/pipcke.fr\/idees-deco\/wp-content\/uploads\/2024\/11\/escalier-revetement-moquette-1536x1024.jpg 1536w, https:\/\/pipcke.fr\/idees-deco\/wp-content\/uploads\/2024\/11\/escalier-revetement-moquette-2048x1365.jpg 2048w, https:\/\/pipcke.fr\/idees-deco\/wp-content\/uploads\/2024\/11\/escalier-revetement-moquette-120x80.jpg 120w, https:\/\/pipcke.fr\/idees-deco\/wp-content\/uploads\/2024\/11\/escalier-revetement-moquette-90x60.jpg 90w, https:\/\/pipcke.fr\/idees-deco\/wp-content\/uploads\/2024\/11\/escalier-revetement-moquette-320x213.jpg 320w, https:\/\/pipcke.fr\/idees-deco\/wp-content\/uploads\/2024\/11\/escalier-revetement-moquette-560x373.jpg 560w, https:\/\/pipcke.fr\/idees-deco\/wp-content\/uploads\/2024\/11\/escalier-revetement-moquette-1920x1280.jpg 1920w, https:\/\/pipcke.fr\/idees-deco\/wp-content\/uploads\/2024\/11\/escalier-revetement-moquette-scaled.jpg 2560w\" sizes=\"auto, (max-width: 1160px) 100vw, 1160px\" \/><\/figure>\n\n\n\n<p>Le rev\u00eatement de votre escalier cr\u00e9e une ambiance douce.<\/p>\n\n\n\n<h2 id=\"types-declairage-suspensions-appliques-led-et-bougies\" class=\"wp-block-heading\">Types d&rsquo;\u00e9clairage : suspensions, appliques, led et bougies<\/h2>\n\n\n\n<p>&nbsp;L\u2019\u00e9clairage est un aspect pratique et esth\u00e9tique : il est d\u00e9moralisant d\u2019emprunter un escalier sombre.<\/p>\n\n\n\n<p>On peut se faire plaisir avec une multitude de choix d\u2019\u00e9clairage.<\/p>\n\n\n\n<ol class=\"wp-block-list\" start=\"9\">\n<li><strong>Optez pour une suspension originale qui habille parfaitement votre plafond tout en jouant sur l\u2019effet optique pour l\u2019abaisser visuellement<\/strong><\/li>\n<\/ol>\n\n\n\n<figure class=\"wp-block-image size-large\"><img loading=\"lazy\" decoding=\"async\" width=\"1160\" height=\"773\" src=\"https:\/\/pipcke.fr\/idees-deco\/wp-content\/uploads\/2024\/11\/suspensions-plafond-deco-escalier-1160x773.jpg\" alt=\"D\u00e9co escalier moderne avec suspensions tr\u00e8s tendance et garde-corps en verre.\" class=\"wp-image-16311\" srcset=\"https:\/\/pipcke.fr\/idees-deco\/wp-content\/uploads\/2024\/11\/suspensions-plafond-deco-escalier-1160x773.jpg 1160w, https:\/\/pipcke.fr\/idees-deco\/wp-content\/uploads\/2024\/11\/suspensions-plafond-deco-escalier-800x533.jpg 800w, https:\/\/pipcke.fr\/idees-deco\/wp-content\/uploads\/2024\/11\/suspensions-plafond-deco-escalier-1536x1024.jpg 1536w, https:\/\/pipcke.fr\/idees-deco\/wp-content\/uploads\/2024\/11\/suspensions-plafond-deco-escalier-2048x1366.jpg 2048w, https:\/\/pipcke.fr\/idees-deco\/wp-content\/uploads\/2024\/11\/suspensions-plafond-deco-escalier-120x80.jpg 120w, https:\/\/pipcke.fr\/idees-deco\/wp-content\/uploads\/2024\/11\/suspensions-plafond-deco-escalier-90x60.jpg 90w, https:\/\/pipcke.fr\/idees-deco\/wp-content\/uploads\/2024\/11\/suspensions-plafond-deco-escalier-320x213.jpg 320w, https:\/\/pipcke.fr\/idees-deco\/wp-content\/uploads\/2024\/11\/suspensions-plafond-deco-escalier-560x373.jpg 560w, https:\/\/pipcke.fr\/idees-deco\/wp-content\/uploads\/2024\/11\/suspensions-plafond-deco-escalier-1920x1280.jpg 1920w, https:\/\/pipcke.fr\/idees-deco\/wp-content\/uploads\/2024\/11\/suspensions-plafond-deco-escalier-scaled.jpg 2560w\" sizes=\"auto, (max-width: 1160px) 100vw, 1160px\" \/><\/figure>\n\n\n\n<ol class=\"wp-block-list\" start=\"10\">\n<li><strong>N\u2019h\u00e9sitez pas \u00e0 installer des appliques tout le long du mur, elles sont discr\u00e8tes, n&rsquo;abaissent pas le plafond, et cr\u00e9ent une ambiance joyeuse sur vos murs<\/strong><\/li>\n<\/ol>\n\n\n\n<figure class=\"wp-block-image size-large\"><img loading=\"lazy\" decoding=\"async\" width=\"1160\" height=\"2320\" src=\"https:\/\/pipcke.fr\/idees-deco\/wp-content\/uploads\/2024\/11\/deco-escalier-garde-corps-verre-1160x2320.jpg\" alt=\"D\u00e9co escalier, \u00e9clairage marches, appliques muraux couleur noir\" class=\"wp-image-16312\" srcset=\"https:\/\/pipcke.fr\/idees-deco\/wp-content\/uploads\/2024\/11\/deco-escalier-garde-corps-verre-1160x2320.jpg 1160w, https:\/\/pipcke.fr\/idees-deco\/wp-content\/uploads\/2024\/11\/deco-escalier-garde-corps-verre-800x1600.jpg 800w, https:\/\/pipcke.fr\/idees-deco\/wp-content\/uploads\/2024\/11\/deco-escalier-garde-corps-verre-768x1536.jpg 768w, https:\/\/pipcke.fr\/idees-deco\/wp-content\/uploads\/2024\/11\/deco-escalier-garde-corps-verre-1024x2048.jpg 1024w, https:\/\/pipcke.fr\/idees-deco\/wp-content\/uploads\/2024\/11\/deco-escalier-garde-corps-verre-120x240.jpg 120w, https:\/\/pipcke.fr\/idees-deco\/wp-content\/uploads\/2024\/11\/deco-escalier-garde-corps-verre-90x180.jpg 90w, https:\/\/pipcke.fr\/idees-deco\/wp-content\/uploads\/2024\/11\/deco-escalier-garde-corps-verre-320x640.jpg 320w, https:\/\/pipcke.fr\/idees-deco\/wp-content\/uploads\/2024\/11\/deco-escalier-garde-corps-verre-560x1120.jpg 560w, https:\/\/pipcke.fr\/idees-deco\/wp-content\/uploads\/2024\/11\/deco-escalier-garde-corps-verre-1920x3840.jpg 1920w, https:\/\/pipcke.fr\/idees-deco\/wp-content\/uploads\/2024\/11\/deco-escalier-garde-corps-verre-scaled.jpg 1280w\" sizes=\"auto, (max-width: 1160px) 100vw, 1160px\" \/><\/figure>\n\n\n\n<ol class=\"wp-block-list\" start=\"11\">\n<li><strong>&nbsp;Int\u00e9grez des lampes LED sur les marches de votre escalier pour cr\u00e9er une ambiance plus sympathique<\/strong><\/li>\n<\/ol>\n\n\n\n<figure class=\"wp-block-image size-large\"><img loading=\"lazy\" decoding=\"async\" width=\"1160\" height=\"1160\" src=\"https:\/\/pipcke.fr\/idees-deco\/wp-content\/uploads\/2024\/11\/deco-escalier-eclairage-led-1160x1160.jpg\" alt=\"D\u00e9coration tr\u00e8s tendance, \u00e9clairage murs et marches, lampes led.\" class=\"wp-image-16313\" srcset=\"https:\/\/pipcke.fr\/idees-deco\/wp-content\/uploads\/2024\/11\/deco-escalier-eclairage-led-1160x1160.jpg 1160w, https:\/\/pipcke.fr\/idees-deco\/wp-content\/uploads\/2024\/11\/deco-escalier-eclairage-led-800x800.jpg 800w, https:\/\/pipcke.fr\/idees-deco\/wp-content\/uploads\/2024\/11\/deco-escalier-eclairage-led-1536x1536.jpg 1536w, https:\/\/pipcke.fr\/idees-deco\/wp-content\/uploads\/2024\/11\/deco-escalier-eclairage-led-2048x2048.jpg 2048w, https:\/\/pipcke.fr\/idees-deco\/wp-content\/uploads\/2024\/11\/deco-escalier-eclairage-led-80x80.jpg 80w, https:\/\/pipcke.fr\/idees-deco\/wp-content\/uploads\/2024\/11\/deco-escalier-eclairage-led-120x120.jpg 120w, https:\/\/pipcke.fr\/idees-deco\/wp-content\/uploads\/2024\/11\/deco-escalier-eclairage-led-90x90.jpg 90w, https:\/\/pipcke.fr\/idees-deco\/wp-content\/uploads\/2024\/11\/deco-escalier-eclairage-led-320x320.jpg 320w, https:\/\/pipcke.fr\/idees-deco\/wp-content\/uploads\/2024\/11\/deco-escalier-eclairage-led-560x560.jpg 560w, https:\/\/pipcke.fr\/idees-deco\/wp-content\/uploads\/2024\/11\/deco-escalier-eclairage-led-1920x1920.jpg 1920w, https:\/\/pipcke.fr\/idees-deco\/wp-content\/uploads\/2024\/11\/deco-escalier-eclairage-led-scaled.jpg 2560w\" sizes=\"auto, (max-width: 1160px) 100vw, 1160px\" \/><\/figure>\n\n\n\n<ol class=\"wp-block-list\" start=\"12\">\n<li><strong>Cr\u00e9ez une ambiance romantique avec un \u00e9clairage classique de bougies, id\u00e9al surtout pour les escaliers en bois<\/strong><\/li>\n<\/ol>\n\n\n\n<figure class=\"wp-block-image size-large\"><img loading=\"lazy\" decoding=\"async\" width=\"1160\" height=\"650\" src=\"https:\/\/pipcke.fr\/idees-deco\/wp-content\/uploads\/2024\/11\/escalier-eclairage-boigies-1160x650.jpg\" alt=\"Ambiance rustique, escalier en bois naturel marron fonc\u00e9e, \u00e9clairage par des bougies.\" class=\"wp-image-16314\" srcset=\"https:\/\/pipcke.fr\/idees-deco\/wp-content\/uploads\/2024\/11\/escalier-eclairage-boigies-1160x650.jpg 1160w, https:\/\/pipcke.fr\/idees-deco\/wp-content\/uploads\/2024\/11\/escalier-eclairage-boigies-800x448.jpg 800w, https:\/\/pipcke.fr\/idees-deco\/wp-content\/uploads\/2024\/11\/escalier-eclairage-boigies-1536x861.jpg 1536w, https:\/\/pipcke.fr\/idees-deco\/wp-content\/uploads\/2024\/11\/escalier-eclairage-boigies-2048x1148.jpg 2048w, https:\/\/pipcke.fr\/idees-deco\/wp-content\/uploads\/2024\/11\/escalier-eclairage-boigies-120x67.jpg 120w, https:\/\/pipcke.fr\/idees-deco\/wp-content\/uploads\/2024\/11\/escalier-eclairage-boigies-90x50.jpg 90w, https:\/\/pipcke.fr\/idees-deco\/wp-content\/uploads\/2024\/11\/escalier-eclairage-boigies-320x179.jpg 320w, https:\/\/pipcke.fr\/idees-deco\/wp-content\/uploads\/2024\/11\/escalier-eclairage-boigies-560x314.jpg 560w, https:\/\/pipcke.fr\/idees-deco\/wp-content\/uploads\/2024\/11\/escalier-eclairage-boigies-1920x1076.jpg 1920w, https:\/\/pipcke.fr\/idees-deco\/wp-content\/uploads\/2024\/11\/escalier-eclairage-boigies-scaled.jpg 2560w\" sizes=\"auto, (max-width: 1160px) 100vw, 1160px\" \/><\/figure>\n\n\n\n<h2 id=\"accessoires-miroirs-cadres-et-stickers-creatifs\" class=\"wp-block-heading\">Accessoires : miroirs, cadres et stickers cr\u00e9atifs<\/h2>\n\n\n\n<ol class=\"wp-block-list\" start=\"13\">\n<li><strong>Utilisez des miroirs comme id\u00e9e d\u00e9co pour l&rsquo;escalier, ils refl\u00e8tent la lumi\u00e8re et donnent la sensation d\u2019un espace plus grand<\/strong><\/li>\n<\/ol>\n\n\n\n<figure class=\"wp-block-image size-large\"><img loading=\"lazy\" decoding=\"async\" width=\"1160\" height=\"663\" src=\"https:\/\/pipcke.fr\/idees-deco\/wp-content\/uploads\/2024\/11\/deco-escalier-noir-blan-mirroir-1160x663.jpg\" alt=\"Entr\u00e9e moderne avec un grand miroir rond dor\u00e9, une console noire et des accents dor\u00e9s.\" class=\"wp-image-16318\" srcset=\"https:\/\/pipcke.fr\/idees-deco\/wp-content\/uploads\/2024\/11\/deco-escalier-noir-blan-mirroir-1160x663.jpg 1160w, https:\/\/pipcke.fr\/idees-deco\/wp-content\/uploads\/2024\/11\/deco-escalier-noir-blan-mirroir-800x457.jpg 800w, https:\/\/pipcke.fr\/idees-deco\/wp-content\/uploads\/2024\/11\/deco-escalier-noir-blan-mirroir-1536x878.jpg 1536w, https:\/\/pipcke.fr\/idees-deco\/wp-content\/uploads\/2024\/11\/deco-escalier-noir-blan-mirroir-2048x1170.jpg 2048w, https:\/\/pipcke.fr\/idees-deco\/wp-content\/uploads\/2024\/11\/deco-escalier-noir-blan-mirroir-120x69.jpg 120w, https:\/\/pipcke.fr\/idees-deco\/wp-content\/uploads\/2024\/11\/deco-escalier-noir-blan-mirroir-90x51.jpg 90w, https:\/\/pipcke.fr\/idees-deco\/wp-content\/uploads\/2024\/11\/deco-escalier-noir-blan-mirroir-320x183.jpg 320w, https:\/\/pipcke.fr\/idees-deco\/wp-content\/uploads\/2024\/11\/deco-escalier-noir-blan-mirroir-560x320.jpg 560w, https:\/\/pipcke.fr\/idees-deco\/wp-content\/uploads\/2024\/11\/deco-escalier-noir-blan-mirroir-1920x1097.jpg 1920w, https:\/\/pipcke.fr\/idees-deco\/wp-content\/uploads\/2024\/11\/deco-escalier-noir-blan-mirroir-scaled.jpg 2560w\" sizes=\"auto, (max-width: 1160px) 100vw, 1160px\" \/><\/figure>\n\n\n\n<p>Escalier donnant sur l\u2019entr\u00e9e : le miroir est un accessoire d\u00e9coratif qui refl\u00e8te la lumi\u00e8re.<\/p>\n\n\n\n<ol class=\"wp-block-list\" start=\"14\">\n<li><strong>Personnalisez votre id\u00e9e d\u00e9co escalier en ajoutant une touche de verdure\u202f; les plantes apportent une qualit\u00e9 vibratoire, \u00e0 condition de ne pas g\u00eaner le passage<\/strong><\/li>\n<\/ol>\n\n\n\n<figure class=\"wp-block-image size-large\"><img loading=\"lazy\" decoding=\"async\" width=\"1160\" height=\"870\" src=\"https:\/\/pipcke.fr\/idees-deco\/wp-content\/uploads\/2024\/11\/deco-escalier-design-moderne-1160x870.jpg\" alt=\"D\u00e9coration d'escalier avec couleurs structur\u00e9es vert fonc\u00e9 et moutarde, et touche de verdure.\" class=\"wp-image-16315\" srcset=\"https:\/\/pipcke.fr\/idees-deco\/wp-content\/uploads\/2024\/11\/deco-escalier-design-moderne-1160x870.jpg 1160w, https:\/\/pipcke.fr\/idees-deco\/wp-content\/uploads\/2024\/11\/deco-escalier-design-moderne-800x600.jpg 800w, https:\/\/pipcke.fr\/idees-deco\/wp-content\/uploads\/2024\/11\/deco-escalier-design-moderne-320x240.jpg 320w, https:\/\/pipcke.fr\/idees-deco\/wp-content\/uploads\/2024\/11\/deco-escalier-design-moderne-1536x1152.jpg 1536w, https:\/\/pipcke.fr\/idees-deco\/wp-content\/uploads\/2024\/11\/deco-escalier-design-moderne-2048x1536.jpg 2048w, https:\/\/pipcke.fr\/idees-deco\/wp-content\/uploads\/2024\/11\/deco-escalier-design-moderne-300x225.jpg 300w, https:\/\/pipcke.fr\/idees-deco\/wp-content\/uploads\/2024\/11\/deco-escalier-design-moderne-120x90.jpg 120w, https:\/\/pipcke.fr\/idees-deco\/wp-content\/uploads\/2024\/11\/deco-escalier-design-moderne-90x68.jpg 90w, https:\/\/pipcke.fr\/idees-deco\/wp-content\/uploads\/2024\/11\/deco-escalier-design-moderne-560x420.jpg 560w, https:\/\/pipcke.fr\/idees-deco\/wp-content\/uploads\/2024\/11\/deco-escalier-design-moderne-1920x1440.jpg 1920w, https:\/\/pipcke.fr\/idees-deco\/wp-content\/uploads\/2024\/11\/deco-escalier-design-moderne-scaled.jpg 2560w\" sizes=\"auto, (max-width: 1160px) 100vw, 1160px\" \/><\/figure>\n\n\n\n<figure class=\"wp-block-image size-large\"><a href=\"https:\/\/pipcke.fr\/nouveau-projet\"><img loading=\"lazy\" decoding=\"async\" width=\"1160\" height=\"387\" src=\"https:\/\/pipcke.fr\/idees-deco\/wp-content\/uploads\/2023\/11\/lancer-mon-projet-logo-pipcke-1160x387.png\" alt=\"banni\u00e8re lancer mon projet pipcke\" class=\"wp-image-8958\" srcset=\"https:\/\/pipcke.fr\/idees-deco\/wp-content\/uploads\/2023\/11\/lancer-mon-projet-logo-pipcke-1160x387.png 1160w, https:\/\/pipcke.fr\/idees-deco\/wp-content\/uploads\/2023\/11\/lancer-mon-projet-logo-pipcke-800x267.png 800w, https:\/\/pipcke.fr\/idees-deco\/wp-content\/uploads\/2023\/11\/lancer-mon-projet-logo-pipcke-120x40.png 120w, https:\/\/pipcke.fr\/idees-deco\/wp-content\/uploads\/2023\/11\/lancer-mon-projet-logo-pipcke-90x30.png 90w, https:\/\/pipcke.fr\/idees-deco\/wp-content\/uploads\/2023\/11\/lancer-mon-projet-logo-pipcke-320x107.png 320w, https:\/\/pipcke.fr\/idees-deco\/wp-content\/uploads\/2023\/11\/lancer-mon-projet-logo-pipcke-560x187.png 560w, https:\/\/pipcke.fr\/idees-deco\/wp-content\/uploads\/2023\/11\/lancer-mon-projet-logo-pipcke.png 1500w\" sizes=\"auto, (max-width: 1160px) 100vw, 1160px\" \/><\/a><\/figure>\n\n\n\n<ol class=\"wp-block-list\" start=\"15\">\n<li><strong>Choisissez des th\u00e8mes de cadres qui peuvent se m\u00e9langer<\/strong><\/li>\n<\/ol>\n\n\n\n<p>C\u2019est une id\u00e9e d\u00e9co pour l&rsquo;escalier assez d\u00e9licate et pas facile \u00e0 r\u00e9aliser, car elle demande beaucoup d\u2019exp\u00e9rience.<\/p>\n\n\n\n<p>Astuce : amusez-vous \u00e0 disposer vos cadres au sol avant de les accrocher directement aux murs.<\/p>\n\n\n\n<figure class=\"wp-block-image size-large\"><img loading=\"lazy\" decoding=\"async\" width=\"1160\" height=\"1160\" src=\"https:\/\/pipcke.fr\/idees-deco\/wp-content\/uploads\/2024\/11\/deco-escalier-galerie-dart-1160x1160.jpg\" alt=\"D\u00e9coration murale d'une \u0153uvre d'art aux couleurs pastel et garde-corps en bois.\" class=\"wp-image-16316\" srcset=\"https:\/\/pipcke.fr\/idees-deco\/wp-content\/uploads\/2024\/11\/deco-escalier-galerie-dart-1160x1160.jpg 1160w, https:\/\/pipcke.fr\/idees-deco\/wp-content\/uploads\/2024\/11\/deco-escalier-galerie-dart-800x800.jpg 800w, https:\/\/pipcke.fr\/idees-deco\/wp-content\/uploads\/2024\/11\/deco-escalier-galerie-dart-1536x1536.jpg 1536w, https:\/\/pipcke.fr\/idees-deco\/wp-content\/uploads\/2024\/11\/deco-escalier-galerie-dart-2048x2048.jpg 2048w, https:\/\/pipcke.fr\/idees-deco\/wp-content\/uploads\/2024\/11\/deco-escalier-galerie-dart-80x80.jpg 80w, https:\/\/pipcke.fr\/idees-deco\/wp-content\/uploads\/2024\/11\/deco-escalier-galerie-dart-120x120.jpg 120w, https:\/\/pipcke.fr\/idees-deco\/wp-content\/uploads\/2024\/11\/deco-escalier-galerie-dart-90x90.jpg 90w, https:\/\/pipcke.fr\/idees-deco\/wp-content\/uploads\/2024\/11\/deco-escalier-galerie-dart-320x320.jpg 320w, https:\/\/pipcke.fr\/idees-deco\/wp-content\/uploads\/2024\/11\/deco-escalier-galerie-dart-560x560.jpg 560w, https:\/\/pipcke.fr\/idees-deco\/wp-content\/uploads\/2024\/11\/deco-escalier-galerie-dart-1920x1920.jpg 1920w, https:\/\/pipcke.fr\/idees-deco\/wp-content\/uploads\/2024\/11\/deco-escalier-galerie-dart-scaled.jpg 2560w\" sizes=\"auto, (max-width: 1160px) 100vw, 1160px\" \/><\/figure>\n\n\n\n<p>Cr\u00e9ez chez vous une galerie d\u2019art qui apporte une touche accueillante et chaleureuse \u00e0 votre int\u00e9rieur.<\/p>\n\n\n\n<ol class=\"wp-block-list\" start=\"16\">\n<li><strong>Ajoutez votre touche personnelle avec un mur de photos : mettez vos propres photos ou achetez-en<\/strong><\/li>\n<\/ol>\n\n\n\n<p>Soyez vigilant et assurez-vous que cela soit \u00e9l\u00e9gant.<\/p>\n\n\n\n<figure class=\"wp-block-image size-large\"><img loading=\"lazy\" decoding=\"async\" width=\"1160\" height=\"928\" src=\"https:\/\/pipcke.fr\/idees-deco\/wp-content\/uploads\/2024\/11\/deco-escalier-murs-oeuvre-dart-1160x928.jpg\" alt=\"D\u00e9coration murale et photos en parfaite harmonie.\" class=\"wp-image-16319\" srcset=\"https:\/\/pipcke.fr\/idees-deco\/wp-content\/uploads\/2024\/11\/deco-escalier-murs-oeuvre-dart-1160x928.jpg 1160w, https:\/\/pipcke.fr\/idees-deco\/wp-content\/uploads\/2024\/11\/deco-escalier-murs-oeuvre-dart-800x640.jpg 800w, https:\/\/pipcke.fr\/idees-deco\/wp-content\/uploads\/2024\/11\/deco-escalier-murs-oeuvre-dart-1536x1229.jpg 1536w, https:\/\/pipcke.fr\/idees-deco\/wp-content\/uploads\/2024\/11\/deco-escalier-murs-oeuvre-dart-2048x1638.jpg 2048w, https:\/\/pipcke.fr\/idees-deco\/wp-content\/uploads\/2024\/11\/deco-escalier-murs-oeuvre-dart-120x96.jpg 120w, https:\/\/pipcke.fr\/idees-deco\/wp-content\/uploads\/2024\/11\/deco-escalier-murs-oeuvre-dart-90x72.jpg 90w, https:\/\/pipcke.fr\/idees-deco\/wp-content\/uploads\/2024\/11\/deco-escalier-murs-oeuvre-dart-320x256.jpg 320w, https:\/\/pipcke.fr\/idees-deco\/wp-content\/uploads\/2024\/11\/deco-escalier-murs-oeuvre-dart-560x448.jpg 560w, https:\/\/pipcke.fr\/idees-deco\/wp-content\/uploads\/2024\/11\/deco-escalier-murs-oeuvre-dart-1920x1536.jpg 1920w, https:\/\/pipcke.fr\/idees-deco\/wp-content\/uploads\/2024\/11\/deco-escalier-murs-oeuvre-dart-scaled.jpg 2560w\" sizes=\"auto, (max-width: 1160px) 100vw, 1160px\" \/><\/figure>\n\n\n\n<ol class=\"wp-block-list\" start=\"17\">\n<li><strong>Utilisez des stickers aux murs pour donner un c\u00f4t\u00e9 bobo chic\u202f; en m\u00eame temps, c\u2019est facile \u00e0 poser<\/strong><\/li>\n<\/ol>\n\n\n\n<figure class=\"wp-block-image size-large\"><a href=\"https:\/\/www.pinterest.com\/\"><img loading=\"lazy\" decoding=\"async\" width=\"1160\" height=\"773\" src=\"https:\/\/pipcke.fr\/idees-deco\/wp-content\/uploads\/2024\/11\/deco-escalier-steackers-1160x773.jpg\" alt=\"Des stickers en trois dimensions, ambiance oc\u00e9an.\" class=\"wp-image-16321\" srcset=\"https:\/\/pipcke.fr\/idees-deco\/wp-content\/uploads\/2024\/11\/deco-escalier-steackers-1160x773.jpg 1160w, https:\/\/pipcke.fr\/idees-deco\/wp-content\/uploads\/2024\/11\/deco-escalier-steackers-800x533.jpg 800w, https:\/\/pipcke.fr\/idees-deco\/wp-content\/uploads\/2024\/11\/deco-escalier-steackers-1536x1024.jpg 1536w, https:\/\/pipcke.fr\/idees-deco\/wp-content\/uploads\/2024\/11\/deco-escalier-steackers-2048x1365.jpg 2048w, https:\/\/pipcke.fr\/idees-deco\/wp-content\/uploads\/2024\/11\/deco-escalier-steackers-120x80.jpg 120w, https:\/\/pipcke.fr\/idees-deco\/wp-content\/uploads\/2024\/11\/deco-escalier-steackers-90x60.jpg 90w, https:\/\/pipcke.fr\/idees-deco\/wp-content\/uploads\/2024\/11\/deco-escalier-steackers-320x213.jpg 320w, https:\/\/pipcke.fr\/idees-deco\/wp-content\/uploads\/2024\/11\/deco-escalier-steackers-560x373.jpg 560w, https:\/\/pipcke.fr\/idees-deco\/wp-content\/uploads\/2024\/11\/deco-escalier-steackers-1920x1280.jpg 1920w, https:\/\/pipcke.fr\/idees-deco\/wp-content\/uploads\/2024\/11\/deco-escalier-steackers-scaled.jpg 2560w\" sizes=\"auto, (max-width: 1160px) 100vw, 1160px\" \/><\/a><\/figure>\n\n\n\n<p>Stickers pos\u00e9s au mur, trois dimensions.<\/p>\n\n\n\n<p>L&rsquo;escalier, souvent sous-estim\u00e9, peut devenir un atout majeur de votre d\u00e9coration int\u00e9rieure.<\/p>\n\n\n\n<p>En utilisant nos 17 id\u00e9es <strong>d\u00e9co escalier<\/strong>, vous pouvez le transformer en un espace accueillant et esth\u00e9tique qui refl\u00e8te votre style.<\/p>\n\n\n\n<p>Que ce soit par des couleurs audacieuses, des \u00e9clairages cr\u00e9atifs ou des \u00e9l\u00e9ments d\u00e9coratifs, chaque d\u00e9tail contribue \u00e0 cr\u00e9er une ambiance chaleureuse.<\/p>\n\n\n\n<p>Offrez \u00e0 votre escalier l&rsquo;attention qu&rsquo;il m\u00e9rite et laissez-le sublimer votre int\u00e9rieur !<\/p>\n\n\n\n<p>D\u00e9couvrez <a href=\"https:\/\/pipcke.fr\/idees-deco\/inspirations-deco\/decoration-noel-originale\/\">ici<\/a> des id\u00e9es de d\u00e9coration de No\u00ebl originales et cr\u00e9atives pour sublimer vos f\u00eates cette ann\u00e9e !<\/p>\n","protected":false},"excerpt":{"rendered":"<p>Comment d\u00e9corer son escalier\u202f? Pensez d\u2019abord \u00e0 son emplacement et \u00e0 sa forme. Nos 17 id\u00e9es d\u00e9co escalier offrent des solutions d\u00e9coratives.<\/p>\n","protected":false},"author":18,"featured_media":16318,"comment_status":"closed","ping_status":"closed","sticky":false,"template":"","format":"standard","meta":{"inline_featured_image":false,"footnotes":""},"categories":[27],"tags":[162,64,84,28,147,148,95,35,42,68,65,67],"powerkit_post_featured":[2,7,4,5,9],"class_list":{"0":"post-16298","1":"post","2":"type-post","3":"status-publish","4":"format-standard","5":"has-post-thumbnail","7":"category-inspirations-deco","8":"tag-conseils-deco","9":"tag-couleurs","10":"tag-deco","11":"tag-decoration","12":"tag-idees-deco","13":"tag-inspirations-deco","14":"tag-luminaire","15":"tag-mobilier","16":"tag-moderne","17":"tag-papier-peint","18":"tag-peinture","19":"tag-peinture-papier-peint"},"yoast_head":"<!-- This site is optimized with the Yoast SEO Premium plugin v22.3 (Yoast SEO v27.9) - https:\/\/yoast.com\/product\/yoast-seo-premium-wordpress\/ -->\n<title>\u00a017 id\u00e9es d\u00e9co escalier qui donnent envie de monter \u00e0 l\u2019\u00e9tage<\/title>\n<meta name=\"description\" content=\"Comment d\u00e9corer son escalier\u202f? Pensez d\u2019abord \u00e0 son emplacement et \u00e0 sa forme. Nos 17 id\u00e9es d\u00e9co escalier offrent des solutions d\u00e9coratives.\" \/>\n<meta name=\"robots\" content=\"index, follow, max-snippet:-1, max-image-preview:large, max-video-preview:-1\" \/>\n<link rel=\"canonical\" href=\"https:\/\/pipcke.fr\/idees-deco\/inspirations-deco\/deco-escalier\/\" \/>\n<meta property=\"og:locale\" content=\"fr_FR\" \/>\n<meta property=\"og:type\" content=\"article\" \/>\n<meta property=\"og:title\" content=\"17 id\u00e9es d\u00e9co escalier qui donnent envie de monter \u00e0 l\u2019\u00e9tage\" \/>\n<meta property=\"og:description\" content=\"Comment d\u00e9corer son escalier\u202f? Pensez d\u2019abord \u00e0 son emplacement et \u00e0 sa forme. Nos 17 id\u00e9es d\u00e9co escalier offrent des solutions d\u00e9coratives.\" \/>\n<meta property=\"og:url\" content=\"https:\/\/pipcke.fr\/idees-deco\/inspirations-deco\/deco-escalier\/\" \/>\n<meta property=\"og:site_name\" content=\"Pipcke\" \/>\n<meta property=\"article:publisher\" content=\"https:\/\/www.facebook.com\/Pipcke\" \/>\n<meta property=\"article:published_time\" content=\"2024-11-10T22:32:39+00:00\" \/>\n<meta property=\"article:modified_time\" content=\"2024-11-10T22:33:58+00:00\" \/>\n<meta property=\"og:image\" content=\"https:\/\/pipcke.fr\/idees-deco\/wp-content\/uploads\/2024\/11\/deco-escalier-noir-blan-mirroir-scaled.jpg\" \/>\n\t<meta property=\"og:image:width\" content=\"2560\" \/>\n\t<meta property=\"og:image:height\" content=\"1463\" \/>\n\t<meta property=\"og:image:type\" content=\"image\/jpeg\" \/>\n<meta name=\"author\" content=\"Fatina Sleiman\" \/>\n<meta name=\"twitter:card\" content=\"summary_large_image\" \/>\n<meta name=\"twitter:title\" content=\"\u00a017 id\u00e9es d\u00e9co escalier qui donnent envie de monter \u00e0 l\u2019\u00e9tage\" \/>\n<meta name=\"twitter:description\" content=\"Comment d\u00e9corer son escalier\u202f? Pensez d\u2019abord \u00e0 son emplacement et \u00e0 sa forme. Nos 17 id\u00e9es d\u00e9co escalier offrent des solutions d\u00e9coratives.\" \/>\n<meta name=\"twitter:creator\" content=\"@pipcke\" \/>\n<meta name=\"twitter:site\" content=\"@pipcke\" \/>\n<meta name=\"twitter:label1\" content=\"\u00c9crit par\" \/>\n\t<meta name=\"twitter:data1\" content=\"Fatina Sleiman\" \/>\n\t<meta name=\"twitter:label2\" content=\"Dur\u00e9e de lecture estim\u00e9e\" \/>\n\t<meta name=\"twitter:data2\" content=\"1 minute\" \/>\n<script type=\"application\/ld+json\" class=\"yoast-schema-graph\">{\"@context\":\"https:\\\/\\\/schema.org\",\"@graph\":[{\"@type\":[\"Article\",\"BlogPosting\"],\"@id\":\"https:\\\/\\\/pipcke.fr\\\/idees-deco\\\/inspirations-deco\\\/deco-escalier\\\/#article\",\"isPartOf\":{\"@id\":\"https:\\\/\\\/pipcke.fr\\\/idees-deco\\\/inspirations-deco\\\/deco-escalier\\\/\"},\"author\":{\"name\":\"Fatina Sleiman\",\"@id\":\"https:\\\/\\\/pipcke.fr\\\/idees-deco\\\/#\\\/schema\\\/person\\\/8b5506de5e3c01d4bdf4d6eec0847e64\"},\"headline\":\"\u00a017 id\u00e9es d\u00e9co escalier qui donnent envie de monter \u00e0 l\u2019\u00e9tage\",\"datePublished\":\"2024-11-10T22:32:39+00:00\",\"dateModified\":\"2024-11-10T22:33:58+00:00\",\"mainEntityOfPage\":{\"@id\":\"https:\\\/\\\/pipcke.fr\\\/idees-deco\\\/inspirations-deco\\\/deco-escalier\\\/\"},\"wordCount\":872,\"publisher\":{\"@id\":\"https:\\\/\\\/pipcke.fr\\\/idees-deco\\\/#organization\"},\"image\":{\"@id\":\"https:\\\/\\\/pipcke.fr\\\/idees-deco\\\/inspirations-deco\\\/deco-escalier\\\/#primaryimage\"},\"thumbnailUrl\":\"https:\\\/\\\/pipcke.fr\\\/idees-deco\\\/wp-content\\\/uploads\\\/2024\\\/11\\\/deco-escalier-noir-blan-mirroir-scaled.jpg\",\"keywords\":[\"conseils d\u00e9co\",\"Couleurs\",\"d\u00e9co\",\"D\u00e9coration\",\"Id\u00e9es d\u00e9co\",\"Inspirations d\u00e9co\",\"Luminaire\",\"Mobilier\",\"Moderne\",\"Papier peint\",\"Peinture\",\"Peinture &amp; papier peint\"],\"articleSection\":[\"Inspirations d\u00e9co\"],\"inLanguage\":\"fr-FR\"},{\"@type\":\"WebPage\",\"@id\":\"https:\\\/\\\/pipcke.fr\\\/idees-deco\\\/inspirations-deco\\\/deco-escalier\\\/\",\"url\":\"https:\\\/\\\/pipcke.fr\\\/idees-deco\\\/inspirations-deco\\\/deco-escalier\\\/\",\"name\":\"\u00a017 id\u00e9es d\u00e9co escalier qui donnent envie de monter \u00e0 l\u2019\u00e9tage\",\"isPartOf\":{\"@id\":\"https:\\\/\\\/pipcke.fr\\\/idees-deco\\\/#website\"},\"primaryImageOfPage\":{\"@id\":\"https:\\\/\\\/pipcke.fr\\\/idees-deco\\\/inspirations-deco\\\/deco-escalier\\\/#primaryimage\"},\"image\":{\"@id\":\"https:\\\/\\\/pipcke.fr\\\/idees-deco\\\/inspirations-deco\\\/deco-escalier\\\/#primaryimage\"},\"thumbnailUrl\":\"https:\\\/\\\/pipcke.fr\\\/idees-deco\\\/wp-content\\\/uploads\\\/2024\\\/11\\\/deco-escalier-noir-blan-mirroir-scaled.jpg\",\"datePublished\":\"2024-11-10T22:32:39+00:00\",\"dateModified\":\"2024-11-10T22:33:58+00:00\",\"description\":\"Comment d\u00e9corer son escalier\u202f? Pensez d\u2019abord \u00e0 son emplacement et \u00e0 sa forme. Nos 17 id\u00e9es d\u00e9co escalier offrent des solutions d\u00e9coratives.\",\"breadcrumb\":{\"@id\":\"https:\\\/\\\/pipcke.fr\\\/idees-deco\\\/inspirations-deco\\\/deco-escalier\\\/#breadcrumb\"},\"inLanguage\":\"fr-FR\",\"potentialAction\":[{\"@type\":\"ReadAction\",\"target\":[\"https:\\\/\\\/pipcke.fr\\\/idees-deco\\\/inspirations-deco\\\/deco-escalier\\\/\"]}]},{\"@type\":\"ImageObject\",\"inLanguage\":\"fr-FR\",\"@id\":\"https:\\\/\\\/pipcke.fr\\\/idees-deco\\\/inspirations-deco\\\/deco-escalier\\\/#primaryimage\",\"url\":\"https:\\\/\\\/pipcke.fr\\\/idees-deco\\\/wp-content\\\/uploads\\\/2024\\\/11\\\/deco-escalier-noir-blan-mirroir-scaled.jpg\",\"contentUrl\":\"https:\\\/\\\/pipcke.fr\\\/idees-deco\\\/wp-content\\\/uploads\\\/2024\\\/11\\\/deco-escalier-noir-blan-mirroir-scaled.jpg\",\"width\":2560,\"height\":1463,\"caption\":\"Entr\u00e9e moderne avec un grand miroir rond dor\u00e9, une console noire et des accents dor\u00e9s.\"},{\"@type\":\"BreadcrumbList\",\"@id\":\"https:\\\/\\\/pipcke.fr\\\/idees-deco\\\/inspirations-deco\\\/deco-escalier\\\/#breadcrumb\",\"itemListElement\":[{\"@type\":\"ListItem\",\"position\":1,\"name\":\"Accueil\",\"item\":\"https:\\\/\\\/pipcke.fr\\\/idees-deco\\\/\"},{\"@type\":\"ListItem\",\"position\":2,\"name\":\"Inspirations d\u00e9co\",\"item\":\"https:\\\/\\\/pipcke.fr\\\/idees-deco\\\/.\\\/inspirations-deco\\\/\"},{\"@type\":\"ListItem\",\"position\":3,\"name\":\"\u00a017 id\u00e9es d\u00e9co escalier qui donnent envie de monter \u00e0 l\u2019\u00e9tage\"}]},{\"@type\":\"WebSite\",\"@id\":\"https:\\\/\\\/pipcke.fr\\\/idees-deco\\\/#website\",\"url\":\"https:\\\/\\\/pipcke.fr\\\/idees-deco\\\/\",\"name\":\"Pipcke\",\"description\":\"Id\u00e9es, conseils et inspirations d\u00e9co\",\"publisher\":{\"@id\":\"https:\\\/\\\/pipcke.fr\\\/idees-deco\\\/#organization\"},\"potentialAction\":[{\"@type\":\"SearchAction\",\"target\":{\"@type\":\"EntryPoint\",\"urlTemplate\":\"https:\\\/\\\/pipcke.fr\\\/idees-deco\\\/?s={search_term_string}\"},\"query-input\":{\"@type\":\"PropertyValueSpecification\",\"valueRequired\":true,\"valueName\":\"search_term_string\"}}],\"inLanguage\":\"fr-FR\"},{\"@type\":\"Organization\",\"@id\":\"https:\\\/\\\/pipcke.fr\\\/idees-deco\\\/#organization\",\"name\":\"PIPCKE\",\"alternateName\":\"PIPCKE\",\"url\":\"https:\\\/\\\/pipcke.fr\\\/idees-deco\\\/\",\"logo\":{\"@type\":\"ImageObject\",\"inLanguage\":\"fr-FR\",\"@id\":\"https:\\\/\\\/pipcke.fr\\\/idees-deco\\\/#\\\/schema\\\/logo\\\/image\\\/\",\"url\":\"https:\\\/\\\/pipcke.fr\\\/idees-deco\\\/wp-content\\\/uploads\\\/2020\\\/12\\\/logo-black.svg\",\"contentUrl\":\"https:\\\/\\\/pipcke.fr\\\/idees-deco\\\/wp-content\\\/uploads\\\/2020\\\/12\\\/logo-black.svg\",\"width\":524,\"height\":140,\"caption\":\"PIPCKE\"},\"image\":{\"@id\":\"https:\\\/\\\/pipcke.fr\\\/idees-deco\\\/#\\\/schema\\\/logo\\\/image\\\/\"},\"sameAs\":[\"https:\\\/\\\/www.facebook.com\\\/Pipcke\",\"https:\\\/\\\/x.com\\\/pipcke\",\"https:\\\/\\\/www.instagram.com\\\/pipcke.fr\\\/\",\"https:\\\/\\\/www.linkedin.com\\\/company\\\/pipcke\",\"https:\\\/\\\/www.pinterest.fr\\\/PIPCKE\\\/_created\\\/\",\"https:\\\/\\\/www.youtube.com\\\/channel\\\/UCaYnny5Q4k6HN1s3zr1Gazw\"],\"email\":\"hello@pipcke.fr\",\"telephone\":\"0184802084\",\"legalName\":\"Pipcke\"},{\"@type\":\"Person\",\"@id\":\"https:\\\/\\\/pipcke.fr\\\/idees-deco\\\/#\\\/schema\\\/person\\\/8b5506de5e3c01d4bdf4d6eec0847e64\",\"name\":\"Fatina Sleiman\",\"image\":{\"@type\":\"ImageObject\",\"inLanguage\":\"fr-FR\",\"@id\":\"https:\\\/\\\/secure.gravatar.com\\\/avatar\\\/33adce8ac61f425fd715619b70468232eba35ea2a75e2245c576d75661f4f516?s=96&d=mm&r=g\",\"url\":\"https:\\\/\\\/secure.gravatar.com\\\/avatar\\\/33adce8ac61f425fd715619b70468232eba35ea2a75e2245c576d75661f4f516?s=96&d=mm&r=g\",\"contentUrl\":\"https:\\\/\\\/secure.gravatar.com\\\/avatar\\\/33adce8ac61f425fd715619b70468232eba35ea2a75e2245c576d75661f4f516?s=96&d=mm&r=g\",\"caption\":\"Fatina Sleiman\"},\"description\":\"Fatina est la r\u00e9dactrice sp\u00e9cialis\u00e9e de Pipcke pour toutes les th\u00e9matiques li\u00e9es \u00e0 la couleur, aux peintures et \u00e0 la perception visuelle de l\u2019habitat. Son travail d\u2019analyse se concentre sur la mani\u00e8re dont les teintes, les contrastes et les finitions influencent les volumes et l'atmosph\u00e8re d'un int\u00e9rieur. \u00c0 travers ses articles et guides pratiques, Fatina d\u00e9crypte comment la peinture s'impose comme un v\u00e9ritable levier d'agencement : La correction des volumes et des perspectives : agrandir visuellement un couloir \u00e9troit, \u00e9lever un plafond ou structurer une pi\u00e8ce de vie par la couleur. L'art du mur d'accent et des associations : choisir le bon mur \u00e0 peindre dans une chambre, un salon ou une cuisine et marier deux couleurs sans encombrer le regard. La r\u00e9novation et la revalorisation : s\u00e9lectionner les meilleures teintes pour repeindre et moderniser du mobilier en bois ou des \u00e9l\u00e9ments architecturaux. Son objectif \u00e0 travers chaque guide est de fournir aux lecteurs des conseils clairs, techniques et imm\u00e9diatement applicables pour transformer leurs espaces en jouant simplement sur la lumi\u00e8re et les harmonies chromatiques.\",\"url\":\"https:\\\/\\\/pipcke.fr\\\/idees-deco\\\/auteur\\\/fatina-sleiman\\\/\"}]}<\/script>\n<!-- \/ Yoast SEO Premium plugin. -->","yoast_head_json":{"title":"\u00a017 id\u00e9es d\u00e9co escalier qui donnent envie de monter \u00e0 l\u2019\u00e9tage","description":"Comment d\u00e9corer son escalier\u202f? Pensez d\u2019abord \u00e0 son emplacement et \u00e0 sa forme. Nos 17 id\u00e9es d\u00e9co escalier offrent des solutions d\u00e9coratives.","robots":{"index":"index","follow":"follow","max-snippet":"max-snippet:-1","max-image-preview":"max-image-preview:large","max-video-preview":"max-video-preview:-1"},"canonical":"https:\/\/pipcke.fr\/idees-deco\/inspirations-deco\/deco-escalier\/","og_locale":"fr_FR","og_type":"article","og_title":"17 id\u00e9es d\u00e9co escalier qui donnent envie de monter \u00e0 l\u2019\u00e9tage","og_description":"Comment d\u00e9corer son escalier\u202f? Pensez d\u2019abord \u00e0 son emplacement et \u00e0 sa forme. Nos 17 id\u00e9es d\u00e9co escalier offrent des solutions d\u00e9coratives.","og_url":"https:\/\/pipcke.fr\/idees-deco\/inspirations-deco\/deco-escalier\/","og_site_name":"Pipcke","article_publisher":"https:\/\/www.facebook.com\/Pipcke","article_published_time":"2024-11-10T22:32:39+00:00","article_modified_time":"2024-11-10T22:33:58+00:00","og_image":[{"width":2560,"height":1463,"url":"https:\/\/pipcke.fr\/idees-deco\/wp-content\/uploads\/2024\/11\/deco-escalier-noir-blan-mirroir-scaled.jpg","type":"image\/jpeg"}],"author":"Fatina Sleiman","twitter_card":"summary_large_image","twitter_title":"\u00a017 id\u00e9es d\u00e9co escalier qui donnent envie de monter \u00e0 l\u2019\u00e9tage","twitter_description":"Comment d\u00e9corer son escalier\u202f? Pensez d\u2019abord \u00e0 son emplacement et \u00e0 sa forme. Nos 17 id\u00e9es d\u00e9co escalier offrent des solutions d\u00e9coratives.","twitter_creator":"@pipcke","twitter_site":"@pipcke","twitter_misc":{"\u00c9crit par":"Fatina Sleiman","Dur\u00e9e de lecture estim\u00e9e":"1 minute"},"schema":{"@context":"https:\/\/schema.org","@graph":[{"@type":["Article","BlogPosting"],"@id":"https:\/\/pipcke.fr\/idees-deco\/inspirations-deco\/deco-escalier\/#article","isPartOf":{"@id":"https:\/\/pipcke.fr\/idees-deco\/inspirations-deco\/deco-escalier\/"},"author":{"name":"Fatina Sleiman","@id":"https:\/\/pipcke.fr\/idees-deco\/#\/schema\/person\/8b5506de5e3c01d4bdf4d6eec0847e64"},"headline":"\u00a017 id\u00e9es d\u00e9co escalier qui donnent envie de monter \u00e0 l\u2019\u00e9tage","datePublished":"2024-11-10T22:32:39+00:00","dateModified":"2024-11-10T22:33:58+00:00","mainEntityOfPage":{"@id":"https:\/\/pipcke.fr\/idees-deco\/inspirations-deco\/deco-escalier\/"},"wordCount":872,"publisher":{"@id":"https:\/\/pipcke.fr\/idees-deco\/#organization"},"image":{"@id":"https:\/\/pipcke.fr\/idees-deco\/inspirations-deco\/deco-escalier\/#primaryimage"},"thumbnailUrl":"https:\/\/pipcke.fr\/idees-deco\/wp-content\/uploads\/2024\/11\/deco-escalier-noir-blan-mirroir-scaled.jpg","keywords":["conseils d\u00e9co","Couleurs","d\u00e9co","D\u00e9coration","Id\u00e9es d\u00e9co","Inspirations d\u00e9co","Luminaire","Mobilier","Moderne","Papier peint","Peinture","Peinture &amp; papier peint"],"articleSection":["Inspirations d\u00e9co"],"inLanguage":"fr-FR"},{"@type":"WebPage","@id":"https:\/\/pipcke.fr\/idees-deco\/inspirations-deco\/deco-escalier\/","url":"https:\/\/pipcke.fr\/idees-deco\/inspirations-deco\/deco-escalier\/","name":"\u00a017 id\u00e9es d\u00e9co escalier qui donnent envie de monter \u00e0 l\u2019\u00e9tage","isPartOf":{"@id":"https:\/\/pipcke.fr\/idees-deco\/#website"},"primaryImageOfPage":{"@id":"https:\/\/pipcke.fr\/idees-deco\/inspirations-deco\/deco-escalier\/#primaryimage"},"image":{"@id":"https:\/\/pipcke.fr\/idees-deco\/inspirations-deco\/deco-escalier\/#primaryimage"},"thumbnailUrl":"https:\/\/pipcke.fr\/idees-deco\/wp-content\/uploads\/2024\/11\/deco-escalier-noir-blan-mirroir-scaled.jpg","datePublished":"2024-11-10T22:32:39+00:00","dateModified":"2024-11-10T22:33:58+00:00","description":"Comment d\u00e9corer son escalier\u202f? Pensez d\u2019abord \u00e0 son emplacement et \u00e0 sa forme. Nos 17 id\u00e9es d\u00e9co escalier offrent des solutions d\u00e9coratives.","breadcrumb":{"@id":"https:\/\/pipcke.fr\/idees-deco\/inspirations-deco\/deco-escalier\/#breadcrumb"},"inLanguage":"fr-FR","potentialAction":[{"@type":"ReadAction","target":["https:\/\/pipcke.fr\/idees-deco\/inspirations-deco\/deco-escalier\/"]}]},{"@type":"ImageObject","inLanguage":"fr-FR","@id":"https:\/\/pipcke.fr\/idees-deco\/inspirations-deco\/deco-escalier\/#primaryimage","url":"https:\/\/pipcke.fr\/idees-deco\/wp-content\/uploads\/2024\/11\/deco-escalier-noir-blan-mirroir-scaled.jpg","contentUrl":"https:\/\/pipcke.fr\/idees-deco\/wp-content\/uploads\/2024\/11\/deco-escalier-noir-blan-mirroir-scaled.jpg","width":2560,"height":1463,"caption":"Entr\u00e9e moderne avec un grand miroir rond dor\u00e9, une console noire et des accents dor\u00e9s."},{"@type":"BreadcrumbList","@id":"https:\/\/pipcke.fr\/idees-deco\/inspirations-deco\/deco-escalier\/#breadcrumb","itemListElement":[{"@type":"ListItem","position":1,"name":"Accueil","item":"https:\/\/pipcke.fr\/idees-deco\/"},{"@type":"ListItem","position":2,"name":"Inspirations d\u00e9co","item":"https:\/\/pipcke.fr\/idees-deco\/.\/inspirations-deco\/"},{"@type":"ListItem","position":3,"name":"\u00a017 id\u00e9es d\u00e9co escalier qui donnent envie de monter \u00e0 l\u2019\u00e9tage"}]},{"@type":"WebSite","@id":"https:\/\/pipcke.fr\/idees-deco\/#website","url":"https:\/\/pipcke.fr\/idees-deco\/","name":"Pipcke","description":"Id\u00e9es, conseils et inspirations d\u00e9co","publisher":{"@id":"https:\/\/pipcke.fr\/idees-deco\/#organization"},"potentialAction":[{"@type":"SearchAction","target":{"@type":"EntryPoint","urlTemplate":"https:\/\/pipcke.fr\/idees-deco\/?s={search_term_string}"},"query-input":{"@type":"PropertyValueSpecification","valueRequired":true,"valueName":"search_term_string"}}],"inLanguage":"fr-FR"},{"@type":"Organization","@id":"https:\/\/pipcke.fr\/idees-deco\/#organization","name":"PIPCKE","alternateName":"PIPCKE","url":"https:\/\/pipcke.fr\/idees-deco\/","logo":{"@type":"ImageObject","inLanguage":"fr-FR","@id":"https:\/\/pipcke.fr\/idees-deco\/#\/schema\/logo\/image\/","url":"https:\/\/pipcke.fr\/idees-deco\/wp-content\/uploads\/2020\/12\/logo-black.svg","contentUrl":"https:\/\/pipcke.fr\/idees-deco\/wp-content\/uploads\/2020\/12\/logo-black.svg","width":524,"height":140,"caption":"PIPCKE"},"image":{"@id":"https:\/\/pipcke.fr\/idees-deco\/#\/schema\/logo\/image\/"},"sameAs":["https:\/\/www.facebook.com\/Pipcke","https:\/\/x.com\/pipcke","https:\/\/www.instagram.com\/pipcke.fr\/","https:\/\/www.linkedin.com\/company\/pipcke","https:\/\/www.pinterest.fr\/PIPCKE\/_created\/","https:\/\/www.youtube.com\/channel\/UCaYnny5Q4k6HN1s3zr1Gazw"],"email":"hello@pipcke.fr","telephone":"0184802084","legalName":"Pipcke"},{"@type":"Person","@id":"https:\/\/pipcke.fr\/idees-deco\/#\/schema\/person\/8b5506de5e3c01d4bdf4d6eec0847e64","name":"Fatina Sleiman","image":{"@type":"ImageObject","inLanguage":"fr-FR","@id":"https:\/\/secure.gravatar.com\/avatar\/33adce8ac61f425fd715619b70468232eba35ea2a75e2245c576d75661f4f516?s=96&d=mm&r=g","url":"https:\/\/secure.gravatar.com\/avatar\/33adce8ac61f425fd715619b70468232eba35ea2a75e2245c576d75661f4f516?s=96&d=mm&r=g","contentUrl":"https:\/\/secure.gravatar.com\/avatar\/33adce8ac61f425fd715619b70468232eba35ea2a75e2245c576d75661f4f516?s=96&d=mm&r=g","caption":"Fatina Sleiman"},"description":"Fatina est la r\u00e9dactrice sp\u00e9cialis\u00e9e de Pipcke pour toutes les th\u00e9matiques li\u00e9es \u00e0 la couleur, aux peintures et \u00e0 la perception visuelle de l\u2019habitat. Son travail d\u2019analyse se concentre sur la mani\u00e8re dont les teintes, les contrastes et les finitions influencent les volumes et l'atmosph\u00e8re d'un int\u00e9rieur. \u00c0 travers ses articles et guides pratiques, Fatina d\u00e9crypte comment la peinture s'impose comme un v\u00e9ritable levier d'agencement : La correction des volumes et des perspectives : agrandir visuellement un couloir \u00e9troit, \u00e9lever un plafond ou structurer une pi\u00e8ce de vie par la couleur. L'art du mur d'accent et des associations : choisir le bon mur \u00e0 peindre dans une chambre, un salon ou une cuisine et marier deux couleurs sans encombrer le regard. La r\u00e9novation et la revalorisation : s\u00e9lectionner les meilleures teintes pour repeindre et moderniser du mobilier en bois ou des \u00e9l\u00e9ments architecturaux. Son objectif \u00e0 travers chaque guide est de fournir aux lecteurs des conseils clairs, techniques et imm\u00e9diatement applicables pour transformer leurs espaces en jouant simplement sur la lumi\u00e8re et les harmonies chromatiques.","url":"https:\/\/pipcke.fr\/idees-deco\/auteur\/fatina-sleiman\/"}]}},"_links":{"self":[{"href":"https:\/\/pipcke.fr\/idees-deco\/wp-json\/wp\/v2\/posts\/16298","targetHints":{"allow":["GET"]}}],"collection":[{"href":"https:\/\/pipcke.fr\/idees-deco\/wp-json\/wp\/v2\/posts"}],"about":[{"href":"https:\/\/pipcke.fr\/idees-deco\/wp-json\/wp\/v2\/types\/post"}],"author":[{"embeddable":true,"href":"https:\/\/pipcke.fr\/idees-deco\/wp-json\/wp\/v2\/users\/18"}],"replies":[{"embeddable":true,"href":"https:\/\/pipcke.fr\/idees-deco\/wp-json\/wp\/v2\/comments?post=16298"}],"version-history":[{"count":18,"href":"https:\/\/pipcke.fr\/idees-deco\/wp-json\/wp\/v2\/posts\/16298\/revisions"}],"predecessor-version":[{"id":16384,"href":"https:\/\/pipcke.fr\/idees-deco\/wp-json\/wp\/v2\/posts\/16298\/revisions\/16384"}],"wp:featuredmedia":[{"embeddable":true,"href":"https:\/\/pipcke.fr\/idees-deco\/wp-json\/wp\/v2\/media\/16318"}],"wp:attachment":[{"href":"https:\/\/pipcke.fr\/idees-deco\/wp-json\/wp\/v2\/media?parent=16298"}],"wp:term":[{"taxonomy":"category","embeddable":true,"href":"https:\/\/pipcke.fr\/idees-deco\/wp-json\/wp\/v2\/categories?post=16298"},{"taxonomy":"post_tag","embeddable":true,"href":"https:\/\/pipcke.fr\/idees-deco\/wp-json\/wp\/v2\/tags?post=16298"},{"taxonomy":"powerkit_post_featured","embeddable":true,"href":"https:\/\/pipcke.fr\/idees-deco\/wp-json\/wp\/v2\/powerkit_post_featured?post=16298"}],"curies":[{"name":"wp","href":"https:\/\/api.w.org\/{rel}","templated":true}]}}