{"id":15920,"date":"2024-10-24T13:17:00","date_gmt":"2024-10-24T11:17:00","guid":{"rendered":"https:\/\/pipcke.fr\/idees-deco\/?p=15920"},"modified":"2024-10-24T13:20:22","modified_gmt":"2024-10-24T11:20:22","slug":"idees-deco-salle-a-manger","status":"publish","type":"post","link":"https:\/\/pipcke.fr\/idees-deco\/inspirations-deco\/idees-deco-salle-a-manger\/","title":{"rendered":"23 id\u00e9es d\u00e9co salle \u00e0 manger \u00e0 adopter sans h\u00e9sitation"},"content":{"rendered":"<div id=\"bsf_rt_marker\"><\/div>\n<p>Voici 23 <strong>id\u00e9es d\u00e9co salle \u00e0 manger<\/strong> conviviale et chaleureuse.<\/p>\n\n\n\n<p>La d\u00e9coration est un moyen d\u2019expression, mais elle doit \u00eatre bien dos\u00e9e.<\/p>\n\n\n\n<p>Am\u00e9nager une salle \u00e0 manger peut devenir un casse-t\u00eate si l\u2019on ne conna\u00eet pas les grandes r\u00e8gles.<\/p>\n\n\n\n<p>Laissez-vous inspirer et transformez <a href=\"https:\/\/pipcke.fr\/nouveau-projet\" target=\"_blank\" rel=\"noreferrer noopener\">votre espace<\/a> d\u00e8s aujourd&rsquo;hui.<\/p>\n\n\n\n<h2 class=\"wp-block-heading\" id=\"h-cuisine-ou-salon-choix-de-l-espace\"><span id=\"cuisine-ou-salon-choix-de-lespace\">Cuisine ou salon : choix de l\u2019espace<\/span><\/h2>\n\n\n\n<p>La salle \u00e0 manger n\u2019est pas une mince affaire, c\u2019est un espace o\u00f9 l\u2019on aime recevoir famille et amis\u202f; elle doit donc \u00eatre confortable.<\/p>\n\n\n\n<p>La premi\u00e8re question \u00e0 se poser est : o\u00f9 cr\u00e9er sa salle \u00e0 manger ?<\/p>\n\n\n\n<p>Si vous avez des enfants, deux possibilit\u00e9s s\u2019offrent \u00e0 vous :<\/p>\n\n\n\n<ol class=\"wp-block-list\">\n<li><strong>Cr\u00e9ez-la dans votre cuisine et optez pour une table r\u00e9sistante qui permettra d\u2019accueillir vos enfants pour faire leurs devoirs, de la peinture, etc.<\/strong><\/li>\n<\/ol>\n\n\n\n<figure class=\"wp-block-image size-large\"><img loading=\"lazy\" decoding=\"async\" width=\"1160\" height=\"1527\" src=\"https:\/\/pipcke.fr\/idees-deco\/wp-content\/uploads\/2024\/10\/salle-a-manger-dans-la-cuisine-1-1160x1527.jpg\" alt=\"Table tr\u00e8s r\u00e9sistante au cas o\u00f9 vous avez des enfants pour exercer les activit\u00e9s.\" class=\"wp-image-15926\" srcset=\"https:\/\/pipcke.fr\/idees-deco\/wp-content\/uploads\/2024\/10\/salle-a-manger-dans-la-cuisine-1-1160x1527.jpg 1160w, https:\/\/pipcke.fr\/idees-deco\/wp-content\/uploads\/2024\/10\/salle-a-manger-dans-la-cuisine-1-800x1053.jpg 800w, https:\/\/pipcke.fr\/idees-deco\/wp-content\/uploads\/2024\/10\/salle-a-manger-dans-la-cuisine-1-1166x1536.jpg 1166w, https:\/\/pipcke.fr\/idees-deco\/wp-content\/uploads\/2024\/10\/salle-a-manger-dans-la-cuisine-1-1555x2048.jpg 1555w, https:\/\/pipcke.fr\/idees-deco\/wp-content\/uploads\/2024\/10\/salle-a-manger-dans-la-cuisine-1-120x158.jpg 120w, https:\/\/pipcke.fr\/idees-deco\/wp-content\/uploads\/2024\/10\/salle-a-manger-dans-la-cuisine-1-90x119.jpg 90w, https:\/\/pipcke.fr\/idees-deco\/wp-content\/uploads\/2024\/10\/salle-a-manger-dans-la-cuisine-1-320x421.jpg 320w, https:\/\/pipcke.fr\/idees-deco\/wp-content\/uploads\/2024\/10\/salle-a-manger-dans-la-cuisine-1-560x737.jpg 560w, https:\/\/pipcke.fr\/idees-deco\/wp-content\/uploads\/2024\/10\/salle-a-manger-dans-la-cuisine-1-1920x2528.jpg 1920w, https:\/\/pipcke.fr\/idees-deco\/wp-content\/uploads\/2024\/10\/salle-a-manger-dans-la-cuisine-1-scaled.jpg 1944w\" sizes=\"auto, (max-width: 1160px) 100vw, 1160px\" \/><\/figure>\n\n\n\n<ol class=\"wp-block-list\" start=\"2\">\n<li><strong>Ou positionnez votre salle \u00e0 manger au salon avec un grand lustre pour d\u00e9limiter les espaces<\/strong><\/li>\n<\/ol>\n\n\n\n<figure class=\"wp-block-image size-large\"><img loading=\"lazy\" decoding=\"async\" width=\"1160\" height=\"1160\" src=\"https:\/\/pipcke.fr\/idees-deco\/wp-content\/uploads\/2024\/10\/salle-a-manger-integree-au-salon-1160x1160.jpg\" alt=\"Salon spacieux et lumineux avec un coin salle \u00e0 manger int\u00e9gr\u00e9, comprenant une grande table en bois entour\u00e9e de chaises modernes, et des luminaires suspendus au-dessus, avec des baies vitr\u00e9es apportant de la lumi\u00e8re naturelle\" class=\"wp-image-15927\" srcset=\"https:\/\/pipcke.fr\/idees-deco\/wp-content\/uploads\/2024\/10\/salle-a-manger-integree-au-salon-1160x1160.jpg 1160w, https:\/\/pipcke.fr\/idees-deco\/wp-content\/uploads\/2024\/10\/salle-a-manger-integree-au-salon-800x800.jpg 800w, https:\/\/pipcke.fr\/idees-deco\/wp-content\/uploads\/2024\/10\/salle-a-manger-integree-au-salon-1536x1536.jpg 1536w, https:\/\/pipcke.fr\/idees-deco\/wp-content\/uploads\/2024\/10\/salle-a-manger-integree-au-salon-2048x2048.jpg 2048w, https:\/\/pipcke.fr\/idees-deco\/wp-content\/uploads\/2024\/10\/salle-a-manger-integree-au-salon-80x80.jpg 80w, https:\/\/pipcke.fr\/idees-deco\/wp-content\/uploads\/2024\/10\/salle-a-manger-integree-au-salon-120x120.jpg 120w, https:\/\/pipcke.fr\/idees-deco\/wp-content\/uploads\/2024\/10\/salle-a-manger-integree-au-salon-90x90.jpg 90w, https:\/\/pipcke.fr\/idees-deco\/wp-content\/uploads\/2024\/10\/salle-a-manger-integree-au-salon-320x320.jpg 320w, https:\/\/pipcke.fr\/idees-deco\/wp-content\/uploads\/2024\/10\/salle-a-manger-integree-au-salon-560x560.jpg 560w, https:\/\/pipcke.fr\/idees-deco\/wp-content\/uploads\/2024\/10\/salle-a-manger-integree-au-salon-1920x1920.jpg 1920w, https:\/\/pipcke.fr\/idees-deco\/wp-content\/uploads\/2024\/10\/salle-a-manger-integree-au-salon-scaled.jpg 2560w\" sizes=\"auto, (max-width: 1160px) 100vw, 1160px\" \/><\/figure>\n\n\n\n<ol class=\"wp-block-list\" start=\"3\">\n<li><strong>D\u00e9limitez l\u2019espace entre le salon et la salle \u00e0 manger par un meuble, c\u2019est une des excellentes <\/strong><strong>id\u00e9es d\u00e9co salle \u00e0 manger<\/strong><\/li>\n<\/ol>\n\n\n\n<figure class=\"wp-block-image size-large\"><img loading=\"lazy\" decoding=\"async\" width=\"1160\" height=\"773\" src=\"https:\/\/pipcke.fr\/idees-deco\/wp-content\/uploads\/2024\/10\/salle-a-manger-salon-separation-par-un-meuble-1160x773.jpg\" alt=\"Salle \u00e0 manger \u00e9l\u00e9gante avec une s\u00e9paration en \u00e9tag\u00e8res ouverte sur le salon, d\u00e9cor\u00e9e avec des chaises capitonn\u00e9es autour d'une table en verre, cr\u00e9ant une ambiance moderne et fonctionnelle\" class=\"wp-image-15928\" srcset=\"https:\/\/pipcke.fr\/idees-deco\/wp-content\/uploads\/2024\/10\/salle-a-manger-salon-separation-par-un-meuble-1160x773.jpg 1160w, https:\/\/pipcke.fr\/idees-deco\/wp-content\/uploads\/2024\/10\/salle-a-manger-salon-separation-par-un-meuble-800x533.jpg 800w, https:\/\/pipcke.fr\/idees-deco\/wp-content\/uploads\/2024\/10\/salle-a-manger-salon-separation-par-un-meuble-1536x1024.jpg 1536w, https:\/\/pipcke.fr\/idees-deco\/wp-content\/uploads\/2024\/10\/salle-a-manger-salon-separation-par-un-meuble-2048x1365.jpg 2048w, https:\/\/pipcke.fr\/idees-deco\/wp-content\/uploads\/2024\/10\/salle-a-manger-salon-separation-par-un-meuble-120x80.jpg 120w, https:\/\/pipcke.fr\/idees-deco\/wp-content\/uploads\/2024\/10\/salle-a-manger-salon-separation-par-un-meuble-90x60.jpg 90w, https:\/\/pipcke.fr\/idees-deco\/wp-content\/uploads\/2024\/10\/salle-a-manger-salon-separation-par-un-meuble-320x213.jpg 320w, https:\/\/pipcke.fr\/idees-deco\/wp-content\/uploads\/2024\/10\/salle-a-manger-salon-separation-par-un-meuble-560x373.jpg 560w, https:\/\/pipcke.fr\/idees-deco\/wp-content\/uploads\/2024\/10\/salle-a-manger-salon-separation-par-un-meuble-1920x1280.jpg 1920w, https:\/\/pipcke.fr\/idees-deco\/wp-content\/uploads\/2024\/10\/salle-a-manger-salon-separation-par-un-meuble-scaled.jpg 2560w\" sizes=\"auto, (max-width: 1160px) 100vw, 1160px\" \/><\/figure>\n\n\n\n<h2 class=\"wp-block-heading\" id=\"h-idees-deco-salle-a-manger-amenagement-pour-une-circulation-fluide\"><span id=\"idees-deco-salle-a-manger-amenagement-pour-une-circulation-fluide\">Id\u00e9es d\u00e9co salle \u00e0 manger : am\u00e9nagement pour une circulation fluide<\/span><\/h2>\n\n\n\n<ol class=\"wp-block-list\" start=\"4\">\n<li><strong>Faites attention \u00e0 la circulation dans la salle \u00e0 manger pour garantir un espace confortable autour des chaises<\/strong><\/li>\n<\/ol>\n\n\n\n<figure class=\"wp-block-image size-large\"><img loading=\"lazy\" decoding=\"async\" width=\"1160\" height=\"773\" src=\"https:\/\/pipcke.fr\/idees-deco\/wp-content\/uploads\/2024\/10\/circulation-autour-des-chaises-1160x773.jpg\" alt=\"Salle \u00e0 manger moderne avec une d\u00e9coration festive, compos\u00e9e d'une table en bois d\u00e9cor\u00e9e de guirlandes de No\u00ebl, avec une cuisine ouverte en arri\u00e8re-plan \u00e9quip\u00e9e de rangements en bois naturel\" class=\"wp-image-15931\" srcset=\"https:\/\/pipcke.fr\/idees-deco\/wp-content\/uploads\/2024\/10\/circulation-autour-des-chaises-1160x773.jpg 1160w, https:\/\/pipcke.fr\/idees-deco\/wp-content\/uploads\/2024\/10\/circulation-autour-des-chaises-800x533.jpg 800w, https:\/\/pipcke.fr\/idees-deco\/wp-content\/uploads\/2024\/10\/circulation-autour-des-chaises-1536x1024.jpg 1536w, https:\/\/pipcke.fr\/idees-deco\/wp-content\/uploads\/2024\/10\/circulation-autour-des-chaises-2048x1365.jpg 2048w, https:\/\/pipcke.fr\/idees-deco\/wp-content\/uploads\/2024\/10\/circulation-autour-des-chaises-120x80.jpg 120w, https:\/\/pipcke.fr\/idees-deco\/wp-content\/uploads\/2024\/10\/circulation-autour-des-chaises-90x60.jpg 90w, https:\/\/pipcke.fr\/idees-deco\/wp-content\/uploads\/2024\/10\/circulation-autour-des-chaises-320x213.jpg 320w, https:\/\/pipcke.fr\/idees-deco\/wp-content\/uploads\/2024\/10\/circulation-autour-des-chaises-560x373.jpg 560w, https:\/\/pipcke.fr\/idees-deco\/wp-content\/uploads\/2024\/10\/circulation-autour-des-chaises-1920x1280.jpg 1920w, https:\/\/pipcke.fr\/idees-deco\/wp-content\/uploads\/2024\/10\/circulation-autour-des-chaises-scaled.jpg 2560w\" sizes=\"auto, (max-width: 1160px) 100vw, 1160px\" \/><\/figure>\n\n\n\n<ol class=\"wp-block-list\" start=\"5\">\n<li><strong>Assurez une bonne circulation autour de la table pour se d\u00e9placer librement<\/strong><\/li>\n<\/ol>\n\n\n\n<figure class=\"wp-block-image size-large\"><img loading=\"lazy\" decoding=\"async\" width=\"1160\" height=\"870\" src=\"https:\/\/pipcke.fr\/idees-deco\/wp-content\/uploads\/2024\/10\/circulation-autour-de-la-table-1160x870.jpg\" alt=\"Salle \u00e0 manger au design moderne avec bouts arrondis, circulation fluide et superbe suspension.\" class=\"wp-image-15929\" srcset=\"https:\/\/pipcke.fr\/idees-deco\/wp-content\/uploads\/2024\/10\/circulation-autour-de-la-table-1160x870.jpg 1160w, https:\/\/pipcke.fr\/idees-deco\/wp-content\/uploads\/2024\/10\/circulation-autour-de-la-table-800x600.jpg 800w, https:\/\/pipcke.fr\/idees-deco\/wp-content\/uploads\/2024\/10\/circulation-autour-de-la-table-320x240.jpg 320w, https:\/\/pipcke.fr\/idees-deco\/wp-content\/uploads\/2024\/10\/circulation-autour-de-la-table-1536x1152.jpg 1536w, https:\/\/pipcke.fr\/idees-deco\/wp-content\/uploads\/2024\/10\/circulation-autour-de-la-table-2048x1536.jpg 2048w, https:\/\/pipcke.fr\/idees-deco\/wp-content\/uploads\/2024\/10\/circulation-autour-de-la-table-300x225.jpg 300w, https:\/\/pipcke.fr\/idees-deco\/wp-content\/uploads\/2024\/10\/circulation-autour-de-la-table-120x90.jpg 120w, https:\/\/pipcke.fr\/idees-deco\/wp-content\/uploads\/2024\/10\/circulation-autour-de-la-table-90x68.jpg 90w, https:\/\/pipcke.fr\/idees-deco\/wp-content\/uploads\/2024\/10\/circulation-autour-de-la-table-560x420.jpg 560w, https:\/\/pipcke.fr\/idees-deco\/wp-content\/uploads\/2024\/10\/circulation-autour-de-la-table-1920x1440.jpg 1920w, https:\/\/pipcke.fr\/idees-deco\/wp-content\/uploads\/2024\/10\/circulation-autour-de-la-table-scaled.jpg 2560w\" sizes=\"auto, (max-width: 1160px) 100vw, 1160px\" \/><\/figure>\n\n\n\n<h2 class=\"wp-block-heading\" id=\"h-choix-de-tables-a-manger-verre-bois-traditionnel-et-marbre-moderne\"><span id=\"choix-de-tables-a-manger-verre-bois-traditionnel-et-marbre-moderne\">Choix de tables \u00e0 manger : verre, bois traditionnel, et marbre moderne<\/span><\/h2>\n\n\n\n<ol class=\"wp-block-list\" start=\"6\">\n<li><strong>Choisissez une table en verre pour son design \u00e9l\u00e9gant, mais gardez \u00e0 l\u2019esprit que son entretien est son seul inconv\u00e9nient<\/strong><\/li>\n<\/ol>\n\n\n\n<figure class=\"wp-block-image size-large\"><img loading=\"lazy\" decoding=\"async\" width=\"1160\" height=\"773\" src=\"https:\/\/pipcke.fr\/idees-deco\/wp-content\/uploads\/2024\/10\/salloe-a-manger-table-en-verre-1160x773.jpg\" alt=\"Salle \u00e0 manger , superbe design, table en verre et bois naturel.\" class=\"wp-image-15930\" srcset=\"https:\/\/pipcke.fr\/idees-deco\/wp-content\/uploads\/2024\/10\/salloe-a-manger-table-en-verre-1160x773.jpg 1160w, https:\/\/pipcke.fr\/idees-deco\/wp-content\/uploads\/2024\/10\/salloe-a-manger-table-en-verre-800x533.jpg 800w, https:\/\/pipcke.fr\/idees-deco\/wp-content\/uploads\/2024\/10\/salloe-a-manger-table-en-verre-1536x1024.jpg 1536w, https:\/\/pipcke.fr\/idees-deco\/wp-content\/uploads\/2024\/10\/salloe-a-manger-table-en-verre-2048x1365.jpg 2048w, https:\/\/pipcke.fr\/idees-deco\/wp-content\/uploads\/2024\/10\/salloe-a-manger-table-en-verre-120x80.jpg 120w, https:\/\/pipcke.fr\/idees-deco\/wp-content\/uploads\/2024\/10\/salloe-a-manger-table-en-verre-90x60.jpg 90w, https:\/\/pipcke.fr\/idees-deco\/wp-content\/uploads\/2024\/10\/salloe-a-manger-table-en-verre-320x213.jpg 320w, https:\/\/pipcke.fr\/idees-deco\/wp-content\/uploads\/2024\/10\/salloe-a-manger-table-en-verre-560x373.jpg 560w, https:\/\/pipcke.fr\/idees-deco\/wp-content\/uploads\/2024\/10\/salloe-a-manger-table-en-verre-1920x1280.jpg 1920w, https:\/\/pipcke.fr\/idees-deco\/wp-content\/uploads\/2024\/10\/salloe-a-manger-table-en-verre-scaled.jpg 2560w\" sizes=\"auto, (max-width: 1160px) 100vw, 1160px\" \/><\/figure>\n\n\n\n<ol class=\"wp-block-list\" start=\"7\">\n<li><strong>Optez pour la table en bois rustique, de grand retour en 2025, mais avec des bouts arrondis<\/strong><\/li>\n<\/ol>\n\n\n\n<figure class=\"wp-block-image size-large\"><img loading=\"lazy\" decoding=\"async\" width=\"1160\" height=\"2027\" src=\"https:\/\/pipcke.fr\/idees-deco\/wp-content\/uploads\/2024\/10\/table-en-bois-rsustique-a-bouts-arrindis-1160x2027.jpg\" alt=\"Id\u00e9e d\u00e9co salle \u00e0 manger moderne avec une table en bois clair aux coins arrondis, entour\u00e9e de chaises en bois et d\u00e9cor\u00e9e dans des tons neutres et naturels\" class=\"wp-image-15933\" srcset=\"https:\/\/pipcke.fr\/idees-deco\/wp-content\/uploads\/2024\/10\/table-en-bois-rsustique-a-bouts-arrindis-1160x2027.jpg 1160w, https:\/\/pipcke.fr\/idees-deco\/wp-content\/uploads\/2024\/10\/table-en-bois-rsustique-a-bouts-arrindis-800x1398.jpg 800w, https:\/\/pipcke.fr\/idees-deco\/wp-content\/uploads\/2024\/10\/table-en-bois-rsustique-a-bouts-arrindis-879x1536.jpg 879w, https:\/\/pipcke.fr\/idees-deco\/wp-content\/uploads\/2024\/10\/table-en-bois-rsustique-a-bouts-arrindis-1172x2048.jpg 1172w, https:\/\/pipcke.fr\/idees-deco\/wp-content\/uploads\/2024\/10\/table-en-bois-rsustique-a-bouts-arrindis-120x210.jpg 120w, https:\/\/pipcke.fr\/idees-deco\/wp-content\/uploads\/2024\/10\/table-en-bois-rsustique-a-bouts-arrindis-90x157.jpg 90w, https:\/\/pipcke.fr\/idees-deco\/wp-content\/uploads\/2024\/10\/table-en-bois-rsustique-a-bouts-arrindis-320x559.jpg 320w, https:\/\/pipcke.fr\/idees-deco\/wp-content\/uploads\/2024\/10\/table-en-bois-rsustique-a-bouts-arrindis-560x978.jpg 560w, https:\/\/pipcke.fr\/idees-deco\/wp-content\/uploads\/2024\/10\/table-en-bois-rsustique-a-bouts-arrindis-1920x3355.jpg 1920w, https:\/\/pipcke.fr\/idees-deco\/wp-content\/uploads\/2024\/10\/table-en-bois-rsustique-a-bouts-arrindis-scaled.jpg 1465w\" sizes=\"auto, (max-width: 1160px) 100vw, 1160px\" \/><\/figure>\n\n\n\n<ol class=\"wp-block-list\" start=\"8\">\n<li><strong>Adoptez la table en marbre, tr\u00e8s chic et facile \u00e0 entretenir, tendance 2025<\/strong><\/li>\n<\/ol>\n\n\n\n<figure class=\"wp-block-image size-large\"><img loading=\"lazy\" decoding=\"async\" width=\"1160\" height=\"870\" src=\"https:\/\/pipcke.fr\/idees-deco\/wp-content\/uploads\/2024\/10\/salle-a-manger-moderne-1160x870.jpg\" alt=\"Salle \u00e0 manger tr\u00e8s confortable, tr\u00e8s facile \u00e0 entretenir, table en marbre et chaises en bois.\" class=\"wp-image-15934\" srcset=\"https:\/\/pipcke.fr\/idees-deco\/wp-content\/uploads\/2024\/10\/salle-a-manger-moderne-1160x870.jpg 1160w, https:\/\/pipcke.fr\/idees-deco\/wp-content\/uploads\/2024\/10\/salle-a-manger-moderne-800x600.jpg 800w, https:\/\/pipcke.fr\/idees-deco\/wp-content\/uploads\/2024\/10\/salle-a-manger-moderne-320x240.jpg 320w, https:\/\/pipcke.fr\/idees-deco\/wp-content\/uploads\/2024\/10\/salle-a-manger-moderne-1536x1152.jpg 1536w, https:\/\/pipcke.fr\/idees-deco\/wp-content\/uploads\/2024\/10\/salle-a-manger-moderne-2048x1536.jpg 2048w, https:\/\/pipcke.fr\/idees-deco\/wp-content\/uploads\/2024\/10\/salle-a-manger-moderne-300x225.jpg 300w, https:\/\/pipcke.fr\/idees-deco\/wp-content\/uploads\/2024\/10\/salle-a-manger-moderne-120x90.jpg 120w, https:\/\/pipcke.fr\/idees-deco\/wp-content\/uploads\/2024\/10\/salle-a-manger-moderne-90x68.jpg 90w, https:\/\/pipcke.fr\/idees-deco\/wp-content\/uploads\/2024\/10\/salle-a-manger-moderne-560x420.jpg 560w, https:\/\/pipcke.fr\/idees-deco\/wp-content\/uploads\/2024\/10\/salle-a-manger-moderne-1920x1440.jpg 1920w, https:\/\/pipcke.fr\/idees-deco\/wp-content\/uploads\/2024\/10\/salle-a-manger-moderne-scaled.jpg 2560w\" sizes=\"auto, (max-width: 1160px) 100vw, 1160px\" \/><\/figure>\n\n\n\n<figure class=\"wp-block-image size-large\"><a href=\"https:\/\/pipcke.fr\/quiz\"><img loading=\"lazy\" decoding=\"async\" width=\"1160\" height=\"387\" src=\"https:\/\/pipcke.fr\/idees-deco\/wp-content\/uploads\/2023\/11\/decouvrir-mon-style-picto-1-1160x387.png\" alt=\"banni\u00e8re d\u00e9couvrir mon style\" class=\"wp-image-8930\" srcset=\"https:\/\/pipcke.fr\/idees-deco\/wp-content\/uploads\/2023\/11\/decouvrir-mon-style-picto-1-1160x387.png 1160w, https:\/\/pipcke.fr\/idees-deco\/wp-content\/uploads\/2023\/11\/decouvrir-mon-style-picto-1-800x267.png 800w, https:\/\/pipcke.fr\/idees-deco\/wp-content\/uploads\/2023\/11\/decouvrir-mon-style-picto-1-120x40.png 120w, https:\/\/pipcke.fr\/idees-deco\/wp-content\/uploads\/2023\/11\/decouvrir-mon-style-picto-1-90x30.png 90w, https:\/\/pipcke.fr\/idees-deco\/wp-content\/uploads\/2023\/11\/decouvrir-mon-style-picto-1-320x107.png 320w, https:\/\/pipcke.fr\/idees-deco\/wp-content\/uploads\/2023\/11\/decouvrir-mon-style-picto-1-560x187.png 560w, https:\/\/pipcke.fr\/idees-deco\/wp-content\/uploads\/2023\/11\/decouvrir-mon-style-picto-1.png 1500w\" sizes=\"auto, (max-width: 1160px) 100vw, 1160px\" \/><\/a><\/figure>\n\n\n\n<h2 class=\"wp-block-heading\" id=\"h-modeles-de-chaises-confort-du-velours-elegance-du-cuir\"><span id=\"modeles-de-chaises-confort-du-velours-elegance-du-cuir\">\u00a0Mod\u00e8les de chaises : confort du velours, \u00e9l\u00e9gance du cuir<\/span><\/h2>\n\n\n\n<ol class=\"wp-block-list\" start=\"9\">\n<li><strong>D\u00e9couvrez les chaises en velours matelass\u00e9es, \u00e0 forme arrondie, grande tendance 2025<\/strong><\/li>\n<\/ol>\n\n\n\n<figure class=\"wp-block-image size-large\"><img loading=\"lazy\" decoding=\"async\" width=\"1160\" height=\"774\" src=\"https:\/\/pipcke.fr\/idees-deco\/wp-content\/uploads\/2024\/10\/chiases-en-velour-matelassee-tendance-2024-1160x774.jpg\" alt=\"Deux chaises en velours, l'une rouge et l'autre grise, autour d'une petite table en bois avec un vase minimaliste au centre, id\u00e9e d\u00e9co salle \u00e0 manger\" class=\"wp-image-15932\" srcset=\"https:\/\/pipcke.fr\/idees-deco\/wp-content\/uploads\/2024\/10\/chiases-en-velour-matelassee-tendance-2024-1160x774.jpg 1160w, https:\/\/pipcke.fr\/idees-deco\/wp-content\/uploads\/2024\/10\/chiases-en-velour-matelassee-tendance-2024-800x534.jpg 800w, https:\/\/pipcke.fr\/idees-deco\/wp-content\/uploads\/2024\/10\/chiases-en-velour-matelassee-tendance-2024-1536x1025.jpg 1536w, https:\/\/pipcke.fr\/idees-deco\/wp-content\/uploads\/2024\/10\/chiases-en-velour-matelassee-tendance-2024-2048x1367.jpg 2048w, https:\/\/pipcke.fr\/idees-deco\/wp-content\/uploads\/2024\/10\/chiases-en-velour-matelassee-tendance-2024-120x80.jpg 120w, https:\/\/pipcke.fr\/idees-deco\/wp-content\/uploads\/2024\/10\/chiases-en-velour-matelassee-tendance-2024-90x60.jpg 90w, https:\/\/pipcke.fr\/idees-deco\/wp-content\/uploads\/2024\/10\/chiases-en-velour-matelassee-tendance-2024-320x214.jpg 320w, https:\/\/pipcke.fr\/idees-deco\/wp-content\/uploads\/2024\/10\/chiases-en-velour-matelassee-tendance-2024-560x374.jpg 560w, https:\/\/pipcke.fr\/idees-deco\/wp-content\/uploads\/2024\/10\/chiases-en-velour-matelassee-tendance-2024-1920x1281.jpg 1920w, https:\/\/pipcke.fr\/idees-deco\/wp-content\/uploads\/2024\/10\/chiases-en-velour-matelassee-tendance-2024-scaled.jpg 2560w\" sizes=\"auto, (max-width: 1160px) 100vw, 1160px\" \/><\/figure>\n\n\n\n<ol class=\"wp-block-list\" start=\"10\">\n<li><strong>Optez pour cette \u00e9l\u00e9gante id\u00e9e d\u00e9co salle \u00e0 manger, des chaises tr\u00e8s chic en cuir tendance 2025<\/strong><\/li>\n<\/ol>\n\n\n\n<figure class=\"wp-block-image size-large\"><img loading=\"lazy\" decoding=\"async\" width=\"1160\" height=\"829\" src=\"https:\/\/pipcke.fr\/idees-deco\/wp-content\/uploads\/2024\/10\/salle-a-manger-chaises-en-cuir-1160x829.jpg\" alt=\"D\u00e9coration minimaliste, salle \u00e0 manger tr\u00e8s tendance \u00e9gay\u00e9e par une touche de verdure.\" class=\"wp-image-15935\" srcset=\"https:\/\/pipcke.fr\/idees-deco\/wp-content\/uploads\/2024\/10\/salle-a-manger-chaises-en-cuir-1160x829.jpg 1160w, https:\/\/pipcke.fr\/idees-deco\/wp-content\/uploads\/2024\/10\/salle-a-manger-chaises-en-cuir-800x571.jpg 800w, https:\/\/pipcke.fr\/idees-deco\/wp-content\/uploads\/2024\/10\/salle-a-manger-chaises-en-cuir-1536x1097.jpg 1536w, https:\/\/pipcke.fr\/idees-deco\/wp-content\/uploads\/2024\/10\/salle-a-manger-chaises-en-cuir-2048x1463.jpg 2048w, https:\/\/pipcke.fr\/idees-deco\/wp-content\/uploads\/2024\/10\/salle-a-manger-chaises-en-cuir-120x86.jpg 120w, https:\/\/pipcke.fr\/idees-deco\/wp-content\/uploads\/2024\/10\/salle-a-manger-chaises-en-cuir-90x64.jpg 90w, https:\/\/pipcke.fr\/idees-deco\/wp-content\/uploads\/2024\/10\/salle-a-manger-chaises-en-cuir-320x229.jpg 320w, https:\/\/pipcke.fr\/idees-deco\/wp-content\/uploads\/2024\/10\/salle-a-manger-chaises-en-cuir-560x400.jpg 560w, https:\/\/pipcke.fr\/idees-deco\/wp-content\/uploads\/2024\/10\/salle-a-manger-chaises-en-cuir-1920x1372.jpg 1920w, https:\/\/pipcke.fr\/idees-deco\/wp-content\/uploads\/2024\/10\/salle-a-manger-chaises-en-cuir-scaled.jpg 2560w\" sizes=\"auto, (max-width: 1160px) 100vw, 1160px\" \/><\/figure>\n\n\n\n<h2 class=\"wp-block-heading\" id=\"h-couleurs-vives-et-marron-fonce-tendance-2025\"><span id=\"couleurs-vives-et-marron-fonce-tendance-2025\">Couleurs vives et marron fonc\u00e9 : tendance 2025<\/span><\/h2>\n\n\n\n<ol class=\"wp-block-list\" start=\"11\">\n<li><strong>Mariez des couleurs vivaces et audacieuses, comme le rouge, l\u2019orange et le vert, avec des objets fun et des objets nobles. Tendance dopamine<\/strong><\/li>\n<\/ol>\n\n\n\n<figure class=\"wp-block-image size-large\"><img loading=\"lazy\" decoding=\"async\" width=\"1160\" height=\"1740\" src=\"https:\/\/pipcke.fr\/idees-deco\/wp-content\/uploads\/2024\/10\/salle-a-manger-couleurs-vives-1160x1740.jpg\" alt=\"Id\u00e9e d\u00e9co salle \u00e0 manger color\u00e9e avec des murs orange et bleu vif, des \u00e9tag\u00e8res d\u00e9cor\u00e9es et une grande peinture artistique, cr\u00e9ant une ambiance chaleureuse\" class=\"wp-image-15937\" srcset=\"https:\/\/pipcke.fr\/idees-deco\/wp-content\/uploads\/2024\/10\/salle-a-manger-couleurs-vives-1160x1740.jpg 1160w, https:\/\/pipcke.fr\/idees-deco\/wp-content\/uploads\/2024\/10\/salle-a-manger-couleurs-vives-800x1200.jpg 800w, https:\/\/pipcke.fr\/idees-deco\/wp-content\/uploads\/2024\/10\/salle-a-manger-couleurs-vives-1024x1536.jpg 1024w, https:\/\/pipcke.fr\/idees-deco\/wp-content\/uploads\/2024\/10\/salle-a-manger-couleurs-vives-1365x2048.jpg 1365w, https:\/\/pipcke.fr\/idees-deco\/wp-content\/uploads\/2024\/10\/salle-a-manger-couleurs-vives-120x180.jpg 120w, https:\/\/pipcke.fr\/idees-deco\/wp-content\/uploads\/2024\/10\/salle-a-manger-couleurs-vives-90x135.jpg 90w, https:\/\/pipcke.fr\/idees-deco\/wp-content\/uploads\/2024\/10\/salle-a-manger-couleurs-vives-320x480.jpg 320w, https:\/\/pipcke.fr\/idees-deco\/wp-content\/uploads\/2024\/10\/salle-a-manger-couleurs-vives-560x840.jpg 560w, https:\/\/pipcke.fr\/idees-deco\/wp-content\/uploads\/2024\/10\/salle-a-manger-couleurs-vives-1920x2880.jpg 1920w, https:\/\/pipcke.fr\/idees-deco\/wp-content\/uploads\/2024\/10\/salle-a-manger-couleurs-vives-scaled.jpg 1707w\" sizes=\"auto, (max-width: 1160px) 100vw, 1160px\" \/><\/figure>\n\n\n\n<ol class=\"wp-block-list\" start=\"12\">\n<li><strong>D\u00e9couvrez la grande tendance 2025 : le retour du marron fonc\u00e9, en opposition avec les couleurs vives<\/strong><\/li>\n<\/ol>\n\n\n\n<figure class=\"wp-block-image size-large\"><img loading=\"lazy\" decoding=\"async\" width=\"1160\" height=\"874\" src=\"https:\/\/pipcke.fr\/idees-deco\/wp-content\/uploads\/2024\/10\/table-a-manger-couleur-foncee-1160x874.jpg\" alt=\"En 2025, la couleur marron fonc\u00e9 fait un grand retour.\" class=\"wp-image-15936\" srcset=\"https:\/\/pipcke.fr\/idees-deco\/wp-content\/uploads\/2024\/10\/table-a-manger-couleur-foncee-1160x874.jpg 1160w, https:\/\/pipcke.fr\/idees-deco\/wp-content\/uploads\/2024\/10\/table-a-manger-couleur-foncee-800x603.jpg 800w, https:\/\/pipcke.fr\/idees-deco\/wp-content\/uploads\/2024\/10\/table-a-manger-couleur-foncee-320x240.jpg 320w, https:\/\/pipcke.fr\/idees-deco\/wp-content\/uploads\/2024\/10\/table-a-manger-couleur-foncee-1536x1157.jpg 1536w, https:\/\/pipcke.fr\/idees-deco\/wp-content\/uploads\/2024\/10\/table-a-manger-couleur-foncee-2048x1543.jpg 2048w, https:\/\/pipcke.fr\/idees-deco\/wp-content\/uploads\/2024\/10\/table-a-manger-couleur-foncee-300x225.jpg 300w, https:\/\/pipcke.fr\/idees-deco\/wp-content\/uploads\/2024\/10\/table-a-manger-couleur-foncee-120x90.jpg 120w, https:\/\/pipcke.fr\/idees-deco\/wp-content\/uploads\/2024\/10\/table-a-manger-couleur-foncee-90x68.jpg 90w, https:\/\/pipcke.fr\/idees-deco\/wp-content\/uploads\/2024\/10\/table-a-manger-couleur-foncee-560x422.jpg 560w, https:\/\/pipcke.fr\/idees-deco\/wp-content\/uploads\/2024\/10\/table-a-manger-couleur-foncee-1920x1446.jpg 1920w, https:\/\/pipcke.fr\/idees-deco\/wp-content\/uploads\/2024\/10\/table-a-manger-couleur-foncee-scaled.jpg 2560w\" sizes=\"auto, (max-width: 1160px) 100vw, 1160px\" \/><\/figure>\n\n\n\n<h2 class=\"wp-block-heading\" id=\"h-decoration-murale-papier-peint-textures-ou-pierres\"><span id=\"decoration-murale-papier-peint-textures-ou-pierres\">D\u00e9coration murale : papier peint, textures ou pierres<\/span><\/h2>\n\n\n\n<ol class=\"wp-block-list\" start=\"13\">\n<li><strong>Adoptez le papier peint, de grand retour en 2025, pour transformer facilement votre pi\u00e8ce<\/strong><\/li>\n<\/ol>\n\n\n\n<figure class=\"wp-block-image size-large\"><img loading=\"lazy\" decoding=\"async\" width=\"1160\" height=\"773\" src=\"https:\/\/pipcke.fr\/idees-deco\/wp-content\/uploads\/2024\/10\/salle-a-manger-deco-murale-1160x773.jpg\" alt=\"Salle \u00e0 manger moderne avec un mur \u00e0 motifs dor\u00e9s, une table blanche, des chaises beiges et une plante verte.\" class=\"wp-image-15938\" srcset=\"https:\/\/pipcke.fr\/idees-deco\/wp-content\/uploads\/2024\/10\/salle-a-manger-deco-murale-1160x773.jpg 1160w, https:\/\/pipcke.fr\/idees-deco\/wp-content\/uploads\/2024\/10\/salle-a-manger-deco-murale-800x533.jpg 800w, https:\/\/pipcke.fr\/idees-deco\/wp-content\/uploads\/2024\/10\/salle-a-manger-deco-murale-1536x1024.jpg 1536w, https:\/\/pipcke.fr\/idees-deco\/wp-content\/uploads\/2024\/10\/salle-a-manger-deco-murale-2048x1366.jpg 2048w, https:\/\/pipcke.fr\/idees-deco\/wp-content\/uploads\/2024\/10\/salle-a-manger-deco-murale-120x80.jpg 120w, https:\/\/pipcke.fr\/idees-deco\/wp-content\/uploads\/2024\/10\/salle-a-manger-deco-murale-90x60.jpg 90w, https:\/\/pipcke.fr\/idees-deco\/wp-content\/uploads\/2024\/10\/salle-a-manger-deco-murale-320x213.jpg 320w, https:\/\/pipcke.fr\/idees-deco\/wp-content\/uploads\/2024\/10\/salle-a-manger-deco-murale-560x373.jpg 560w, https:\/\/pipcke.fr\/idees-deco\/wp-content\/uploads\/2024\/10\/salle-a-manger-deco-murale-1920x1280.jpg 1920w, https:\/\/pipcke.fr\/idees-deco\/wp-content\/uploads\/2024\/10\/salle-a-manger-deco-murale-scaled.jpg 2560w\" sizes=\"auto, (max-width: 1160px) 100vw, 1160px\" \/><\/figure>\n\n\n\n<ol class=\"wp-block-list\" start=\"14\">\n<li><strong>Harmonisez les murs \u00e0 effet texture, qui donnent de la personnalit\u00e9 \u00e0 votre salle \u00e0 manger, avec le reste du mobilier<\/strong><\/li>\n<\/ol>\n\n\n\n<figure class=\"wp-block-image\"><img decoding=\"async\" src=\"https:\/\/lh7-rt.googleusercontent.com\/docsz\/AD_4nXcNyjuCvijoAznD9U1izkDwQcWvKEB9-zW1wPqiQN3eJ84IRTTuHbVfwXwJeA9XlgRmwKNUd1Bxqk6rX1BWBLSyINvixN9k09gnHg-hm2r_QiPsYNOr8O1qDWdkOWWApF4yYfo_XHM1e2CbL5jQ-imGTnPp?key=xK8kD5Ou8UtgzGvOtHLyqw\" alt=\"Une table en bois devant un mur en b\u00e9ton brut, avec trois petits pots de plantes et un tatami. \"\/><\/figure>\n\n\n\n<ol class=\"wp-block-list\" start=\"15\">\n<li><strong>Ajoutez finalement des murs en pierres pour donner un aspect rustique \u00e0 votre pi\u00e8ce<\/strong><\/li>\n<\/ol>\n\n\n\n<figure class=\"wp-block-image size-large\"><img loading=\"lazy\" decoding=\"async\" width=\"1160\" height=\"650\" src=\"https:\/\/pipcke.fr\/idees-deco\/wp-content\/uploads\/2024\/10\/deco-mur-salla-a-manger-pierre-1160x650.jpg\" alt=\"Harmonisez les murs, personnalisez avec une d\u00e9co en pierre naturelle.\" class=\"wp-image-15943\" srcset=\"https:\/\/pipcke.fr\/idees-deco\/wp-content\/uploads\/2024\/10\/deco-mur-salla-a-manger-pierre-1160x650.jpg 1160w, https:\/\/pipcke.fr\/idees-deco\/wp-content\/uploads\/2024\/10\/deco-mur-salla-a-manger-pierre-800x448.jpg 800w, https:\/\/pipcke.fr\/idees-deco\/wp-content\/uploads\/2024\/10\/deco-mur-salla-a-manger-pierre-1536x861.jpg 1536w, https:\/\/pipcke.fr\/idees-deco\/wp-content\/uploads\/2024\/10\/deco-mur-salla-a-manger-pierre-2048x1148.jpg 2048w, https:\/\/pipcke.fr\/idees-deco\/wp-content\/uploads\/2024\/10\/deco-mur-salla-a-manger-pierre-120x67.jpg 120w, https:\/\/pipcke.fr\/idees-deco\/wp-content\/uploads\/2024\/10\/deco-mur-salla-a-manger-pierre-90x50.jpg 90w, https:\/\/pipcke.fr\/idees-deco\/wp-content\/uploads\/2024\/10\/deco-mur-salla-a-manger-pierre-320x179.jpg 320w, https:\/\/pipcke.fr\/idees-deco\/wp-content\/uploads\/2024\/10\/deco-mur-salla-a-manger-pierre-560x314.jpg 560w, https:\/\/pipcke.fr\/idees-deco\/wp-content\/uploads\/2024\/10\/deco-mur-salla-a-manger-pierre-1920x1076.jpg 1920w, https:\/\/pipcke.fr\/idees-deco\/wp-content\/uploads\/2024\/10\/deco-mur-salla-a-manger-pierre-scaled.jpg 2560w\" sizes=\"auto, (max-width: 1160px) 100vw, 1160px\" \/><\/figure>\n\n\n\n<h2 class=\"wp-block-heading\" id=\"h-rangements-essentiels-idees-deco-salle-a-manger\"><span id=\"rangements-essentiels-idees-deco-salle-a-manger\">Rangements essentiels, id\u00e9es d\u00e9co salle \u00e0 manger<\/span><\/h2>\n\n\n\n<ol class=\"wp-block-list\" start=\"16\">\n<li><strong>Optez pour le vaisselier, essentiel pour rassembler votre vaisselle \u00e0 port\u00e9e de main, avec des formes arrondies, une tendance imbattable en 2025<\/strong><\/li>\n<\/ol>\n\n\n\n<figure class=\"wp-block-image size-large\"><img loading=\"lazy\" decoding=\"async\" width=\"1160\" height=\"1740\" src=\"https:\/\/pipcke.fr\/idees-deco\/wp-content\/uploads\/2024\/10\/salle-a-amanger-style-japandi-1160x1740.jpg\" alt=\"Un salon minimaliste avec un canap\u00e9 en bois, une \u00e9tag\u00e8re semi-circulaire et une lampe suspendue.\" class=\"wp-image-15940\" srcset=\"https:\/\/pipcke.fr\/idees-deco\/wp-content\/uploads\/2024\/10\/salle-a-amanger-style-japandi-1160x1740.jpg 1160w, https:\/\/pipcke.fr\/idees-deco\/wp-content\/uploads\/2024\/10\/salle-a-amanger-style-japandi-800x1200.jpg 800w, https:\/\/pipcke.fr\/idees-deco\/wp-content\/uploads\/2024\/10\/salle-a-amanger-style-japandi-1024x1536.jpg 1024w, https:\/\/pipcke.fr\/idees-deco\/wp-content\/uploads\/2024\/10\/salle-a-amanger-style-japandi-1365x2048.jpg 1365w, https:\/\/pipcke.fr\/idees-deco\/wp-content\/uploads\/2024\/10\/salle-a-amanger-style-japandi-120x180.jpg 120w, https:\/\/pipcke.fr\/idees-deco\/wp-content\/uploads\/2024\/10\/salle-a-amanger-style-japandi-90x135.jpg 90w, https:\/\/pipcke.fr\/idees-deco\/wp-content\/uploads\/2024\/10\/salle-a-amanger-style-japandi-320x480.jpg 320w, https:\/\/pipcke.fr\/idees-deco\/wp-content\/uploads\/2024\/10\/salle-a-amanger-style-japandi-560x840.jpg 560w, https:\/\/pipcke.fr\/idees-deco\/wp-content\/uploads\/2024\/10\/salle-a-amanger-style-japandi-1920x2880.jpg 1920w, https:\/\/pipcke.fr\/idees-deco\/wp-content\/uploads\/2024\/10\/salle-a-amanger-style-japandi-scaled.jpg 1707w\" sizes=\"auto, (max-width: 1160px) 100vw, 1160px\" \/><\/figure>\n\n\n\n<figure class=\"wp-block-image size-large\"><a href=\"https:\/\/pipcke.fr\/nouveau-projet\"><img loading=\"lazy\" decoding=\"async\" width=\"1160\" height=\"387\" src=\"https:\/\/pipcke.fr\/idees-deco\/wp-content\/uploads\/2023\/11\/lancer-mon-projet-picto-1160x387.png\" alt=\"banni\u00e8re lancer mon projet\" class=\"wp-image-8957\" srcset=\"https:\/\/pipcke.fr\/idees-deco\/wp-content\/uploads\/2023\/11\/lancer-mon-projet-picto-1160x387.png 1160w, https:\/\/pipcke.fr\/idees-deco\/wp-content\/uploads\/2023\/11\/lancer-mon-projet-picto-800x267.png 800w, https:\/\/pipcke.fr\/idees-deco\/wp-content\/uploads\/2023\/11\/lancer-mon-projet-picto-120x40.png 120w, https:\/\/pipcke.fr\/idees-deco\/wp-content\/uploads\/2023\/11\/lancer-mon-projet-picto-90x30.png 90w, https:\/\/pipcke.fr\/idees-deco\/wp-content\/uploads\/2023\/11\/lancer-mon-projet-picto-320x107.png 320w, https:\/\/pipcke.fr\/idees-deco\/wp-content\/uploads\/2023\/11\/lancer-mon-projet-picto-560x187.png 560w, https:\/\/pipcke.fr\/idees-deco\/wp-content\/uploads\/2023\/11\/lancer-mon-projet-picto.png 1500w\" sizes=\"auto, (max-width: 1160px) 100vw, 1160px\" \/><\/a><\/figure>\n\n\n\n<h2 class=\"wp-block-heading\" id=\"h-idees-deco-salle-a-manger-multiples-sources-de-lumiere-pour-une-ambiance-parfaite\"><span id=\"idees-deco-salle-a-manger-multiples-sources-de-lumiere-pour-une-ambiance-parfaite\">Id\u00e9es d\u00e9co salle \u00e0 manger : multiples sources de lumi\u00e8re pour une ambiance parfaite<\/span><\/h2>\n\n\n\n<ol class=\"wp-block-list\" start=\"17\">\n<li><strong>Optez pour des lustres XXL<\/strong><\/li>\n<\/ol>\n\n\n\n<figure class=\"wp-block-image size-large\"><img loading=\"lazy\" decoding=\"async\" width=\"1160\" height=\"773\" src=\"https:\/\/pipcke.fr\/idees-deco\/wp-content\/uploads\/2024\/10\/salle-a-manger-style-neoclassique-1160x773.jpg\" alt=\"Une salle \u00e0 manger classique avec une grande table, des chaises en velours rose et un lustre \u00e0 globes.\" class=\"wp-image-15941\" srcset=\"https:\/\/pipcke.fr\/idees-deco\/wp-content\/uploads\/2024\/10\/salle-a-manger-style-neoclassique-1160x773.jpg 1160w, https:\/\/pipcke.fr\/idees-deco\/wp-content\/uploads\/2024\/10\/salle-a-manger-style-neoclassique-800x533.jpg 800w, https:\/\/pipcke.fr\/idees-deco\/wp-content\/uploads\/2024\/10\/salle-a-manger-style-neoclassique-1536x1024.jpg 1536w, https:\/\/pipcke.fr\/idees-deco\/wp-content\/uploads\/2024\/10\/salle-a-manger-style-neoclassique-2048x1365.jpg 2048w, https:\/\/pipcke.fr\/idees-deco\/wp-content\/uploads\/2024\/10\/salle-a-manger-style-neoclassique-120x80.jpg 120w, https:\/\/pipcke.fr\/idees-deco\/wp-content\/uploads\/2024\/10\/salle-a-manger-style-neoclassique-90x60.jpg 90w, https:\/\/pipcke.fr\/idees-deco\/wp-content\/uploads\/2024\/10\/salle-a-manger-style-neoclassique-320x213.jpg 320w, https:\/\/pipcke.fr\/idees-deco\/wp-content\/uploads\/2024\/10\/salle-a-manger-style-neoclassique-560x373.jpg 560w, https:\/\/pipcke.fr\/idees-deco\/wp-content\/uploads\/2024\/10\/salle-a-manger-style-neoclassique-1920x1280.jpg 1920w, https:\/\/pipcke.fr\/idees-deco\/wp-content\/uploads\/2024\/10\/salle-a-manger-style-neoclassique-scaled.jpg 2560w\" sizes=\"auto, (max-width: 1160px) 100vw, 1160px\" \/><\/figure>\n\n\n\n<ol class=\"wp-block-list\" start=\"18\">\n<li><strong>Choisissez les lampes en fibres pour favoriser une ambiance boh\u00e9mienne<\/strong><\/li>\n<\/ol>\n\n\n\n<figure class=\"wp-block-image size-large\"><img loading=\"lazy\" decoding=\"async\" width=\"1160\" height=\"1740\" src=\"https:\/\/pipcke.fr\/idees-deco\/wp-content\/uploads\/2024\/10\/eclairage-salle-a-manger-1160x1740.jpg\" alt=\"Plusieurs lampes suspendues en rotin de diff\u00e9rentes formes et tailles, dans une pi\u00e8ce aux murs en terre cuite.\" class=\"wp-image-15945\" srcset=\"https:\/\/pipcke.fr\/idees-deco\/wp-content\/uploads\/2024\/10\/eclairage-salle-a-manger-1160x1740.jpg 1160w, https:\/\/pipcke.fr\/idees-deco\/wp-content\/uploads\/2024\/10\/eclairage-salle-a-manger-800x1200.jpg 800w, https:\/\/pipcke.fr\/idees-deco\/wp-content\/uploads\/2024\/10\/eclairage-salle-a-manger-1024x1536.jpg 1024w, https:\/\/pipcke.fr\/idees-deco\/wp-content\/uploads\/2024\/10\/eclairage-salle-a-manger-1365x2048.jpg 1365w, https:\/\/pipcke.fr\/idees-deco\/wp-content\/uploads\/2024\/10\/eclairage-salle-a-manger-120x180.jpg 120w, https:\/\/pipcke.fr\/idees-deco\/wp-content\/uploads\/2024\/10\/eclairage-salle-a-manger-90x135.jpg 90w, https:\/\/pipcke.fr\/idees-deco\/wp-content\/uploads\/2024\/10\/eclairage-salle-a-manger-320x480.jpg 320w, https:\/\/pipcke.fr\/idees-deco\/wp-content\/uploads\/2024\/10\/eclairage-salle-a-manger-560x840.jpg 560w, https:\/\/pipcke.fr\/idees-deco\/wp-content\/uploads\/2024\/10\/eclairage-salle-a-manger-1920x2880.jpg 1920w, https:\/\/pipcke.fr\/idees-deco\/wp-content\/uploads\/2024\/10\/eclairage-salle-a-manger-scaled.jpg 1707w\" sizes=\"auto, (max-width: 1160px) 100vw, 1160px\" \/><\/figure>\n\n\n\n<ol class=\"wp-block-list\" start=\"19\">\n<li><strong>Adoptez les lampadaires en forme de champignons pour une id\u00e9e d\u00e9co salle \u00e0 manger imbattable et tr\u00e8s chic<\/strong><\/li>\n<\/ol>\n\n\n\n<figure class=\"wp-block-image size-large\"><img loading=\"lazy\" decoding=\"async\" width=\"1160\" height=\"1527\" src=\"https:\/\/pipcke.fr\/idees-deco\/wp-content\/uploads\/2024\/10\/eclairage-salle-a-manger-moderne-1160x1527.jpg\" alt=\"Design tr\u00e8s \u00e9l\u00e9gant de l'\u00e9clairage par un lampadaire forme champignon\" class=\"wp-image-15946\" srcset=\"https:\/\/pipcke.fr\/idees-deco\/wp-content\/uploads\/2024\/10\/eclairage-salle-a-manger-moderne-1160x1527.jpg 1160w, https:\/\/pipcke.fr\/idees-deco\/wp-content\/uploads\/2024\/10\/eclairage-salle-a-manger-moderne-800x1053.jpg 800w, https:\/\/pipcke.fr\/idees-deco\/wp-content\/uploads\/2024\/10\/eclairage-salle-a-manger-moderne-1166x1536.jpg 1166w, https:\/\/pipcke.fr\/idees-deco\/wp-content\/uploads\/2024\/10\/eclairage-salle-a-manger-moderne-1555x2048.jpg 1555w, https:\/\/pipcke.fr\/idees-deco\/wp-content\/uploads\/2024\/10\/eclairage-salle-a-manger-moderne-120x158.jpg 120w, https:\/\/pipcke.fr\/idees-deco\/wp-content\/uploads\/2024\/10\/eclairage-salle-a-manger-moderne-90x119.jpg 90w, https:\/\/pipcke.fr\/idees-deco\/wp-content\/uploads\/2024\/10\/eclairage-salle-a-manger-moderne-320x421.jpg 320w, https:\/\/pipcke.fr\/idees-deco\/wp-content\/uploads\/2024\/10\/eclairage-salle-a-manger-moderne-560x737.jpg 560w, https:\/\/pipcke.fr\/idees-deco\/wp-content\/uploads\/2024\/10\/eclairage-salle-a-manger-moderne-1920x2528.jpg 1920w, https:\/\/pipcke.fr\/idees-deco\/wp-content\/uploads\/2024\/10\/eclairage-salle-a-manger-moderne-scaled.jpg 1944w\" sizes=\"auto, (max-width: 1160px) 100vw, 1160px\" \/><\/figure>\n\n\n\n<ol class=\"wp-block-list\" start=\"20\">\n<li><strong>Choisissez carr\u00e9ment le style moderne des lampadaires, mais gardez \u00e0 l&rsquo;esprit que les grandes tendances passent tr\u00e8s vite<\/strong><\/li>\n<\/ol>\n\n\n\n<figure class=\"wp-block-image size-large\"><img loading=\"lazy\" decoding=\"async\" width=\"1160\" height=\"1160\" src=\"https:\/\/pipcke.fr\/idees-deco\/wp-content\/uploads\/2024\/10\/salle-a-manger-eclairage-1160x1160.jpg\" alt=\"\u00c9clairage ultra-moderne d'une salle \u00e0 manger, design futuriste.\" class=\"wp-image-15944\" srcset=\"https:\/\/pipcke.fr\/idees-deco\/wp-content\/uploads\/2024\/10\/salle-a-manger-eclairage-1160x1160.jpg 1160w, https:\/\/pipcke.fr\/idees-deco\/wp-content\/uploads\/2024\/10\/salle-a-manger-eclairage-800x800.jpg 800w, https:\/\/pipcke.fr\/idees-deco\/wp-content\/uploads\/2024\/10\/salle-a-manger-eclairage-1536x1536.jpg 1536w, https:\/\/pipcke.fr\/idees-deco\/wp-content\/uploads\/2024\/10\/salle-a-manger-eclairage-2048x2048.jpg 2048w, https:\/\/pipcke.fr\/idees-deco\/wp-content\/uploads\/2024\/10\/salle-a-manger-eclairage-80x80.jpg 80w, https:\/\/pipcke.fr\/idees-deco\/wp-content\/uploads\/2024\/10\/salle-a-manger-eclairage-120x120.jpg 120w, https:\/\/pipcke.fr\/idees-deco\/wp-content\/uploads\/2024\/10\/salle-a-manger-eclairage-90x90.jpg 90w, https:\/\/pipcke.fr\/idees-deco\/wp-content\/uploads\/2024\/10\/salle-a-manger-eclairage-320x320.jpg 320w, https:\/\/pipcke.fr\/idees-deco\/wp-content\/uploads\/2024\/10\/salle-a-manger-eclairage-560x560.jpg 560w, https:\/\/pipcke.fr\/idees-deco\/wp-content\/uploads\/2024\/10\/salle-a-manger-eclairage-1920x1920.jpg 1920w, https:\/\/pipcke.fr\/idees-deco\/wp-content\/uploads\/2024\/10\/salle-a-manger-eclairage-scaled.jpg 2560w\" sizes=\"auto, (max-width: 1160px) 100vw, 1160px\" \/><\/figure>\n\n\n\n<h2 class=\"wp-block-heading\" id=\"h-decorations-de-table-bouquets-fruits-ou-bougies\"><span id=\"decorations-de-table-bouquets-fruits-ou-bougies\">D\u00e9corations de table : bouquets, fruits ou bougies<\/span><\/h2>\n\n\n\n<ol class=\"wp-block-list\" start=\"21\">\n<li><strong>S\u00e9lectionnez le plus \u00e9l\u00e9gant : un bouquet de fleurs naturelles<\/strong><\/li>\n<\/ol>\n\n\n\n<figure class=\"wp-block-image size-large\"><img loading=\"lazy\" decoding=\"async\" width=\"1160\" height=\"1160\" src=\"https:\/\/pipcke.fr\/idees-deco\/wp-content\/uploads\/2024\/10\/deco-salle-a-manger--1160x1160.jpg\" alt=\"Accessoires et d\u00e9coration salle \u00e0 manger, pot de fleurs dess\u00e9ch\u00e9es couleur bleue.\" class=\"wp-image-15947\" srcset=\"https:\/\/pipcke.fr\/idees-deco\/wp-content\/uploads\/2024\/10\/deco-salle-a-manger--1160x1160.jpg 1160w, https:\/\/pipcke.fr\/idees-deco\/wp-content\/uploads\/2024\/10\/deco-salle-a-manger--800x800.jpg 800w, https:\/\/pipcke.fr\/idees-deco\/wp-content\/uploads\/2024\/10\/deco-salle-a-manger--1536x1536.jpg 1536w, https:\/\/pipcke.fr\/idees-deco\/wp-content\/uploads\/2024\/10\/deco-salle-a-manger--80x80.jpg 80w, https:\/\/pipcke.fr\/idees-deco\/wp-content\/uploads\/2024\/10\/deco-salle-a-manger--120x120.jpg 120w, https:\/\/pipcke.fr\/idees-deco\/wp-content\/uploads\/2024\/10\/deco-salle-a-manger--90x90.jpg 90w, https:\/\/pipcke.fr\/idees-deco\/wp-content\/uploads\/2024\/10\/deco-salle-a-manger--320x320.jpg 320w, https:\/\/pipcke.fr\/idees-deco\/wp-content\/uploads\/2024\/10\/deco-salle-a-manger--560x560.jpg 560w, https:\/\/pipcke.fr\/idees-deco\/wp-content\/uploads\/2024\/10\/deco-salle-a-manger--1920x1920.jpg 1920w, https:\/\/pipcke.fr\/idees-deco\/wp-content\/uploads\/2024\/10\/deco-salle-a-manger-.jpg 2048w\" sizes=\"auto, (max-width: 1160px) 100vw, 1160px\" \/><\/figure>\n\n\n\n<p>Vous souhaitez cr\u00e9er une ambiance cosy et authentique ? D\u00e9couvrez dans cet article 16 <a href=\"https:\/\/pipcke.fr\/idees-deco\/inspirations-deco\/deco-murale-bois\/\" target=\"_blank\" rel=\"noreferrer noopener\">id\u00e9es d\u00e9co murale en bois<\/a> qui apportent du style \u00e0 votre int\u00e9rieur.<\/p>\n\n\n\n<ol class=\"wp-block-list\" start=\"22\">\n<li><strong>Pr\u00e9f\u00e9rez un bouquet de fleurs et de fruits s\u00e9ch\u00e9s ; l&rsquo;avantage est que vous n\u2019avez pas besoin de les changer tous les jours<\/strong><\/li>\n<\/ol>\n\n\n\n<figure class=\"wp-block-image size-large\"><img loading=\"lazy\" decoding=\"async\" width=\"1160\" height=\"1160\" src=\"https:\/\/pipcke.fr\/idees-deco\/wp-content\/uploads\/2024\/10\/deco-accessoires-salle-a-manger-1160x1160.jpg\" alt=\"Pot de fleurs et fruits dess\u00e9ch\u00e9es, accessoire salle \u00e0 manger.\" class=\"wp-image-15948\" srcset=\"https:\/\/pipcke.fr\/idees-deco\/wp-content\/uploads\/2024\/10\/deco-accessoires-salle-a-manger-1160x1160.jpg 1160w, https:\/\/pipcke.fr\/idees-deco\/wp-content\/uploads\/2024\/10\/deco-accessoires-salle-a-manger-800x800.jpg 800w, https:\/\/pipcke.fr\/idees-deco\/wp-content\/uploads\/2024\/10\/deco-accessoires-salle-a-manger-1536x1536.jpg 1536w, https:\/\/pipcke.fr\/idees-deco\/wp-content\/uploads\/2024\/10\/deco-accessoires-salle-a-manger-2048x2048.jpg 2048w, https:\/\/pipcke.fr\/idees-deco\/wp-content\/uploads\/2024\/10\/deco-accessoires-salle-a-manger-80x80.jpg 80w, https:\/\/pipcke.fr\/idees-deco\/wp-content\/uploads\/2024\/10\/deco-accessoires-salle-a-manger-120x120.jpg 120w, https:\/\/pipcke.fr\/idees-deco\/wp-content\/uploads\/2024\/10\/deco-accessoires-salle-a-manger-90x90.jpg 90w, https:\/\/pipcke.fr\/idees-deco\/wp-content\/uploads\/2024\/10\/deco-accessoires-salle-a-manger-320x320.jpg 320w, https:\/\/pipcke.fr\/idees-deco\/wp-content\/uploads\/2024\/10\/deco-accessoires-salle-a-manger-560x560.jpg 560w, https:\/\/pipcke.fr\/idees-deco\/wp-content\/uploads\/2024\/10\/deco-accessoires-salle-a-manger-1920x1920.jpg 1920w, https:\/\/pipcke.fr\/idees-deco\/wp-content\/uploads\/2024\/10\/deco-accessoires-salle-a-manger-scaled.jpg 2560w\" sizes=\"auto, (max-width: 1160px) 100vw, 1160px\" \/><\/figure>\n\n\n\n<ol class=\"wp-block-list\" start=\"23\">\n<li><strong>Choisissez le plus classique \u00e0 poser sur votre table \u00e0 manger : les bougies qui cr\u00e9ent une ambiance de tranquillit\u00e9 et de romantisme<\/strong><\/li>\n<\/ol>\n\n\n\n<figure class=\"wp-block-image size-large\"><img loading=\"lazy\" decoding=\"async\" width=\"1160\" height=\"928\" src=\"https:\/\/pipcke.fr\/idees-deco\/wp-content\/uploads\/2024\/10\/accessoire-bougie-salle-a-manger-1160x928.jpg\" alt=\"L'\u00e9clairage de la salle \u00e0 manger par des bougies fournie une ambiance romantique.\" class=\"wp-image-15949\" srcset=\"https:\/\/pipcke.fr\/idees-deco\/wp-content\/uploads\/2024\/10\/accessoire-bougie-salle-a-manger-1160x928.jpg 1160w, https:\/\/pipcke.fr\/idees-deco\/wp-content\/uploads\/2024\/10\/accessoire-bougie-salle-a-manger-800x640.jpg 800w, https:\/\/pipcke.fr\/idees-deco\/wp-content\/uploads\/2024\/10\/accessoire-bougie-salle-a-manger-1536x1229.jpg 1536w, https:\/\/pipcke.fr\/idees-deco\/wp-content\/uploads\/2024\/10\/accessoire-bougie-salle-a-manger-2048x1638.jpg 2048w, https:\/\/pipcke.fr\/idees-deco\/wp-content\/uploads\/2024\/10\/accessoire-bougie-salle-a-manger-120x96.jpg 120w, https:\/\/pipcke.fr\/idees-deco\/wp-content\/uploads\/2024\/10\/accessoire-bougie-salle-a-manger-90x72.jpg 90w, https:\/\/pipcke.fr\/idees-deco\/wp-content\/uploads\/2024\/10\/accessoire-bougie-salle-a-manger-320x256.jpg 320w, https:\/\/pipcke.fr\/idees-deco\/wp-content\/uploads\/2024\/10\/accessoire-bougie-salle-a-manger-560x448.jpg 560w, https:\/\/pipcke.fr\/idees-deco\/wp-content\/uploads\/2024\/10\/accessoire-bougie-salle-a-manger-1920x1536.jpg 1920w, https:\/\/pipcke.fr\/idees-deco\/wp-content\/uploads\/2024\/10\/accessoire-bougie-salle-a-manger-scaled.jpg 2560w\" sizes=\"auto, (max-width: 1160px) 100vw, 1160px\" \/><\/figure>\n\n\n\n<p>Ces <strong>id\u00e9es d\u00e9co salle \u00e0 manger<\/strong> cr\u00e9ent un espace chaleureux, tendance et \u00e0 votre go\u00fbt. Que vous pr\u00e9f\u00e9riez un style moderne, boh\u00e9mien ou classique, chaque d\u00e9tail compte pour transformer votre salle \u00e0 manger en un lieu accueillant et convivial. Assurez-vous de jouer avec les textures, les couleurs et la lumi\u00e8re pour cr\u00e9er l&rsquo;ambiance parfaite \u00e0 chaque repas.<\/p>\n","protected":false},"excerpt":{"rendered":"<p>Merci de votre fid\u00e9lit\u00e9 \u00e0 nos articles. Voici 21 id\u00e9es d\u00e9co salle \u00e0 manger pratique, hyper tendance, chic, et \u00e0 votre go\u00fbt.<\/p>\n","protected":false},"author":18,"featured_media":16176,"comment_status":"closed","ping_status":"closed","sticky":false,"template":"","format":"standard","meta":{"inline_featured_image":false,"footnotes":""},"categories":[27],"tags":[162,64,84,28,38,147,148,155,35,107,19],"powerkit_post_featured":[2,7,4,5,9],"class_list":{"0":"post-15920","1":"post","2":"type-post","3":"status-publish","4":"format-standard","5":"has-post-thumbnail","7":"category-inspirations-deco","8":"tag-conseils-deco","9":"tag-couleurs","10":"tag-deco","11":"tag-decoration","12":"tag-idees","13":"tag-idees-deco","14":"tag-inspirations-deco","15":"tag-inspirations-deco-salon","16":"tag-mobilier","17":"tag-salle-a-manger","18":"tag-tendances"},"yoast_head":"<!-- This site is optimized with the Yoast SEO Premium plugin v22.3 (Yoast SEO v27.9) - https:\/\/yoast.com\/product\/yoast-seo-premium-wordpress\/ -->\n<title>23 id\u00e9es d\u00e9co salle \u00e0 manger \u00e0 adopter sans h\u00e9sitation<\/title>\n<meta name=\"description\" content=\"23 id\u00e9es d\u00e9co salle \u00e0 manger incontournables pour un espace chic et chaleureux, \u00e0 adopter sans h\u00e9siter pour transformer votre int\u00e9rieur.\" \/>\n<meta name=\"robots\" content=\"index, follow, max-snippet:-1, max-image-preview:large, max-video-preview:-1\" \/>\n<link rel=\"canonical\" href=\"https:\/\/pipcke.fr\/idees-deco\/inspirations-deco\/idees-deco-salle-a-manger\/\" \/>\n<meta property=\"og:locale\" content=\"fr_FR\" \/>\n<meta property=\"og:type\" content=\"article\" \/>\n<meta property=\"og:title\" content=\"23 id\u00e9es d\u00e9co salle \u00e0 manger \u00e0 adopter sans h\u00e9sitation\" \/>\n<meta property=\"og:description\" content=\"Merci de votre fid\u00e9lit\u00e9 \u00e0 nos articles. Voici 21 id\u00e9es d\u00e9co salle \u00e0 manger pratique, hyper tendance, chic, et \u00e0 votre go\u00fbt.\" \/>\n<meta property=\"og:url\" content=\"https:\/\/pipcke.fr\/idees-deco\/inspirations-deco\/idees-deco-salle-a-manger\/\" \/>\n<meta property=\"og:site_name\" content=\"Pipcke\" \/>\n<meta property=\"article:publisher\" content=\"https:\/\/www.facebook.com\/Pipcke\" \/>\n<meta property=\"article:published_time\" content=\"2024-10-24T11:17:00+00:00\" \/>\n<meta property=\"article:modified_time\" content=\"2024-10-24T11:20:22+00:00\" \/>\n<meta property=\"og:image\" content=\"https:\/\/pipcke.fr\/idees-deco\/wp-content\/uploads\/2024\/10\/idees-deco-salle-a-manger-moderne.jpeg\" \/>\n\t<meta property=\"og:image:width\" content=\"1408\" \/>\n\t<meta property=\"og:image:height\" content=\"704\" \/>\n\t<meta property=\"og:image:type\" content=\"image\/jpeg\" \/>\n<meta name=\"author\" content=\"Fatina Sleiman\" \/>\n<meta name=\"twitter:card\" content=\"summary_large_image\" \/>\n<meta name=\"twitter:title\" content=\"23 id\u00e9es d\u00e9co salle \u00e0 manger \u00e0 adopter sans h\u00e9sitation\" \/>\n<meta name=\"twitter:description\" content=\"Merci de votre fid\u00e9lit\u00e9 \u00e0 nos articles. Voici 21 id\u00e9es d\u00e9co salle \u00e0 manger pratique, hyper tendance, chic, et \u00e0 votre go\u00fbt.\" \/>\n<meta name=\"twitter:creator\" content=\"@pipcke\" \/>\n<meta name=\"twitter:site\" content=\"@pipcke\" \/>\n<meta name=\"twitter:label1\" content=\"\u00c9crit par\" \/>\n\t<meta name=\"twitter:data1\" content=\"Fatina Sleiman\" \/>\n\t<meta name=\"twitter:label2\" content=\"Dur\u00e9e de lecture estim\u00e9e\" \/>\n\t<meta name=\"twitter:data2\" content=\"9 minutes\" \/>\n<script type=\"application\/ld+json\" class=\"yoast-schema-graph\">{\"@context\":\"https:\\\/\\\/schema.org\",\"@graph\":[{\"@type\":[\"Article\",\"BlogPosting\"],\"@id\":\"https:\\\/\\\/pipcke.fr\\\/idees-deco\\\/inspirations-deco\\\/idees-deco-salle-a-manger\\\/#article\",\"isPartOf\":{\"@id\":\"https:\\\/\\\/pipcke.fr\\\/idees-deco\\\/inspirations-deco\\\/idees-deco-salle-a-manger\\\/\"},\"author\":{\"name\":\"Fatina Sleiman\",\"@id\":\"https:\\\/\\\/pipcke.fr\\\/idees-deco\\\/#\\\/schema\\\/person\\\/8b5506de5e3c01d4bdf4d6eec0847e64\"},\"headline\":\"23 id\u00e9es d\u00e9co salle \u00e0 manger \u00e0 adopter sans h\u00e9sitation\",\"datePublished\":\"2024-10-24T11:17:00+00:00\",\"dateModified\":\"2024-10-24T11:20:22+00:00\",\"mainEntityOfPage\":{\"@id\":\"https:\\\/\\\/pipcke.fr\\\/idees-deco\\\/inspirations-deco\\\/idees-deco-salle-a-manger\\\/\"},\"wordCount\":689,\"publisher\":{\"@id\":\"https:\\\/\\\/pipcke.fr\\\/idees-deco\\\/#organization\"},\"image\":{\"@id\":\"https:\\\/\\\/pipcke.fr\\\/idees-deco\\\/inspirations-deco\\\/idees-deco-salle-a-manger\\\/#primaryimage\"},\"thumbnailUrl\":\"https:\\\/\\\/pipcke.fr\\\/idees-deco\\\/wp-content\\\/uploads\\\/2024\\\/10\\\/idees-deco-salle-a-manger-moderne.jpeg\",\"keywords\":[\"conseils d\u00e9co\",\"Couleurs\",\"d\u00e9co\",\"D\u00e9coration\",\"Id\u00e9es\",\"Id\u00e9es d\u00e9co\",\"Inspirations d\u00e9co\",\"inspirations d\u00e9co salon\",\"Mobilier\",\"salle \u00e0 manger\",\"Tendances\"],\"articleSection\":[\"Inspirations d\u00e9co\"],\"inLanguage\":\"fr-FR\"},{\"@type\":\"WebPage\",\"@id\":\"https:\\\/\\\/pipcke.fr\\\/idees-deco\\\/inspirations-deco\\\/idees-deco-salle-a-manger\\\/\",\"url\":\"https:\\\/\\\/pipcke.fr\\\/idees-deco\\\/inspirations-deco\\\/idees-deco-salle-a-manger\\\/\",\"name\":\"23 id\u00e9es d\u00e9co salle \u00e0 manger \u00e0 adopter sans h\u00e9sitation\",\"isPartOf\":{\"@id\":\"https:\\\/\\\/pipcke.fr\\\/idees-deco\\\/#website\"},\"primaryImageOfPage\":{\"@id\":\"https:\\\/\\\/pipcke.fr\\\/idees-deco\\\/inspirations-deco\\\/idees-deco-salle-a-manger\\\/#primaryimage\"},\"image\":{\"@id\":\"https:\\\/\\\/pipcke.fr\\\/idees-deco\\\/inspirations-deco\\\/idees-deco-salle-a-manger\\\/#primaryimage\"},\"thumbnailUrl\":\"https:\\\/\\\/pipcke.fr\\\/idees-deco\\\/wp-content\\\/uploads\\\/2024\\\/10\\\/idees-deco-salle-a-manger-moderne.jpeg\",\"datePublished\":\"2024-10-24T11:17:00+00:00\",\"dateModified\":\"2024-10-24T11:20:22+00:00\",\"description\":\"23 id\u00e9es d\u00e9co salle \u00e0 manger incontournables pour un espace chic et chaleureux, \u00e0 adopter sans h\u00e9siter pour transformer votre int\u00e9rieur.\",\"breadcrumb\":{\"@id\":\"https:\\\/\\\/pipcke.fr\\\/idees-deco\\\/inspirations-deco\\\/idees-deco-salle-a-manger\\\/#breadcrumb\"},\"inLanguage\":\"fr-FR\",\"potentialAction\":[{\"@type\":\"ReadAction\",\"target\":[\"https:\\\/\\\/pipcke.fr\\\/idees-deco\\\/inspirations-deco\\\/idees-deco-salle-a-manger\\\/\"]}]},{\"@type\":\"ImageObject\",\"inLanguage\":\"fr-FR\",\"@id\":\"https:\\\/\\\/pipcke.fr\\\/idees-deco\\\/inspirations-deco\\\/idees-deco-salle-a-manger\\\/#primaryimage\",\"url\":\"https:\\\/\\\/pipcke.fr\\\/idees-deco\\\/wp-content\\\/uploads\\\/2024\\\/10\\\/idees-deco-salle-a-manger-moderne.jpeg\",\"contentUrl\":\"https:\\\/\\\/pipcke.fr\\\/idees-deco\\\/wp-content\\\/uploads\\\/2024\\\/10\\\/idees-deco-salle-a-manger-moderne.jpeg\",\"width\":1408,\"height\":704,\"caption\":\"Id\u00e9es d\u00e9co salle \u00e0 manger moderne, avec une grande table, un lustre et un buffet en bois\"},{\"@type\":\"BreadcrumbList\",\"@id\":\"https:\\\/\\\/pipcke.fr\\\/idees-deco\\\/inspirations-deco\\\/idees-deco-salle-a-manger\\\/#breadcrumb\",\"itemListElement\":[{\"@type\":\"ListItem\",\"position\":1,\"name\":\"Accueil\",\"item\":\"https:\\\/\\\/pipcke.fr\\\/idees-deco\\\/\"},{\"@type\":\"ListItem\",\"position\":2,\"name\":\"Inspirations d\u00e9co\",\"item\":\"https:\\\/\\\/pipcke.fr\\\/idees-deco\\\/.\\\/inspirations-deco\\\/\"},{\"@type\":\"ListItem\",\"position\":3,\"name\":\"23 id\u00e9es d\u00e9co salle \u00e0 manger \u00e0 adopter sans h\u00e9sitation\"}]},{\"@type\":\"WebSite\",\"@id\":\"https:\\\/\\\/pipcke.fr\\\/idees-deco\\\/#website\",\"url\":\"https:\\\/\\\/pipcke.fr\\\/idees-deco\\\/\",\"name\":\"Pipcke\",\"description\":\"Id\u00e9es, conseils et inspirations d\u00e9co\",\"publisher\":{\"@id\":\"https:\\\/\\\/pipcke.fr\\\/idees-deco\\\/#organization\"},\"potentialAction\":[{\"@type\":\"SearchAction\",\"target\":{\"@type\":\"EntryPoint\",\"urlTemplate\":\"https:\\\/\\\/pipcke.fr\\\/idees-deco\\\/?s={search_term_string}\"},\"query-input\":{\"@type\":\"PropertyValueSpecification\",\"valueRequired\":true,\"valueName\":\"search_term_string\"}}],\"inLanguage\":\"fr-FR\"},{\"@type\":\"Organization\",\"@id\":\"https:\\\/\\\/pipcke.fr\\\/idees-deco\\\/#organization\",\"name\":\"PIPCKE\",\"alternateName\":\"PIPCKE\",\"url\":\"https:\\\/\\\/pipcke.fr\\\/idees-deco\\\/\",\"logo\":{\"@type\":\"ImageObject\",\"inLanguage\":\"fr-FR\",\"@id\":\"https:\\\/\\\/pipcke.fr\\\/idees-deco\\\/#\\\/schema\\\/logo\\\/image\\\/\",\"url\":\"https:\\\/\\\/pipcke.fr\\\/idees-deco\\\/wp-content\\\/uploads\\\/2020\\\/12\\\/logo-black.svg\",\"contentUrl\":\"https:\\\/\\\/pipcke.fr\\\/idees-deco\\\/wp-content\\\/uploads\\\/2020\\\/12\\\/logo-black.svg\",\"width\":524,\"height\":140,\"caption\":\"PIPCKE\"},\"image\":{\"@id\":\"https:\\\/\\\/pipcke.fr\\\/idees-deco\\\/#\\\/schema\\\/logo\\\/image\\\/\"},\"sameAs\":[\"https:\\\/\\\/www.facebook.com\\\/Pipcke\",\"https:\\\/\\\/x.com\\\/pipcke\",\"https:\\\/\\\/www.instagram.com\\\/pipcke.fr\\\/\",\"https:\\\/\\\/www.linkedin.com\\\/company\\\/pipcke\",\"https:\\\/\\\/www.pinterest.fr\\\/PIPCKE\\\/_created\\\/\",\"https:\\\/\\\/www.youtube.com\\\/channel\\\/UCaYnny5Q4k6HN1s3zr1Gazw\"],\"email\":\"hello@pipcke.fr\",\"telephone\":\"0184802084\",\"legalName\":\"Pipcke\"},{\"@type\":\"Person\",\"@id\":\"https:\\\/\\\/pipcke.fr\\\/idees-deco\\\/#\\\/schema\\\/person\\\/8b5506de5e3c01d4bdf4d6eec0847e64\",\"name\":\"Fatina Sleiman\",\"image\":{\"@type\":\"ImageObject\",\"inLanguage\":\"fr-FR\",\"@id\":\"https:\\\/\\\/secure.gravatar.com\\\/avatar\\\/33adce8ac61f425fd715619b70468232eba35ea2a75e2245c576d75661f4f516?s=96&d=mm&r=g\",\"url\":\"https:\\\/\\\/secure.gravatar.com\\\/avatar\\\/33adce8ac61f425fd715619b70468232eba35ea2a75e2245c576d75661f4f516?s=96&d=mm&r=g\",\"contentUrl\":\"https:\\\/\\\/secure.gravatar.com\\\/avatar\\\/33adce8ac61f425fd715619b70468232eba35ea2a75e2245c576d75661f4f516?s=96&d=mm&r=g\",\"caption\":\"Fatina Sleiman\"},\"description\":\"Fatina est la r\u00e9dactrice sp\u00e9cialis\u00e9e de Pipcke pour toutes les th\u00e9matiques li\u00e9es \u00e0 la couleur, aux peintures et \u00e0 la perception visuelle de l\u2019habitat. Son travail d\u2019analyse se concentre sur la mani\u00e8re dont les teintes, les contrastes et les finitions influencent les volumes et l'atmosph\u00e8re d'un int\u00e9rieur. \u00c0 travers ses articles et guides pratiques, Fatina d\u00e9crypte comment la peinture s'impose comme un v\u00e9ritable levier d'agencement : La correction des volumes et des perspectives : agrandir visuellement un couloir \u00e9troit, \u00e9lever un plafond ou structurer une pi\u00e8ce de vie par la couleur. L'art du mur d'accent et des associations : choisir le bon mur \u00e0 peindre dans une chambre, un salon ou une cuisine et marier deux couleurs sans encombrer le regard. La r\u00e9novation et la revalorisation : s\u00e9lectionner les meilleures teintes pour repeindre et moderniser du mobilier en bois ou des \u00e9l\u00e9ments architecturaux. Son objectif \u00e0 travers chaque guide est de fournir aux lecteurs des conseils clairs, techniques et imm\u00e9diatement applicables pour transformer leurs espaces en jouant simplement sur la lumi\u00e8re et les harmonies chromatiques.\",\"url\":\"https:\\\/\\\/pipcke.fr\\\/idees-deco\\\/auteur\\\/fatina-sleiman\\\/\"}]}<\/script>\n<!-- \/ Yoast SEO Premium plugin. -->","yoast_head_json":{"title":"23 id\u00e9es d\u00e9co salle \u00e0 manger \u00e0 adopter sans h\u00e9sitation","description":"23 id\u00e9es d\u00e9co salle \u00e0 manger incontournables pour un espace chic et chaleureux, \u00e0 adopter sans h\u00e9siter pour transformer votre int\u00e9rieur.","robots":{"index":"index","follow":"follow","max-snippet":"max-snippet:-1","max-image-preview":"max-image-preview:large","max-video-preview":"max-video-preview:-1"},"canonical":"https:\/\/pipcke.fr\/idees-deco\/inspirations-deco\/idees-deco-salle-a-manger\/","og_locale":"fr_FR","og_type":"article","og_title":"23 id\u00e9es d\u00e9co salle \u00e0 manger \u00e0 adopter sans h\u00e9sitation","og_description":"Merci de votre fid\u00e9lit\u00e9 \u00e0 nos articles. Voici 21 id\u00e9es d\u00e9co salle \u00e0 manger pratique, hyper tendance, chic, et \u00e0 votre go\u00fbt.","og_url":"https:\/\/pipcke.fr\/idees-deco\/inspirations-deco\/idees-deco-salle-a-manger\/","og_site_name":"Pipcke","article_publisher":"https:\/\/www.facebook.com\/Pipcke","article_published_time":"2024-10-24T11:17:00+00:00","article_modified_time":"2024-10-24T11:20:22+00:00","og_image":[{"width":1408,"height":704,"url":"https:\/\/pipcke.fr\/idees-deco\/wp-content\/uploads\/2024\/10\/idees-deco-salle-a-manger-moderne.jpeg","type":"image\/jpeg"}],"author":"Fatina Sleiman","twitter_card":"summary_large_image","twitter_title":"23 id\u00e9es d\u00e9co salle \u00e0 manger \u00e0 adopter sans h\u00e9sitation","twitter_description":"Merci de votre fid\u00e9lit\u00e9 \u00e0 nos articles. Voici 21 id\u00e9es d\u00e9co salle \u00e0 manger pratique, hyper tendance, chic, et \u00e0 votre go\u00fbt.","twitter_creator":"@pipcke","twitter_site":"@pipcke","twitter_misc":{"\u00c9crit par":"Fatina Sleiman","Dur\u00e9e de lecture estim\u00e9e":"9 minutes"},"schema":{"@context":"https:\/\/schema.org","@graph":[{"@type":["Article","BlogPosting"],"@id":"https:\/\/pipcke.fr\/idees-deco\/inspirations-deco\/idees-deco-salle-a-manger\/#article","isPartOf":{"@id":"https:\/\/pipcke.fr\/idees-deco\/inspirations-deco\/idees-deco-salle-a-manger\/"},"author":{"name":"Fatina Sleiman","@id":"https:\/\/pipcke.fr\/idees-deco\/#\/schema\/person\/8b5506de5e3c01d4bdf4d6eec0847e64"},"headline":"23 id\u00e9es d\u00e9co salle \u00e0 manger \u00e0 adopter sans h\u00e9sitation","datePublished":"2024-10-24T11:17:00+00:00","dateModified":"2024-10-24T11:20:22+00:00","mainEntityOfPage":{"@id":"https:\/\/pipcke.fr\/idees-deco\/inspirations-deco\/idees-deco-salle-a-manger\/"},"wordCount":689,"publisher":{"@id":"https:\/\/pipcke.fr\/idees-deco\/#organization"},"image":{"@id":"https:\/\/pipcke.fr\/idees-deco\/inspirations-deco\/idees-deco-salle-a-manger\/#primaryimage"},"thumbnailUrl":"https:\/\/pipcke.fr\/idees-deco\/wp-content\/uploads\/2024\/10\/idees-deco-salle-a-manger-moderne.jpeg","keywords":["conseils d\u00e9co","Couleurs","d\u00e9co","D\u00e9coration","Id\u00e9es","Id\u00e9es d\u00e9co","Inspirations d\u00e9co","inspirations d\u00e9co salon","Mobilier","salle \u00e0 manger","Tendances"],"articleSection":["Inspirations d\u00e9co"],"inLanguage":"fr-FR"},{"@type":"WebPage","@id":"https:\/\/pipcke.fr\/idees-deco\/inspirations-deco\/idees-deco-salle-a-manger\/","url":"https:\/\/pipcke.fr\/idees-deco\/inspirations-deco\/idees-deco-salle-a-manger\/","name":"23 id\u00e9es d\u00e9co salle \u00e0 manger \u00e0 adopter sans h\u00e9sitation","isPartOf":{"@id":"https:\/\/pipcke.fr\/idees-deco\/#website"},"primaryImageOfPage":{"@id":"https:\/\/pipcke.fr\/idees-deco\/inspirations-deco\/idees-deco-salle-a-manger\/#primaryimage"},"image":{"@id":"https:\/\/pipcke.fr\/idees-deco\/inspirations-deco\/idees-deco-salle-a-manger\/#primaryimage"},"thumbnailUrl":"https:\/\/pipcke.fr\/idees-deco\/wp-content\/uploads\/2024\/10\/idees-deco-salle-a-manger-moderne.jpeg","datePublished":"2024-10-24T11:17:00+00:00","dateModified":"2024-10-24T11:20:22+00:00","description":"23 id\u00e9es d\u00e9co salle \u00e0 manger incontournables pour un espace chic et chaleureux, \u00e0 adopter sans h\u00e9siter pour transformer votre int\u00e9rieur.","breadcrumb":{"@id":"https:\/\/pipcke.fr\/idees-deco\/inspirations-deco\/idees-deco-salle-a-manger\/#breadcrumb"},"inLanguage":"fr-FR","potentialAction":[{"@type":"ReadAction","target":["https:\/\/pipcke.fr\/idees-deco\/inspirations-deco\/idees-deco-salle-a-manger\/"]}]},{"@type":"ImageObject","inLanguage":"fr-FR","@id":"https:\/\/pipcke.fr\/idees-deco\/inspirations-deco\/idees-deco-salle-a-manger\/#primaryimage","url":"https:\/\/pipcke.fr\/idees-deco\/wp-content\/uploads\/2024\/10\/idees-deco-salle-a-manger-moderne.jpeg","contentUrl":"https:\/\/pipcke.fr\/idees-deco\/wp-content\/uploads\/2024\/10\/idees-deco-salle-a-manger-moderne.jpeg","width":1408,"height":704,"caption":"Id\u00e9es d\u00e9co salle \u00e0 manger moderne, avec une grande table, un lustre et un buffet en bois"},{"@type":"BreadcrumbList","@id":"https:\/\/pipcke.fr\/idees-deco\/inspirations-deco\/idees-deco-salle-a-manger\/#breadcrumb","itemListElement":[{"@type":"ListItem","position":1,"name":"Accueil","item":"https:\/\/pipcke.fr\/idees-deco\/"},{"@type":"ListItem","position":2,"name":"Inspirations d\u00e9co","item":"https:\/\/pipcke.fr\/idees-deco\/.\/inspirations-deco\/"},{"@type":"ListItem","position":3,"name":"23 id\u00e9es d\u00e9co salle \u00e0 manger \u00e0 adopter sans h\u00e9sitation"}]},{"@type":"WebSite","@id":"https:\/\/pipcke.fr\/idees-deco\/#website","url":"https:\/\/pipcke.fr\/idees-deco\/","name":"Pipcke","description":"Id\u00e9es, conseils et inspirations d\u00e9co","publisher":{"@id":"https:\/\/pipcke.fr\/idees-deco\/#organization"},"potentialAction":[{"@type":"SearchAction","target":{"@type":"EntryPoint","urlTemplate":"https:\/\/pipcke.fr\/idees-deco\/?s={search_term_string}"},"query-input":{"@type":"PropertyValueSpecification","valueRequired":true,"valueName":"search_term_string"}}],"inLanguage":"fr-FR"},{"@type":"Organization","@id":"https:\/\/pipcke.fr\/idees-deco\/#organization","name":"PIPCKE","alternateName":"PIPCKE","url":"https:\/\/pipcke.fr\/idees-deco\/","logo":{"@type":"ImageObject","inLanguage":"fr-FR","@id":"https:\/\/pipcke.fr\/idees-deco\/#\/schema\/logo\/image\/","url":"https:\/\/pipcke.fr\/idees-deco\/wp-content\/uploads\/2020\/12\/logo-black.svg","contentUrl":"https:\/\/pipcke.fr\/idees-deco\/wp-content\/uploads\/2020\/12\/logo-black.svg","width":524,"height":140,"caption":"PIPCKE"},"image":{"@id":"https:\/\/pipcke.fr\/idees-deco\/#\/schema\/logo\/image\/"},"sameAs":["https:\/\/www.facebook.com\/Pipcke","https:\/\/x.com\/pipcke","https:\/\/www.instagram.com\/pipcke.fr\/","https:\/\/www.linkedin.com\/company\/pipcke","https:\/\/www.pinterest.fr\/PIPCKE\/_created\/","https:\/\/www.youtube.com\/channel\/UCaYnny5Q4k6HN1s3zr1Gazw"],"email":"hello@pipcke.fr","telephone":"0184802084","legalName":"Pipcke"},{"@type":"Person","@id":"https:\/\/pipcke.fr\/idees-deco\/#\/schema\/person\/8b5506de5e3c01d4bdf4d6eec0847e64","name":"Fatina Sleiman","image":{"@type":"ImageObject","inLanguage":"fr-FR","@id":"https:\/\/secure.gravatar.com\/avatar\/33adce8ac61f425fd715619b70468232eba35ea2a75e2245c576d75661f4f516?s=96&d=mm&r=g","url":"https:\/\/secure.gravatar.com\/avatar\/33adce8ac61f425fd715619b70468232eba35ea2a75e2245c576d75661f4f516?s=96&d=mm&r=g","contentUrl":"https:\/\/secure.gravatar.com\/avatar\/33adce8ac61f425fd715619b70468232eba35ea2a75e2245c576d75661f4f516?s=96&d=mm&r=g","caption":"Fatina Sleiman"},"description":"Fatina est la r\u00e9dactrice sp\u00e9cialis\u00e9e de Pipcke pour toutes les th\u00e9matiques li\u00e9es \u00e0 la couleur, aux peintures et \u00e0 la perception visuelle de l\u2019habitat. Son travail d\u2019analyse se concentre sur la mani\u00e8re dont les teintes, les contrastes et les finitions influencent les volumes et l'atmosph\u00e8re d'un int\u00e9rieur. \u00c0 travers ses articles et guides pratiques, Fatina d\u00e9crypte comment la peinture s'impose comme un v\u00e9ritable levier d'agencement : La correction des volumes et des perspectives : agrandir visuellement un couloir \u00e9troit, \u00e9lever un plafond ou structurer une pi\u00e8ce de vie par la couleur. L'art du mur d'accent et des associations : choisir le bon mur \u00e0 peindre dans une chambre, un salon ou une cuisine et marier deux couleurs sans encombrer le regard. La r\u00e9novation et la revalorisation : s\u00e9lectionner les meilleures teintes pour repeindre et moderniser du mobilier en bois ou des \u00e9l\u00e9ments architecturaux. Son objectif \u00e0 travers chaque guide est de fournir aux lecteurs des conseils clairs, techniques et imm\u00e9diatement applicables pour transformer leurs espaces en jouant simplement sur la lumi\u00e8re et les harmonies chromatiques.","url":"https:\/\/pipcke.fr\/idees-deco\/auteur\/fatina-sleiman\/"}]}},"_links":{"self":[{"href":"https:\/\/pipcke.fr\/idees-deco\/wp-json\/wp\/v2\/posts\/15920","targetHints":{"allow":["GET"]}}],"collection":[{"href":"https:\/\/pipcke.fr\/idees-deco\/wp-json\/wp\/v2\/posts"}],"about":[{"href":"https:\/\/pipcke.fr\/idees-deco\/wp-json\/wp\/v2\/types\/post"}],"author":[{"embeddable":true,"href":"https:\/\/pipcke.fr\/idees-deco\/wp-json\/wp\/v2\/users\/18"}],"replies":[{"embeddable":true,"href":"https:\/\/pipcke.fr\/idees-deco\/wp-json\/wp\/v2\/comments?post=15920"}],"version-history":[{"count":20,"href":"https:\/\/pipcke.fr\/idees-deco\/wp-json\/wp\/v2\/posts\/15920\/revisions"}],"predecessor-version":[{"id":16179,"href":"https:\/\/pipcke.fr\/idees-deco\/wp-json\/wp\/v2\/posts\/15920\/revisions\/16179"}],"wp:featuredmedia":[{"embeddable":true,"href":"https:\/\/pipcke.fr\/idees-deco\/wp-json\/wp\/v2\/media\/16176"}],"wp:attachment":[{"href":"https:\/\/pipcke.fr\/idees-deco\/wp-json\/wp\/v2\/media?parent=15920"}],"wp:term":[{"taxonomy":"category","embeddable":true,"href":"https:\/\/pipcke.fr\/idees-deco\/wp-json\/wp\/v2\/categories?post=15920"},{"taxonomy":"post_tag","embeddable":true,"href":"https:\/\/pipcke.fr\/idees-deco\/wp-json\/wp\/v2\/tags?post=15920"},{"taxonomy":"powerkit_post_featured","embeddable":true,"href":"https:\/\/pipcke.fr\/idees-deco\/wp-json\/wp\/v2\/powerkit_post_featured?post=15920"}],"curies":[{"name":"wp","href":"https:\/\/api.w.org\/{rel}","templated":true}]}}