{"id":15216,"date":"2024-09-27T19:43:23","date_gmt":"2024-09-27T17:43:23","guid":{"rendered":"https:\/\/pipcke.fr\/idees-deco\/?p=15216"},"modified":"2024-09-27T19:43:24","modified_gmt":"2024-09-27T17:43:24","slug":"deco-chambre-bebe","status":"publish","type":"post","link":"https:\/\/pipcke.fr\/idees-deco\/inspirations-deco\/deco-chambre-bebe\/","title":{"rendered":"D\u00e9co chambre b\u00e9b\u00e9 : 15 id\u00e9es pour cr\u00e9er un univers apaisant"},"content":{"rendered":"<div id=\"bsf_rt_marker\"><\/div>\n<p>Hola les loulous ! En mati\u00e8re de <strong>d\u00e9co chambre b\u00e9b\u00e9<\/strong>, que vous soyez enceinte ou d\u00e9j\u00e0 maman, l\u2019am\u00e9nagement est essentiel pour cr\u00e9er un univers apaisant.&nbsp;<\/p>\n\n\n\n<p>La s\u00e9curit\u00e9 et l&rsquo;hygi\u00e8ne sont primordiales.<\/p>\n\n\n\n<p>Ces<strong> 15 id\u00e9es<\/strong> vous guideront pour am\u00e9nager un espace parfait pour votre bambin.<\/p>\n\n\n\n<p>Tout d\u2019abord, il faut choisir une d\u00e9coration adapt\u00e9e \u00e0 votre b\u00e9b\u00e9. La base de la d\u00e9coration commence par les murs.<\/p>\n\n\n\n<figure class=\"wp-block-image size-large\"><a href=\"https:\/\/pipcke.fr\/quiz\"><img loading=\"lazy\" decoding=\"async\" width=\"1160\" height=\"387\" src=\"https:\/\/pipcke.fr\/idees-deco\/wp-content\/uploads\/2023\/11\/decouvrir-mon-style-logo-pipcke-1160x387.png\" alt=\"banni\u00e8re d\u00e9couvrir mon style pipcke\" class=\"wp-image-8931\" srcset=\"https:\/\/pipcke.fr\/idees-deco\/wp-content\/uploads\/2023\/11\/decouvrir-mon-style-logo-pipcke-1160x387.png 1160w, https:\/\/pipcke.fr\/idees-deco\/wp-content\/uploads\/2023\/11\/decouvrir-mon-style-logo-pipcke-800x267.png 800w, https:\/\/pipcke.fr\/idees-deco\/wp-content\/uploads\/2023\/11\/decouvrir-mon-style-logo-pipcke-120x40.png 120w, https:\/\/pipcke.fr\/idees-deco\/wp-content\/uploads\/2023\/11\/decouvrir-mon-style-logo-pipcke-90x30.png 90w, https:\/\/pipcke.fr\/idees-deco\/wp-content\/uploads\/2023\/11\/decouvrir-mon-style-logo-pipcke-320x107.png 320w, https:\/\/pipcke.fr\/idees-deco\/wp-content\/uploads\/2023\/11\/decouvrir-mon-style-logo-pipcke-560x187.png 560w, https:\/\/pipcke.fr\/idees-deco\/wp-content\/uploads\/2023\/11\/decouvrir-mon-style-logo-pipcke.png 1500w\" sizes=\"auto, (max-width: 1160px) 100vw, 1160px\" \/><\/a><\/figure>\n\n\n\n<h2 class=\"wp-block-heading\" id=\"h-choix-de-palette-de-couleurs\"><span id=\"choix-de-palette-de-couleurs\"><strong>Choix de palette de couleurs<\/strong><\/span><\/h2>\n\n\n\n<p>Utilisez une palette de couleurs pastel, tr\u00e8s recommand\u00e9e pour la chambre de b\u00e9b\u00e9. Vous pouvez l&rsquo;associer avec des couleurs vives.<\/p>\n\n\n\n<ol class=\"wp-block-list\">\n<li><strong>Choisissez la couleur blanche : couleur basique que vous pouvez marier avec d&rsquo;autres couleurs vives comme le jaune<\/strong><\/li>\n<\/ol>\n\n\n\n<figure class=\"wp-block-image size-large\"><img loading=\"lazy\" decoding=\"async\" width=\"1160\" height=\"1160\" src=\"https:\/\/pipcke.fr\/idees-deco\/wp-content\/uploads\/2024\/09\/chambre-be-be-couleur-blanche-1160x1160.jpg\" alt=\"chambre pour b\u00e9b\u00e9 couleur neutre\" class=\"wp-image-15323\" srcset=\"https:\/\/pipcke.fr\/idees-deco\/wp-content\/uploads\/2024\/09\/chambre-be-be-couleur-blanche-1160x1160.jpg 1160w, https:\/\/pipcke.fr\/idees-deco\/wp-content\/uploads\/2024\/09\/chambre-be-be-couleur-blanche-800x800.jpg 800w, https:\/\/pipcke.fr\/idees-deco\/wp-content\/uploads\/2024\/09\/chambre-be-be-couleur-blanche-1536x1536.jpg 1536w, https:\/\/pipcke.fr\/idees-deco\/wp-content\/uploads\/2024\/09\/chambre-be-be-couleur-blanche-2048x2048.jpg 2048w, https:\/\/pipcke.fr\/idees-deco\/wp-content\/uploads\/2024\/09\/chambre-be-be-couleur-blanche-80x80.jpg 80w, https:\/\/pipcke.fr\/idees-deco\/wp-content\/uploads\/2024\/09\/chambre-be-be-couleur-blanche-120x120.jpg 120w, https:\/\/pipcke.fr\/idees-deco\/wp-content\/uploads\/2024\/09\/chambre-be-be-couleur-blanche-90x90.jpg 90w, https:\/\/pipcke.fr\/idees-deco\/wp-content\/uploads\/2024\/09\/chambre-be-be-couleur-blanche-320x320.jpg 320w, https:\/\/pipcke.fr\/idees-deco\/wp-content\/uploads\/2024\/09\/chambre-be-be-couleur-blanche-560x560.jpg 560w, https:\/\/pipcke.fr\/idees-deco\/wp-content\/uploads\/2024\/09\/chambre-be-be-couleur-blanche-1920x1920.jpg 1920w, https:\/\/pipcke.fr\/idees-deco\/wp-content\/uploads\/2024\/09\/chambre-be-be-couleur-blanche-scaled.jpg 2560w\" sizes=\"auto, (max-width: 1160px) 100vw, 1160px\" \/><\/figure>\n\n\n\n<p>Cette couleur est li\u00e9e \u00e0 la croissance.<\/p>\n\n\n\n<ol class=\"wp-block-list\" start=\"2\">\n<li>&nbsp;<strong>Utilisez la couleur rose : couleur de la tranquillit\u00e9&nbsp; &nbsp; <\/strong>&nbsp;&nbsp;<\/li>\n<\/ol>\n\n\n\n<figure class=\"wp-block-image size-large\"><img loading=\"lazy\" decoding=\"async\" width=\"1160\" height=\"1160\" src=\"https:\/\/pipcke.fr\/idees-deco\/wp-content\/uploads\/2024\/09\/chambre-bebe-couleur-rose-1160x1160.jpg\" alt=\"Lit de forme arrondie dans une chambre pour b\u00e9b\u00e9, avec un papier peint rose avec des \u00e9toiles blanches au mur et une table de nuit en bois\" class=\"wp-image-15330\" srcset=\"https:\/\/pipcke.fr\/idees-deco\/wp-content\/uploads\/2024\/09\/chambre-bebe-couleur-rose-1160x1160.jpg 1160w, https:\/\/pipcke.fr\/idees-deco\/wp-content\/uploads\/2024\/09\/chambre-bebe-couleur-rose-800x800.jpg 800w, https:\/\/pipcke.fr\/idees-deco\/wp-content\/uploads\/2024\/09\/chambre-bebe-couleur-rose-1536x1536.jpg 1536w, https:\/\/pipcke.fr\/idees-deco\/wp-content\/uploads\/2024\/09\/chambre-bebe-couleur-rose-2048x2048.jpg 2048w, https:\/\/pipcke.fr\/idees-deco\/wp-content\/uploads\/2024\/09\/chambre-bebe-couleur-rose-80x80.jpg 80w, https:\/\/pipcke.fr\/idees-deco\/wp-content\/uploads\/2024\/09\/chambre-bebe-couleur-rose-120x120.jpg 120w, https:\/\/pipcke.fr\/idees-deco\/wp-content\/uploads\/2024\/09\/chambre-bebe-couleur-rose-90x90.jpg 90w, https:\/\/pipcke.fr\/idees-deco\/wp-content\/uploads\/2024\/09\/chambre-bebe-couleur-rose-320x320.jpg 320w, https:\/\/pipcke.fr\/idees-deco\/wp-content\/uploads\/2024\/09\/chambre-bebe-couleur-rose-560x560.jpg 560w, https:\/\/pipcke.fr\/idees-deco\/wp-content\/uploads\/2024\/09\/chambre-bebe-couleur-rose-1920x1920.jpg 1920w, https:\/\/pipcke.fr\/idees-deco\/wp-content\/uploads\/2024\/09\/chambre-bebe-couleur-rose-scaled.jpg 2560w\" sizes=\"auto, (max-width: 1160px) 100vw, 1160px\" \/><\/figure>\n\n\n\n<p>Le rose rassure, il d\u00e9gage une \u00e9nergie positive et une touche de vie.<\/p>\n\n\n\n<ol class=\"wp-block-list\" start=\"3\">\n<li><strong>Optez pour la couleur verte : couleur du bien \u00eatre, elle cr\u00e9e une ambiance paisible et sereine<\/strong><\/li>\n<\/ol>\n\n\n\n<figure class=\"wp-block-image size-large\"><img loading=\"lazy\" decoding=\"async\" width=\"1160\" height=\"982\" src=\"https:\/\/pipcke.fr\/idees-deco\/wp-content\/uploads\/2024\/09\/chambre-bebe-couleur-verte-1160x982.jpg\" alt=\"chambre b\u00e9b\u00e9 aux murs couleur verte reli\u00e9e a l'harmonie et la croissance\" class=\"wp-image-15335\" srcset=\"https:\/\/pipcke.fr\/idees-deco\/wp-content\/uploads\/2024\/09\/chambre-bebe-couleur-verte-1160x982.jpg 1160w, https:\/\/pipcke.fr\/idees-deco\/wp-content\/uploads\/2024\/09\/chambre-bebe-couleur-verte-800x677.jpg 800w, https:\/\/pipcke.fr\/idees-deco\/wp-content\/uploads\/2024\/09\/chambre-bebe-couleur-verte-1536x1300.jpg 1536w, https:\/\/pipcke.fr\/idees-deco\/wp-content\/uploads\/2024\/09\/chambre-bebe-couleur-verte-2048x1733.jpg 2048w, https:\/\/pipcke.fr\/idees-deco\/wp-content\/uploads\/2024\/09\/chambre-bebe-couleur-verte-120x102.jpg 120w, https:\/\/pipcke.fr\/idees-deco\/wp-content\/uploads\/2024\/09\/chambre-bebe-couleur-verte-90x76.jpg 90w, https:\/\/pipcke.fr\/idees-deco\/wp-content\/uploads\/2024\/09\/chambre-bebe-couleur-verte-320x271.jpg 320w, https:\/\/pipcke.fr\/idees-deco\/wp-content\/uploads\/2024\/09\/chambre-bebe-couleur-verte-560x474.jpg 560w, https:\/\/pipcke.fr\/idees-deco\/wp-content\/uploads\/2024\/09\/chambre-bebe-couleur-verte-1920x1625.jpg 1920w, https:\/\/pipcke.fr\/idees-deco\/wp-content\/uploads\/2024\/09\/chambre-bebe-couleur-verte-scaled.jpg 2560w\" sizes=\"auto, (max-width: 1160px) 100vw, 1160px\" \/><\/figure>\n\n\n\n<p>C\u2019est la couleur de l\u2019harmonie li\u00e9e \u00e0 la croissance.&nbsp;<\/p>\n\n\n\n<ol class=\"wp-block-list\" start=\"4\">\n<li><strong>Adoptez la couleur bleue : c\u2019est la couleur du renouveau<\/strong><\/li>\n<\/ol>\n\n\n\n<figure class=\"wp-block-image size-large\"><img loading=\"lazy\" decoding=\"async\" width=\"1160\" height=\"773\" src=\"https:\/\/pipcke.fr\/idees-deco\/wp-content\/uploads\/2024\/09\/chambre-bebe-couleur-bleue-1160x773.jpg\" alt=\"d\u00e9coration chambre b\u00e9b\u00e9 en bleu avec des ballons en forme d'\u00e9toiles argent\u00e9es et rouges, un lit de b\u00e9b\u00e9 blanc, et un fauteuil bleu pastel agr\u00e9ment\u00e9 de coussins\" class=\"wp-image-15332\" srcset=\"https:\/\/pipcke.fr\/idees-deco\/wp-content\/uploads\/2024\/09\/chambre-bebe-couleur-bleue-1160x773.jpg 1160w, https:\/\/pipcke.fr\/idees-deco\/wp-content\/uploads\/2024\/09\/chambre-bebe-couleur-bleue-800x533.jpg 800w, https:\/\/pipcke.fr\/idees-deco\/wp-content\/uploads\/2024\/09\/chambre-bebe-couleur-bleue-1536x1024.jpg 1536w, https:\/\/pipcke.fr\/idees-deco\/wp-content\/uploads\/2024\/09\/chambre-bebe-couleur-bleue-2048x1365.jpg 2048w, https:\/\/pipcke.fr\/idees-deco\/wp-content\/uploads\/2024\/09\/chambre-bebe-couleur-bleue-120x80.jpg 120w, https:\/\/pipcke.fr\/idees-deco\/wp-content\/uploads\/2024\/09\/chambre-bebe-couleur-bleue-90x60.jpg 90w, https:\/\/pipcke.fr\/idees-deco\/wp-content\/uploads\/2024\/09\/chambre-bebe-couleur-bleue-320x213.jpg 320w, https:\/\/pipcke.fr\/idees-deco\/wp-content\/uploads\/2024\/09\/chambre-bebe-couleur-bleue-560x373.jpg 560w, https:\/\/pipcke.fr\/idees-deco\/wp-content\/uploads\/2024\/09\/chambre-bebe-couleur-bleue-1920x1280.jpg 1920w, https:\/\/pipcke.fr\/idees-deco\/wp-content\/uploads\/2024\/09\/chambre-bebe-couleur-bleue-scaled.jpg 2560w\" sizes=\"auto, (max-width: 1160px) 100vw, 1160px\" \/><\/figure>\n\n\n\n<p>Elle ralentit la respiration et le rythme cardiaque. C&rsquo;est une couleur s\u00fbre et loyale.<\/p>\n\n\n\n<h2 class=\"wp-block-heading\" id=\"h-quels-rideaux-choisir-pour-la-deco-chambre-bebe\"><span id=\"quels-rideaux-choisir-pour-la-deco-chambre-bebe\"><strong>Quels rideaux choisir pour la d\u00e9co chambre b\u00e9b\u00e9<\/strong> <strong>?<\/strong><\/span><\/h2>\n\n\n\n<ol class=\"wp-block-list\" start=\"5\">\n<li><strong>\u00c9vitez l\u2019utilisation des rideaux doubles, car c\u2019est un v\u00e9ritable nid de poussi\u00e8re&nbsp;<\/strong><\/li>\n<\/ol>\n\n\n\n<figure class=\"wp-block-image size-large\"><img loading=\"lazy\" decoding=\"async\" width=\"1160\" height=\"1160\" src=\"https:\/\/pipcke.fr\/idees-deco\/wp-content\/uploads\/2024\/09\/double-rideaux-bebe-1160x1160.jpg\" alt=\"d\u00e9coration chambre b\u00e9b\u00e9 avec des rideaux en double couleur gris tr\u00e8s clair\" class=\"wp-image-15329\" srcset=\"https:\/\/pipcke.fr\/idees-deco\/wp-content\/uploads\/2024\/09\/double-rideaux-bebe-1160x1160.jpg 1160w, https:\/\/pipcke.fr\/idees-deco\/wp-content\/uploads\/2024\/09\/double-rideaux-bebe-800x800.jpg 800w, https:\/\/pipcke.fr\/idees-deco\/wp-content\/uploads\/2024\/09\/double-rideaux-bebe-1536x1536.jpg 1536w, https:\/\/pipcke.fr\/idees-deco\/wp-content\/uploads\/2024\/09\/double-rideaux-bebe-2048x2048.jpg 2048w, https:\/\/pipcke.fr\/idees-deco\/wp-content\/uploads\/2024\/09\/double-rideaux-bebe-80x80.jpg 80w, https:\/\/pipcke.fr\/idees-deco\/wp-content\/uploads\/2024\/09\/double-rideaux-bebe-120x120.jpg 120w, https:\/\/pipcke.fr\/idees-deco\/wp-content\/uploads\/2024\/09\/double-rideaux-bebe-90x90.jpg 90w, https:\/\/pipcke.fr\/idees-deco\/wp-content\/uploads\/2024\/09\/double-rideaux-bebe-320x320.jpg 320w, https:\/\/pipcke.fr\/idees-deco\/wp-content\/uploads\/2024\/09\/double-rideaux-bebe-560x560.jpg 560w, https:\/\/pipcke.fr\/idees-deco\/wp-content\/uploads\/2024\/09\/double-rideaux-bebe-1920x1920.jpg 1920w, https:\/\/pipcke.fr\/idees-deco\/wp-content\/uploads\/2024\/09\/double-rideaux-bebe-scaled.jpg 2560w\" sizes=\"auto, (max-width: 1160px) 100vw, 1160px\" \/><\/figure>\n\n\n\n<p>L&rsquo;hygi\u00e8ne de la chambre de b\u00e9b\u00e9 est, bien entendu, primordiale.<\/p>\n\n\n\n<ol class=\"wp-block-list\" start=\"6\">\n<li><strong>Utilisez des rideaux en coton, ils sont parfaits et laissent passer la lumi\u00e8re, essentielle \u00e0 la croissance de b\u00e9b\u00e9<\/strong><\/li>\n<\/ol>\n\n\n\n<figure class=\"wp-block-image size-large\"><img loading=\"lazy\" decoding=\"async\" width=\"1160\" height=\"1160\" src=\"https:\/\/pipcke.fr\/idees-deco\/wp-content\/uploads\/2024\/09\/rideau-cotton-bebe-1160x1160.jpg\" alt=\"d\u00e9co chambre b\u00e9b\u00e9 avec des rideaux en coton couleur rose et imprim\u00e9 des c\u0153urs en blanc\" class=\"wp-image-15327\" srcset=\"https:\/\/pipcke.fr\/idees-deco\/wp-content\/uploads\/2024\/09\/rideau-cotton-bebe-1160x1160.jpg 1160w, https:\/\/pipcke.fr\/idees-deco\/wp-content\/uploads\/2024\/09\/rideau-cotton-bebe-800x800.jpg 800w, https:\/\/pipcke.fr\/idees-deco\/wp-content\/uploads\/2024\/09\/rideau-cotton-bebe-1536x1536.jpg 1536w, https:\/\/pipcke.fr\/idees-deco\/wp-content\/uploads\/2024\/09\/rideau-cotton-bebe-2048x2048.jpg 2048w, https:\/\/pipcke.fr\/idees-deco\/wp-content\/uploads\/2024\/09\/rideau-cotton-bebe-80x80.jpg 80w, https:\/\/pipcke.fr\/idees-deco\/wp-content\/uploads\/2024\/09\/rideau-cotton-bebe-120x120.jpg 120w, https:\/\/pipcke.fr\/idees-deco\/wp-content\/uploads\/2024\/09\/rideau-cotton-bebe-90x90.jpg 90w, https:\/\/pipcke.fr\/idees-deco\/wp-content\/uploads\/2024\/09\/rideau-cotton-bebe-320x320.jpg 320w, https:\/\/pipcke.fr\/idees-deco\/wp-content\/uploads\/2024\/09\/rideau-cotton-bebe-560x560.jpg 560w, https:\/\/pipcke.fr\/idees-deco\/wp-content\/uploads\/2024\/09\/rideau-cotton-bebe-1920x1920.jpg 1920w, https:\/\/pipcke.fr\/idees-deco\/wp-content\/uploads\/2024\/09\/rideau-cotton-bebe-scaled.jpg 2560w\" sizes=\"auto, (max-width: 1160px) 100vw, 1160px\" \/><\/figure>\n\n\n\n<h2 class=\"wp-block-heading\" id=\"h-comment-amenager-la-chambre-de-bebe-pour-un-sommeil-optimal\"><span id=\"comment-amenager-la-chambre-de-bebe-pour-un-sommeil-optimal\"><strong>Comment am\u00e9nager la chambre de b\u00e9b\u00e9 pour un sommeil optimal ?<\/strong><\/span><\/h2>\n\n\n\n<p>Le b\u00e9b\u00e9 doit avoir un sommeil de qualit\u00e9, reposant et essentiel pour son bien-\u00eatre et sa croissance.<\/p>\n\n\n\n<p>Pour la <strong>d\u00e9co chambre b\u00e9b\u00e9<\/strong>, optez pour un <a href=\"https:\/\/pipcke.fr\/idees-deco\/conseils-de-decorateurs\/7-conseils-choix-mobilier-chambre-bebe\/\" target=\"_blank\" rel=\"noreferrer noopener\">mobilier pratique et \u00e9volutif<\/a>, qui doit \u00eatre fonctionnel et minimaliste.<\/p>\n\n\n\n<ol class=\"wp-block-list\" start=\"7\">\n<li><strong>Adoptez le mobilier le plus important : placez le lit face \u00e0 l&rsquo;entr\u00e9e<\/strong><\/li>\n<\/ol>\n\n\n\n<figure class=\"wp-block-image size-large\"><img loading=\"lazy\" decoding=\"async\" width=\"1160\" height=\"1740\" src=\"https:\/\/pipcke.fr\/idees-deco\/wp-content\/uploads\/2024\/09\/coussins-lit-bebe-1160x1740.jpg\" alt=\"Mobile d\u00e9coratif avec des pompons en feutrine dans des tons roses et gris, suspendu au-dessus d'un lit de b\u00e9b\u00e9 avec des coussins en forme de chat et de chouette, dans des nuances de blanc et rose pastel\" class=\"wp-image-15321\" srcset=\"https:\/\/pipcke.fr\/idees-deco\/wp-content\/uploads\/2024\/09\/coussins-lit-bebe-1160x1740.jpg 1160w, https:\/\/pipcke.fr\/idees-deco\/wp-content\/uploads\/2024\/09\/coussins-lit-bebe-800x1200.jpg 800w, https:\/\/pipcke.fr\/idees-deco\/wp-content\/uploads\/2024\/09\/coussins-lit-bebe-1024x1536.jpg 1024w, https:\/\/pipcke.fr\/idees-deco\/wp-content\/uploads\/2024\/09\/coussins-lit-bebe-1365x2048.jpg 1365w, https:\/\/pipcke.fr\/idees-deco\/wp-content\/uploads\/2024\/09\/coussins-lit-bebe-120x180.jpg 120w, https:\/\/pipcke.fr\/idees-deco\/wp-content\/uploads\/2024\/09\/coussins-lit-bebe-90x135.jpg 90w, https:\/\/pipcke.fr\/idees-deco\/wp-content\/uploads\/2024\/09\/coussins-lit-bebe-320x480.jpg 320w, https:\/\/pipcke.fr\/idees-deco\/wp-content\/uploads\/2024\/09\/coussins-lit-bebe-560x840.jpg 560w, https:\/\/pipcke.fr\/idees-deco\/wp-content\/uploads\/2024\/09\/coussins-lit-bebe-1920x2880.jpg 1920w, https:\/\/pipcke.fr\/idees-deco\/wp-content\/uploads\/2024\/09\/coussins-lit-bebe-scaled.jpg 1707w\" sizes=\"auto, (max-width: 1160px) 100vw, 1160px\" \/><\/figure>\n\n\n\n<p>D\u00e9gagez l&rsquo;espace autour du lit : ne mettez pas d&rsquo;oreillers ni de traversins pour \u00e9viter le risque d&rsquo;asphyxie.<\/p>\n\n\n\n<p>\u00c9vitez aussi les mobiles au-dessus de la t\u00eate du b\u00e9b\u00e9, car la nuit, ils cr\u00e9ent des ombres qui lui font peur.<\/p>\n\n\n\n<ol class=\"wp-block-list\" start=\"8\">\n<li><strong>Ne placez jamais le lit \u00e0 c\u00f4t\u00e9 d\u2019une fen\u00eatre ou d\u2019une source de chaleur pour \u00e9viter les courants d\u2019air et les variations de temp\u00e9rature<\/strong><\/li>\n<\/ol>\n\n\n\n<figure class=\"wp-block-image size-large\"><img loading=\"lazy\" decoding=\"async\" width=\"1160\" height=\"1160\" src=\"https:\/\/pipcke.fr\/idees-deco\/wp-content\/uploads\/2024\/09\/lit-mal-positione-1160x1160.jpg\" alt=\"D\u00e9co chambre b\u00e9b\u00e9 \u00e9l\u00e9gante avec un lit \u00e0 barreaux blanc classique, drap\u00e9 d'une couverture douce, \u00e9clair\u00e9e par une lumi\u00e8re tamis\u00e9e\" class=\"wp-image-15325\" srcset=\"https:\/\/pipcke.fr\/idees-deco\/wp-content\/uploads\/2024\/09\/lit-mal-positione-1160x1160.jpg 1160w, https:\/\/pipcke.fr\/idees-deco\/wp-content\/uploads\/2024\/09\/lit-mal-positione-800x800.jpg 800w, https:\/\/pipcke.fr\/idees-deco\/wp-content\/uploads\/2024\/09\/lit-mal-positione-1536x1536.jpg 1536w, https:\/\/pipcke.fr\/idees-deco\/wp-content\/uploads\/2024\/09\/lit-mal-positione-2048x2048.jpg 2048w, https:\/\/pipcke.fr\/idees-deco\/wp-content\/uploads\/2024\/09\/lit-mal-positione-80x80.jpg 80w, https:\/\/pipcke.fr\/idees-deco\/wp-content\/uploads\/2024\/09\/lit-mal-positione-120x120.jpg 120w, https:\/\/pipcke.fr\/idees-deco\/wp-content\/uploads\/2024\/09\/lit-mal-positione-90x90.jpg 90w, https:\/\/pipcke.fr\/idees-deco\/wp-content\/uploads\/2024\/09\/lit-mal-positione-320x320.jpg 320w, https:\/\/pipcke.fr\/idees-deco\/wp-content\/uploads\/2024\/09\/lit-mal-positione-560x560.jpg 560w, https:\/\/pipcke.fr\/idees-deco\/wp-content\/uploads\/2024\/09\/lit-mal-positione-1920x1920.jpg 1920w, https:\/\/pipcke.fr\/idees-deco\/wp-content\/uploads\/2024\/09\/lit-mal-positione-scaled.jpg 2560w\" sizes=\"auto, (max-width: 1160px) 100vw, 1160px\" \/><\/figure>\n\n\n\n<p>Celle-ci doit \u00eatre maintenue \u00e0 20\u00b0C.<\/p>\n\n\n\n<ol class=\"wp-block-list\" start=\"9\">\n<li><strong>Optez pour un lit \u00e9volutif avec un fond amovible et un sommier r\u00e9glable en hauteur, que vous pouvez garder plusieurs ann\u00e9es, excellente id\u00e9e d\u00e9co chambre b\u00e9b\u00e9<\/strong><\/li>\n<\/ol>\n\n\n\n<figure class=\"wp-block-image size-large\"><img loading=\"lazy\" decoding=\"async\" width=\"1160\" height=\"1551\" src=\"https:\/\/pipcke.fr\/idees-deco\/wp-content\/uploads\/2024\/09\/lit-evolutif-1-1160x1551.jpg\" alt=\"lit \u00e9volutif excellente id\u00e9e d\u00e9co chambre b\u00e9b\u00e9\" class=\"wp-image-15320\" srcset=\"https:\/\/pipcke.fr\/idees-deco\/wp-content\/uploads\/2024\/09\/lit-evolutif-1-1160x1551.jpg 1160w, https:\/\/pipcke.fr\/idees-deco\/wp-content\/uploads\/2024\/09\/lit-evolutif-1-800x1070.jpg 800w, https:\/\/pipcke.fr\/idees-deco\/wp-content\/uploads\/2024\/09\/lit-evolutif-1-1149x1536.jpg 1149w, https:\/\/pipcke.fr\/idees-deco\/wp-content\/uploads\/2024\/09\/lit-evolutif-1-1532x2048.jpg 1532w, https:\/\/pipcke.fr\/idees-deco\/wp-content\/uploads\/2024\/09\/lit-evolutif-1-120x160.jpg 120w, https:\/\/pipcke.fr\/idees-deco\/wp-content\/uploads\/2024\/09\/lit-evolutif-1-90x120.jpg 90w, https:\/\/pipcke.fr\/idees-deco\/wp-content\/uploads\/2024\/09\/lit-evolutif-1-320x427.jpg 320w, https:\/\/pipcke.fr\/idees-deco\/wp-content\/uploads\/2024\/09\/lit-evolutif-1-560x749.jpg 560w, https:\/\/pipcke.fr\/idees-deco\/wp-content\/uploads\/2024\/09\/lit-evolutif-1-1920x2567.jpg 1920w, https:\/\/pipcke.fr\/idees-deco\/wp-content\/uploads\/2024\/09\/lit-evolutif-1-scaled.jpg 1915w\" sizes=\"auto, (max-width: 1160px) 100vw, 1160px\" \/><\/figure>\n\n\n\n<h2 class=\"wp-block-heading\" id=\"h-optimisation-de-l-espace-avec-une-table-a-langer-et-un-fauteuil-adaptes\"><span id=\"optimisation-de-lespace-avec-une-table-a-langer-et-un-fauteuil-adaptes\"><strong>Optimisation de l&rsquo;espace avec une table \u00e0 langer et un fauteuil adapt\u00e9s<\/strong><\/span><\/h2>\n\n\n\n<ol class=\"wp-block-list\" start=\"10\">\n<li><strong>Choisissez une table \u00e0 langer pratique : optez pour une commode avec des tiroirs, que vous pourrez ensuite utiliser pour ranger ses v\u00eatements<\/strong><\/li>\n<\/ol>\n\n\n\n<figure class=\"wp-block-image size-large\"><img loading=\"lazy\" decoding=\"async\" width=\"1160\" height=\"1160\" src=\"https:\/\/pipcke.fr\/idees-deco\/wp-content\/uploads\/2024\/09\/table-pour-langer-bebe-1160x1160.jpg\" alt=\"commode pour langer b\u00e9b\u00e9 dans une chambre au couleur neutre \" class=\"wp-image-15326\" srcset=\"https:\/\/pipcke.fr\/idees-deco\/wp-content\/uploads\/2024\/09\/table-pour-langer-bebe-1160x1160.jpg 1160w, https:\/\/pipcke.fr\/idees-deco\/wp-content\/uploads\/2024\/09\/table-pour-langer-bebe-800x800.jpg 800w, https:\/\/pipcke.fr\/idees-deco\/wp-content\/uploads\/2024\/09\/table-pour-langer-bebe-1536x1536.jpg 1536w, https:\/\/pipcke.fr\/idees-deco\/wp-content\/uploads\/2024\/09\/table-pour-langer-bebe-2048x2048.jpg 2048w, https:\/\/pipcke.fr\/idees-deco\/wp-content\/uploads\/2024\/09\/table-pour-langer-bebe-80x80.jpg 80w, https:\/\/pipcke.fr\/idees-deco\/wp-content\/uploads\/2024\/09\/table-pour-langer-bebe-120x120.jpg 120w, https:\/\/pipcke.fr\/idees-deco\/wp-content\/uploads\/2024\/09\/table-pour-langer-bebe-90x90.jpg 90w, https:\/\/pipcke.fr\/idees-deco\/wp-content\/uploads\/2024\/09\/table-pour-langer-bebe-320x320.jpg 320w, https:\/\/pipcke.fr\/idees-deco\/wp-content\/uploads\/2024\/09\/table-pour-langer-bebe-560x560.jpg 560w, https:\/\/pipcke.fr\/idees-deco\/wp-content\/uploads\/2024\/09\/table-pour-langer-bebe-1920x1920.jpg 1920w, https:\/\/pipcke.fr\/idees-deco\/wp-content\/uploads\/2024\/09\/table-pour-langer-bebe-scaled.jpg 2560w\" sizes=\"auto, (max-width: 1160px) 100vw, 1160px\" \/><\/figure>\n\n\n\n<p>Installez un fauteuil si vous avez de la place dans la chambre de b\u00e9b\u00e9. Pour allaiter ou pour donner un petit c\u00e2lin \u00e0 votre bambin, vous avez le choix entre :<\/p>\n\n\n\n<ol class=\"wp-block-list\" start=\"11\">\n<li><strong>&nbsp;Le fauteuil \u00e0 bascule est tr\u00e8s reposant et aide le b\u00e9b\u00e9 \u00e0 s\u2019endormir<\/strong><\/li>\n<\/ol>\n\n\n\n<figure class=\"wp-block-image size-large\"><img loading=\"lazy\" decoding=\"async\" width=\"1160\" height=\"982\" src=\"https:\/\/pipcke.fr\/idees-deco\/wp-content\/uploads\/2024\/09\/fauteuil-dallaitement-1160x982.jpg\" alt=\"Chambre de b\u00e9b\u00e9 moderne avec un lit \u00e0 barreaux blanc, un fauteuil \u00e0 bascule en forme d'animal avec des motifs \u00e0 pois, et deux cadres d'affiches personnalisables accroch\u00e9s au mur. Le d\u00e9cor est compl\u00e9t\u00e9 par un tapis en tricot, un pouf et un panier de rangement avec des motifs de panda, le tout dans des tons gris et pastel\" class=\"wp-image-15334\" srcset=\"https:\/\/pipcke.fr\/idees-deco\/wp-content\/uploads\/2024\/09\/fauteuil-dallaitement-1160x982.jpg 1160w, https:\/\/pipcke.fr\/idees-deco\/wp-content\/uploads\/2024\/09\/fauteuil-dallaitement-800x677.jpg 800w, https:\/\/pipcke.fr\/idees-deco\/wp-content\/uploads\/2024\/09\/fauteuil-dallaitement-1536x1300.jpg 1536w, https:\/\/pipcke.fr\/idees-deco\/wp-content\/uploads\/2024\/09\/fauteuil-dallaitement-2048x1733.jpg 2048w, https:\/\/pipcke.fr\/idees-deco\/wp-content\/uploads\/2024\/09\/fauteuil-dallaitement-120x102.jpg 120w, https:\/\/pipcke.fr\/idees-deco\/wp-content\/uploads\/2024\/09\/fauteuil-dallaitement-90x76.jpg 90w, https:\/\/pipcke.fr\/idees-deco\/wp-content\/uploads\/2024\/09\/fauteuil-dallaitement-320x271.jpg 320w, https:\/\/pipcke.fr\/idees-deco\/wp-content\/uploads\/2024\/09\/fauteuil-dallaitement-560x474.jpg 560w, https:\/\/pipcke.fr\/idees-deco\/wp-content\/uploads\/2024\/09\/fauteuil-dallaitement-1920x1625.jpg 1920w, https:\/\/pipcke.fr\/idees-deco\/wp-content\/uploads\/2024\/09\/fauteuil-dallaitement-scaled.jpg 2560w\" sizes=\"auto, (max-width: 1160px) 100vw, 1160px\" \/><\/figure>\n\n\n\n<ol class=\"wp-block-list\" start=\"12\">\n<li><strong>Ou bien un fauteuil normal de couleur pastel. \u00c9vitez les couleurs vives dans la chambre de b\u00e9b\u00e9, car elles perturbent son sommeil<\/strong><\/li>\n<\/ol>\n\n\n\n<figure class=\"wp-block-image size-large\"><img loading=\"lazy\" decoding=\"async\" width=\"1160\" height=\"982\" src=\"https:\/\/pipcke.fr\/idees-deco\/wp-content\/uploads\/2024\/09\/chambre-bebe-couleur-verte-1160x982.jpg\" alt=\"d\u00e9co chambre b\u00e9b\u00e9 aux murs couleur verte reli\u00e9e a l'harmonie et la croissance\" class=\"wp-image-15335\" srcset=\"https:\/\/pipcke.fr\/idees-deco\/wp-content\/uploads\/2024\/09\/chambre-bebe-couleur-verte-1160x982.jpg 1160w, https:\/\/pipcke.fr\/idees-deco\/wp-content\/uploads\/2024\/09\/chambre-bebe-couleur-verte-800x677.jpg 800w, https:\/\/pipcke.fr\/idees-deco\/wp-content\/uploads\/2024\/09\/chambre-bebe-couleur-verte-1536x1300.jpg 1536w, https:\/\/pipcke.fr\/idees-deco\/wp-content\/uploads\/2024\/09\/chambre-bebe-couleur-verte-2048x1733.jpg 2048w, https:\/\/pipcke.fr\/idees-deco\/wp-content\/uploads\/2024\/09\/chambre-bebe-couleur-verte-120x102.jpg 120w, https:\/\/pipcke.fr\/idees-deco\/wp-content\/uploads\/2024\/09\/chambre-bebe-couleur-verte-90x76.jpg 90w, https:\/\/pipcke.fr\/idees-deco\/wp-content\/uploads\/2024\/09\/chambre-bebe-couleur-verte-320x271.jpg 320w, https:\/\/pipcke.fr\/idees-deco\/wp-content\/uploads\/2024\/09\/chambre-bebe-couleur-verte-560x474.jpg 560w, https:\/\/pipcke.fr\/idees-deco\/wp-content\/uploads\/2024\/09\/chambre-bebe-couleur-verte-1920x1625.jpg 1920w, https:\/\/pipcke.fr\/idees-deco\/wp-content\/uploads\/2024\/09\/chambre-bebe-couleur-verte-scaled.jpg 2560w\" sizes=\"auto, (max-width: 1160px) 100vw, 1160px\" \/><\/figure>\n\n\n\n<h2 class=\"wp-block-heading\" id=\"h-eclairage-apaisant-et-rangement-pour-une-chambre-sereine\"><span id=\"eclairage-apaisant-et-rangement-pour-une-chambre-sereine\"><strong>\u00c9clairage apaisant et rangement pour une chambre sereine<\/strong><\/span><\/h2>\n\n\n\n<p>Stimuli visuels : Les couleurs vives et les sons forts augmentent le stress de votre b\u00e9b\u00e9 et peuvent nuire \u00e0 la qualit\u00e9 de son sommeil.<\/p>\n\n\n\n<p>Il est essentiel de concevoir un espace favorisant le calme et la d\u00e9tente.<\/p>\n\n\n\n<ol class=\"wp-block-list\" start=\"13\">\n<li><strong>Id\u00e9e d\u00e9co chambre b\u00e9b\u00e9&nbsp;: \u00c9vitez les lumi\u00e8res flashy et optez toujours pour des \u00e9clairages tamis\u00e9s pour cr\u00e9er une atmosph\u00e8re douce et apaisante<\/strong><\/li>\n<\/ol>\n\n\n\n<figure class=\"wp-block-image size-full is-resized\"><img loading=\"lazy\" decoding=\"async\" width=\"640\" height=\"436\" src=\"https:\/\/pipcke.fr\/idees-deco\/wp-content\/uploads\/2024\/09\/ampoule-led-chambre-bebe.jpg\" alt=\"d\u00e9co chambre b\u00e9b\u00e9 avec un \u00e9clairage tamis\u00e9e et un grand pouf couleur vert amande au sol\" class=\"wp-image-15328\" style=\"width:681px;height:auto\" srcset=\"https:\/\/pipcke.fr\/idees-deco\/wp-content\/uploads\/2024\/09\/ampoule-led-chambre-bebe.jpg 640w, https:\/\/pipcke.fr\/idees-deco\/wp-content\/uploads\/2024\/09\/ampoule-led-chambre-bebe-120x82.jpg 120w, https:\/\/pipcke.fr\/idees-deco\/wp-content\/uploads\/2024\/09\/ampoule-led-chambre-bebe-90x61.jpg 90w, https:\/\/pipcke.fr\/idees-deco\/wp-content\/uploads\/2024\/09\/ampoule-led-chambre-bebe-320x218.jpg 320w, https:\/\/pipcke.fr\/idees-deco\/wp-content\/uploads\/2024\/09\/ampoule-led-chambre-bebe-560x382.jpg 560w\" sizes=\"auto, (max-width: 640px) 100vw, 640px\" \/><\/figure>\n\n\n\n<ol class=\"wp-block-list\" start=\"14\">\n<li><strong>Sinon, vous pouvez opter pour des veilleuses \u00e0 faible intensit\u00e9 pour assurer une lumi\u00e8re douce et rassurante dans la chambre de b\u00e9b\u00e9<\/strong><\/li>\n<\/ol>\n\n\n\n<figure class=\"wp-block-image size-large\"><img loading=\"lazy\" decoding=\"async\" width=\"1160\" height=\"1160\" src=\"https:\/\/pipcke.fr\/idees-deco\/wp-content\/uploads\/2024\/09\/lumiere-tamisee-veilleuse-1160x1160.jpg\" alt=\"Pas de lumi\u00e8res flashy dans une chambre b\u00e9b\u00e9\" class=\"wp-image-15324\" srcset=\"https:\/\/pipcke.fr\/idees-deco\/wp-content\/uploads\/2024\/09\/lumiere-tamisee-veilleuse-1160x1160.jpg 1160w, https:\/\/pipcke.fr\/idees-deco\/wp-content\/uploads\/2024\/09\/lumiere-tamisee-veilleuse-800x800.jpg 800w, https:\/\/pipcke.fr\/idees-deco\/wp-content\/uploads\/2024\/09\/lumiere-tamisee-veilleuse-1536x1536.jpg 1536w, https:\/\/pipcke.fr\/idees-deco\/wp-content\/uploads\/2024\/09\/lumiere-tamisee-veilleuse-2048x2048.jpg 2048w, https:\/\/pipcke.fr\/idees-deco\/wp-content\/uploads\/2024\/09\/lumiere-tamisee-veilleuse-80x80.jpg 80w, https:\/\/pipcke.fr\/idees-deco\/wp-content\/uploads\/2024\/09\/lumiere-tamisee-veilleuse-120x120.jpg 120w, https:\/\/pipcke.fr\/idees-deco\/wp-content\/uploads\/2024\/09\/lumiere-tamisee-veilleuse-90x90.jpg 90w, https:\/\/pipcke.fr\/idees-deco\/wp-content\/uploads\/2024\/09\/lumiere-tamisee-veilleuse-320x320.jpg 320w, https:\/\/pipcke.fr\/idees-deco\/wp-content\/uploads\/2024\/09\/lumiere-tamisee-veilleuse-560x560.jpg 560w, https:\/\/pipcke.fr\/idees-deco\/wp-content\/uploads\/2024\/09\/lumiere-tamisee-veilleuse-1920x1920.jpg 1920w, https:\/\/pipcke.fr\/idees-deco\/wp-content\/uploads\/2024\/09\/lumiere-tamisee-veilleuse-scaled.jpg 2560w\" sizes=\"auto, (max-width: 1160px) 100vw, 1160px\" \/><\/figure>\n\n\n\n<ol class=\"wp-block-list\" start=\"15\">\n<li><strong>&nbsp;Paniers ou bo\u00eetes de rangement : Utilisez-les pour garder \u00e0 port\u00e9e de main des gants de toilette, des compresses, des m\u00e9dicaments ou des couches<\/strong><\/li>\n<\/ol>\n\n\n\n<figure class=\"wp-block-image size-large\"><img loading=\"lazy\" decoding=\"async\" width=\"1160\" height=\"1160\" src=\"https:\/\/pipcke.fr\/idees-deco\/wp-content\/uploads\/2024\/09\/boites-de-rangement-1160x1160.jpg\" alt=\"d\u00e9co chambre b\u00e9b\u00e9 avec des boites de rangements couleur rose et blanc et avec des jouets et des peluches au sol \" class=\"wp-image-15322\" srcset=\"https:\/\/pipcke.fr\/idees-deco\/wp-content\/uploads\/2024\/09\/boites-de-rangement-1160x1160.jpg 1160w, https:\/\/pipcke.fr\/idees-deco\/wp-content\/uploads\/2024\/09\/boites-de-rangement-800x800.jpg 800w, https:\/\/pipcke.fr\/idees-deco\/wp-content\/uploads\/2024\/09\/boites-de-rangement-1536x1536.jpg 1536w, https:\/\/pipcke.fr\/idees-deco\/wp-content\/uploads\/2024\/09\/boites-de-rangement-2048x2048.jpg 2048w, https:\/\/pipcke.fr\/idees-deco\/wp-content\/uploads\/2024\/09\/boites-de-rangement-80x80.jpg 80w, https:\/\/pipcke.fr\/idees-deco\/wp-content\/uploads\/2024\/09\/boites-de-rangement-120x120.jpg 120w, https:\/\/pipcke.fr\/idees-deco\/wp-content\/uploads\/2024\/09\/boites-de-rangement-90x90.jpg 90w, https:\/\/pipcke.fr\/idees-deco\/wp-content\/uploads\/2024\/09\/boites-de-rangement-320x320.jpg 320w, https:\/\/pipcke.fr\/idees-deco\/wp-content\/uploads\/2024\/09\/boites-de-rangement-560x560.jpg 560w, https:\/\/pipcke.fr\/idees-deco\/wp-content\/uploads\/2024\/09\/boites-de-rangement-1920x1920.jpg 1920w, https:\/\/pipcke.fr\/idees-deco\/wp-content\/uploads\/2024\/09\/boites-de-rangement-scaled.jpg 2560w\" sizes=\"auto, (max-width: 1160px) 100vw, 1160px\" \/><\/figure>\n\n\n\n<p>En somme, am\u00e9nager la chambre de votre b\u00e9b\u00e9 est une \u00e9tape cruciale pour cr\u00e9er un environnement apaisant et s\u00e9curisant.<\/p>\n\n\n\n<p>En choisissant des couleurs douces, des mat\u00e9riaux pratiques et des \u00e9quipements adapt\u00e9s, vous offrez \u00e0 votre enfant un espace qui favorise son bien-\u00eatre et son d\u00e9veloppement.<\/p>\n\n\n\n<p>N&rsquo;oubliez pas que chaque d\u00e9tail compte, du choix des rideaux \u00e0 la disposition du mobilier, pour garantir \u00e0 votre b\u00e9b\u00e9 un sommeil r\u00e9parateur et une atmosph\u00e8re sereine.<\/p>\n\n\n\n<figure class=\"wp-block-image size-large\"><a href=\"https:\/\/pipcke.fr\/nouveau-projet\"><img loading=\"lazy\" decoding=\"async\" width=\"1160\" height=\"387\" src=\"https:\/\/pipcke.fr\/idees-deco\/wp-content\/uploads\/2023\/11\/lancer-mon-projet-picto-1160x387.png\" alt=\"banni\u00e8re lancer mon projet\" class=\"wp-image-8957\" srcset=\"https:\/\/pipcke.fr\/idees-deco\/wp-content\/uploads\/2023\/11\/lancer-mon-projet-picto-1160x387.png 1160w, https:\/\/pipcke.fr\/idees-deco\/wp-content\/uploads\/2023\/11\/lancer-mon-projet-picto-800x267.png 800w, https:\/\/pipcke.fr\/idees-deco\/wp-content\/uploads\/2023\/11\/lancer-mon-projet-picto-120x40.png 120w, https:\/\/pipcke.fr\/idees-deco\/wp-content\/uploads\/2023\/11\/lancer-mon-projet-picto-90x30.png 90w, https:\/\/pipcke.fr\/idees-deco\/wp-content\/uploads\/2023\/11\/lancer-mon-projet-picto-320x107.png 320w, https:\/\/pipcke.fr\/idees-deco\/wp-content\/uploads\/2023\/11\/lancer-mon-projet-picto-560x187.png 560w, https:\/\/pipcke.fr\/idees-deco\/wp-content\/uploads\/2023\/11\/lancer-mon-projet-picto.png 1500w\" sizes=\"auto, (max-width: 1160px) 100vw, 1160px\" \/><\/a><\/figure>\n\n\n\n<p>En appliquant ces 15 id\u00e9es <strong>d\u00e9co chambre b\u00e9b\u00e9<\/strong>, vous \u00eates sur la bonne voie pour cr\u00e9er un havre de paix o\u00f9 votre bambin se sentira en s\u00e9curit\u00e9 et aim\u00e9.<\/p>\n\n\n\n<p>Prenez le temps de personnaliser chaque \u00e9l\u00e9ment selon vos pr\u00e9f\u00e9rences et celles de votre b\u00e9b\u00e9, et vous serez r\u00e9compens\u00e9 par un espace harmonieux et fonctionnel.<\/p>\n","protected":false},"excerpt":{"rendered":"<p>15 id\u00e9es d\u00e9co chambre b\u00e9b\u00e9 pour cr\u00e9er un cocon. Suivez nos conseils et votre enfant adorera sa chambre, et vous aussi.<\/p>\n","protected":false},"author":18,"featured_media":15359,"comment_status":"closed","ping_status":"closed","sticky":false,"template":"","format":"standard","meta":{"inline_featured_image":false,"footnotes":""},"categories":[27],"tags":[101,162,64,84,152,28,147,148,153,35,68,65,18,19],"powerkit_post_featured":[2,7,4,5,9],"class_list":{"0":"post-15216","1":"post","2":"type-post","3":"status-publish","4":"format-standard","5":"has-post-thumbnail","7":"category-inspirations-deco","8":"tag-chambre-bebe","9":"tag-conseils-deco","10":"tag-couleurs","11":"tag-deco","12":"tag-deco-chambre","13":"tag-decoration","14":"tag-idees-deco","15":"tag-inspirations-deco","16":"tag-inspirations-deco-chambre","17":"tag-mobilier","18":"tag-papier-peint","19":"tag-peinture","20":"tag-rideaux","21":"tag-tendances"},"yoast_head":"<!-- This site is optimized with the Yoast SEO Premium plugin v22.3 (Yoast SEO v27.9) - https:\/\/yoast.com\/product\/yoast-seo-premium-wordpress\/ -->\n<title>D\u00e9co chambre b\u00e9b\u00e9 : 15 id\u00e9es pour cr\u00e9er un univers apaisant !<\/title>\n<meta name=\"description\" content=\"15 id\u00e9es d\u00e9co chambre b\u00e9b\u00e9 pour cr\u00e9er un cocon. Suivez nos conseils et votre enfant adorera sa chambre, et vous aussi.\" \/>\n<meta name=\"robots\" content=\"index, follow, max-snippet:-1, max-image-preview:large, max-video-preview:-1\" \/>\n<link rel=\"canonical\" href=\"https:\/\/pipcke.fr\/idees-deco\/inspirations-deco\/deco-chambre-bebe\/\" \/>\n<meta property=\"og:locale\" content=\"fr_FR\" \/>\n<meta property=\"og:type\" content=\"article\" \/>\n<meta property=\"og:title\" content=\"D\u00e9co chambre b\u00e9b\u00e9 : 15 id\u00e9es pour cr\u00e9er un univers apaisant !\" \/>\n<meta property=\"og:description\" content=\"15 id\u00e9es d\u00e9co chambre b\u00e9b\u00e9 pour cr\u00e9er un cocon. Suivez nos conseils et votre enfant adorera sa chambre, et vous aussi.\" \/>\n<meta property=\"og:url\" content=\"https:\/\/pipcke.fr\/idees-deco\/inspirations-deco\/deco-chambre-bebe\/\" \/>\n<meta property=\"og:site_name\" content=\"Pipcke\" \/>\n<meta property=\"article:publisher\" content=\"https:\/\/www.facebook.com\/Pipcke\" \/>\n<meta property=\"article:published_time\" content=\"2024-09-27T17:43:23+00:00\" \/>\n<meta property=\"article:modified_time\" content=\"2024-09-27T17:43:24+00:00\" \/>\n<meta property=\"og:image\" content=\"https:\/\/pipcke.fr\/idees-deco\/wp-content\/uploads\/2024\/09\/Deco-chambre-bebe-scaled.jpg\" \/>\n\t<meta property=\"og:image:width\" content=\"2560\" \/>\n\t<meta property=\"og:image:height\" content=\"1280\" \/>\n\t<meta property=\"og:image:type\" content=\"image\/jpeg\" \/>\n<meta name=\"author\" content=\"Fatina Sleiman\" \/>\n<meta name=\"twitter:card\" content=\"summary_large_image\" \/>\n<meta name=\"twitter:title\" content=\"D\u00e9co chambre b\u00e9b\u00e9 : 15 id\u00e9es pour cr\u00e9er un univers apaisant !\" \/>\n<meta name=\"twitter:description\" content=\"15 id\u00e9es d\u00e9co chambre b\u00e9b\u00e9 pour cr\u00e9er un cocon. Suivez nos conseils et votre enfant adorera sa chambre, et vous aussi.\" \/>\n<meta name=\"twitter:creator\" content=\"@pipcke\" \/>\n<meta name=\"twitter:site\" content=\"@pipcke\" \/>\n<meta name=\"twitter:label1\" content=\"\u00c9crit par\" \/>\n\t<meta name=\"twitter:data1\" content=\"Fatina Sleiman\" \/>\n\t<meta name=\"twitter:label2\" content=\"Dur\u00e9e de lecture estim\u00e9e\" \/>\n\t<meta name=\"twitter:data2\" content=\"8 minutes\" \/>\n<script type=\"application\/ld+json\" class=\"yoast-schema-graph\">{\"@context\":\"https:\\\/\\\/schema.org\",\"@graph\":[{\"@type\":[\"Article\",\"BlogPosting\"],\"@id\":\"https:\\\/\\\/pipcke.fr\\\/idees-deco\\\/inspirations-deco\\\/deco-chambre-bebe\\\/#article\",\"isPartOf\":{\"@id\":\"https:\\\/\\\/pipcke.fr\\\/idees-deco\\\/inspirations-deco\\\/deco-chambre-bebe\\\/\"},\"author\":{\"name\":\"Fatina Sleiman\",\"@id\":\"https:\\\/\\\/pipcke.fr\\\/idees-deco\\\/#\\\/schema\\\/person\\\/8b5506de5e3c01d4bdf4d6eec0847e64\"},\"headline\":\"D\u00e9co chambre b\u00e9b\u00e9 : 15 id\u00e9es pour cr\u00e9er un univers apaisant\",\"datePublished\":\"2024-09-27T17:43:23+00:00\",\"dateModified\":\"2024-09-27T17:43:24+00:00\",\"mainEntityOfPage\":{\"@id\":\"https:\\\/\\\/pipcke.fr\\\/idees-deco\\\/inspirations-deco\\\/deco-chambre-bebe\\\/\"},\"wordCount\":825,\"publisher\":{\"@id\":\"https:\\\/\\\/pipcke.fr\\\/idees-deco\\\/#organization\"},\"image\":{\"@id\":\"https:\\\/\\\/pipcke.fr\\\/idees-deco\\\/inspirations-deco\\\/deco-chambre-bebe\\\/#primaryimage\"},\"thumbnailUrl\":\"https:\\\/\\\/pipcke.fr\\\/idees-deco\\\/wp-content\\\/uploads\\\/2024\\\/09\\\/Deco-chambre-bebe-scaled.jpg\",\"keywords\":[\"Chambre b\u00e9b\u00e9\",\"conseils d\u00e9co\",\"Couleurs\",\"d\u00e9co\",\"d\u00e9co chambre\",\"D\u00e9coration\",\"Id\u00e9es d\u00e9co\",\"Inspirations d\u00e9co\",\"inspirations d\u00e9co chambre\",\"Mobilier\",\"Papier peint\",\"Peinture\",\"Rideaux\",\"Tendances\"],\"articleSection\":[\"Inspirations d\u00e9co\"],\"inLanguage\":\"fr-FR\"},{\"@type\":\"WebPage\",\"@id\":\"https:\\\/\\\/pipcke.fr\\\/idees-deco\\\/inspirations-deco\\\/deco-chambre-bebe\\\/\",\"url\":\"https:\\\/\\\/pipcke.fr\\\/idees-deco\\\/inspirations-deco\\\/deco-chambre-bebe\\\/\",\"name\":\"D\u00e9co chambre b\u00e9b\u00e9 : 15 id\u00e9es pour cr\u00e9er un univers apaisant !\",\"isPartOf\":{\"@id\":\"https:\\\/\\\/pipcke.fr\\\/idees-deco\\\/#website\"},\"primaryImageOfPage\":{\"@id\":\"https:\\\/\\\/pipcke.fr\\\/idees-deco\\\/inspirations-deco\\\/deco-chambre-bebe\\\/#primaryimage\"},\"image\":{\"@id\":\"https:\\\/\\\/pipcke.fr\\\/idees-deco\\\/inspirations-deco\\\/deco-chambre-bebe\\\/#primaryimage\"},\"thumbnailUrl\":\"https:\\\/\\\/pipcke.fr\\\/idees-deco\\\/wp-content\\\/uploads\\\/2024\\\/09\\\/Deco-chambre-bebe-scaled.jpg\",\"datePublished\":\"2024-09-27T17:43:23+00:00\",\"dateModified\":\"2024-09-27T17:43:24+00:00\",\"description\":\"15 id\u00e9es d\u00e9co chambre b\u00e9b\u00e9 pour cr\u00e9er un cocon. Suivez nos conseils et votre enfant adorera sa chambre, et vous aussi.\",\"breadcrumb\":{\"@id\":\"https:\\\/\\\/pipcke.fr\\\/idees-deco\\\/inspirations-deco\\\/deco-chambre-bebe\\\/#breadcrumb\"},\"inLanguage\":\"fr-FR\",\"potentialAction\":[{\"@type\":\"ReadAction\",\"target\":[\"https:\\\/\\\/pipcke.fr\\\/idees-deco\\\/inspirations-deco\\\/deco-chambre-bebe\\\/\"]}]},{\"@type\":\"ImageObject\",\"inLanguage\":\"fr-FR\",\"@id\":\"https:\\\/\\\/pipcke.fr\\\/idees-deco\\\/inspirations-deco\\\/deco-chambre-bebe\\\/#primaryimage\",\"url\":\"https:\\\/\\\/pipcke.fr\\\/idees-deco\\\/wp-content\\\/uploads\\\/2024\\\/09\\\/Deco-chambre-bebe-scaled.jpg\",\"contentUrl\":\"https:\\\/\\\/pipcke.fr\\\/idees-deco\\\/wp-content\\\/uploads\\\/2024\\\/09\\\/Deco-chambre-bebe-scaled.jpg\",\"width\":2560,\"height\":1280,\"caption\":\"Deco chambre bebe\"},{\"@type\":\"BreadcrumbList\",\"@id\":\"https:\\\/\\\/pipcke.fr\\\/idees-deco\\\/inspirations-deco\\\/deco-chambre-bebe\\\/#breadcrumb\",\"itemListElement\":[{\"@type\":\"ListItem\",\"position\":1,\"name\":\"Accueil\",\"item\":\"https:\\\/\\\/pipcke.fr\\\/idees-deco\\\/\"},{\"@type\":\"ListItem\",\"position\":2,\"name\":\"Inspirations d\u00e9co\",\"item\":\"https:\\\/\\\/pipcke.fr\\\/idees-deco\\\/.\\\/inspirations-deco\\\/\"},{\"@type\":\"ListItem\",\"position\":3,\"name\":\"D\u00e9co chambre b\u00e9b\u00e9 : 15 id\u00e9es pour cr\u00e9er un univers apaisant\"}]},{\"@type\":\"WebSite\",\"@id\":\"https:\\\/\\\/pipcke.fr\\\/idees-deco\\\/#website\",\"url\":\"https:\\\/\\\/pipcke.fr\\\/idees-deco\\\/\",\"name\":\"Pipcke\",\"description\":\"Id\u00e9es, conseils et inspirations d\u00e9co\",\"publisher\":{\"@id\":\"https:\\\/\\\/pipcke.fr\\\/idees-deco\\\/#organization\"},\"potentialAction\":[{\"@type\":\"SearchAction\",\"target\":{\"@type\":\"EntryPoint\",\"urlTemplate\":\"https:\\\/\\\/pipcke.fr\\\/idees-deco\\\/?s={search_term_string}\"},\"query-input\":{\"@type\":\"PropertyValueSpecification\",\"valueRequired\":true,\"valueName\":\"search_term_string\"}}],\"inLanguage\":\"fr-FR\"},{\"@type\":\"Organization\",\"@id\":\"https:\\\/\\\/pipcke.fr\\\/idees-deco\\\/#organization\",\"name\":\"PIPCKE\",\"alternateName\":\"PIPCKE\",\"url\":\"https:\\\/\\\/pipcke.fr\\\/idees-deco\\\/\",\"logo\":{\"@type\":\"ImageObject\",\"inLanguage\":\"fr-FR\",\"@id\":\"https:\\\/\\\/pipcke.fr\\\/idees-deco\\\/#\\\/schema\\\/logo\\\/image\\\/\",\"url\":\"https:\\\/\\\/pipcke.fr\\\/idees-deco\\\/wp-content\\\/uploads\\\/2020\\\/12\\\/logo-black.svg\",\"contentUrl\":\"https:\\\/\\\/pipcke.fr\\\/idees-deco\\\/wp-content\\\/uploads\\\/2020\\\/12\\\/logo-black.svg\",\"width\":524,\"height\":140,\"caption\":\"PIPCKE\"},\"image\":{\"@id\":\"https:\\\/\\\/pipcke.fr\\\/idees-deco\\\/#\\\/schema\\\/logo\\\/image\\\/\"},\"sameAs\":[\"https:\\\/\\\/www.facebook.com\\\/Pipcke\",\"https:\\\/\\\/x.com\\\/pipcke\",\"https:\\\/\\\/www.instagram.com\\\/pipcke.fr\\\/\",\"https:\\\/\\\/www.linkedin.com\\\/company\\\/pipcke\",\"https:\\\/\\\/www.pinterest.fr\\\/PIPCKE\\\/_created\\\/\",\"https:\\\/\\\/www.youtube.com\\\/channel\\\/UCaYnny5Q4k6HN1s3zr1Gazw\"],\"email\":\"hello@pipcke.fr\",\"telephone\":\"0184802084\",\"legalName\":\"Pipcke\"},{\"@type\":\"Person\",\"@id\":\"https:\\\/\\\/pipcke.fr\\\/idees-deco\\\/#\\\/schema\\\/person\\\/8b5506de5e3c01d4bdf4d6eec0847e64\",\"name\":\"Fatina Sleiman\",\"image\":{\"@type\":\"ImageObject\",\"inLanguage\":\"fr-FR\",\"@id\":\"https:\\\/\\\/secure.gravatar.com\\\/avatar\\\/33adce8ac61f425fd715619b70468232eba35ea2a75e2245c576d75661f4f516?s=96&d=mm&r=g\",\"url\":\"https:\\\/\\\/secure.gravatar.com\\\/avatar\\\/33adce8ac61f425fd715619b70468232eba35ea2a75e2245c576d75661f4f516?s=96&d=mm&r=g\",\"contentUrl\":\"https:\\\/\\\/secure.gravatar.com\\\/avatar\\\/33adce8ac61f425fd715619b70468232eba35ea2a75e2245c576d75661f4f516?s=96&d=mm&r=g\",\"caption\":\"Fatina Sleiman\"},\"description\":\"Fatina est la r\u00e9dactrice sp\u00e9cialis\u00e9e de Pipcke pour toutes les th\u00e9matiques li\u00e9es \u00e0 la couleur, aux peintures et \u00e0 la perception visuelle de l\u2019habitat. Son travail d\u2019analyse se concentre sur la mani\u00e8re dont les teintes, les contrastes et les finitions influencent les volumes et l'atmosph\u00e8re d'un int\u00e9rieur. \u00c0 travers ses articles et guides pratiques, Fatina d\u00e9crypte comment la peinture s'impose comme un v\u00e9ritable levier d'agencement : La correction des volumes et des perspectives : agrandir visuellement un couloir \u00e9troit, \u00e9lever un plafond ou structurer une pi\u00e8ce de vie par la couleur. L'art du mur d'accent et des associations : choisir le bon mur \u00e0 peindre dans une chambre, un salon ou une cuisine et marier deux couleurs sans encombrer le regard. La r\u00e9novation et la revalorisation : s\u00e9lectionner les meilleures teintes pour repeindre et moderniser du mobilier en bois ou des \u00e9l\u00e9ments architecturaux. Son objectif \u00e0 travers chaque guide est de fournir aux lecteurs des conseils clairs, techniques et imm\u00e9diatement applicables pour transformer leurs espaces en jouant simplement sur la lumi\u00e8re et les harmonies chromatiques.\",\"url\":\"https:\\\/\\\/pipcke.fr\\\/idees-deco\\\/auteur\\\/fatina-sleiman\\\/\"}]}<\/script>\n<!-- \/ Yoast SEO Premium plugin. -->","yoast_head_json":{"title":"D\u00e9co chambre b\u00e9b\u00e9 : 15 id\u00e9es pour cr\u00e9er un univers apaisant !","description":"15 id\u00e9es d\u00e9co chambre b\u00e9b\u00e9 pour cr\u00e9er un cocon. Suivez nos conseils et votre enfant adorera sa chambre, et vous aussi.","robots":{"index":"index","follow":"follow","max-snippet":"max-snippet:-1","max-image-preview":"max-image-preview:large","max-video-preview":"max-video-preview:-1"},"canonical":"https:\/\/pipcke.fr\/idees-deco\/inspirations-deco\/deco-chambre-bebe\/","og_locale":"fr_FR","og_type":"article","og_title":"D\u00e9co chambre b\u00e9b\u00e9 : 15 id\u00e9es pour cr\u00e9er un univers apaisant !","og_description":"15 id\u00e9es d\u00e9co chambre b\u00e9b\u00e9 pour cr\u00e9er un cocon. Suivez nos conseils et votre enfant adorera sa chambre, et vous aussi.","og_url":"https:\/\/pipcke.fr\/idees-deco\/inspirations-deco\/deco-chambre-bebe\/","og_site_name":"Pipcke","article_publisher":"https:\/\/www.facebook.com\/Pipcke","article_published_time":"2024-09-27T17:43:23+00:00","article_modified_time":"2024-09-27T17:43:24+00:00","og_image":[{"width":2560,"height":1280,"url":"https:\/\/pipcke.fr\/idees-deco\/wp-content\/uploads\/2024\/09\/Deco-chambre-bebe-scaled.jpg","type":"image\/jpeg"}],"author":"Fatina Sleiman","twitter_card":"summary_large_image","twitter_title":"D\u00e9co chambre b\u00e9b\u00e9 : 15 id\u00e9es pour cr\u00e9er un univers apaisant !","twitter_description":"15 id\u00e9es d\u00e9co chambre b\u00e9b\u00e9 pour cr\u00e9er un cocon. Suivez nos conseils et votre enfant adorera sa chambre, et vous aussi.","twitter_creator":"@pipcke","twitter_site":"@pipcke","twitter_misc":{"\u00c9crit par":"Fatina Sleiman","Dur\u00e9e de lecture estim\u00e9e":"8 minutes"},"schema":{"@context":"https:\/\/schema.org","@graph":[{"@type":["Article","BlogPosting"],"@id":"https:\/\/pipcke.fr\/idees-deco\/inspirations-deco\/deco-chambre-bebe\/#article","isPartOf":{"@id":"https:\/\/pipcke.fr\/idees-deco\/inspirations-deco\/deco-chambre-bebe\/"},"author":{"name":"Fatina Sleiman","@id":"https:\/\/pipcke.fr\/idees-deco\/#\/schema\/person\/8b5506de5e3c01d4bdf4d6eec0847e64"},"headline":"D\u00e9co chambre b\u00e9b\u00e9 : 15 id\u00e9es pour cr\u00e9er un univers apaisant","datePublished":"2024-09-27T17:43:23+00:00","dateModified":"2024-09-27T17:43:24+00:00","mainEntityOfPage":{"@id":"https:\/\/pipcke.fr\/idees-deco\/inspirations-deco\/deco-chambre-bebe\/"},"wordCount":825,"publisher":{"@id":"https:\/\/pipcke.fr\/idees-deco\/#organization"},"image":{"@id":"https:\/\/pipcke.fr\/idees-deco\/inspirations-deco\/deco-chambre-bebe\/#primaryimage"},"thumbnailUrl":"https:\/\/pipcke.fr\/idees-deco\/wp-content\/uploads\/2024\/09\/Deco-chambre-bebe-scaled.jpg","keywords":["Chambre b\u00e9b\u00e9","conseils d\u00e9co","Couleurs","d\u00e9co","d\u00e9co chambre","D\u00e9coration","Id\u00e9es d\u00e9co","Inspirations d\u00e9co","inspirations d\u00e9co chambre","Mobilier","Papier peint","Peinture","Rideaux","Tendances"],"articleSection":["Inspirations d\u00e9co"],"inLanguage":"fr-FR"},{"@type":"WebPage","@id":"https:\/\/pipcke.fr\/idees-deco\/inspirations-deco\/deco-chambre-bebe\/","url":"https:\/\/pipcke.fr\/idees-deco\/inspirations-deco\/deco-chambre-bebe\/","name":"D\u00e9co chambre b\u00e9b\u00e9 : 15 id\u00e9es pour cr\u00e9er un univers apaisant !","isPartOf":{"@id":"https:\/\/pipcke.fr\/idees-deco\/#website"},"primaryImageOfPage":{"@id":"https:\/\/pipcke.fr\/idees-deco\/inspirations-deco\/deco-chambre-bebe\/#primaryimage"},"image":{"@id":"https:\/\/pipcke.fr\/idees-deco\/inspirations-deco\/deco-chambre-bebe\/#primaryimage"},"thumbnailUrl":"https:\/\/pipcke.fr\/idees-deco\/wp-content\/uploads\/2024\/09\/Deco-chambre-bebe-scaled.jpg","datePublished":"2024-09-27T17:43:23+00:00","dateModified":"2024-09-27T17:43:24+00:00","description":"15 id\u00e9es d\u00e9co chambre b\u00e9b\u00e9 pour cr\u00e9er un cocon. Suivez nos conseils et votre enfant adorera sa chambre, et vous aussi.","breadcrumb":{"@id":"https:\/\/pipcke.fr\/idees-deco\/inspirations-deco\/deco-chambre-bebe\/#breadcrumb"},"inLanguage":"fr-FR","potentialAction":[{"@type":"ReadAction","target":["https:\/\/pipcke.fr\/idees-deco\/inspirations-deco\/deco-chambre-bebe\/"]}]},{"@type":"ImageObject","inLanguage":"fr-FR","@id":"https:\/\/pipcke.fr\/idees-deco\/inspirations-deco\/deco-chambre-bebe\/#primaryimage","url":"https:\/\/pipcke.fr\/idees-deco\/wp-content\/uploads\/2024\/09\/Deco-chambre-bebe-scaled.jpg","contentUrl":"https:\/\/pipcke.fr\/idees-deco\/wp-content\/uploads\/2024\/09\/Deco-chambre-bebe-scaled.jpg","width":2560,"height":1280,"caption":"Deco chambre bebe"},{"@type":"BreadcrumbList","@id":"https:\/\/pipcke.fr\/idees-deco\/inspirations-deco\/deco-chambre-bebe\/#breadcrumb","itemListElement":[{"@type":"ListItem","position":1,"name":"Accueil","item":"https:\/\/pipcke.fr\/idees-deco\/"},{"@type":"ListItem","position":2,"name":"Inspirations d\u00e9co","item":"https:\/\/pipcke.fr\/idees-deco\/.\/inspirations-deco\/"},{"@type":"ListItem","position":3,"name":"D\u00e9co chambre b\u00e9b\u00e9 : 15 id\u00e9es pour cr\u00e9er un univers apaisant"}]},{"@type":"WebSite","@id":"https:\/\/pipcke.fr\/idees-deco\/#website","url":"https:\/\/pipcke.fr\/idees-deco\/","name":"Pipcke","description":"Id\u00e9es, conseils et inspirations d\u00e9co","publisher":{"@id":"https:\/\/pipcke.fr\/idees-deco\/#organization"},"potentialAction":[{"@type":"SearchAction","target":{"@type":"EntryPoint","urlTemplate":"https:\/\/pipcke.fr\/idees-deco\/?s={search_term_string}"},"query-input":{"@type":"PropertyValueSpecification","valueRequired":true,"valueName":"search_term_string"}}],"inLanguage":"fr-FR"},{"@type":"Organization","@id":"https:\/\/pipcke.fr\/idees-deco\/#organization","name":"PIPCKE","alternateName":"PIPCKE","url":"https:\/\/pipcke.fr\/idees-deco\/","logo":{"@type":"ImageObject","inLanguage":"fr-FR","@id":"https:\/\/pipcke.fr\/idees-deco\/#\/schema\/logo\/image\/","url":"https:\/\/pipcke.fr\/idees-deco\/wp-content\/uploads\/2020\/12\/logo-black.svg","contentUrl":"https:\/\/pipcke.fr\/idees-deco\/wp-content\/uploads\/2020\/12\/logo-black.svg","width":524,"height":140,"caption":"PIPCKE"},"image":{"@id":"https:\/\/pipcke.fr\/idees-deco\/#\/schema\/logo\/image\/"},"sameAs":["https:\/\/www.facebook.com\/Pipcke","https:\/\/x.com\/pipcke","https:\/\/www.instagram.com\/pipcke.fr\/","https:\/\/www.linkedin.com\/company\/pipcke","https:\/\/www.pinterest.fr\/PIPCKE\/_created\/","https:\/\/www.youtube.com\/channel\/UCaYnny5Q4k6HN1s3zr1Gazw"],"email":"hello@pipcke.fr","telephone":"0184802084","legalName":"Pipcke"},{"@type":"Person","@id":"https:\/\/pipcke.fr\/idees-deco\/#\/schema\/person\/8b5506de5e3c01d4bdf4d6eec0847e64","name":"Fatina Sleiman","image":{"@type":"ImageObject","inLanguage":"fr-FR","@id":"https:\/\/secure.gravatar.com\/avatar\/33adce8ac61f425fd715619b70468232eba35ea2a75e2245c576d75661f4f516?s=96&d=mm&r=g","url":"https:\/\/secure.gravatar.com\/avatar\/33adce8ac61f425fd715619b70468232eba35ea2a75e2245c576d75661f4f516?s=96&d=mm&r=g","contentUrl":"https:\/\/secure.gravatar.com\/avatar\/33adce8ac61f425fd715619b70468232eba35ea2a75e2245c576d75661f4f516?s=96&d=mm&r=g","caption":"Fatina Sleiman"},"description":"Fatina est la r\u00e9dactrice sp\u00e9cialis\u00e9e de Pipcke pour toutes les th\u00e9matiques li\u00e9es \u00e0 la couleur, aux peintures et \u00e0 la perception visuelle de l\u2019habitat. Son travail d\u2019analyse se concentre sur la mani\u00e8re dont les teintes, les contrastes et les finitions influencent les volumes et l'atmosph\u00e8re d'un int\u00e9rieur. \u00c0 travers ses articles et guides pratiques, Fatina d\u00e9crypte comment la peinture s'impose comme un v\u00e9ritable levier d'agencement : La correction des volumes et des perspectives : agrandir visuellement un couloir \u00e9troit, \u00e9lever un plafond ou structurer une pi\u00e8ce de vie par la couleur. L'art du mur d'accent et des associations : choisir le bon mur \u00e0 peindre dans une chambre, un salon ou une cuisine et marier deux couleurs sans encombrer le regard. La r\u00e9novation et la revalorisation : s\u00e9lectionner les meilleures teintes pour repeindre et moderniser du mobilier en bois ou des \u00e9l\u00e9ments architecturaux. Son objectif \u00e0 travers chaque guide est de fournir aux lecteurs des conseils clairs, techniques et imm\u00e9diatement applicables pour transformer leurs espaces en jouant simplement sur la lumi\u00e8re et les harmonies chromatiques.","url":"https:\/\/pipcke.fr\/idees-deco\/auteur\/fatina-sleiman\/"}]}},"_links":{"self":[{"href":"https:\/\/pipcke.fr\/idees-deco\/wp-json\/wp\/v2\/posts\/15216","targetHints":{"allow":["GET"]}}],"collection":[{"href":"https:\/\/pipcke.fr\/idees-deco\/wp-json\/wp\/v2\/posts"}],"about":[{"href":"https:\/\/pipcke.fr\/idees-deco\/wp-json\/wp\/v2\/types\/post"}],"author":[{"embeddable":true,"href":"https:\/\/pipcke.fr\/idees-deco\/wp-json\/wp\/v2\/users\/18"}],"replies":[{"embeddable":true,"href":"https:\/\/pipcke.fr\/idees-deco\/wp-json\/wp\/v2\/comments?post=15216"}],"version-history":[{"count":10,"href":"https:\/\/pipcke.fr\/idees-deco\/wp-json\/wp\/v2\/posts\/15216\/revisions"}],"predecessor-version":[{"id":15658,"href":"https:\/\/pipcke.fr\/idees-deco\/wp-json\/wp\/v2\/posts\/15216\/revisions\/15658"}],"wp:featuredmedia":[{"embeddable":true,"href":"https:\/\/pipcke.fr\/idees-deco\/wp-json\/wp\/v2\/media\/15359"}],"wp:attachment":[{"href":"https:\/\/pipcke.fr\/idees-deco\/wp-json\/wp\/v2\/media?parent=15216"}],"wp:term":[{"taxonomy":"category","embeddable":true,"href":"https:\/\/pipcke.fr\/idees-deco\/wp-json\/wp\/v2\/categories?post=15216"},{"taxonomy":"post_tag","embeddable":true,"href":"https:\/\/pipcke.fr\/idees-deco\/wp-json\/wp\/v2\/tags?post=15216"},{"taxonomy":"powerkit_post_featured","embeddable":true,"href":"https:\/\/pipcke.fr\/idees-deco\/wp-json\/wp\/v2\/powerkit_post_featured?post=15216"}],"curies":[{"name":"wp","href":"https:\/\/api.w.org\/{rel}","templated":true}]}}