{"id":14329,"date":"2024-07-25T15:44:26","date_gmt":"2024-07-25T13:44:26","guid":{"rendered":"https:\/\/pipcke.fr\/idees-deco\/?p=14329"},"modified":"2024-07-25T15:44:27","modified_gmt":"2024-07-25T13:44:27","slug":"la-maison-de-kendall-jenner","status":"publish","type":"post","link":"https:\/\/pipcke.fr\/idees-deco\/inspirations-deco\/la-maison-de-kendall-jenner\/","title":{"rendered":"La maison de Kendall Jenner \u00e0 LA: une visite exclusive"},"content":{"rendered":"<div id=\"bsf_rt_marker\"><\/div>\n<p>Vous avez toujours voulu savoir \u00e0 quoi ressemblent les maisons de stars, juste pour vous faire r\u00eaver? Votre v\u0153u est exauc\u00e9. Nous d\u00e9voilons aujourd\u2019hui <strong>la maison de Kendall Jenner<\/strong> \u00e0 Los Angeles.<\/p>\n\n\n\n<p>Kendall Jenner est un mannequin, une star de la t\u00e9l\u00e9vision et une influenceuse. En fait, elle aime les maisons qui ont du caract\u00e8re, c&rsquo;est pourquoi elle a choisi le <strong>style espagnol<\/strong> pour sa demeure de 600 m\u00b2 \u00e0 Los Angeles.<\/p>\n\n\n\n<p>Bienvenue dans la demeure de Kendall Jenner, nous allons faire un tour complet avec vous.<\/p>\n\n\n\n<p>Inspir\u00e9e par la d\u00e9coration espagnole con\u00e7ue par son architecte d&rsquo;int\u00e9rieur, cette demeure s\u00e9duit par son charme, ses couleurs neutres, et ses pi\u00e8ces authentiques.<\/p>\n\n\n\n<figure class=\"wp-block-image size-large\"><a href=\"https:\/\/pipcke.fr\/quiz\"><img loading=\"lazy\" decoding=\"async\" width=\"1160\" height=\"387\" src=\"https:\/\/pipcke.fr\/idees-deco\/wp-content\/uploads\/2023\/11\/decouvrir-mon-style-picto-1-1160x387.png\" alt=\"banni\u00e8re d\u00e9couvrir mon style\" class=\"wp-image-8930\" srcset=\"https:\/\/pipcke.fr\/idees-deco\/wp-content\/uploads\/2023\/11\/decouvrir-mon-style-picto-1-1160x387.png 1160w, https:\/\/pipcke.fr\/idees-deco\/wp-content\/uploads\/2023\/11\/decouvrir-mon-style-picto-1-800x267.png 800w, https:\/\/pipcke.fr\/idees-deco\/wp-content\/uploads\/2023\/11\/decouvrir-mon-style-picto-1-120x40.png 120w, https:\/\/pipcke.fr\/idees-deco\/wp-content\/uploads\/2023\/11\/decouvrir-mon-style-picto-1-90x30.png 90w, https:\/\/pipcke.fr\/idees-deco\/wp-content\/uploads\/2023\/11\/decouvrir-mon-style-picto-1-320x107.png 320w, https:\/\/pipcke.fr\/idees-deco\/wp-content\/uploads\/2023\/11\/decouvrir-mon-style-picto-1-560x187.png 560w, https:\/\/pipcke.fr\/idees-deco\/wp-content\/uploads\/2023\/11\/decouvrir-mon-style-picto-1.png 1500w\" sizes=\"auto, (max-width: 1160px) 100vw, 1160px\" \/><\/a><\/figure>\n\n\n\n<h2 class=\"wp-block-heading is-style-cnvs-heading-numbered\" id=\"h-le-salon-est-en-longueur\"><span id=\"le-salon-est-en-longueur\"><strong>Le salon est en longueur<\/strong><\/span><\/h2>\n\n\n\n<p>Kendall a choisi un am\u00e9nagement pour un salon accueillant, confortable et propice au bien-\u00eatre.<\/p>\n\n\n\n<p>Le salon, qui est une pi\u00e8ce parfaitement \u00e9clair\u00e9e, entour\u00e9e d&rsquo;arcades. Elle a choisi la couleur marron pour ses deux grands fauteuils, agr\u00e9ment\u00e9s de coussins color\u00e9s. <\/p>\n\n\n\n<p>Une chemin\u00e9e au fond du salon ajoute une touche de chaleur.<\/p>\n\n\n\n<p>Il n&rsquo;y a pas de t\u00e9l\u00e9vision dans cette pi\u00e8ce, car Kendall aime recevoir des gens pour discuter et s\u2019amuser.<\/p>\n\n\n\n<figure class=\"wp-block-image size-full\"><img loading=\"lazy\" decoding=\"async\" width=\"943\" height=\"363\" src=\"https:\/\/pipcke.fr\/idees-deco\/wp-content\/uploads\/2024\/07\/Salon-de-la-maison-de-Kendall-Jenner.png\" alt=\"Le salon de la maison de Kendall Jenner\" class=\"wp-image-14405\" srcset=\"https:\/\/pipcke.fr\/idees-deco\/wp-content\/uploads\/2024\/07\/Salon-de-la-maison-de-Kendall-Jenner.png 943w, https:\/\/pipcke.fr\/idees-deco\/wp-content\/uploads\/2024\/07\/Salon-de-la-maison-de-Kendall-Jenner-800x308.png 800w, https:\/\/pipcke.fr\/idees-deco\/wp-content\/uploads\/2024\/07\/Salon-de-la-maison-de-Kendall-Jenner-120x46.png 120w, https:\/\/pipcke.fr\/idees-deco\/wp-content\/uploads\/2024\/07\/Salon-de-la-maison-de-Kendall-Jenner-90x35.png 90w, https:\/\/pipcke.fr\/idees-deco\/wp-content\/uploads\/2024\/07\/Salon-de-la-maison-de-Kendall-Jenner-320x123.png 320w, https:\/\/pipcke.fr\/idees-deco\/wp-content\/uploads\/2024\/07\/Salon-de-la-maison-de-Kendall-Jenner-560x216.png 560w\" sizes=\"auto, (max-width: 943px) 100vw, 943px\" \/><\/figure>\n\n\n\n<h2 class=\"wp-block-heading is-style-cnvs-heading-numbered\" id=\"h-la-salle-a-manger-tres-personnelle-style-campagnard\"><span id=\"la-salle-a-manger-tres-personnelle-style-campagnard\"><strong>La salle \u00e0 manger : tr\u00e8s personnelle, style campagnard<\/strong><\/span><\/h2>\n\n\n\n<p>La salle \u00e0 manger est en bois massif, ce qui ajoute plus d&rsquo;authenticit\u00e9 et du naturel.<\/p>\n\n\n\n<p>Visiblement, elle n\u2019est pas neuve, elle a d\u00fb la renouveler, n&#8217;emp\u00eache qu\u2019il lui manque encore beaucoup de travail.<\/p>\n\n\n\n<figure class=\"wp-block-image size-full\"><img loading=\"lazy\" decoding=\"async\" width=\"941\" height=\"382\" src=\"https:\/\/pipcke.fr\/idees-deco\/wp-content\/uploads\/2024\/07\/Salle-a-manger-style-campagnard.png\" alt=\"Une salle \u00e0 manger style campagnard dans la maison de Kendall Jenner\" class=\"wp-image-14409\" srcset=\"https:\/\/pipcke.fr\/idees-deco\/wp-content\/uploads\/2024\/07\/Salle-a-manger-style-campagnard.png 941w, https:\/\/pipcke.fr\/idees-deco\/wp-content\/uploads\/2024\/07\/Salle-a-manger-style-campagnard-800x325.png 800w, https:\/\/pipcke.fr\/idees-deco\/wp-content\/uploads\/2024\/07\/Salle-a-manger-style-campagnard-120x49.png 120w, https:\/\/pipcke.fr\/idees-deco\/wp-content\/uploads\/2024\/07\/Salle-a-manger-style-campagnard-90x37.png 90w, https:\/\/pipcke.fr\/idees-deco\/wp-content\/uploads\/2024\/07\/Salle-a-manger-style-campagnard-320x130.png 320w, https:\/\/pipcke.fr\/idees-deco\/wp-content\/uploads\/2024\/07\/Salle-a-manger-style-campagnard-560x227.png 560w\" sizes=\"auto, (max-width: 941px) 100vw, 941px\" \/><\/figure>\n\n\n\n<h2 class=\"wp-block-heading is-style-cnvs-heading-numbered\" id=\"h-espace-de-repos-amenagement-d-une-piece-de-vie-cozy\"><span id=\"espace-de-repos-amenagement-dune-piece-de-vie-cozy\"><strong>Espace de repos : am\u00e9nagement d\u2019une pi\u00e8ce de vie cozy<\/strong><\/span><\/h2>\n\n\n\n<p>La maison poss\u00e8de cinq chambres et six salles de bain.<\/p>\n\n\n\n<p>Pour arriver \u00e0 la chambre \u00e0 coucher principale, kendall a install\u00e9 une aire de repos ou elle a install\u00e9 une \u00e9norme t\u00e9l\u00e9vision.&nbsp;<\/p>\n\n\n\n<figure class=\"wp-block-image size-large\"><img loading=\"lazy\" decoding=\"async\" width=\"1160\" height=\"578\" src=\"https:\/\/pipcke.fr\/idees-deco\/wp-content\/uploads\/2024\/07\/amenagement-dune-piece-de-vie-cozy-1160x578.png\" alt=\"Am\u00e9nagement d\u2019une pi\u00e8ce de vie cozy\" class=\"wp-image-14413\" srcset=\"https:\/\/pipcke.fr\/idees-deco\/wp-content\/uploads\/2024\/07\/amenagement-dune-piece-de-vie-cozy-1160x578.png 1160w, https:\/\/pipcke.fr\/idees-deco\/wp-content\/uploads\/2024\/07\/amenagement-dune-piece-de-vie-cozy-800x398.png 800w, https:\/\/pipcke.fr\/idees-deco\/wp-content\/uploads\/2024\/07\/amenagement-dune-piece-de-vie-cozy-120x60.png 120w, https:\/\/pipcke.fr\/idees-deco\/wp-content\/uploads\/2024\/07\/amenagement-dune-piece-de-vie-cozy-90x45.png 90w, https:\/\/pipcke.fr\/idees-deco\/wp-content\/uploads\/2024\/07\/amenagement-dune-piece-de-vie-cozy-320x159.png 320w, https:\/\/pipcke.fr\/idees-deco\/wp-content\/uploads\/2024\/07\/amenagement-dune-piece-de-vie-cozy-560x279.png 560w, https:\/\/pipcke.fr\/idees-deco\/wp-content\/uploads\/2024\/07\/amenagement-dune-piece-de-vie-cozy.png 1279w\" sizes=\"auto, (max-width: 1160px) 100vw, 1160px\" \/><\/figure>\n\n\n\n<h2 class=\"wp-block-heading is-style-cnvs-heading-numbered\" id=\"h-chambre-a-coucher-piece-preferee-dans-la-maison-de-kendall-jenner\"><span id=\"chambre-a-coucher-piece-preferee-dans-la-maison-de-kendall-jenner\"><strong>Chambre \u00e0 coucher\u00a0: pi\u00e8ce pr\u00e9f\u00e9r\u00e9e dans la maison de Kendall Jenner<\/strong><\/span><\/h2>\n\n\n\n<p>Un petit corridor m\u00e8ne \u00e0 la chambre \u00e0 coucher toute simple avec un lit \u00e9norme, \u00e9clair\u00e9e par deux lampadaires classiques et deux tables de nuit en bois massif.<\/p>\n\n\n\n<p>Elle a ajout\u00e9 des anneaux en cuivre pour pr\u00e9server l&rsquo;\u00e9nergie positive.<\/p>\n\n\n\n<figure class=\"wp-block-image size-large is-resized\"><img loading=\"lazy\" decoding=\"async\" width=\"1160\" height=\"647\" src=\"https:\/\/pipcke.fr\/idees-deco\/wp-content\/uploads\/2024\/07\/chambre-a-coucher-1160x647.png\" alt=\"chambre \u00e0 coucher, maison de Kendall Jenner\" class=\"wp-image-14411\" style=\"width:680px;height:auto\" srcset=\"https:\/\/pipcke.fr\/idees-deco\/wp-content\/uploads\/2024\/07\/chambre-a-coucher-1160x647.png 1160w, https:\/\/pipcke.fr\/idees-deco\/wp-content\/uploads\/2024\/07\/chambre-a-coucher-800x446.png 800w, https:\/\/pipcke.fr\/idees-deco\/wp-content\/uploads\/2024\/07\/chambre-a-coucher-120x67.png 120w, https:\/\/pipcke.fr\/idees-deco\/wp-content\/uploads\/2024\/07\/chambre-a-coucher-90x50.png 90w, https:\/\/pipcke.fr\/idees-deco\/wp-content\/uploads\/2024\/07\/chambre-a-coucher-320x179.png 320w, https:\/\/pipcke.fr\/idees-deco\/wp-content\/uploads\/2024\/07\/chambre-a-coucher-560x312.png 560w, https:\/\/pipcke.fr\/idees-deco\/wp-content\/uploads\/2024\/07\/chambre-a-coucher.png 1278w\" sizes=\"auto, (max-width: 1160px) 100vw, 1160px\" \/><\/figure>\n\n\n\n<figure class=\"wp-block-image size-large\"><img loading=\"lazy\" decoding=\"async\" width=\"1160\" height=\"578\" src=\"https:\/\/pipcke.fr\/idees-deco\/wp-content\/uploads\/2024\/07\/des-anneaux-en-cuivre-pour-preserver-lenergie-positive-1160x578.png\" alt=\"Des anneaux en cuivre pour pr\u00e9server l'\u00e9nergie positive\" class=\"wp-image-14412\" srcset=\"https:\/\/pipcke.fr\/idees-deco\/wp-content\/uploads\/2024\/07\/des-anneaux-en-cuivre-pour-preserver-lenergie-positive-1160x578.png 1160w, https:\/\/pipcke.fr\/idees-deco\/wp-content\/uploads\/2024\/07\/des-anneaux-en-cuivre-pour-preserver-lenergie-positive-800x399.png 800w, https:\/\/pipcke.fr\/idees-deco\/wp-content\/uploads\/2024\/07\/des-anneaux-en-cuivre-pour-preserver-lenergie-positive-120x60.png 120w, https:\/\/pipcke.fr\/idees-deco\/wp-content\/uploads\/2024\/07\/des-anneaux-en-cuivre-pour-preserver-lenergie-positive-90x45.png 90w, https:\/\/pipcke.fr\/idees-deco\/wp-content\/uploads\/2024\/07\/des-anneaux-en-cuivre-pour-preserver-lenergie-positive-320x159.png 320w, https:\/\/pipcke.fr\/idees-deco\/wp-content\/uploads\/2024\/07\/des-anneaux-en-cuivre-pour-preserver-lenergie-positive-560x279.png 560w, https:\/\/pipcke.fr\/idees-deco\/wp-content\/uploads\/2024\/07\/des-anneaux-en-cuivre-pour-preserver-lenergie-positive.png 1274w\" sizes=\"auto, (max-width: 1160px) 100vw, 1160px\" \/><\/figure>\n\n\n\n<h2 class=\"wp-block-heading is-style-cnvs-heading-numbered\" id=\"h-salle-d-art-transformee\"><span id=\"salle-dart-transformee\"><strong>Salle d\u2019art transform\u00e9e<\/strong><\/span><\/h2>\n\n\n\n<p><strong>La demeure de Kendall Jenner<\/strong> poss\u00e9dait avant l\u2019achat une salle de cin\u00e9ma ; en fait, le propri\u00e9taire \u00e9tait l\u2019acteur Charlie Sheen.<\/p>\n\n\n\n<p>Elle l\u2019a transform\u00e9e en une chambre d\u2019art, principalement pour la peinture.<\/p>\n\n\n\n<figure class=\"wp-block-image size-large\"><img loading=\"lazy\" decoding=\"async\" width=\"1160\" height=\"644\" src=\"https:\/\/pipcke.fr\/idees-deco\/wp-content\/uploads\/2024\/07\/Chambre-de-peinture-1160x644.png\" alt=\"Un studio d'art avec un \u00e9vier, une \u00e9chelle et une \u00e9tag\u00e8re avec de la peinture et des pinceaux\" class=\"wp-image-14394\" srcset=\"https:\/\/pipcke.fr\/idees-deco\/wp-content\/uploads\/2024\/07\/Chambre-de-peinture-1160x644.png 1160w, https:\/\/pipcke.fr\/idees-deco\/wp-content\/uploads\/2024\/07\/Chambre-de-peinture-800x444.png 800w, https:\/\/pipcke.fr\/idees-deco\/wp-content\/uploads\/2024\/07\/Chambre-de-peinture-120x67.png 120w, https:\/\/pipcke.fr\/idees-deco\/wp-content\/uploads\/2024\/07\/Chambre-de-peinture-90x50.png 90w, https:\/\/pipcke.fr\/idees-deco\/wp-content\/uploads\/2024\/07\/Chambre-de-peinture-320x178.png 320w, https:\/\/pipcke.fr\/idees-deco\/wp-content\/uploads\/2024\/07\/Chambre-de-peinture-560x311.png 560w, https:\/\/pipcke.fr\/idees-deco\/wp-content\/uploads\/2024\/07\/Chambre-de-peinture.png 1280w\" sizes=\"auto, (max-width: 1160px) 100vw, 1160px\" \/><\/figure>\n\n\n\n<h2 class=\"wp-block-heading is-style-cnvs-heading-numbered\" id=\"h-fitting-room-mannequin-est-synonyme-de-beaucoup-d-habits-et-de-chaussures\"><span id=\"fitting-room-mannequin-est-synonyme-de-beaucoup-dhabits-et-de-chaussures\"><strong>Fitting room : mannequin est synonyme de beaucoup d\u2019habits et de chaussures<\/strong><\/span><\/h2>\n\n\n\n<p>Une autre chambre a \u00e9t\u00e9 transform\u00e9e en une salle d\u2019essayage, vu que Kendall est un mannequin et poss\u00e8de donc beaucoup de v\u00eatements et de chaussures.<\/p>\n\n\n\n<p>Elle n\u2019a pas d\u00e9pens\u00e9 beaucoup d\u2019argent pour le design de son fitting room, le plus simple qu\u2019on puisse imaginer pour une star.<\/p>\n\n\n\n<figure class=\"wp-block-image size-large\"><img loading=\"lazy\" decoding=\"async\" width=\"1160\" height=\"575\" src=\"https:\/\/pipcke.fr\/idees-deco\/wp-content\/uploads\/2024\/07\/La-maison-de-Kendall-Jenner-fitting-room-1160x575.png\" alt=\"Un dressing rempli de v\u00eatements et de chaussures\" class=\"wp-image-14393\" srcset=\"https:\/\/pipcke.fr\/idees-deco\/wp-content\/uploads\/2024\/07\/La-maison-de-Kendall-Jenner-fitting-room-1160x575.png 1160w, https:\/\/pipcke.fr\/idees-deco\/wp-content\/uploads\/2024\/07\/La-maison-de-Kendall-Jenner-fitting-room-800x397.png 800w, https:\/\/pipcke.fr\/idees-deco\/wp-content\/uploads\/2024\/07\/La-maison-de-Kendall-Jenner-fitting-room-120x60.png 120w, https:\/\/pipcke.fr\/idees-deco\/wp-content\/uploads\/2024\/07\/La-maison-de-Kendall-Jenner-fitting-room-90x45.png 90w, https:\/\/pipcke.fr\/idees-deco\/wp-content\/uploads\/2024\/07\/La-maison-de-Kendall-Jenner-fitting-room-320x159.png 320w, https:\/\/pipcke.fr\/idees-deco\/wp-content\/uploads\/2024\/07\/La-maison-de-Kendall-Jenner-fitting-room-560x278.png 560w, https:\/\/pipcke.fr\/idees-deco\/wp-content\/uploads\/2024\/07\/La-maison-de-Kendall-Jenner-fitting-room.png 1280w\" sizes=\"auto, (max-width: 1160px) 100vw, 1160px\" \/><\/figure>\n\n\n\n<p>Pour en savoir plus sur la cr\u00e9ation d&rsquo;un dressing \u00e9l\u00e9gant et fonctionnel, lisez notre article d\u00e9di\u00e9 \u00e0  <a href=\"https:\/\/pipcke.fr\/idees-deco\/astuces-deco-et-diy\/creer-un-dressing\/\" target=\"_blank\" rel=\"noreferrer noopener\">comment cr\u00e9er un dressing<\/a>.<\/p>\n\n\n\n<p>Une autre chambre \u00e0 coucher a \u00e9t\u00e9 r\u00e9am\u00e9nag\u00e9e en glam room.<\/p>\n\n\n\n<figure class=\"wp-block-image size-large\"><img loading=\"lazy\" decoding=\"async\" width=\"1160\" height=\"577\" src=\"https:\/\/pipcke.fr\/idees-deco\/wp-content\/uploads\/2024\/07\/Glam-room-de-la-maison-de-Kendall-Jenner-1160x577.png\" alt=\"La photo montre le Glam room de la maison de Kendall Jenner\" class=\"wp-image-14391\" srcset=\"https:\/\/pipcke.fr\/idees-deco\/wp-content\/uploads\/2024\/07\/Glam-room-de-la-maison-de-Kendall-Jenner-1160x577.png 1160w, https:\/\/pipcke.fr\/idees-deco\/wp-content\/uploads\/2024\/07\/Glam-room-de-la-maison-de-Kendall-Jenner-800x398.png 800w, https:\/\/pipcke.fr\/idees-deco\/wp-content\/uploads\/2024\/07\/Glam-room-de-la-maison-de-Kendall-Jenner-120x60.png 120w, https:\/\/pipcke.fr\/idees-deco\/wp-content\/uploads\/2024\/07\/Glam-room-de-la-maison-de-Kendall-Jenner-90x45.png 90w, https:\/\/pipcke.fr\/idees-deco\/wp-content\/uploads\/2024\/07\/Glam-room-de-la-maison-de-Kendall-Jenner-320x159.png 320w, https:\/\/pipcke.fr\/idees-deco\/wp-content\/uploads\/2024\/07\/Glam-room-de-la-maison-de-Kendall-Jenner-560x279.png 560w, https:\/\/pipcke.fr\/idees-deco\/wp-content\/uploads\/2024\/07\/Glam-room-de-la-maison-de-Kendall-Jenner.png 1274w\" sizes=\"auto, (max-width: 1160px) 100vw, 1160px\" \/><\/figure>\n\n\n\n<figure class=\"wp-block-image size-large\"><img loading=\"lazy\" decoding=\"async\" width=\"1160\" height=\"558\" src=\"https:\/\/pipcke.fr\/idees-deco\/wp-content\/uploads\/2024\/07\/Glam-room-dans-la-maison-de-kendall-Jenner-1160x558.png\" alt=\"La photo montre un dressing avec un grand miroir, deux chaises et une commode\" class=\"wp-image-14390\" srcset=\"https:\/\/pipcke.fr\/idees-deco\/wp-content\/uploads\/2024\/07\/Glam-room-dans-la-maison-de-kendall-Jenner-1160x558.png 1160w, https:\/\/pipcke.fr\/idees-deco\/wp-content\/uploads\/2024\/07\/Glam-room-dans-la-maison-de-kendall-Jenner-800x385.png 800w, https:\/\/pipcke.fr\/idees-deco\/wp-content\/uploads\/2024\/07\/Glam-room-dans-la-maison-de-kendall-Jenner-120x58.png 120w, https:\/\/pipcke.fr\/idees-deco\/wp-content\/uploads\/2024\/07\/Glam-room-dans-la-maison-de-kendall-Jenner-90x43.png 90w, https:\/\/pipcke.fr\/idees-deco\/wp-content\/uploads\/2024\/07\/Glam-room-dans-la-maison-de-kendall-Jenner-320x154.png 320w, https:\/\/pipcke.fr\/idees-deco\/wp-content\/uploads\/2024\/07\/Glam-room-dans-la-maison-de-kendall-Jenner-560x270.png 560w, https:\/\/pipcke.fr\/idees-deco\/wp-content\/uploads\/2024\/07\/Glam-room-dans-la-maison-de-kendall-Jenner.png 1280w\" sizes=\"auto, (max-width: 1160px) 100vw, 1160px\" \/><\/figure>\n\n\n\n<h2 class=\"wp-block-heading is-style-cnvs-heading-numbered\" id=\"h-la-cuisine-est-consideree-comme-etant-le-coeur-de-la-maison\"><span id=\"la-cuisine-est-consideree-comme-etant-le-coeur-de-la-maison\"><strong>La cuisine est consid\u00e9r\u00e9e comme \u00e9tant le coeur de la maison <\/strong><\/span><\/h2>\n\n\n\n<p>Kendall adore cuisiner et recevoir des amis, passant beaucoup de temps dans sa cuisine. Elle a opt\u00e9 pour une cuisine bicolore en \u00eelot avec des robinetteries vintage. <\/p>\n\n\n\n<p>Kendall prend plaisir \u00e0 accrocher ses casseroles au plafond.<\/p>\n\n\n\n<figure class=\"wp-block-image size-large\"><img loading=\"lazy\" decoding=\"async\" width=\"1160\" height=\"584\" src=\"https:\/\/pipcke.fr\/idees-deco\/wp-content\/uploads\/2024\/07\/La-maison-de-Kendall-Jenner-cuisinePNG-1160x584.png\" alt=\"La photo montre une cuisine avec des casseroles et des po\u00eales suspendues au plafond\" class=\"wp-image-14392\" srcset=\"https:\/\/pipcke.fr\/idees-deco\/wp-content\/uploads\/2024\/07\/La-maison-de-Kendall-Jenner-cuisinePNG-1160x584.png 1160w, https:\/\/pipcke.fr\/idees-deco\/wp-content\/uploads\/2024\/07\/La-maison-de-Kendall-Jenner-cuisinePNG-800x403.png 800w, https:\/\/pipcke.fr\/idees-deco\/wp-content\/uploads\/2024\/07\/La-maison-de-Kendall-Jenner-cuisinePNG-120x60.png 120w, https:\/\/pipcke.fr\/idees-deco\/wp-content\/uploads\/2024\/07\/La-maison-de-Kendall-Jenner-cuisinePNG-90x45.png 90w, https:\/\/pipcke.fr\/idees-deco\/wp-content\/uploads\/2024\/07\/La-maison-de-Kendall-Jenner-cuisinePNG-320x161.png 320w, https:\/\/pipcke.fr\/idees-deco\/wp-content\/uploads\/2024\/07\/La-maison-de-Kendall-Jenner-cuisinePNG-560x282.png 560w, https:\/\/pipcke.fr\/idees-deco\/wp-content\/uploads\/2024\/07\/La-maison-de-Kendall-Jenner-cuisinePNG.png 1276w\" sizes=\"auto, (max-width: 1160px) 100vw, 1160px\" \/><\/figure>\n\n\n\n<p>Sa cuisine, v\u00e9ritable c\u0153ur de la maison, est un exemple de son approche personnelle de l&rsquo;am\u00e9nagement int\u00e9rieur, alliant praticit\u00e9 et esth\u00e9tique avec des touches vintage et une palette bicolore.<\/p>\n\n\n\n<p>Le mannequin et star a transform\u00e9 sa demeure de Los Angeles, en un espace qui refl\u00e8te parfaitement son style de vie et ses go\u00fbts artistiques.<\/p>\n\n\n\n<figure class=\"wp-block-embed is-type-video is-provider-youtube wp-block-embed-youtube wp-embed-aspect-16-9 wp-has-aspect-ratio\"><div class=\"wp-block-embed__wrapper\">\n<iframe loading=\"lazy\" title=\"Inside Kendall Jenner\u2019s Cozy L.A. Hideaway | Open Door | Architectural Digest\" width=\"1160\" height=\"653\" src=\"https:\/\/www.youtube.com\/embed\/yjhibJ-OqxE?feature=oembed\" frameborder=\"0\" allow=\"accelerometer; autoplay; clipboard-write; encrypted-media; gyroscope; picture-in-picture; web-share\" referrerpolicy=\"strict-origin-when-cross-origin\" allowfullscreen><\/iframe>\n<\/div><figcaption class=\"wp-element-caption\">\u00a9 <a href=\"https:\/\/www.youtube.com\/\" target=\"_blank\" rel=\"noreferrer noopener\">Youtube<\/a><\/figcaption><\/figure>\n\n\n\n<p>Chaque pi\u00e8ce, qu&rsquo;il s&rsquo;agisse du salon lumineux aux arcades espagnoles ou de la chambre d&rsquo;art inspirante, t\u00e9moigne de son engagement pour le design \u00e9l\u00e9gant et fonctionnel.<\/p>\n\n\n\n<p>En r\u00e9am\u00e9nageant des espaces comme une chambre en glam room et une autre en salle d&rsquo;essayage, Kendall cr\u00e9e des environnements qui correspondent \u00e0 ses passions et besoins vari\u00e9s, tout en pr\u00e9servant une simplicit\u00e9 \u00e9l\u00e9gante qui caract\u00e9rise son style unique.<\/p>\n\n\n\n<figure class=\"wp-block-image size-large\"><a href=\"https:\/\/pipcke.fr\/nouveau-projet\"><img loading=\"lazy\" decoding=\"async\" width=\"1160\" height=\"387\" src=\"https:\/\/pipcke.fr\/idees-deco\/wp-content\/uploads\/2023\/11\/lancer-mon-projet-picto-1160x387.png\" alt=\"banni\u00e8re lancer mon projet\" class=\"wp-image-8957\" srcset=\"https:\/\/pipcke.fr\/idees-deco\/wp-content\/uploads\/2023\/11\/lancer-mon-projet-picto-1160x387.png 1160w, https:\/\/pipcke.fr\/idees-deco\/wp-content\/uploads\/2023\/11\/lancer-mon-projet-picto-800x267.png 800w, https:\/\/pipcke.fr\/idees-deco\/wp-content\/uploads\/2023\/11\/lancer-mon-projet-picto-120x40.png 120w, https:\/\/pipcke.fr\/idees-deco\/wp-content\/uploads\/2023\/11\/lancer-mon-projet-picto-90x30.png 90w, https:\/\/pipcke.fr\/idees-deco\/wp-content\/uploads\/2023\/11\/lancer-mon-projet-picto-320x107.png 320w, https:\/\/pipcke.fr\/idees-deco\/wp-content\/uploads\/2023\/11\/lancer-mon-projet-picto-560x187.png 560w, https:\/\/pipcke.fr\/idees-deco\/wp-content\/uploads\/2023\/11\/lancer-mon-projet-picto.png 1500w\" sizes=\"auto, (max-width: 1160px) 100vw, 1160px\" \/><\/a><\/figure>\n","protected":false},"excerpt":{"rendered":"<p>D\u00e9couvrez la maison de Kendall Jenner \u00e0 LA lors d&rsquo;une visite exclusive. Plongez dans son style unique et ses espaces r\u00e9am\u00e9nag\u00e9s.<\/p>\n","protected":false},"author":18,"featured_media":14391,"comment_status":"closed","ping_status":"closed","sticky":false,"template":"","format":"standard","meta":{"inline_featured_image":false,"footnotes":""},"categories":[27],"tags":[151,21,61,148,153,155,150,149,69],"powerkit_post_featured":[2,7,4,5,9],"class_list":{"0":"post-14329","1":"post","2":"type-post","3":"status-publish","4":"format-standard","5":"has-post-thumbnail","7":"category-inspirations-deco","8":"tag-accessoires-cuisines","9":"tag-chambre-adulte","10":"tag-cuisine","11":"tag-inspirations-deco","12":"tag-inspirations-deco-chambre","13":"tag-inspirations-deco-salon","14":"tag-luminaire-cuisine","15":"tag-mobilier-cuisine","16":"tag-transformations"},"yoast_head":"<!-- This site is optimized with the Yoast SEO Premium plugin v22.3 (Yoast SEO v27.9) - https:\/\/yoast.com\/product\/yoast-seo-premium-wordpress\/ -->\n<title>La maison de Kendall Jenner \u00e0 LA : une visite exclusive<\/title>\n<meta name=\"description\" content=\"D\u00e9couvrez la maison de Kendall Jenner \u00e0 LA lors d&#039;une visite exclusive. Plongez dans son style unique et ses espaces r\u00e9am\u00e9nag\u00e9s.\" \/>\n<meta name=\"robots\" content=\"index, follow, max-snippet:-1, max-image-preview:large, max-video-preview:-1\" \/>\n<link rel=\"canonical\" href=\"https:\/\/pipcke.fr\/idees-deco\/inspirations-deco\/la-maison-de-kendall-jenner\/\" \/>\n<meta property=\"og:locale\" content=\"fr_FR\" \/>\n<meta property=\"og:type\" content=\"article\" \/>\n<meta property=\"og:title\" content=\"La maison de Kendall Jenner \u00e0 LA : une visite exclusive\" \/>\n<meta property=\"og:description\" content=\"D\u00e9couvrez la maison de Kendall Jenner \u00e0 LA lors d&#039;une visite exclusive. Plongez dans son style unique et ses espaces r\u00e9am\u00e9nag\u00e9s.\" \/>\n<meta property=\"og:url\" content=\"https:\/\/pipcke.fr\/idees-deco\/inspirations-deco\/la-maison-de-kendall-jenner\/\" \/>\n<meta property=\"og:site_name\" content=\"Pipcke\" \/>\n<meta property=\"article:publisher\" content=\"https:\/\/www.facebook.com\/Pipcke\" \/>\n<meta property=\"article:published_time\" content=\"2024-07-25T13:44:26+00:00\" \/>\n<meta property=\"article:modified_time\" content=\"2024-07-25T13:44:27+00:00\" \/>\n<meta property=\"og:image\" content=\"https:\/\/pipcke.fr\/idees-deco\/wp-content\/uploads\/2024\/07\/Glam-room-de-la-maison-de-Kendall-Jenner.png\" \/>\n\t<meta property=\"og:image:width\" content=\"1274\" \/>\n\t<meta property=\"og:image:height\" content=\"634\" \/>\n\t<meta property=\"og:image:type\" content=\"image\/png\" \/>\n<meta name=\"author\" content=\"Fatina Sleiman\" \/>\n<meta name=\"twitter:card\" content=\"summary_large_image\" \/>\n<meta name=\"twitter:title\" content=\"La maison de Kendall Jenner \u00e0 LA : une visite exclusive\" \/>\n<meta name=\"twitter:description\" content=\"D\u00e9couvrez la maison de Kendall Jenner \u00e0 LA lors d&#039;une visite exclusive. Plongez dans son style unique et ses espaces r\u00e9am\u00e9nag\u00e9s.\" \/>\n<meta name=\"twitter:creator\" content=\"@pipcke\" \/>\n<meta name=\"twitter:site\" content=\"@pipcke\" \/>\n<meta name=\"twitter:label1\" content=\"\u00c9crit par\" \/>\n\t<meta name=\"twitter:data1\" content=\"Fatina Sleiman\" \/>\n\t<meta name=\"twitter:label2\" content=\"Dur\u00e9e de lecture estim\u00e9e\" \/>\n\t<meta name=\"twitter:data2\" content=\"6 minutes\" \/>\n<script type=\"application\/ld+json\" class=\"yoast-schema-graph\">{\"@context\":\"https:\\\/\\\/schema.org\",\"@graph\":[{\"@type\":[\"Article\",\"BlogPosting\"],\"@id\":\"https:\\\/\\\/pipcke.fr\\\/idees-deco\\\/inspirations-deco\\\/la-maison-de-kendall-jenner\\\/#article\",\"isPartOf\":{\"@id\":\"https:\\\/\\\/pipcke.fr\\\/idees-deco\\\/inspirations-deco\\\/la-maison-de-kendall-jenner\\\/\"},\"author\":{\"name\":\"Fatina Sleiman\",\"@id\":\"https:\\\/\\\/pipcke.fr\\\/idees-deco\\\/#\\\/schema\\\/person\\\/8b5506de5e3c01d4bdf4d6eec0847e64\"},\"headline\":\"La maison de Kendall Jenner \u00e0 LA: une visite exclusive\",\"datePublished\":\"2024-07-25T13:44:26+00:00\",\"dateModified\":\"2024-07-25T13:44:27+00:00\",\"mainEntityOfPage\":{\"@id\":\"https:\\\/\\\/pipcke.fr\\\/idees-deco\\\/inspirations-deco\\\/la-maison-de-kendall-jenner\\\/\"},\"wordCount\":699,\"publisher\":{\"@id\":\"https:\\\/\\\/pipcke.fr\\\/idees-deco\\\/#organization\"},\"image\":{\"@id\":\"https:\\\/\\\/pipcke.fr\\\/idees-deco\\\/inspirations-deco\\\/la-maison-de-kendall-jenner\\\/#primaryimage\"},\"thumbnailUrl\":\"https:\\\/\\\/pipcke.fr\\\/idees-deco\\\/wp-content\\\/uploads\\\/2024\\\/07\\\/Glam-room-de-la-maison-de-Kendall-Jenner.png\",\"keywords\":[\"accessoires cuisines\",\"Chambre adulte\",\"Cuisine\",\"Inspirations d\u00e9co\",\"inspirations d\u00e9co chambre\",\"inspirations d\u00e9co salon\",\"luminaire cuisine\",\"mobilier cuisine\",\"Transformations\"],\"articleSection\":[\"Inspirations d\u00e9co\"],\"inLanguage\":\"fr-FR\"},{\"@type\":\"WebPage\",\"@id\":\"https:\\\/\\\/pipcke.fr\\\/idees-deco\\\/inspirations-deco\\\/la-maison-de-kendall-jenner\\\/\",\"url\":\"https:\\\/\\\/pipcke.fr\\\/idees-deco\\\/inspirations-deco\\\/la-maison-de-kendall-jenner\\\/\",\"name\":\"La maison de Kendall Jenner \u00e0 LA : une visite exclusive\",\"isPartOf\":{\"@id\":\"https:\\\/\\\/pipcke.fr\\\/idees-deco\\\/#website\"},\"primaryImageOfPage\":{\"@id\":\"https:\\\/\\\/pipcke.fr\\\/idees-deco\\\/inspirations-deco\\\/la-maison-de-kendall-jenner\\\/#primaryimage\"},\"image\":{\"@id\":\"https:\\\/\\\/pipcke.fr\\\/idees-deco\\\/inspirations-deco\\\/la-maison-de-kendall-jenner\\\/#primaryimage\"},\"thumbnailUrl\":\"https:\\\/\\\/pipcke.fr\\\/idees-deco\\\/wp-content\\\/uploads\\\/2024\\\/07\\\/Glam-room-de-la-maison-de-Kendall-Jenner.png\",\"datePublished\":\"2024-07-25T13:44:26+00:00\",\"dateModified\":\"2024-07-25T13:44:27+00:00\",\"description\":\"D\u00e9couvrez la maison de Kendall Jenner \u00e0 LA lors d'une visite exclusive. Plongez dans son style unique et ses espaces r\u00e9am\u00e9nag\u00e9s.\",\"breadcrumb\":{\"@id\":\"https:\\\/\\\/pipcke.fr\\\/idees-deco\\\/inspirations-deco\\\/la-maison-de-kendall-jenner\\\/#breadcrumb\"},\"inLanguage\":\"fr-FR\",\"potentialAction\":[{\"@type\":\"ReadAction\",\"target\":[\"https:\\\/\\\/pipcke.fr\\\/idees-deco\\\/inspirations-deco\\\/la-maison-de-kendall-jenner\\\/\"]}]},{\"@type\":\"ImageObject\",\"inLanguage\":\"fr-FR\",\"@id\":\"https:\\\/\\\/pipcke.fr\\\/idees-deco\\\/inspirations-deco\\\/la-maison-de-kendall-jenner\\\/#primaryimage\",\"url\":\"https:\\\/\\\/pipcke.fr\\\/idees-deco\\\/wp-content\\\/uploads\\\/2024\\\/07\\\/Glam-room-de-la-maison-de-Kendall-Jenner.png\",\"contentUrl\":\"https:\\\/\\\/pipcke.fr\\\/idees-deco\\\/wp-content\\\/uploads\\\/2024\\\/07\\\/Glam-room-de-la-maison-de-Kendall-Jenner.png\",\"width\":1274,\"height\":634,\"caption\":\"La photo montre le Glam room de la maison de Kendall Jenner\"},{\"@type\":\"BreadcrumbList\",\"@id\":\"https:\\\/\\\/pipcke.fr\\\/idees-deco\\\/inspirations-deco\\\/la-maison-de-kendall-jenner\\\/#breadcrumb\",\"itemListElement\":[{\"@type\":\"ListItem\",\"position\":1,\"name\":\"Accueil\",\"item\":\"https:\\\/\\\/pipcke.fr\\\/idees-deco\\\/\"},{\"@type\":\"ListItem\",\"position\":2,\"name\":\"Inspirations d\u00e9co\",\"item\":\"https:\\\/\\\/pipcke.fr\\\/idees-deco\\\/.\\\/inspirations-deco\\\/\"},{\"@type\":\"ListItem\",\"position\":3,\"name\":\"La maison de Kendall Jenner \u00e0 LA: une visite exclusive\"}]},{\"@type\":\"WebSite\",\"@id\":\"https:\\\/\\\/pipcke.fr\\\/idees-deco\\\/#website\",\"url\":\"https:\\\/\\\/pipcke.fr\\\/idees-deco\\\/\",\"name\":\"Pipcke\",\"description\":\"Id\u00e9es, conseils et inspirations d\u00e9co\",\"publisher\":{\"@id\":\"https:\\\/\\\/pipcke.fr\\\/idees-deco\\\/#organization\"},\"potentialAction\":[{\"@type\":\"SearchAction\",\"target\":{\"@type\":\"EntryPoint\",\"urlTemplate\":\"https:\\\/\\\/pipcke.fr\\\/idees-deco\\\/?s={search_term_string}\"},\"query-input\":{\"@type\":\"PropertyValueSpecification\",\"valueRequired\":true,\"valueName\":\"search_term_string\"}}],\"inLanguage\":\"fr-FR\"},{\"@type\":\"Organization\",\"@id\":\"https:\\\/\\\/pipcke.fr\\\/idees-deco\\\/#organization\",\"name\":\"PIPCKE\",\"alternateName\":\"PIPCKE\",\"url\":\"https:\\\/\\\/pipcke.fr\\\/idees-deco\\\/\",\"logo\":{\"@type\":\"ImageObject\",\"inLanguage\":\"fr-FR\",\"@id\":\"https:\\\/\\\/pipcke.fr\\\/idees-deco\\\/#\\\/schema\\\/logo\\\/image\\\/\",\"url\":\"https:\\\/\\\/pipcke.fr\\\/idees-deco\\\/wp-content\\\/uploads\\\/2020\\\/12\\\/logo-black.svg\",\"contentUrl\":\"https:\\\/\\\/pipcke.fr\\\/idees-deco\\\/wp-content\\\/uploads\\\/2020\\\/12\\\/logo-black.svg\",\"width\":524,\"height\":140,\"caption\":\"PIPCKE\"},\"image\":{\"@id\":\"https:\\\/\\\/pipcke.fr\\\/idees-deco\\\/#\\\/schema\\\/logo\\\/image\\\/\"},\"sameAs\":[\"https:\\\/\\\/www.facebook.com\\\/Pipcke\",\"https:\\\/\\\/x.com\\\/pipcke\",\"https:\\\/\\\/www.instagram.com\\\/pipcke.fr\\\/\",\"https:\\\/\\\/www.linkedin.com\\\/company\\\/pipcke\",\"https:\\\/\\\/www.pinterest.fr\\\/PIPCKE\\\/_created\\\/\",\"https:\\\/\\\/www.youtube.com\\\/channel\\\/UCaYnny5Q4k6HN1s3zr1Gazw\"],\"email\":\"hello@pipcke.fr\",\"telephone\":\"0184802084\",\"legalName\":\"Pipcke\"},{\"@type\":\"Person\",\"@id\":\"https:\\\/\\\/pipcke.fr\\\/idees-deco\\\/#\\\/schema\\\/person\\\/8b5506de5e3c01d4bdf4d6eec0847e64\",\"name\":\"Fatina Sleiman\",\"image\":{\"@type\":\"ImageObject\",\"inLanguage\":\"fr-FR\",\"@id\":\"https:\\\/\\\/secure.gravatar.com\\\/avatar\\\/33adce8ac61f425fd715619b70468232eba35ea2a75e2245c576d75661f4f516?s=96&d=mm&r=g\",\"url\":\"https:\\\/\\\/secure.gravatar.com\\\/avatar\\\/33adce8ac61f425fd715619b70468232eba35ea2a75e2245c576d75661f4f516?s=96&d=mm&r=g\",\"contentUrl\":\"https:\\\/\\\/secure.gravatar.com\\\/avatar\\\/33adce8ac61f425fd715619b70468232eba35ea2a75e2245c576d75661f4f516?s=96&d=mm&r=g\",\"caption\":\"Fatina Sleiman\"},\"description\":\"Fatina est la r\u00e9dactrice sp\u00e9cialis\u00e9e de Pipcke pour toutes les th\u00e9matiques li\u00e9es \u00e0 la couleur, aux peintures et \u00e0 la perception visuelle de l\u2019habitat. Son travail d\u2019analyse se concentre sur la mani\u00e8re dont les teintes, les contrastes et les finitions influencent les volumes et l'atmosph\u00e8re d'un int\u00e9rieur. \u00c0 travers ses articles et guides pratiques, Fatina d\u00e9crypte comment la peinture s'impose comme un v\u00e9ritable levier d'agencement : La correction des volumes et des perspectives : agrandir visuellement un couloir \u00e9troit, \u00e9lever un plafond ou structurer une pi\u00e8ce de vie par la couleur. L'art du mur d'accent et des associations : choisir le bon mur \u00e0 peindre dans une chambre, un salon ou une cuisine et marier deux couleurs sans encombrer le regard. La r\u00e9novation et la revalorisation : s\u00e9lectionner les meilleures teintes pour repeindre et moderniser du mobilier en bois ou des \u00e9l\u00e9ments architecturaux. Son objectif \u00e0 travers chaque guide est de fournir aux lecteurs des conseils clairs, techniques et imm\u00e9diatement applicables pour transformer leurs espaces en jouant simplement sur la lumi\u00e8re et les harmonies chromatiques.\",\"url\":\"https:\\\/\\\/pipcke.fr\\\/idees-deco\\\/auteur\\\/fatina-sleiman\\\/\"}]}<\/script>\n<!-- \/ Yoast SEO Premium plugin. -->","yoast_head_json":{"title":"La maison de Kendall Jenner \u00e0 LA : une visite exclusive","description":"D\u00e9couvrez la maison de Kendall Jenner \u00e0 LA lors d'une visite exclusive. Plongez dans son style unique et ses espaces r\u00e9am\u00e9nag\u00e9s.","robots":{"index":"index","follow":"follow","max-snippet":"max-snippet:-1","max-image-preview":"max-image-preview:large","max-video-preview":"max-video-preview:-1"},"canonical":"https:\/\/pipcke.fr\/idees-deco\/inspirations-deco\/la-maison-de-kendall-jenner\/","og_locale":"fr_FR","og_type":"article","og_title":"La maison de Kendall Jenner \u00e0 LA : une visite exclusive","og_description":"D\u00e9couvrez la maison de Kendall Jenner \u00e0 LA lors d'une visite exclusive. Plongez dans son style unique et ses espaces r\u00e9am\u00e9nag\u00e9s.","og_url":"https:\/\/pipcke.fr\/idees-deco\/inspirations-deco\/la-maison-de-kendall-jenner\/","og_site_name":"Pipcke","article_publisher":"https:\/\/www.facebook.com\/Pipcke","article_published_time":"2024-07-25T13:44:26+00:00","article_modified_time":"2024-07-25T13:44:27+00:00","og_image":[{"width":1274,"height":634,"url":"https:\/\/pipcke.fr\/idees-deco\/wp-content\/uploads\/2024\/07\/Glam-room-de-la-maison-de-Kendall-Jenner.png","type":"image\/png"}],"author":"Fatina Sleiman","twitter_card":"summary_large_image","twitter_title":"La maison de Kendall Jenner \u00e0 LA : une visite exclusive","twitter_description":"D\u00e9couvrez la maison de Kendall Jenner \u00e0 LA lors d'une visite exclusive. Plongez dans son style unique et ses espaces r\u00e9am\u00e9nag\u00e9s.","twitter_creator":"@pipcke","twitter_site":"@pipcke","twitter_misc":{"\u00c9crit par":"Fatina Sleiman","Dur\u00e9e de lecture estim\u00e9e":"6 minutes"},"schema":{"@context":"https:\/\/schema.org","@graph":[{"@type":["Article","BlogPosting"],"@id":"https:\/\/pipcke.fr\/idees-deco\/inspirations-deco\/la-maison-de-kendall-jenner\/#article","isPartOf":{"@id":"https:\/\/pipcke.fr\/idees-deco\/inspirations-deco\/la-maison-de-kendall-jenner\/"},"author":{"name":"Fatina Sleiman","@id":"https:\/\/pipcke.fr\/idees-deco\/#\/schema\/person\/8b5506de5e3c01d4bdf4d6eec0847e64"},"headline":"La maison de Kendall Jenner \u00e0 LA: une visite exclusive","datePublished":"2024-07-25T13:44:26+00:00","dateModified":"2024-07-25T13:44:27+00:00","mainEntityOfPage":{"@id":"https:\/\/pipcke.fr\/idees-deco\/inspirations-deco\/la-maison-de-kendall-jenner\/"},"wordCount":699,"publisher":{"@id":"https:\/\/pipcke.fr\/idees-deco\/#organization"},"image":{"@id":"https:\/\/pipcke.fr\/idees-deco\/inspirations-deco\/la-maison-de-kendall-jenner\/#primaryimage"},"thumbnailUrl":"https:\/\/pipcke.fr\/idees-deco\/wp-content\/uploads\/2024\/07\/Glam-room-de-la-maison-de-Kendall-Jenner.png","keywords":["accessoires cuisines","Chambre adulte","Cuisine","Inspirations d\u00e9co","inspirations d\u00e9co chambre","inspirations d\u00e9co salon","luminaire cuisine","mobilier cuisine","Transformations"],"articleSection":["Inspirations d\u00e9co"],"inLanguage":"fr-FR"},{"@type":"WebPage","@id":"https:\/\/pipcke.fr\/idees-deco\/inspirations-deco\/la-maison-de-kendall-jenner\/","url":"https:\/\/pipcke.fr\/idees-deco\/inspirations-deco\/la-maison-de-kendall-jenner\/","name":"La maison de Kendall Jenner \u00e0 LA : une visite exclusive","isPartOf":{"@id":"https:\/\/pipcke.fr\/idees-deco\/#website"},"primaryImageOfPage":{"@id":"https:\/\/pipcke.fr\/idees-deco\/inspirations-deco\/la-maison-de-kendall-jenner\/#primaryimage"},"image":{"@id":"https:\/\/pipcke.fr\/idees-deco\/inspirations-deco\/la-maison-de-kendall-jenner\/#primaryimage"},"thumbnailUrl":"https:\/\/pipcke.fr\/idees-deco\/wp-content\/uploads\/2024\/07\/Glam-room-de-la-maison-de-Kendall-Jenner.png","datePublished":"2024-07-25T13:44:26+00:00","dateModified":"2024-07-25T13:44:27+00:00","description":"D\u00e9couvrez la maison de Kendall Jenner \u00e0 LA lors d'une visite exclusive. Plongez dans son style unique et ses espaces r\u00e9am\u00e9nag\u00e9s.","breadcrumb":{"@id":"https:\/\/pipcke.fr\/idees-deco\/inspirations-deco\/la-maison-de-kendall-jenner\/#breadcrumb"},"inLanguage":"fr-FR","potentialAction":[{"@type":"ReadAction","target":["https:\/\/pipcke.fr\/idees-deco\/inspirations-deco\/la-maison-de-kendall-jenner\/"]}]},{"@type":"ImageObject","inLanguage":"fr-FR","@id":"https:\/\/pipcke.fr\/idees-deco\/inspirations-deco\/la-maison-de-kendall-jenner\/#primaryimage","url":"https:\/\/pipcke.fr\/idees-deco\/wp-content\/uploads\/2024\/07\/Glam-room-de-la-maison-de-Kendall-Jenner.png","contentUrl":"https:\/\/pipcke.fr\/idees-deco\/wp-content\/uploads\/2024\/07\/Glam-room-de-la-maison-de-Kendall-Jenner.png","width":1274,"height":634,"caption":"La photo montre le Glam room de la maison de Kendall Jenner"},{"@type":"BreadcrumbList","@id":"https:\/\/pipcke.fr\/idees-deco\/inspirations-deco\/la-maison-de-kendall-jenner\/#breadcrumb","itemListElement":[{"@type":"ListItem","position":1,"name":"Accueil","item":"https:\/\/pipcke.fr\/idees-deco\/"},{"@type":"ListItem","position":2,"name":"Inspirations d\u00e9co","item":"https:\/\/pipcke.fr\/idees-deco\/.\/inspirations-deco\/"},{"@type":"ListItem","position":3,"name":"La maison de Kendall Jenner \u00e0 LA: une visite exclusive"}]},{"@type":"WebSite","@id":"https:\/\/pipcke.fr\/idees-deco\/#website","url":"https:\/\/pipcke.fr\/idees-deco\/","name":"Pipcke","description":"Id\u00e9es, conseils et inspirations d\u00e9co","publisher":{"@id":"https:\/\/pipcke.fr\/idees-deco\/#organization"},"potentialAction":[{"@type":"SearchAction","target":{"@type":"EntryPoint","urlTemplate":"https:\/\/pipcke.fr\/idees-deco\/?s={search_term_string}"},"query-input":{"@type":"PropertyValueSpecification","valueRequired":true,"valueName":"search_term_string"}}],"inLanguage":"fr-FR"},{"@type":"Organization","@id":"https:\/\/pipcke.fr\/idees-deco\/#organization","name":"PIPCKE","alternateName":"PIPCKE","url":"https:\/\/pipcke.fr\/idees-deco\/","logo":{"@type":"ImageObject","inLanguage":"fr-FR","@id":"https:\/\/pipcke.fr\/idees-deco\/#\/schema\/logo\/image\/","url":"https:\/\/pipcke.fr\/idees-deco\/wp-content\/uploads\/2020\/12\/logo-black.svg","contentUrl":"https:\/\/pipcke.fr\/idees-deco\/wp-content\/uploads\/2020\/12\/logo-black.svg","width":524,"height":140,"caption":"PIPCKE"},"image":{"@id":"https:\/\/pipcke.fr\/idees-deco\/#\/schema\/logo\/image\/"},"sameAs":["https:\/\/www.facebook.com\/Pipcke","https:\/\/x.com\/pipcke","https:\/\/www.instagram.com\/pipcke.fr\/","https:\/\/www.linkedin.com\/company\/pipcke","https:\/\/www.pinterest.fr\/PIPCKE\/_created\/","https:\/\/www.youtube.com\/channel\/UCaYnny5Q4k6HN1s3zr1Gazw"],"email":"hello@pipcke.fr","telephone":"0184802084","legalName":"Pipcke"},{"@type":"Person","@id":"https:\/\/pipcke.fr\/idees-deco\/#\/schema\/person\/8b5506de5e3c01d4bdf4d6eec0847e64","name":"Fatina Sleiman","image":{"@type":"ImageObject","inLanguage":"fr-FR","@id":"https:\/\/secure.gravatar.com\/avatar\/33adce8ac61f425fd715619b70468232eba35ea2a75e2245c576d75661f4f516?s=96&d=mm&r=g","url":"https:\/\/secure.gravatar.com\/avatar\/33adce8ac61f425fd715619b70468232eba35ea2a75e2245c576d75661f4f516?s=96&d=mm&r=g","contentUrl":"https:\/\/secure.gravatar.com\/avatar\/33adce8ac61f425fd715619b70468232eba35ea2a75e2245c576d75661f4f516?s=96&d=mm&r=g","caption":"Fatina Sleiman"},"description":"Fatina est la r\u00e9dactrice sp\u00e9cialis\u00e9e de Pipcke pour toutes les th\u00e9matiques li\u00e9es \u00e0 la couleur, aux peintures et \u00e0 la perception visuelle de l\u2019habitat. Son travail d\u2019analyse se concentre sur la mani\u00e8re dont les teintes, les contrastes et les finitions influencent les volumes et l'atmosph\u00e8re d'un int\u00e9rieur. \u00c0 travers ses articles et guides pratiques, Fatina d\u00e9crypte comment la peinture s'impose comme un v\u00e9ritable levier d'agencement : La correction des volumes et des perspectives : agrandir visuellement un couloir \u00e9troit, \u00e9lever un plafond ou structurer une pi\u00e8ce de vie par la couleur. L'art du mur d'accent et des associations : choisir le bon mur \u00e0 peindre dans une chambre, un salon ou une cuisine et marier deux couleurs sans encombrer le regard. La r\u00e9novation et la revalorisation : s\u00e9lectionner les meilleures teintes pour repeindre et moderniser du mobilier en bois ou des \u00e9l\u00e9ments architecturaux. Son objectif \u00e0 travers chaque guide est de fournir aux lecteurs des conseils clairs, techniques et imm\u00e9diatement applicables pour transformer leurs espaces en jouant simplement sur la lumi\u00e8re et les harmonies chromatiques.","url":"https:\/\/pipcke.fr\/idees-deco\/auteur\/fatina-sleiman\/"}]}},"_links":{"self":[{"href":"https:\/\/pipcke.fr\/idees-deco\/wp-json\/wp\/v2\/posts\/14329","targetHints":{"allow":["GET"]}}],"collection":[{"href":"https:\/\/pipcke.fr\/idees-deco\/wp-json\/wp\/v2\/posts"}],"about":[{"href":"https:\/\/pipcke.fr\/idees-deco\/wp-json\/wp\/v2\/types\/post"}],"author":[{"embeddable":true,"href":"https:\/\/pipcke.fr\/idees-deco\/wp-json\/wp\/v2\/users\/18"}],"replies":[{"embeddable":true,"href":"https:\/\/pipcke.fr\/idees-deco\/wp-json\/wp\/v2\/comments?post=14329"}],"version-history":[{"count":18,"href":"https:\/\/pipcke.fr\/idees-deco\/wp-json\/wp\/v2\/posts\/14329\/revisions"}],"predecessor-version":[{"id":14644,"href":"https:\/\/pipcke.fr\/idees-deco\/wp-json\/wp\/v2\/posts\/14329\/revisions\/14644"}],"wp:featuredmedia":[{"embeddable":true,"href":"https:\/\/pipcke.fr\/idees-deco\/wp-json\/wp\/v2\/media\/14391"}],"wp:attachment":[{"href":"https:\/\/pipcke.fr\/idees-deco\/wp-json\/wp\/v2\/media?parent=14329"}],"wp:term":[{"taxonomy":"category","embeddable":true,"href":"https:\/\/pipcke.fr\/idees-deco\/wp-json\/wp\/v2\/categories?post=14329"},{"taxonomy":"post_tag","embeddable":true,"href":"https:\/\/pipcke.fr\/idees-deco\/wp-json\/wp\/v2\/tags?post=14329"},{"taxonomy":"powerkit_post_featured","embeddable":true,"href":"https:\/\/pipcke.fr\/idees-deco\/wp-json\/wp\/v2\/powerkit_post_featured?post=14329"}],"curies":[{"name":"wp","href":"https:\/\/api.w.org\/{rel}","templated":true}]}}