{"id":13491,"date":"2024-06-18T14:43:45","date_gmt":"2024-06-18T12:43:45","guid":{"rendered":"https:\/\/pipcke.fr\/idees-deco\/?p=13491"},"modified":"2024-06-24T17:03:25","modified_gmt":"2024-06-24T15:03:25","slug":"idees-deco-terrasse","status":"publish","type":"post","link":"https:\/\/pipcke.fr\/idees-deco\/inspirations-deco\/idees-deco-terrasse\/","title":{"rendered":"20 id\u00e9es d\u00e9co terrasse: sublimez votre espace ext\u00e9rieur avec style"},"content":{"rendered":"<div id=\"bsf_rt_marker\"><\/div>\n<p>Salut les <strong>passionn\u00e9s de d\u00e9co<\/strong>! Avec l&rsquo;arriv\u00e9e du super soleil, <strong>mes<\/strong> <strong>id\u00e9es d\u00e9co terrasse<\/strong> en t\u00eate, il est temps de transformer mon espace ext\u00e9rieur en un lieu \u00e0 la fois pratique, convivial et apaisant.<\/p>\n\n\n\n<p>Ces id\u00e9es incontournables que je vais vous pr\u00e9senter vont vous aider \u00e0 y parvenir.<\/p>\n\n\n\n<p>Allez, c&rsquo;est parti ! Transformez votre terrasse en espace cocooning avec 21 <strong>id\u00e9es d\u00e9co terrasse<\/strong>. Options infinies pour un lieu qui vous ravira.<\/p>\n\n\n\n<h2 class=\"wp-block-heading\" id=\"h-creez-un-espace-convivial\"><span id=\"creez-un-espace-convivial\"><strong>Cr\u00e9ez un espace convivial<\/strong><\/span><\/h2>\n\n\n\n<ol class=\"wp-block-list\">\n<li><strong>Optez imp\u00e9rativement pour des mat\u00e9riaux r\u00e9sistants aux UV et aux intemp\u00e9ries<\/strong><\/li>\n<\/ol>\n\n\n\n<figure class=\"wp-block-image size-large\"><img loading=\"lazy\" decoding=\"async\" width=\"1160\" height=\"774\" src=\"https:\/\/pipcke.fr\/idees-deco\/wp-content\/uploads\/2024\/06\/Salon-avec-des-coussins-1160x774.jpg\" alt=\"Tissu de coussins d'une terrasse resistant aux intemp\u00e9ries, \u00e9vitez la couleur blanche, elle r\u00e9fl\u00e9chit la lumi\u00e8re.\" class=\"wp-image-13575\" srcset=\"https:\/\/pipcke.fr\/idees-deco\/wp-content\/uploads\/2024\/06\/Salon-avec-des-coussins-1160x774.jpg 1160w, https:\/\/pipcke.fr\/idees-deco\/wp-content\/uploads\/2024\/06\/Salon-avec-des-coussins-800x534.jpg 800w, https:\/\/pipcke.fr\/idees-deco\/wp-content\/uploads\/2024\/06\/Salon-avec-des-coussins-1536x1024.jpg 1536w, https:\/\/pipcke.fr\/idees-deco\/wp-content\/uploads\/2024\/06\/Salon-avec-des-coussins-120x80.jpg 120w, https:\/\/pipcke.fr\/idees-deco\/wp-content\/uploads\/2024\/06\/Salon-avec-des-coussins-90x60.jpg 90w, https:\/\/pipcke.fr\/idees-deco\/wp-content\/uploads\/2024\/06\/Salon-avec-des-coussins-320x213.jpg 320w, https:\/\/pipcke.fr\/idees-deco\/wp-content\/uploads\/2024\/06\/Salon-avec-des-coussins-560x373.jpg 560w, https:\/\/pipcke.fr\/idees-deco\/wp-content\/uploads\/2024\/06\/Salon-avec-des-coussins.jpg 1600w\" sizes=\"auto, (max-width: 1160px) 100vw, 1160px\" \/><\/figure>\n\n\n\n<p>D\u00e9finissez les zones utiles de votre terrasse pour des moments conviviaux.<\/p>\n\n\n\n<ol class=\"wp-block-list\" start=\"2\">\n<li><strong>Cr\u00e9ez un <a href=\"https:\/\/pipcke.fr\/idees-deco\/inspirations-deco\/23-idees-deco-salon\/\" target=\"_blank\" rel=\"noreferrer noopener\">salon<\/a> ou une aire de d\u00e9tente avec un grand fauteuil et des canap\u00e9s, si possible accompagn\u00e9s d&rsquo;une table basse<\/strong><\/li>\n<\/ol>\n\n\n\n<figure class=\"wp-block-gallery has-nested-images columns-default is-cropped wp-block-gallery-1 is-layout-flex wp-block-gallery-is-layout-flex\">\n<figure class=\"wp-block-image size-large\"><img loading=\"lazy\" decoding=\"async\" width=\"1160\" height=\"650\" data-id=\"13578\" src=\"https:\/\/pipcke.fr\/idees-deco\/wp-content\/uploads\/2024\/06\/Salon-gris-1160x650.jpg\" alt=\"Patio moderne. Canap\u00e9, poufs, table basse et plantes sur du bois clair.\" class=\"wp-image-13578\" srcset=\"https:\/\/pipcke.fr\/idees-deco\/wp-content\/uploads\/2024\/06\/Salon-gris-1160x650.jpg 1160w, https:\/\/pipcke.fr\/idees-deco\/wp-content\/uploads\/2024\/06\/Salon-gris-800x449.jpg 800w, https:\/\/pipcke.fr\/idees-deco\/wp-content\/uploads\/2024\/06\/Salon-gris-1536x861.jpg 1536w, https:\/\/pipcke.fr\/idees-deco\/wp-content\/uploads\/2024\/06\/Salon-gris-120x67.jpg 120w, https:\/\/pipcke.fr\/idees-deco\/wp-content\/uploads\/2024\/06\/Salon-gris-90x50.jpg 90w, https:\/\/pipcke.fr\/idees-deco\/wp-content\/uploads\/2024\/06\/Salon-gris-320x179.jpg 320w, https:\/\/pipcke.fr\/idees-deco\/wp-content\/uploads\/2024\/06\/Salon-gris-560x314.jpg 560w, https:\/\/pipcke.fr\/idees-deco\/wp-content\/uploads\/2024\/06\/Salon-gris.jpg 1600w\" sizes=\"auto, (max-width: 1160px) 100vw, 1160px\" \/><\/figure>\n<\/figure>\n\n\n\n<p><strong>Pour les chaises optez pour:<\/strong><\/p>\n\n\n\n<figure class=\"wp-block-image size-large\"><img loading=\"lazy\" decoding=\"async\" width=\"1160\" height=\"1545\" src=\"https:\/\/pipcke.fr\/idees-deco\/wp-content\/uploads\/2024\/06\/Chaise-de-detente-1160x1545.jpg\" alt=\"Chaise noire sur un patio en bois, piscine bleue en arri\u00e8re-plan.\" class=\"wp-image-13588\" srcset=\"https:\/\/pipcke.fr\/idees-deco\/wp-content\/uploads\/2024\/06\/Chaise-de-detente-1160x1545.jpg 1160w, https:\/\/pipcke.fr\/idees-deco\/wp-content\/uploads\/2024\/06\/Chaise-de-detente-800x1067.jpg 800w, https:\/\/pipcke.fr\/idees-deco\/wp-content\/uploads\/2024\/06\/Chaise-de-detente-1153x1536.jpg 1153w, https:\/\/pipcke.fr\/idees-deco\/wp-content\/uploads\/2024\/06\/Chaise-de-detente-120x160.jpg 120w, https:\/\/pipcke.fr\/idees-deco\/wp-content\/uploads\/2024\/06\/Chaise-de-detente-90x120.jpg 90w, https:\/\/pipcke.fr\/idees-deco\/wp-content\/uploads\/2024\/06\/Chaise-de-detente-320x427.jpg 320w, https:\/\/pipcke.fr\/idees-deco\/wp-content\/uploads\/2024\/06\/Chaise-de-detente-560x747.jpg 560w, https:\/\/pipcke.fr\/idees-deco\/wp-content\/uploads\/2024\/06\/Chaise-de-detente.jpg 1201w\" sizes=\"auto, (max-width: 1160px) 100vw, 1160px\" \/><\/figure>\n\n\n\n<p><strong>Ou bien en bambou:<\/strong><\/p>\n\n\n\n<figure class=\"wp-block-image size-large\"><img loading=\"lazy\" decoding=\"async\" width=\"1160\" height=\"794\" src=\"https:\/\/pipcke.fr\/idees-deco\/wp-content\/uploads\/2024\/06\/terrasse-avec-chaise-et-table-en-bambou-1160x794.jpeg\" alt=\"terrasse avec des plantes \u00e0 cot\u00e9 d'une petite table et une chaise en bambou \" class=\"wp-image-13749\" srcset=\"https:\/\/pipcke.fr\/idees-deco\/wp-content\/uploads\/2024\/06\/terrasse-avec-chaise-et-table-en-bambou-1160x794.jpeg 1160w, https:\/\/pipcke.fr\/idees-deco\/wp-content\/uploads\/2024\/06\/terrasse-avec-chaise-et-table-en-bambou-800x547.jpeg 800w, https:\/\/pipcke.fr\/idees-deco\/wp-content\/uploads\/2024\/06\/terrasse-avec-chaise-et-table-en-bambou-120x82.jpeg 120w, https:\/\/pipcke.fr\/idees-deco\/wp-content\/uploads\/2024\/06\/terrasse-avec-chaise-et-table-en-bambou-90x62.jpeg 90w, https:\/\/pipcke.fr\/idees-deco\/wp-content\/uploads\/2024\/06\/terrasse-avec-chaise-et-table-en-bambou-320x219.jpeg 320w, https:\/\/pipcke.fr\/idees-deco\/wp-content\/uploads\/2024\/06\/terrasse-avec-chaise-et-table-en-bambou-560x383.jpeg 560w, https:\/\/pipcke.fr\/idees-deco\/wp-content\/uploads\/2024\/06\/terrasse-avec-chaise-et-table-en-bambou.jpeg 1216w\" sizes=\"auto, (max-width: 1160px) 100vw, 1160px\" \/><\/figure>\n\n\n\n<h2 class=\"wp-block-heading\" id=\"h-maximisez-le-confort\"><span id=\"maximisez-le-confort\"><strong>Maximisez le confort<\/strong><\/span><\/h2>\n\n\n\n<ol class=\"wp-block-list\" start=\"3\">\n<li><strong>En cas de contrainte d&rsquo;espace, optez pour un hamac et un grand canap\u00e9 pour une d\u00e9tente maximale<\/strong><\/li>\n<\/ol>\n\n\n\n<figure class=\"wp-block-image size-large\"><img loading=\"lazy\" decoding=\"async\" width=\"1160\" height=\"653\" src=\"https:\/\/pipcke.fr\/idees-deco\/wp-content\/uploads\/2024\/06\/idees-deco-terrasse-hamac-1160x653.jpg\" alt=\"Pour les petites terrasses, les hamacs et les chaises suspendues sont tr\u00e8s pratiques !\" class=\"wp-image-13597\" srcset=\"https:\/\/pipcke.fr\/idees-deco\/wp-content\/uploads\/2024\/06\/idees-deco-terrasse-hamac-1160x653.jpg 1160w, https:\/\/pipcke.fr\/idees-deco\/wp-content\/uploads\/2024\/06\/idees-deco-terrasse-hamac-800x451.jpg 800w, https:\/\/pipcke.fr\/idees-deco\/wp-content\/uploads\/2024\/06\/idees-deco-terrasse-hamac-1536x865.jpg 1536w, https:\/\/pipcke.fr\/idees-deco\/wp-content\/uploads\/2024\/06\/idees-deco-terrasse-hamac-120x68.jpg 120w, https:\/\/pipcke.fr\/idees-deco\/wp-content\/uploads\/2024\/06\/idees-deco-terrasse-hamac-90x51.jpg 90w, https:\/\/pipcke.fr\/idees-deco\/wp-content\/uploads\/2024\/06\/idees-deco-terrasse-hamac-320x180.jpg 320w, https:\/\/pipcke.fr\/idees-deco\/wp-content\/uploads\/2024\/06\/idees-deco-terrasse-hamac-560x315.jpg 560w, https:\/\/pipcke.fr\/idees-deco\/wp-content\/uploads\/2024\/06\/idees-deco-terrasse-hamac.jpg 1600w\" sizes=\"auto, (max-width: 1160px) 100vw, 1160px\" \/><\/figure>\n\n\n\n<ol class=\"wp-block-list\" start=\"4\">\n<li><strong>Am\u00e9nagez une zone repas avec une table et des chaises \u00e0 votre go\u00fbt<\/strong><\/li>\n<\/ol>\n\n\n\n<figure class=\"wp-block-image size-large\"><img loading=\"lazy\" decoding=\"async\" width=\"1160\" height=\"773\" src=\"https:\/\/pipcke.fr\/idees-deco\/wp-content\/uploads\/2024\/06\/Table-et-chaises-en-bois-avec-un-parasol-1160x773.jpg\" alt=\"Une terrasse ombrag\u00e9e avec des chaises en osier et une table ronde, id\u00e9ale pour un repas en plein air\" class=\"wp-image-13596\" srcset=\"https:\/\/pipcke.fr\/idees-deco\/wp-content\/uploads\/2024\/06\/Table-et-chaises-en-bois-avec-un-parasol-1160x773.jpg 1160w, https:\/\/pipcke.fr\/idees-deco\/wp-content\/uploads\/2024\/06\/Table-et-chaises-en-bois-avec-un-parasol-800x533.jpg 800w, https:\/\/pipcke.fr\/idees-deco\/wp-content\/uploads\/2024\/06\/Table-et-chaises-en-bois-avec-un-parasol-1536x1023.jpg 1536w, https:\/\/pipcke.fr\/idees-deco\/wp-content\/uploads\/2024\/06\/Table-et-chaises-en-bois-avec-un-parasol-120x80.jpg 120w, https:\/\/pipcke.fr\/idees-deco\/wp-content\/uploads\/2024\/06\/Table-et-chaises-en-bois-avec-un-parasol-90x60.jpg 90w, https:\/\/pipcke.fr\/idees-deco\/wp-content\/uploads\/2024\/06\/Table-et-chaises-en-bois-avec-un-parasol-320x213.jpg 320w, https:\/\/pipcke.fr\/idees-deco\/wp-content\/uploads\/2024\/06\/Table-et-chaises-en-bois-avec-un-parasol-560x373.jpg 560w, https:\/\/pipcke.fr\/idees-deco\/wp-content\/uploads\/2024\/06\/Table-et-chaises-en-bois-avec-un-parasol.jpg 1600w\" sizes=\"auto, (max-width: 1160px) 100vw, 1160px\" \/><\/figure>\n\n\n\n<ol class=\"wp-block-list\" start=\"5\">\n<li><strong>Si l&rsquo;espace de votre terrasse est limit\u00e9, choisissez des meubles pliables pour optimiser l&rsquo;espace<\/strong><\/li>\n<\/ol>\n\n\n\n<figure class=\"wp-block-image size-full\"><img loading=\"lazy\" decoding=\"async\" width=\"640\" height=\"427\" src=\"https:\/\/pipcke.fr\/idees-deco\/wp-content\/uploads\/2024\/06\/Des-meubles-pliables.jpg\" alt=\"Chaise en rotin marron et table en bois sur un sol en bois.\" class=\"wp-image-13598\" srcset=\"https:\/\/pipcke.fr\/idees-deco\/wp-content\/uploads\/2024\/06\/Des-meubles-pliables.jpg 640w, https:\/\/pipcke.fr\/idees-deco\/wp-content\/uploads\/2024\/06\/Des-meubles-pliables-120x80.jpg 120w, https:\/\/pipcke.fr\/idees-deco\/wp-content\/uploads\/2024\/06\/Des-meubles-pliables-90x60.jpg 90w, https:\/\/pipcke.fr\/idees-deco\/wp-content\/uploads\/2024\/06\/Des-meubles-pliables-320x214.jpg 320w, https:\/\/pipcke.fr\/idees-deco\/wp-content\/uploads\/2024\/06\/Des-meubles-pliables-560x374.jpg 560w\" sizes=\"auto, (max-width: 640px) 100vw, 640px\" \/><\/figure>\n\n\n\n<h2 class=\"wp-block-heading\" id=\"h-apportez-une-touche-vegetale\"><span id=\"apportez-une-touche-vegetale\"><strong>Apportez une touche v\u00e9g\u00e9tale<\/strong><\/span><\/h2>\n\n\n\n<ol class=\"wp-block-list\" start=\"6\">\n<li><strong>Optez pour des grandes plantes ou des plantes suspendues pour donner vie \u00e0 votre ext\u00e9rieur<\/strong><\/li>\n<\/ol>\n\n\n\n<p>Pour habiller les murs et donner de la vie \u00e0 votre ext\u00e9rieur, cr\u00e9ez un champ visuel en ajoutant <a href=\"https:\/\/pipcke.fr\/idees-deco\/conseils-de-decorateurs\/mur-vegetal-interieur\/\" target=\"_blank\" rel=\"noreferrer noopener\">une touche v\u00e9g\u00e9tale<\/a>.<\/p>\n\n\n\n<figure class=\"wp-block-image size-large\"><img loading=\"lazy\" decoding=\"async\" width=\"1160\" height=\"773\" src=\"https:\/\/pipcke.fr\/idees-deco\/wp-content\/uploads\/2024\/06\/Champ-visuel-vert-1160x773.jpg\" alt=\"Brise de vue d'une terrasse avec des plantes naturelles.\" class=\"wp-image-13599\" srcset=\"https:\/\/pipcke.fr\/idees-deco\/wp-content\/uploads\/2024\/06\/Champ-visuel-vert-1160x773.jpg 1160w, https:\/\/pipcke.fr\/idees-deco\/wp-content\/uploads\/2024\/06\/Champ-visuel-vert-800x533.jpg 800w, https:\/\/pipcke.fr\/idees-deco\/wp-content\/uploads\/2024\/06\/Champ-visuel-vert-1536x1023.jpg 1536w, https:\/\/pipcke.fr\/idees-deco\/wp-content\/uploads\/2024\/06\/Champ-visuel-vert-120x80.jpg 120w, https:\/\/pipcke.fr\/idees-deco\/wp-content\/uploads\/2024\/06\/Champ-visuel-vert-90x60.jpg 90w, https:\/\/pipcke.fr\/idees-deco\/wp-content\/uploads\/2024\/06\/Champ-visuel-vert-320x213.jpg 320w, https:\/\/pipcke.fr\/idees-deco\/wp-content\/uploads\/2024\/06\/Champ-visuel-vert-560x373.jpg 560w, https:\/\/pipcke.fr\/idees-deco\/wp-content\/uploads\/2024\/06\/Champ-visuel-vert.jpg 1600w\" sizes=\"auto, (max-width: 1160px) 100vw, 1160px\" \/><\/figure>\n\n\n\n<ol class=\"wp-block-list\" start=\"7\">\n<li><strong>Ajoutez des pots de fleurs accroch\u00e9s aux murs pour un effet vertigineux m\u00eame sur petite surface<\/strong><\/li>\n<\/ol>\n\n\n\n<figure class=\"wp-block-image size-full\"><img loading=\"lazy\" decoding=\"async\" width=\"1066\" height=\"1600\" src=\"https:\/\/pipcke.fr\/idees-deco\/wp-content\/uploads\/2024\/06\/Pots-de-fleurs-accroches-aux-murs.jpg\" alt=\"Opter pour des caisses en bois color\u00e9es:   id\u00e9es d\u00e9co terrasse.\" class=\"wp-image-13600\" srcset=\"https:\/\/pipcke.fr\/idees-deco\/wp-content\/uploads\/2024\/06\/Pots-de-fleurs-accroches-aux-murs.jpg 1066w, https:\/\/pipcke.fr\/idees-deco\/wp-content\/uploads\/2024\/06\/Pots-de-fleurs-accroches-aux-murs-800x1201.jpg 800w, https:\/\/pipcke.fr\/idees-deco\/wp-content\/uploads\/2024\/06\/Pots-de-fleurs-accroches-aux-murs-1023x1536.jpg 1023w, https:\/\/pipcke.fr\/idees-deco\/wp-content\/uploads\/2024\/06\/Pots-de-fleurs-accroches-aux-murs-120x180.jpg 120w, https:\/\/pipcke.fr\/idees-deco\/wp-content\/uploads\/2024\/06\/Pots-de-fleurs-accroches-aux-murs-90x135.jpg 90w, https:\/\/pipcke.fr\/idees-deco\/wp-content\/uploads\/2024\/06\/Pots-de-fleurs-accroches-aux-murs-320x480.jpg 320w, https:\/\/pipcke.fr\/idees-deco\/wp-content\/uploads\/2024\/06\/Pots-de-fleurs-accroches-aux-murs-560x841.jpg 560w\" sizes=\"auto, (max-width: 1066px) 100vw, 1066px\" \/><\/figure>\n\n\n\n<figure class=\"wp-block-image size-large\"><img loading=\"lazy\" decoding=\"async\" width=\"1160\" height=\"765\" src=\"https:\/\/pipcke.fr\/idees-deco\/wp-content\/uploads\/2024\/06\/idees-deco-terrasse-pots-de-fleurs-1160x765.jpg\" alt=\"Petite terrasse, les pots de fleurs accroches aux murs pour gagner en espace.\" class=\"wp-image-13602\" srcset=\"https:\/\/pipcke.fr\/idees-deco\/wp-content\/uploads\/2024\/06\/idees-deco-terrasse-pots-de-fleurs-1160x765.jpg 1160w, https:\/\/pipcke.fr\/idees-deco\/wp-content\/uploads\/2024\/06\/idees-deco-terrasse-pots-de-fleurs-800x528.jpg 800w, https:\/\/pipcke.fr\/idees-deco\/wp-content\/uploads\/2024\/06\/idees-deco-terrasse-pots-de-fleurs-1536x1013.jpg 1536w, https:\/\/pipcke.fr\/idees-deco\/wp-content\/uploads\/2024\/06\/idees-deco-terrasse-pots-de-fleurs-120x79.jpg 120w, https:\/\/pipcke.fr\/idees-deco\/wp-content\/uploads\/2024\/06\/idees-deco-terrasse-pots-de-fleurs-90x59.jpg 90w, https:\/\/pipcke.fr\/idees-deco\/wp-content\/uploads\/2024\/06\/idees-deco-terrasse-pots-de-fleurs-320x211.jpg 320w, https:\/\/pipcke.fr\/idees-deco\/wp-content\/uploads\/2024\/06\/idees-deco-terrasse-pots-de-fleurs-560x369.jpg 560w, https:\/\/pipcke.fr\/idees-deco\/wp-content\/uploads\/2024\/06\/idees-deco-terrasse-pots-de-fleurs.jpg 1600w\" sizes=\"auto, (max-width: 1160px) 100vw, 1160px\" \/><\/figure>\n\n\n\n<h2 class=\"wp-block-heading\" id=\"h-creez-une-atmosphere-lumineuse\"><span id=\"creez-une-atmosphere-lumineuse\"><strong>Cr\u00e9ez une atmosph\u00e8re lumineuse<\/strong><\/span><\/h2>\n\n\n\n<ol class=\"wp-block-list\" start=\"8\">\n<li><strong>Optez pour un brise-vue naturel&nbsp;pour un coin de verdure apaisant, une des mes excellentes id\u00e9es d\u00e9co terrasse<\/strong><\/li>\n<\/ol>\n\n\n\n<figure class=\"wp-block-image size-large is-resized\"><img loading=\"lazy\" decoding=\"async\" width=\"1160\" height=\"807\" src=\"https:\/\/pipcke.fr\/idees-deco\/wp-content\/uploads\/2024\/06\/Brise-de-vue-dune-terrasse-a-vegetation-naturelle-1-1160x807.jpg\" alt=\"Brise de vue d'une terrace en vegetation naturelle.\" class=\"wp-image-13333\" style=\"width:680px;height:auto\" srcset=\"https:\/\/pipcke.fr\/idees-deco\/wp-content\/uploads\/2024\/06\/Brise-de-vue-dune-terrasse-a-vegetation-naturelle-1-1160x807.jpg 1160w, https:\/\/pipcke.fr\/idees-deco\/wp-content\/uploads\/2024\/06\/Brise-de-vue-dune-terrasse-a-vegetation-naturelle-1-800x557.jpg 800w, https:\/\/pipcke.fr\/idees-deco\/wp-content\/uploads\/2024\/06\/Brise-de-vue-dune-terrasse-a-vegetation-naturelle-1-1536x1069.jpg 1536w, https:\/\/pipcke.fr\/idees-deco\/wp-content\/uploads\/2024\/06\/Brise-de-vue-dune-terrasse-a-vegetation-naturelle-1-2048x1425.jpg 2048w, https:\/\/pipcke.fr\/idees-deco\/wp-content\/uploads\/2024\/06\/Brise-de-vue-dune-terrasse-a-vegetation-naturelle-1-120x83.jpg 120w, https:\/\/pipcke.fr\/idees-deco\/wp-content\/uploads\/2024\/06\/Brise-de-vue-dune-terrasse-a-vegetation-naturelle-1-90x63.jpg 90w, https:\/\/pipcke.fr\/idees-deco\/wp-content\/uploads\/2024\/06\/Brise-de-vue-dune-terrasse-a-vegetation-naturelle-1-320x223.jpg 320w, https:\/\/pipcke.fr\/idees-deco\/wp-content\/uploads\/2024\/06\/Brise-de-vue-dune-terrasse-a-vegetation-naturelle-1-560x390.jpg 560w, https:\/\/pipcke.fr\/idees-deco\/wp-content\/uploads\/2024\/06\/Brise-de-vue-dune-terrasse-a-vegetation-naturelle-1-1920x1336.jpg 1920w, https:\/\/pipcke.fr\/idees-deco\/wp-content\/uploads\/2024\/06\/Brise-de-vue-dune-terrasse-a-vegetation-naturelle-1-scaled.jpg 2560w\" sizes=\"auto, (max-width: 1160px) 100vw, 1160px\" \/><\/figure>\n\n\n\n<ol class=\"wp-block-list\" start=\"9\">\n<li><strong>Choisissez un brise-vue synth\u00e9tique pour une solution pratique et esth\u00e9tique sur petites surfaces<\/strong><\/li>\n<\/ol>\n\n\n\n<figure class=\"wp-block-image size-large\"><img loading=\"lazy\" decoding=\"async\" width=\"1160\" height=\"773\" src=\"https:\/\/pipcke.fr\/idees-deco\/wp-content\/uploads\/2024\/06\/Une-brise-de-vue-synthetique-1160x773.jpg\" alt=\"Exemples de rev\u00eatements artificiels pour les murs d'une terrasse moderne.\" class=\"wp-image-13604\" srcset=\"https:\/\/pipcke.fr\/idees-deco\/wp-content\/uploads\/2024\/06\/Une-brise-de-vue-synthetique-1160x773.jpg 1160w, https:\/\/pipcke.fr\/idees-deco\/wp-content\/uploads\/2024\/06\/Une-brise-de-vue-synthetique-800x533.jpg 800w, https:\/\/pipcke.fr\/idees-deco\/wp-content\/uploads\/2024\/06\/Une-brise-de-vue-synthetique-1536x1023.jpg 1536w, https:\/\/pipcke.fr\/idees-deco\/wp-content\/uploads\/2024\/06\/Une-brise-de-vue-synthetique-120x80.jpg 120w, https:\/\/pipcke.fr\/idees-deco\/wp-content\/uploads\/2024\/06\/Une-brise-de-vue-synthetique-90x60.jpg 90w, https:\/\/pipcke.fr\/idees-deco\/wp-content\/uploads\/2024\/06\/Une-brise-de-vue-synthetique-320x213.jpg 320w, https:\/\/pipcke.fr\/idees-deco\/wp-content\/uploads\/2024\/06\/Une-brise-de-vue-synthetique-560x373.jpg 560w, https:\/\/pipcke.fr\/idees-deco\/wp-content\/uploads\/2024\/06\/Une-brise-de-vue-synthetique.jpg 1600w\" sizes=\"auto, (max-width: 1160px) 100vw, 1160px\" \/><\/figure>\n\n\n\n<ol class=\"wp-block-list\" start=\"10\">\n<li><strong>Illuminez votre terrasse avec des guirlandes lumineuses solaires pour une ambiance chaleureuse<\/strong><\/li>\n<\/ol>\n\n\n\n<figure class=\"wp-block-image size-large\"><img loading=\"lazy\" decoding=\"async\" width=\"1160\" height=\"870\" src=\"https:\/\/pipcke.fr\/idees-deco\/wp-content\/uploads\/2024\/06\/idees-deco-terrasse-des-guirlandes-lumineuses-1160x870.jpg\" alt=\"Vive le solaire, terrace \u00e9clair\u00e9e par des guirlandes rechargeables.\" class=\"wp-image-13605\" srcset=\"https:\/\/pipcke.fr\/idees-deco\/wp-content\/uploads\/2024\/06\/idees-deco-terrasse-des-guirlandes-lumineuses-1160x870.jpg 1160w, https:\/\/pipcke.fr\/idees-deco\/wp-content\/uploads\/2024\/06\/idees-deco-terrasse-des-guirlandes-lumineuses-800x600.jpg 800w, https:\/\/pipcke.fr\/idees-deco\/wp-content\/uploads\/2024\/06\/idees-deco-terrasse-des-guirlandes-lumineuses-320x240.jpg 320w, https:\/\/pipcke.fr\/idees-deco\/wp-content\/uploads\/2024\/06\/idees-deco-terrasse-des-guirlandes-lumineuses-1536x1152.jpg 1536w, https:\/\/pipcke.fr\/idees-deco\/wp-content\/uploads\/2024\/06\/idees-deco-terrasse-des-guirlandes-lumineuses-300x225.jpg 300w, https:\/\/pipcke.fr\/idees-deco\/wp-content\/uploads\/2024\/06\/idees-deco-terrasse-des-guirlandes-lumineuses-120x90.jpg 120w, https:\/\/pipcke.fr\/idees-deco\/wp-content\/uploads\/2024\/06\/idees-deco-terrasse-des-guirlandes-lumineuses-90x68.jpg 90w, https:\/\/pipcke.fr\/idees-deco\/wp-content\/uploads\/2024\/06\/idees-deco-terrasse-des-guirlandes-lumineuses-560x420.jpg 560w, https:\/\/pipcke.fr\/idees-deco\/wp-content\/uploads\/2024\/06\/idees-deco-terrasse-des-guirlandes-lumineuses.jpg 1600w\" sizes=\"auto, (max-width: 1160px) 100vw, 1160px\" \/><\/figure>\n\n\n\n<ol class=\"wp-block-list\" start=\"11\">\n<li><strong>Cr\u00e9ez une atmosph\u00e8re guinguette avec des lanternes suspendues<\/strong><\/li>\n<\/ol>\n\n\n\n<figure class=\"wp-block-image size-large\"><img loading=\"lazy\" decoding=\"async\" width=\"1160\" height=\"773\" src=\"https:\/\/pipcke.fr\/idees-deco\/wp-content\/uploads\/2024\/06\/Lanternes-suspendues-1160x773.jpg\" alt=\"id\u00e9es d\u00e9co terrasse, des lanterne suspendues.\" class=\"wp-image-13607\" srcset=\"https:\/\/pipcke.fr\/idees-deco\/wp-content\/uploads\/2024\/06\/Lanternes-suspendues-1160x773.jpg 1160w, https:\/\/pipcke.fr\/idees-deco\/wp-content\/uploads\/2024\/06\/Lanternes-suspendues-800x533.jpg 800w, https:\/\/pipcke.fr\/idees-deco\/wp-content\/uploads\/2024\/06\/Lanternes-suspendues-1536x1023.jpg 1536w, https:\/\/pipcke.fr\/idees-deco\/wp-content\/uploads\/2024\/06\/Lanternes-suspendues-120x80.jpg 120w, https:\/\/pipcke.fr\/idees-deco\/wp-content\/uploads\/2024\/06\/Lanternes-suspendues-90x60.jpg 90w, https:\/\/pipcke.fr\/idees-deco\/wp-content\/uploads\/2024\/06\/Lanternes-suspendues-320x213.jpg 320w, https:\/\/pipcke.fr\/idees-deco\/wp-content\/uploads\/2024\/06\/Lanternes-suspendues-560x373.jpg 560w, https:\/\/pipcke.fr\/idees-deco\/wp-content\/uploads\/2024\/06\/Lanternes-suspendues.jpg 1600w\" sizes=\"auto, (max-width: 1160px) 100vw, 1160px\" \/><\/figure>\n\n\n\n<ol class=\"wp-block-list\" start=\"12\">\n<li><strong>Apportez une touche romantique avec des bougies pour une soir\u00e9e parfaite en ext\u00e9rieur<\/strong><\/li>\n<\/ol>\n\n\n\n<figure class=\"wp-block-gallery has-nested-images columns-default is-cropped wp-block-gallery-2 is-layout-flex wp-block-gallery-is-layout-flex\">\n<figure class=\"wp-block-image size-full\"><img loading=\"lazy\" decoding=\"async\" width=\"1066\" height=\"1600\" data-id=\"13610\" src=\"https:\/\/pipcke.fr\/idees-deco\/wp-content\/uploads\/2024\/06\/Des-bougies-dans-un-salon.jpg\" alt=\"Rien ne remplace les bougies pour une ambiance romantique.\" class=\"wp-image-13610\" srcset=\"https:\/\/pipcke.fr\/idees-deco\/wp-content\/uploads\/2024\/06\/Des-bougies-dans-un-salon.jpg 1066w, https:\/\/pipcke.fr\/idees-deco\/wp-content\/uploads\/2024\/06\/Des-bougies-dans-un-salon-800x1201.jpg 800w, https:\/\/pipcke.fr\/idees-deco\/wp-content\/uploads\/2024\/06\/Des-bougies-dans-un-salon-1023x1536.jpg 1023w, https:\/\/pipcke.fr\/idees-deco\/wp-content\/uploads\/2024\/06\/Des-bougies-dans-un-salon-120x180.jpg 120w, https:\/\/pipcke.fr\/idees-deco\/wp-content\/uploads\/2024\/06\/Des-bougies-dans-un-salon-90x135.jpg 90w, https:\/\/pipcke.fr\/idees-deco\/wp-content\/uploads\/2024\/06\/Des-bougies-dans-un-salon-320x480.jpg 320w, https:\/\/pipcke.fr\/idees-deco\/wp-content\/uploads\/2024\/06\/Des-bougies-dans-un-salon-560x841.jpg 560w\" sizes=\"auto, (max-width: 1066px) 100vw, 1066px\" \/><\/figure>\n<\/figure>\n\n\n\n<h2 class=\"wp-block-heading\" id=\"h-optimisez-l-espace\"><span id=\"optimisez-lespace\"><strong>Optimisez l&rsquo;espace<\/strong><\/span><\/h2>\n\n\n\n<ol class=\"wp-block-list\" start=\"13\">\n<li><strong>M\u00e9langez et assortissez les accessoires pour une d\u00e9co unique et personnalis\u00e9e<\/strong><\/li>\n<\/ol>\n\n\n\n<figure class=\"wp-block-image size-large\"><img loading=\"lazy\" decoding=\"async\" width=\"1160\" height=\"655\" src=\"https:\/\/pipcke.fr\/idees-deco\/wp-content\/uploads\/2024\/06\/Salon-en-couleur-beige-1160x655.jpg\" alt=\"Un fauteuil en osier marron et une table en bois se trouvent sur un balcon en bois.\" class=\"wp-image-13614\" srcset=\"https:\/\/pipcke.fr\/idees-deco\/wp-content\/uploads\/2024\/06\/Salon-en-couleur-beige-1160x655.jpg 1160w, https:\/\/pipcke.fr\/idees-deco\/wp-content\/uploads\/2024\/06\/Salon-en-couleur-beige-800x452.jpg 800w, https:\/\/pipcke.fr\/idees-deco\/wp-content\/uploads\/2024\/06\/Salon-en-couleur-beige-1536x868.jpg 1536w, https:\/\/pipcke.fr\/idees-deco\/wp-content\/uploads\/2024\/06\/Salon-en-couleur-beige-120x68.jpg 120w, https:\/\/pipcke.fr\/idees-deco\/wp-content\/uploads\/2024\/06\/Salon-en-couleur-beige-90x51.jpg 90w, https:\/\/pipcke.fr\/idees-deco\/wp-content\/uploads\/2024\/06\/Salon-en-couleur-beige-320x181.jpg 320w, https:\/\/pipcke.fr\/idees-deco\/wp-content\/uploads\/2024\/06\/Salon-en-couleur-beige-560x316.jpg 560w, https:\/\/pipcke.fr\/idees-deco\/wp-content\/uploads\/2024\/06\/Salon-en-couleur-beige.jpg 1600w\" sizes=\"auto, (max-width: 1160px) 100vw, 1160px\" \/><\/figure>\n\n\n\n<ol class=\"wp-block-list\" start=\"14\">\n<li><strong>Faites sensation avec des suspensions en fibre pour une ambiance boh\u00e8me<\/strong><\/li>\n<\/ol>\n\n\n\n<figure class=\"wp-block-image size-full\"><img loading=\"lazy\" decoding=\"async\" width=\"1066\" height=\"1600\" src=\"https:\/\/pipcke.fr\/idees-deco\/wp-content\/uploads\/2024\/06\/Des-suspensions-lumineuses-en-fibre.jpg\" alt=\"l'eclairage d'une terrasse avec des macrames et des lampes en fibre donne un aspect boheme\" class=\"wp-image-13616\" srcset=\"https:\/\/pipcke.fr\/idees-deco\/wp-content\/uploads\/2024\/06\/Des-suspensions-lumineuses-en-fibre.jpg 1066w, https:\/\/pipcke.fr\/idees-deco\/wp-content\/uploads\/2024\/06\/Des-suspensions-lumineuses-en-fibre-800x1201.jpg 800w, https:\/\/pipcke.fr\/idees-deco\/wp-content\/uploads\/2024\/06\/Des-suspensions-lumineuses-en-fibre-1023x1536.jpg 1023w, https:\/\/pipcke.fr\/idees-deco\/wp-content\/uploads\/2024\/06\/Des-suspensions-lumineuses-en-fibre-120x180.jpg 120w, https:\/\/pipcke.fr\/idees-deco\/wp-content\/uploads\/2024\/06\/Des-suspensions-lumineuses-en-fibre-90x135.jpg 90w, https:\/\/pipcke.fr\/idees-deco\/wp-content\/uploads\/2024\/06\/Des-suspensions-lumineuses-en-fibre-320x480.jpg 320w, https:\/\/pipcke.fr\/idees-deco\/wp-content\/uploads\/2024\/06\/Des-suspensions-lumineuses-en-fibre-560x841.jpg 560w\" sizes=\"auto, (max-width: 1066px) 100vw, 1066px\" \/><\/figure>\n\n\n\n<ol class=\"wp-block-list\" start=\"15\">\n<li><strong>Optimisez l&rsquo;espace avec des \u00e9tag\u00e8res murales pour un rangement pratique et styl\u00e9<\/strong><\/li>\n<\/ol>\n\n\n\n<figure class=\"wp-block-image size-large\"><img loading=\"lazy\" decoding=\"async\" width=\"1160\" height=\"773\" src=\"https:\/\/pipcke.fr\/idees-deco\/wp-content\/uploads\/2024\/06\/Des-etageres-murales-1160x773.jpg\" alt=\"Grandes \u00e9tag\u00e8res pour une terrasse de grande superficie.\" class=\"wp-image-13618\" srcset=\"https:\/\/pipcke.fr\/idees-deco\/wp-content\/uploads\/2024\/06\/Des-etageres-murales-1160x773.jpg 1160w, https:\/\/pipcke.fr\/idees-deco\/wp-content\/uploads\/2024\/06\/Des-etageres-murales-800x533.jpg 800w, https:\/\/pipcke.fr\/idees-deco\/wp-content\/uploads\/2024\/06\/Des-etageres-murales-1536x1023.jpg 1536w, https:\/\/pipcke.fr\/idees-deco\/wp-content\/uploads\/2024\/06\/Des-etageres-murales-120x80.jpg 120w, https:\/\/pipcke.fr\/idees-deco\/wp-content\/uploads\/2024\/06\/Des-etageres-murales-90x60.jpg 90w, https:\/\/pipcke.fr\/idees-deco\/wp-content\/uploads\/2024\/06\/Des-etageres-murales-320x213.jpg 320w, https:\/\/pipcke.fr\/idees-deco\/wp-content\/uploads\/2024\/06\/Des-etageres-murales-560x373.jpg 560w, https:\/\/pipcke.fr\/idees-deco\/wp-content\/uploads\/2024\/06\/Des-etageres-murales.jpg 1600w\" sizes=\"auto, (max-width: 1160px) 100vw, 1160px\" \/><\/figure>\n\n\n\n<h2 class=\"wp-block-heading\" id=\"h-ajoutez-des-elements-de-confort\"><span id=\"ajoutez-des-elements-de-confort\"><strong>Ajoutez des \u00e9l\u00e9ments de confort<\/strong><\/span><\/h2>\n\n\n\n<ol class=\"wp-block-list\" start=\"16\">\n<li><strong>Exploitez l&rsquo;espace en hauteur pour gagner de la place sur une petite superficie<\/strong><\/li>\n<\/ol>\n\n\n\n<figure class=\"wp-block-image size-full\"><img loading=\"lazy\" decoding=\"async\" width=\"1066\" height=\"1600\" src=\"https:\/\/pipcke.fr\/idees-deco\/wp-content\/uploads\/2024\/06\/Plantes-vertes.jpg\" alt=\"Balcon avec des petites plantes vertes.\" class=\"wp-image-13623\" srcset=\"https:\/\/pipcke.fr\/idees-deco\/wp-content\/uploads\/2024\/06\/Plantes-vertes.jpg 1066w, https:\/\/pipcke.fr\/idees-deco\/wp-content\/uploads\/2024\/06\/Plantes-vertes-800x1201.jpg 800w, https:\/\/pipcke.fr\/idees-deco\/wp-content\/uploads\/2024\/06\/Plantes-vertes-1023x1536.jpg 1023w, https:\/\/pipcke.fr\/idees-deco\/wp-content\/uploads\/2024\/06\/Plantes-vertes-120x180.jpg 120w, https:\/\/pipcke.fr\/idees-deco\/wp-content\/uploads\/2024\/06\/Plantes-vertes-90x135.jpg 90w, https:\/\/pipcke.fr\/idees-deco\/wp-content\/uploads\/2024\/06\/Plantes-vertes-320x480.jpg 320w, https:\/\/pipcke.fr\/idees-deco\/wp-content\/uploads\/2024\/06\/Plantes-vertes-560x841.jpg 560w\" sizes=\"auto, (max-width: 1066px) 100vw, 1066px\" \/><\/figure>\n\n\n\n<ol class=\"wp-block-list\" start=\"17\">\n<li><strong>Ajoutez des poufs d&rsquo;ext\u00e9rieur r\u00e9sistants aux intemp\u00e9ries pour plus de confort&nbsp;<\/strong><\/li>\n<\/ol>\n\n\n\n<figure class=\"wp-block-image size-large\"><img loading=\"lazy\" decoding=\"async\" width=\"1160\" height=\"650\" src=\"https:\/\/pipcke.fr\/idees-deco\/wp-content\/uploads\/2024\/06\/Pouffes-dexterieur-resistants-aux-intemperies-1160x650.jpg\" alt=\"des pouffes tr\u00e8s design ajoutant des couleurs a la terrasse.\" class=\"wp-image-13622\" srcset=\"https:\/\/pipcke.fr\/idees-deco\/wp-content\/uploads\/2024\/06\/Pouffes-dexterieur-resistants-aux-intemperies-1160x650.jpg 1160w, https:\/\/pipcke.fr\/idees-deco\/wp-content\/uploads\/2024\/06\/Pouffes-dexterieur-resistants-aux-intemperies-800x449.jpg 800w, https:\/\/pipcke.fr\/idees-deco\/wp-content\/uploads\/2024\/06\/Pouffes-dexterieur-resistants-aux-intemperies-1536x861.jpg 1536w, https:\/\/pipcke.fr\/idees-deco\/wp-content\/uploads\/2024\/06\/Pouffes-dexterieur-resistants-aux-intemperies-120x67.jpg 120w, https:\/\/pipcke.fr\/idees-deco\/wp-content\/uploads\/2024\/06\/Pouffes-dexterieur-resistants-aux-intemperies-90x50.jpg 90w, https:\/\/pipcke.fr\/idees-deco\/wp-content\/uploads\/2024\/06\/Pouffes-dexterieur-resistants-aux-intemperies-320x179.jpg 320w, https:\/\/pipcke.fr\/idees-deco\/wp-content\/uploads\/2024\/06\/Pouffes-dexterieur-resistants-aux-intemperies-560x314.jpg 560w, https:\/\/pipcke.fr\/idees-deco\/wp-content\/uploads\/2024\/06\/Pouffes-dexterieur-resistants-aux-intemperies.jpg 1600w\" sizes=\"auto, (max-width: 1160px) 100vw, 1160px\" \/><\/figure>\n\n\n\n<ol class=\"wp-block-list\" start=\"18\">\n<li><strong>Prot\u00e9gez-vous du soleil avec un parasol d\u00e9port\u00e9<\/strong><\/li>\n<\/ol>\n\n\n\n<figure class=\"wp-block-image size-large\"><img loading=\"lazy\" decoding=\"async\" width=\"1160\" height=\"663\" src=\"https:\/\/pipcke.fr\/idees-deco\/wp-content\/uploads\/2024\/06\/idees-deco-terrasse-parasol-deporte-1160x663.jpg\" alt=\"Salon avec un parasol d\u00e9port\u00e9.\" class=\"wp-image-13627\" srcset=\"https:\/\/pipcke.fr\/idees-deco\/wp-content\/uploads\/2024\/06\/idees-deco-terrasse-parasol-deporte-1160x663.jpg 1160w, https:\/\/pipcke.fr\/idees-deco\/wp-content\/uploads\/2024\/06\/idees-deco-terrasse-parasol-deporte-800x457.jpg 800w, https:\/\/pipcke.fr\/idees-deco\/wp-content\/uploads\/2024\/06\/idees-deco-terrasse-parasol-deporte-1536x877.jpg 1536w, https:\/\/pipcke.fr\/idees-deco\/wp-content\/uploads\/2024\/06\/idees-deco-terrasse-parasol-deporte-120x69.jpg 120w, https:\/\/pipcke.fr\/idees-deco\/wp-content\/uploads\/2024\/06\/idees-deco-terrasse-parasol-deporte-90x51.jpg 90w, https:\/\/pipcke.fr\/idees-deco\/wp-content\/uploads\/2024\/06\/idees-deco-terrasse-parasol-deporte-320x183.jpg 320w, https:\/\/pipcke.fr\/idees-deco\/wp-content\/uploads\/2024\/06\/idees-deco-terrasse-parasol-deporte-560x320.jpg 560w, https:\/\/pipcke.fr\/idees-deco\/wp-content\/uploads\/2024\/06\/idees-deco-terrasse-parasol-deporte.jpg 1600w\" sizes=\"auto, (max-width: 1160px) 100vw, 1160px\" \/><\/figure>\n\n\n\n<h2 class=\"wp-block-heading\" id=\"h-creez-une-ambiance-chaleureuse\"><span id=\"creez-une-ambiance-chaleureuse\"><strong>Cr\u00e9ez une ambiance chaleureuse<\/strong><\/span><\/h2>\n\n\n\n<ol class=\"wp-block-list\" start=\"19\">\n<li><strong>D\u00e9tendez-vous sur une chaise longue tendance, le must-have de 2024<\/strong><\/li>\n<\/ol>\n\n\n\n<figure class=\"wp-block-image size-full\"><img loading=\"lazy\" decoding=\"async\" width=\"640\" height=\"480\" src=\"https:\/\/pipcke.fr\/idees-deco\/wp-content\/uploads\/2024\/06\/idees-deco-terrasse-chaise-longue-tendance.jpg\" alt=\"Une chaise longue, le must-have de 2024 !\" class=\"wp-image-13632\" srcset=\"https:\/\/pipcke.fr\/idees-deco\/wp-content\/uploads\/2024\/06\/idees-deco-terrasse-chaise-longue-tendance.jpg 640w, https:\/\/pipcke.fr\/idees-deco\/wp-content\/uploads\/2024\/06\/idees-deco-terrasse-chaise-longue-tendance-320x240.jpg 320w, https:\/\/pipcke.fr\/idees-deco\/wp-content\/uploads\/2024\/06\/idees-deco-terrasse-chaise-longue-tendance-300x225.jpg 300w, https:\/\/pipcke.fr\/idees-deco\/wp-content\/uploads\/2024\/06\/idees-deco-terrasse-chaise-longue-tendance-120x90.jpg 120w, https:\/\/pipcke.fr\/idees-deco\/wp-content\/uploads\/2024\/06\/idees-deco-terrasse-chaise-longue-tendance-90x68.jpg 90w, https:\/\/pipcke.fr\/idees-deco\/wp-content\/uploads\/2024\/06\/idees-deco-terrasse-chaise-longue-tendance-560x420.jpg 560w\" sizes=\"auto, (max-width: 640px) 100vw, 640px\" \/><\/figure>\n\n\n\n<ol class=\"wp-block-list\" start=\"20\">\n<li><strong>Cr\u00e9ez une ambiance chaleureuse avec un brasero ou une chemin\u00e9e d&rsquo;ext\u00e9rieur pour un effet \u00ab\u00a0coin de feu\u00a0\u00bb convivial<\/strong><\/li>\n<\/ol>\n\n\n\n<figure class=\"wp-block-image size-large\"><a href=\"https:\/\/www.pinterest.com\/\"><img loading=\"lazy\" decoding=\"async\" width=\"1160\" height=\"774\" src=\"https:\/\/pipcke.fr\/idees-deco\/wp-content\/uploads\/2024\/06\/Un-brasero-1160x774.jpg\" alt=\"Un brasero pour un effet convivial.\" class=\"wp-image-13634\" srcset=\"https:\/\/pipcke.fr\/idees-deco\/wp-content\/uploads\/2024\/06\/Un-brasero-1160x774.jpg 1160w, https:\/\/pipcke.fr\/idees-deco\/wp-content\/uploads\/2024\/06\/Un-brasero-800x534.jpg 800w, https:\/\/pipcke.fr\/idees-deco\/wp-content\/uploads\/2024\/06\/Un-brasero-1536x1024.jpg 1536w, https:\/\/pipcke.fr\/idees-deco\/wp-content\/uploads\/2024\/06\/Un-brasero-120x80.jpg 120w, https:\/\/pipcke.fr\/idees-deco\/wp-content\/uploads\/2024\/06\/Un-brasero-90x60.jpg 90w, https:\/\/pipcke.fr\/idees-deco\/wp-content\/uploads\/2024\/06\/Un-brasero-320x213.jpg 320w, https:\/\/pipcke.fr\/idees-deco\/wp-content\/uploads\/2024\/06\/Un-brasero-560x373.jpg 560w, https:\/\/pipcke.fr\/idees-deco\/wp-content\/uploads\/2024\/06\/Un-brasero.jpg 1600w\" sizes=\"auto, (max-width: 1160px) 100vw, 1160px\" \/><\/a><\/figure>\n\n\n\n<p>Avec ces <strong>20 id\u00e9es d\u00e9co terrasse<\/strong>, vous avez d\u00e9sormais toutes les cl\u00e9s en main pour <strong>transformer votre espace ext\u00e9rieur<\/strong> en un v\u00e9ritable havre de paix.<\/p>\n\n\n\n<p>Du choix des mat\u00e9riaux \u00e0 l&rsquo;\u00e9clairage en passant par l&rsquo;am\u00e9nagement des zones, chaque d\u00e9tail contribue \u00e0 cr\u00e9er une <strong>atmosph\u00e8re conviviale et apaisante<\/strong>.<\/p>\n\n\n\n<p>Alors, laissez-vous inspirer et faites de votre terrasse un lieu o\u00f9 il fait bon vivre et savourer pleinement d\u00e8s l&rsquo;arriv\u00e9e du super soleil.<\/p>\n","protected":false},"excerpt":{"rendered":"<p> Transformez votre terrasse en espace cocooning avec 21 id\u00e9es d\u00e9co terrasse. Options infinies pour un lieu qui vous ravira !<\/p>\n","protected":false},"author":18,"featured_media":13643,"comment_status":"closed","ping_status":"closed","sticky":false,"template":"","format":"standard","meta":{"inline_featured_image":false,"footnotes":""},"categories":[27],"tags":[156,157,72,88,147,160,159,95,98,69],"powerkit_post_featured":[2,7,4,5,9],"class_list":{"0":"post-13491","1":"post","2":"type-post","3":"status-publish","4":"format-standard","5":"has-post-thumbnail","7":"category-inspirations-deco","8":"tag-amenagement-exterieur","9":"tag-decoration-exterieure","10":"tag-eclairage","11":"tag-fleurs-plantes","12":"tag-idees-deco","13":"tag-idees-deco-jardin","14":"tag-inspirations-deco-jardin","15":"tag-luminaire","16":"tag-terrasse","17":"tag-transformations"},"yoast_head":"<!-- This site is optimized with the Yoast SEO Premium plugin v22.3 (Yoast SEO v27.9) - https:\/\/yoast.com\/product\/yoast-seo-premium-wordpress\/ -->\n<title>20 id\u00e9es d\u00e9co terrasse pour un espace ext\u00e9rieur styl\u00e9<\/title>\n<meta name=\"description\" content=\"Transformez votre terrasse en espace cocooning avec mes 20 id\u00e9es d\u00e9co terrasse. Options infinies pour un lieu qui vous ravira !\" \/>\n<meta name=\"robots\" content=\"index, follow, max-snippet:-1, max-image-preview:large, max-video-preview:-1\" \/>\n<link rel=\"canonical\" href=\"https:\/\/pipcke.fr\/idees-deco\/inspirations-deco\/idees-deco-terrasse\/\" \/>\n<meta property=\"og:locale\" content=\"fr_FR\" \/>\n<meta property=\"og:type\" content=\"article\" \/>\n<meta property=\"og:title\" content=\"21 id\u00e9es d\u00e9co terrasse pour un espace ext\u00e9rieur styl\u00e9 !\" \/>\n<meta property=\"og:description\" content=\"Transformez votre terrasse en espace cocooning avec 21 id\u00e9es d\u00e9co terrasse. Options infinies pour un lieu qui vous ravira !\" \/>\n<meta property=\"og:url\" content=\"https:\/\/pipcke.fr\/idees-deco\/inspirations-deco\/idees-deco-terrasse\/\" \/>\n<meta property=\"og:site_name\" content=\"Pipcke\" \/>\n<meta property=\"article:publisher\" content=\"https:\/\/www.facebook.com\/Pipcke\" \/>\n<meta property=\"article:published_time\" content=\"2024-06-18T12:43:45+00:00\" \/>\n<meta property=\"article:modified_time\" content=\"2024-06-24T15:03:25+00:00\" \/>\n<meta property=\"og:image\" content=\"https:\/\/pipcke.fr\/idees-deco\/wp-content\/uploads\/2024\/06\/idees-deco-terrasse.jpeg\" \/>\n\t<meta property=\"og:image:width\" content=\"1216\" \/>\n\t<meta property=\"og:image:height\" content=\"832\" \/>\n\t<meta property=\"og:image:type\" content=\"image\/jpeg\" \/>\n<meta name=\"author\" content=\"Fatina Sleiman\" \/>\n<meta name=\"twitter:card\" content=\"summary_large_image\" \/>\n<meta name=\"twitter:title\" content=\"21 id\u00e9es d\u00e9co terrasse pour un espace ext\u00e9rieur styl\u00e9 !\" \/>\n<meta name=\"twitter:description\" content=\"Transformez votre terrasse en espace cocooning avec 21 id\u00e9es d\u00e9co terrasse. Options infinies pour un lieu qui vous ravira !\" \/>\n<meta name=\"twitter:creator\" content=\"@pipcke\" \/>\n<meta name=\"twitter:site\" content=\"@pipcke\" \/>\n<meta name=\"twitter:label1\" content=\"\u00c9crit par\" \/>\n\t<meta name=\"twitter:data1\" content=\"Fatina Sleiman\" \/>\n\t<meta name=\"twitter:label2\" content=\"Dur\u00e9e de lecture estim\u00e9e\" \/>\n\t<meta name=\"twitter:data2\" content=\"8 minutes\" \/>\n<script type=\"application\/ld+json\" class=\"yoast-schema-graph\">{\"@context\":\"https:\\\/\\\/schema.org\",\"@graph\":[{\"@type\":[\"Article\",\"BlogPosting\"],\"@id\":\"https:\\\/\\\/pipcke.fr\\\/idees-deco\\\/inspirations-deco\\\/idees-deco-terrasse\\\/#article\",\"isPartOf\":{\"@id\":\"https:\\\/\\\/pipcke.fr\\\/idees-deco\\\/inspirations-deco\\\/idees-deco-terrasse\\\/\"},\"author\":{\"name\":\"Fatina Sleiman\",\"@id\":\"https:\\\/\\\/pipcke.fr\\\/idees-deco\\\/#\\\/schema\\\/person\\\/8b5506de5e3c01d4bdf4d6eec0847e64\"},\"headline\":\"20 id\u00e9es d\u00e9co terrasse: sublimez votre espace ext\u00e9rieur avec style\",\"datePublished\":\"2024-06-18T12:43:45+00:00\",\"dateModified\":\"2024-06-24T15:03:25+00:00\",\"mainEntityOfPage\":{\"@id\":\"https:\\\/\\\/pipcke.fr\\\/idees-deco\\\/inspirations-deco\\\/idees-deco-terrasse\\\/\"},\"wordCount\":548,\"publisher\":{\"@id\":\"https:\\\/\\\/pipcke.fr\\\/idees-deco\\\/#organization\"},\"image\":{\"@id\":\"https:\\\/\\\/pipcke.fr\\\/idees-deco\\\/inspirations-deco\\\/idees-deco-terrasse\\\/#primaryimage\"},\"thumbnailUrl\":\"https:\\\/\\\/pipcke.fr\\\/idees-deco\\\/wp-content\\\/uploads\\\/2024\\\/06\\\/idees-deco-terrasse.jpeg\",\"keywords\":[\"am\u00e9nagement ext\u00e9rieur\",\"d\u00e9coration ext\u00e9rieure\",\"Eclairage\",\"Fleurs &amp; plantes\",\"Id\u00e9es d\u00e9co\",\"id\u00e9es d\u00e9co jardin\",\"inspirations d\u00e9co jardin\",\"Luminaire\",\"Terrasse\",\"Transformations\"],\"articleSection\":[\"Inspirations d\u00e9co\"],\"inLanguage\":\"fr-FR\"},{\"@type\":\"WebPage\",\"@id\":\"https:\\\/\\\/pipcke.fr\\\/idees-deco\\\/inspirations-deco\\\/idees-deco-terrasse\\\/\",\"url\":\"https:\\\/\\\/pipcke.fr\\\/idees-deco\\\/inspirations-deco\\\/idees-deco-terrasse\\\/\",\"name\":\"20 id\u00e9es d\u00e9co terrasse pour un espace ext\u00e9rieur styl\u00e9\",\"isPartOf\":{\"@id\":\"https:\\\/\\\/pipcke.fr\\\/idees-deco\\\/#website\"},\"primaryImageOfPage\":{\"@id\":\"https:\\\/\\\/pipcke.fr\\\/idees-deco\\\/inspirations-deco\\\/idees-deco-terrasse\\\/#primaryimage\"},\"image\":{\"@id\":\"https:\\\/\\\/pipcke.fr\\\/idees-deco\\\/inspirations-deco\\\/idees-deco-terrasse\\\/#primaryimage\"},\"thumbnailUrl\":\"https:\\\/\\\/pipcke.fr\\\/idees-deco\\\/wp-content\\\/uploads\\\/2024\\\/06\\\/idees-deco-terrasse.jpeg\",\"datePublished\":\"2024-06-18T12:43:45+00:00\",\"dateModified\":\"2024-06-24T15:03:25+00:00\",\"description\":\"Transformez votre terrasse en espace cocooning avec mes 20 id\u00e9es d\u00e9co terrasse. Options infinies pour un lieu qui vous ravira !\",\"breadcrumb\":{\"@id\":\"https:\\\/\\\/pipcke.fr\\\/idees-deco\\\/inspirations-deco\\\/idees-deco-terrasse\\\/#breadcrumb\"},\"inLanguage\":\"fr-FR\",\"potentialAction\":[{\"@type\":\"ReadAction\",\"target\":[\"https:\\\/\\\/pipcke.fr\\\/idees-deco\\\/inspirations-deco\\\/idees-deco-terrasse\\\/\"]}]},{\"@type\":\"ImageObject\",\"inLanguage\":\"fr-FR\",\"@id\":\"https:\\\/\\\/pipcke.fr\\\/idees-deco\\\/inspirations-deco\\\/idees-deco-terrasse\\\/#primaryimage\",\"url\":\"https:\\\/\\\/pipcke.fr\\\/idees-deco\\\/wp-content\\\/uploads\\\/2024\\\/06\\\/idees-deco-terrasse.jpeg\",\"contentUrl\":\"https:\\\/\\\/pipcke.fr\\\/idees-deco\\\/wp-content\\\/uploads\\\/2024\\\/06\\\/idees-deco-terrasse.jpeg\",\"width\":1216,\"height\":832,\"caption\":\"Terrasse moderne avec des plantes vertes.\"},{\"@type\":\"BreadcrumbList\",\"@id\":\"https:\\\/\\\/pipcke.fr\\\/idees-deco\\\/inspirations-deco\\\/idees-deco-terrasse\\\/#breadcrumb\",\"itemListElement\":[{\"@type\":\"ListItem\",\"position\":1,\"name\":\"Accueil\",\"item\":\"https:\\\/\\\/pipcke.fr\\\/idees-deco\\\/\"},{\"@type\":\"ListItem\",\"position\":2,\"name\":\"Inspirations d\u00e9co\",\"item\":\"https:\\\/\\\/pipcke.fr\\\/idees-deco\\\/.\\\/inspirations-deco\\\/\"},{\"@type\":\"ListItem\",\"position\":3,\"name\":\"20 id\u00e9es d\u00e9co terrasse: sublimez votre espace ext\u00e9rieur avec style\"}]},{\"@type\":\"WebSite\",\"@id\":\"https:\\\/\\\/pipcke.fr\\\/idees-deco\\\/#website\",\"url\":\"https:\\\/\\\/pipcke.fr\\\/idees-deco\\\/\",\"name\":\"Pipcke\",\"description\":\"Id\u00e9es, conseils et inspirations d\u00e9co\",\"publisher\":{\"@id\":\"https:\\\/\\\/pipcke.fr\\\/idees-deco\\\/#organization\"},\"potentialAction\":[{\"@type\":\"SearchAction\",\"target\":{\"@type\":\"EntryPoint\",\"urlTemplate\":\"https:\\\/\\\/pipcke.fr\\\/idees-deco\\\/?s={search_term_string}\"},\"query-input\":{\"@type\":\"PropertyValueSpecification\",\"valueRequired\":true,\"valueName\":\"search_term_string\"}}],\"inLanguage\":\"fr-FR\"},{\"@type\":\"Organization\",\"@id\":\"https:\\\/\\\/pipcke.fr\\\/idees-deco\\\/#organization\",\"name\":\"PIPCKE\",\"alternateName\":\"PIPCKE\",\"url\":\"https:\\\/\\\/pipcke.fr\\\/idees-deco\\\/\",\"logo\":{\"@type\":\"ImageObject\",\"inLanguage\":\"fr-FR\",\"@id\":\"https:\\\/\\\/pipcke.fr\\\/idees-deco\\\/#\\\/schema\\\/logo\\\/image\\\/\",\"url\":\"https:\\\/\\\/pipcke.fr\\\/idees-deco\\\/wp-content\\\/uploads\\\/2020\\\/12\\\/logo-black.svg\",\"contentUrl\":\"https:\\\/\\\/pipcke.fr\\\/idees-deco\\\/wp-content\\\/uploads\\\/2020\\\/12\\\/logo-black.svg\",\"width\":524,\"height\":140,\"caption\":\"PIPCKE\"},\"image\":{\"@id\":\"https:\\\/\\\/pipcke.fr\\\/idees-deco\\\/#\\\/schema\\\/logo\\\/image\\\/\"},\"sameAs\":[\"https:\\\/\\\/www.facebook.com\\\/Pipcke\",\"https:\\\/\\\/x.com\\\/pipcke\",\"https:\\\/\\\/www.instagram.com\\\/pipcke.fr\\\/\",\"https:\\\/\\\/www.linkedin.com\\\/company\\\/pipcke\",\"https:\\\/\\\/www.pinterest.fr\\\/PIPCKE\\\/_created\\\/\",\"https:\\\/\\\/www.youtube.com\\\/channel\\\/UCaYnny5Q4k6HN1s3zr1Gazw\"],\"email\":\"hello@pipcke.fr\",\"telephone\":\"0184802084\",\"legalName\":\"Pipcke\"},{\"@type\":\"Person\",\"@id\":\"https:\\\/\\\/pipcke.fr\\\/idees-deco\\\/#\\\/schema\\\/person\\\/8b5506de5e3c01d4bdf4d6eec0847e64\",\"name\":\"Fatina Sleiman\",\"image\":{\"@type\":\"ImageObject\",\"inLanguage\":\"fr-FR\",\"@id\":\"https:\\\/\\\/secure.gravatar.com\\\/avatar\\\/33adce8ac61f425fd715619b70468232eba35ea2a75e2245c576d75661f4f516?s=96&d=mm&r=g\",\"url\":\"https:\\\/\\\/secure.gravatar.com\\\/avatar\\\/33adce8ac61f425fd715619b70468232eba35ea2a75e2245c576d75661f4f516?s=96&d=mm&r=g\",\"contentUrl\":\"https:\\\/\\\/secure.gravatar.com\\\/avatar\\\/33adce8ac61f425fd715619b70468232eba35ea2a75e2245c576d75661f4f516?s=96&d=mm&r=g\",\"caption\":\"Fatina Sleiman\"},\"description\":\"Fatina est la r\u00e9dactrice sp\u00e9cialis\u00e9e de Pipcke pour toutes les th\u00e9matiques li\u00e9es \u00e0 la couleur, aux peintures et \u00e0 la perception visuelle de l\u2019habitat. Son travail d\u2019analyse se concentre sur la mani\u00e8re dont les teintes, les contrastes et les finitions influencent les volumes et l'atmosph\u00e8re d'un int\u00e9rieur. \u00c0 travers ses articles et guides pratiques, Fatina d\u00e9crypte comment la peinture s'impose comme un v\u00e9ritable levier d'agencement : La correction des volumes et des perspectives : agrandir visuellement un couloir \u00e9troit, \u00e9lever un plafond ou structurer une pi\u00e8ce de vie par la couleur. L'art du mur d'accent et des associations : choisir le bon mur \u00e0 peindre dans une chambre, un salon ou une cuisine et marier deux couleurs sans encombrer le regard. La r\u00e9novation et la revalorisation : s\u00e9lectionner les meilleures teintes pour repeindre et moderniser du mobilier en bois ou des \u00e9l\u00e9ments architecturaux. Son objectif \u00e0 travers chaque guide est de fournir aux lecteurs des conseils clairs, techniques et imm\u00e9diatement applicables pour transformer leurs espaces en jouant simplement sur la lumi\u00e8re et les harmonies chromatiques.\",\"url\":\"https:\\\/\\\/pipcke.fr\\\/idees-deco\\\/auteur\\\/fatina-sleiman\\\/\"}]}<\/script>\n<!-- \/ Yoast SEO Premium plugin. -->","yoast_head_json":{"title":"20 id\u00e9es d\u00e9co terrasse pour un espace ext\u00e9rieur styl\u00e9","description":"Transformez votre terrasse en espace cocooning avec mes 20 id\u00e9es d\u00e9co terrasse. Options infinies pour un lieu qui vous ravira !","robots":{"index":"index","follow":"follow","max-snippet":"max-snippet:-1","max-image-preview":"max-image-preview:large","max-video-preview":"max-video-preview:-1"},"canonical":"https:\/\/pipcke.fr\/idees-deco\/inspirations-deco\/idees-deco-terrasse\/","og_locale":"fr_FR","og_type":"article","og_title":"21 id\u00e9es d\u00e9co terrasse pour un espace ext\u00e9rieur styl\u00e9 !","og_description":"Transformez votre terrasse en espace cocooning avec 21 id\u00e9es d\u00e9co terrasse. Options infinies pour un lieu qui vous ravira !","og_url":"https:\/\/pipcke.fr\/idees-deco\/inspirations-deco\/idees-deco-terrasse\/","og_site_name":"Pipcke","article_publisher":"https:\/\/www.facebook.com\/Pipcke","article_published_time":"2024-06-18T12:43:45+00:00","article_modified_time":"2024-06-24T15:03:25+00:00","og_image":[{"width":1216,"height":832,"url":"https:\/\/pipcke.fr\/idees-deco\/wp-content\/uploads\/2024\/06\/idees-deco-terrasse.jpeg","type":"image\/jpeg"}],"author":"Fatina Sleiman","twitter_card":"summary_large_image","twitter_title":"21 id\u00e9es d\u00e9co terrasse pour un espace ext\u00e9rieur styl\u00e9 !","twitter_description":"Transformez votre terrasse en espace cocooning avec 21 id\u00e9es d\u00e9co terrasse. Options infinies pour un lieu qui vous ravira !","twitter_creator":"@pipcke","twitter_site":"@pipcke","twitter_misc":{"\u00c9crit par":"Fatina Sleiman","Dur\u00e9e de lecture estim\u00e9e":"8 minutes"},"schema":{"@context":"https:\/\/schema.org","@graph":[{"@type":["Article","BlogPosting"],"@id":"https:\/\/pipcke.fr\/idees-deco\/inspirations-deco\/idees-deco-terrasse\/#article","isPartOf":{"@id":"https:\/\/pipcke.fr\/idees-deco\/inspirations-deco\/idees-deco-terrasse\/"},"author":{"name":"Fatina Sleiman","@id":"https:\/\/pipcke.fr\/idees-deco\/#\/schema\/person\/8b5506de5e3c01d4bdf4d6eec0847e64"},"headline":"20 id\u00e9es d\u00e9co terrasse: sublimez votre espace ext\u00e9rieur avec style","datePublished":"2024-06-18T12:43:45+00:00","dateModified":"2024-06-24T15:03:25+00:00","mainEntityOfPage":{"@id":"https:\/\/pipcke.fr\/idees-deco\/inspirations-deco\/idees-deco-terrasse\/"},"wordCount":548,"publisher":{"@id":"https:\/\/pipcke.fr\/idees-deco\/#organization"},"image":{"@id":"https:\/\/pipcke.fr\/idees-deco\/inspirations-deco\/idees-deco-terrasse\/#primaryimage"},"thumbnailUrl":"https:\/\/pipcke.fr\/idees-deco\/wp-content\/uploads\/2024\/06\/idees-deco-terrasse.jpeg","keywords":["am\u00e9nagement ext\u00e9rieur","d\u00e9coration ext\u00e9rieure","Eclairage","Fleurs &amp; plantes","Id\u00e9es d\u00e9co","id\u00e9es d\u00e9co jardin","inspirations d\u00e9co jardin","Luminaire","Terrasse","Transformations"],"articleSection":["Inspirations d\u00e9co"],"inLanguage":"fr-FR"},{"@type":"WebPage","@id":"https:\/\/pipcke.fr\/idees-deco\/inspirations-deco\/idees-deco-terrasse\/","url":"https:\/\/pipcke.fr\/idees-deco\/inspirations-deco\/idees-deco-terrasse\/","name":"20 id\u00e9es d\u00e9co terrasse pour un espace ext\u00e9rieur styl\u00e9","isPartOf":{"@id":"https:\/\/pipcke.fr\/idees-deco\/#website"},"primaryImageOfPage":{"@id":"https:\/\/pipcke.fr\/idees-deco\/inspirations-deco\/idees-deco-terrasse\/#primaryimage"},"image":{"@id":"https:\/\/pipcke.fr\/idees-deco\/inspirations-deco\/idees-deco-terrasse\/#primaryimage"},"thumbnailUrl":"https:\/\/pipcke.fr\/idees-deco\/wp-content\/uploads\/2024\/06\/idees-deco-terrasse.jpeg","datePublished":"2024-06-18T12:43:45+00:00","dateModified":"2024-06-24T15:03:25+00:00","description":"Transformez votre terrasse en espace cocooning avec mes 20 id\u00e9es d\u00e9co terrasse. Options infinies pour un lieu qui vous ravira !","breadcrumb":{"@id":"https:\/\/pipcke.fr\/idees-deco\/inspirations-deco\/idees-deco-terrasse\/#breadcrumb"},"inLanguage":"fr-FR","potentialAction":[{"@type":"ReadAction","target":["https:\/\/pipcke.fr\/idees-deco\/inspirations-deco\/idees-deco-terrasse\/"]}]},{"@type":"ImageObject","inLanguage":"fr-FR","@id":"https:\/\/pipcke.fr\/idees-deco\/inspirations-deco\/idees-deco-terrasse\/#primaryimage","url":"https:\/\/pipcke.fr\/idees-deco\/wp-content\/uploads\/2024\/06\/idees-deco-terrasse.jpeg","contentUrl":"https:\/\/pipcke.fr\/idees-deco\/wp-content\/uploads\/2024\/06\/idees-deco-terrasse.jpeg","width":1216,"height":832,"caption":"Terrasse moderne avec des plantes vertes."},{"@type":"BreadcrumbList","@id":"https:\/\/pipcke.fr\/idees-deco\/inspirations-deco\/idees-deco-terrasse\/#breadcrumb","itemListElement":[{"@type":"ListItem","position":1,"name":"Accueil","item":"https:\/\/pipcke.fr\/idees-deco\/"},{"@type":"ListItem","position":2,"name":"Inspirations d\u00e9co","item":"https:\/\/pipcke.fr\/idees-deco\/.\/inspirations-deco\/"},{"@type":"ListItem","position":3,"name":"20 id\u00e9es d\u00e9co terrasse: sublimez votre espace ext\u00e9rieur avec style"}]},{"@type":"WebSite","@id":"https:\/\/pipcke.fr\/idees-deco\/#website","url":"https:\/\/pipcke.fr\/idees-deco\/","name":"Pipcke","description":"Id\u00e9es, conseils et inspirations d\u00e9co","publisher":{"@id":"https:\/\/pipcke.fr\/idees-deco\/#organization"},"potentialAction":[{"@type":"SearchAction","target":{"@type":"EntryPoint","urlTemplate":"https:\/\/pipcke.fr\/idees-deco\/?s={search_term_string}"},"query-input":{"@type":"PropertyValueSpecification","valueRequired":true,"valueName":"search_term_string"}}],"inLanguage":"fr-FR"},{"@type":"Organization","@id":"https:\/\/pipcke.fr\/idees-deco\/#organization","name":"PIPCKE","alternateName":"PIPCKE","url":"https:\/\/pipcke.fr\/idees-deco\/","logo":{"@type":"ImageObject","inLanguage":"fr-FR","@id":"https:\/\/pipcke.fr\/idees-deco\/#\/schema\/logo\/image\/","url":"https:\/\/pipcke.fr\/idees-deco\/wp-content\/uploads\/2020\/12\/logo-black.svg","contentUrl":"https:\/\/pipcke.fr\/idees-deco\/wp-content\/uploads\/2020\/12\/logo-black.svg","width":524,"height":140,"caption":"PIPCKE"},"image":{"@id":"https:\/\/pipcke.fr\/idees-deco\/#\/schema\/logo\/image\/"},"sameAs":["https:\/\/www.facebook.com\/Pipcke","https:\/\/x.com\/pipcke","https:\/\/www.instagram.com\/pipcke.fr\/","https:\/\/www.linkedin.com\/company\/pipcke","https:\/\/www.pinterest.fr\/PIPCKE\/_created\/","https:\/\/www.youtube.com\/channel\/UCaYnny5Q4k6HN1s3zr1Gazw"],"email":"hello@pipcke.fr","telephone":"0184802084","legalName":"Pipcke"},{"@type":"Person","@id":"https:\/\/pipcke.fr\/idees-deco\/#\/schema\/person\/8b5506de5e3c01d4bdf4d6eec0847e64","name":"Fatina Sleiman","image":{"@type":"ImageObject","inLanguage":"fr-FR","@id":"https:\/\/secure.gravatar.com\/avatar\/33adce8ac61f425fd715619b70468232eba35ea2a75e2245c576d75661f4f516?s=96&d=mm&r=g","url":"https:\/\/secure.gravatar.com\/avatar\/33adce8ac61f425fd715619b70468232eba35ea2a75e2245c576d75661f4f516?s=96&d=mm&r=g","contentUrl":"https:\/\/secure.gravatar.com\/avatar\/33adce8ac61f425fd715619b70468232eba35ea2a75e2245c576d75661f4f516?s=96&d=mm&r=g","caption":"Fatina Sleiman"},"description":"Fatina est la r\u00e9dactrice sp\u00e9cialis\u00e9e de Pipcke pour toutes les th\u00e9matiques li\u00e9es \u00e0 la couleur, aux peintures et \u00e0 la perception visuelle de l\u2019habitat. Son travail d\u2019analyse se concentre sur la mani\u00e8re dont les teintes, les contrastes et les finitions influencent les volumes et l'atmosph\u00e8re d'un int\u00e9rieur. \u00c0 travers ses articles et guides pratiques, Fatina d\u00e9crypte comment la peinture s'impose comme un v\u00e9ritable levier d'agencement : La correction des volumes et des perspectives : agrandir visuellement un couloir \u00e9troit, \u00e9lever un plafond ou structurer une pi\u00e8ce de vie par la couleur. L'art du mur d'accent et des associations : choisir le bon mur \u00e0 peindre dans une chambre, un salon ou une cuisine et marier deux couleurs sans encombrer le regard. La r\u00e9novation et la revalorisation : s\u00e9lectionner les meilleures teintes pour repeindre et moderniser du mobilier en bois ou des \u00e9l\u00e9ments architecturaux. Son objectif \u00e0 travers chaque guide est de fournir aux lecteurs des conseils clairs, techniques et imm\u00e9diatement applicables pour transformer leurs espaces en jouant simplement sur la lumi\u00e8re et les harmonies chromatiques.","url":"https:\/\/pipcke.fr\/idees-deco\/auteur\/fatina-sleiman\/"}]}},"_links":{"self":[{"href":"https:\/\/pipcke.fr\/idees-deco\/wp-json\/wp\/v2\/posts\/13491","targetHints":{"allow":["GET"]}}],"collection":[{"href":"https:\/\/pipcke.fr\/idees-deco\/wp-json\/wp\/v2\/posts"}],"about":[{"href":"https:\/\/pipcke.fr\/idees-deco\/wp-json\/wp\/v2\/types\/post"}],"author":[{"embeddable":true,"href":"https:\/\/pipcke.fr\/idees-deco\/wp-json\/wp\/v2\/users\/18"}],"replies":[{"embeddable":true,"href":"https:\/\/pipcke.fr\/idees-deco\/wp-json\/wp\/v2\/comments?post=13491"}],"version-history":[{"count":31,"href":"https:\/\/pipcke.fr\/idees-deco\/wp-json\/wp\/v2\/posts\/13491\/revisions"}],"predecessor-version":[{"id":13871,"href":"https:\/\/pipcke.fr\/idees-deco\/wp-json\/wp\/v2\/posts\/13491\/revisions\/13871"}],"wp:featuredmedia":[{"embeddable":true,"href":"https:\/\/pipcke.fr\/idees-deco\/wp-json\/wp\/v2\/media\/13643"}],"wp:attachment":[{"href":"https:\/\/pipcke.fr\/idees-deco\/wp-json\/wp\/v2\/media?parent=13491"}],"wp:term":[{"taxonomy":"category","embeddable":true,"href":"https:\/\/pipcke.fr\/idees-deco\/wp-json\/wp\/v2\/categories?post=13491"},{"taxonomy":"post_tag","embeddable":true,"href":"https:\/\/pipcke.fr\/idees-deco\/wp-json\/wp\/v2\/tags?post=13491"},{"taxonomy":"powerkit_post_featured","embeddable":true,"href":"https:\/\/pipcke.fr\/idees-deco\/wp-json\/wp\/v2\/powerkit_post_featured?post=13491"}],"curies":[{"name":"wp","href":"https:\/\/api.w.org\/{rel}","templated":true}]}}