{"id":11250,"date":"2024-04-07T19:32:24","date_gmt":"2024-04-07T17:32:24","guid":{"rendered":"https:\/\/pipcke.fr\/idees-deco\/?p=11250"},"modified":"2025-01-14T16:17:15","modified_gmt":"2025-01-14T15:17:15","slug":"23-idees-deco-salon","status":"publish","type":"post","link":"https:\/\/pipcke.fr\/idees-deco\/inspirations-deco\/23-idees-deco-salon\/","title":{"rendered":"\u00a023 id\u00e9es d\u00e9co salon: Comment relooker et donner du cachet \u00e0 votre int\u00e9rieur?"},"content":{"rendered":"<div id=\"bsf_rt_marker\"><\/div>\n<p>Je vous invite \u00e0 d\u00e9couvrir un univers de cr\u00e9ativit\u00e9 et d&rsquo;\u00e9l\u00e9gance \u00e0 travers notre <strong>guide complet des id\u00e9es d\u00e9co salon<\/strong>.&nbsp;<\/p>\n\n\n\n<p>Votre salon repr\u00e9sente bien plus qu&rsquo;une simple pi\u00e8ce; c&rsquo;est le c\u0153ur battant de votre maison, le lieu o\u00f9 se tissent les moments pr\u00e9cieux et les souvenirs inoubliables.<\/p>\n\n\n\n<p>Dans cet article, je vous propose une <strong>s\u00e9rie d&rsquo;astuces et de conseils<\/strong> pour m\u00e9tamorphoser votre salon en un espace \u00e0 la fois fonctionnel et esth\u00e9tique.<\/p>\n\n\n\n<figure class=\"wp-block-image size-large\"><a href=\"https:\/\/pipcke.fr\/nouveau-projet\"><img loading=\"lazy\" decoding=\"async\" width=\"1160\" height=\"387\" src=\"https:\/\/pipcke.fr\/idees-deco\/wp-content\/uploads\/2023\/11\/lancer-mon-projet-picto-1160x387.png\" alt=\"banni\u00e8re lancer mon projet\" class=\"wp-image-8957\" srcset=\"https:\/\/pipcke.fr\/idees-deco\/wp-content\/uploads\/2023\/11\/lancer-mon-projet-picto-1160x387.png 1160w, https:\/\/pipcke.fr\/idees-deco\/wp-content\/uploads\/2023\/11\/lancer-mon-projet-picto-800x267.png 800w, https:\/\/pipcke.fr\/idees-deco\/wp-content\/uploads\/2023\/11\/lancer-mon-projet-picto-120x40.png 120w, https:\/\/pipcke.fr\/idees-deco\/wp-content\/uploads\/2023\/11\/lancer-mon-projet-picto-90x30.png 90w, https:\/\/pipcke.fr\/idees-deco\/wp-content\/uploads\/2023\/11\/lancer-mon-projet-picto-320x107.png 320w, https:\/\/pipcke.fr\/idees-deco\/wp-content\/uploads\/2023\/11\/lancer-mon-projet-picto-560x187.png 560w, https:\/\/pipcke.fr\/idees-deco\/wp-content\/uploads\/2023\/11\/lancer-mon-projet-picto.png 1500w\" sizes=\"auto, (max-width: 1160px) 100vw, 1160px\" \/><\/a><\/figure>\n\n\n\n<p>Que vous aspirez \u00e0 <strong>moderniser votre d\u00e9coration<\/strong> ou \u00e0 repenser enti\u00e8rement l&rsquo;am\u00e9nagement de votre int\u00e9rieur, ces id\u00e9es d\u00e9co salon sauront vous inspirer et vous guider vers la cr\u00e9ation d&rsquo;un lieu qui vous ressemble.<\/p>\n\n\n\n<p><strong>1. Repeignez les murs en blanc, blanc mat ou gris pour donner un aspect neuf \u00e0 la pi\u00e8ce<\/strong>.<\/p>\n\n\n\n<figure class=\"wp-block-gallery has-nested-images columns-1 is-cropped wp-block-gallery-1 is-layout-flex wp-block-gallery-is-layout-flex\">\n<figure class=\"wp-block-image size-large\"><a href=\"https:\/\/pipcke.fr\/idees-deco\/wp-content\/uploads\/2024\/04\/Salon-scandinave-blanc-lumineux-Verdure.jpg\"><img loading=\"lazy\" decoding=\"async\" width=\"1160\" height=\"663\" data-id=\"11656\" src=\"https:\/\/pipcke.fr\/idees-deco\/wp-content\/uploads\/2024\/04\/Salon-scandinave-blanc-lumineux-Verdure.jpg\" alt=\"salon scandinave blanc et lumineux d\u00e9cor\u00e9 de verdure\" class=\"wp-image-11656\" srcset=\"https:\/\/pipcke.fr\/idees-deco\/wp-content\/uploads\/2024\/04\/Salon-scandinave-blanc-lumineux-Verdure.jpg 1160w, https:\/\/pipcke.fr\/idees-deco\/wp-content\/uploads\/2024\/04\/Salon-scandinave-blanc-lumineux-Verdure-800x457.jpg 800w, https:\/\/pipcke.fr\/idees-deco\/wp-content\/uploads\/2024\/04\/Salon-scandinave-blanc-lumineux-Verdure-120x69.jpg 120w, https:\/\/pipcke.fr\/idees-deco\/wp-content\/uploads\/2024\/04\/Salon-scandinave-blanc-lumineux-Verdure-90x51.jpg 90w, https:\/\/pipcke.fr\/idees-deco\/wp-content\/uploads\/2024\/04\/Salon-scandinave-blanc-lumineux-Verdure-320x183.jpg 320w, https:\/\/pipcke.fr\/idees-deco\/wp-content\/uploads\/2024\/04\/Salon-scandinave-blanc-lumineux-Verdure-560x320.jpg 560w\" sizes=\"auto, (max-width: 1160px) 100vw, 1160px\" \/><\/a><\/figure>\n\n\n\n<figure class=\"wp-block-image size-large\"><a href=\"https:\/\/pipcke.fr\/idees-deco\/wp-content\/uploads\/2024\/04\/salon-scandinave-murs-blancs-vintage.jpg\"><img loading=\"lazy\" decoding=\"async\" width=\"1160\" height=\"663\" data-id=\"11657\" src=\"https:\/\/pipcke.fr\/idees-deco\/wp-content\/uploads\/2024\/04\/salon-scandinave-murs-blancs-vintage.jpg\" alt=\"des biblioth\u00e8ques vintage en id\u00e9e d\u00e9co salon\" class=\"wp-image-11657\" srcset=\"https:\/\/pipcke.fr\/idees-deco\/wp-content\/uploads\/2024\/04\/salon-scandinave-murs-blancs-vintage.jpg 1160w, https:\/\/pipcke.fr\/idees-deco\/wp-content\/uploads\/2024\/04\/salon-scandinave-murs-blancs-vintage-800x457.jpg 800w, https:\/\/pipcke.fr\/idees-deco\/wp-content\/uploads\/2024\/04\/salon-scandinave-murs-blancs-vintage-120x69.jpg 120w, https:\/\/pipcke.fr\/idees-deco\/wp-content\/uploads\/2024\/04\/salon-scandinave-murs-blancs-vintage-90x51.jpg 90w, https:\/\/pipcke.fr\/idees-deco\/wp-content\/uploads\/2024\/04\/salon-scandinave-murs-blancs-vintage-320x183.jpg 320w, https:\/\/pipcke.fr\/idees-deco\/wp-content\/uploads\/2024\/04\/salon-scandinave-murs-blancs-vintage-560x320.jpg 560w\" sizes=\"auto, (max-width: 1160px) 100vw, 1160px\" \/><\/a><\/figure>\n<\/figure>\n\n\n\n<p><strong>2. \u00c9vitez le syndrome du mur vide en cr\u00e9ant un mur de cadres pour apporter une touche d&rsquo;originalit\u00e9 \u00e0 votre pi\u00e8ce<\/strong>.<\/p>\n\n\n\n<figure class=\"wp-block-image size-full is-resized\"><img loading=\"lazy\" decoding=\"async\" width=\"640\" height=\"1138\" src=\"https:\/\/pipcke.fr\/idees-deco\/wp-content\/uploads\/2024\/04\/mur-avec-des-cadres-1.jpeg\" alt=\"un mur de cadres d\u00e9coratifs en id\u00e9e d\u00e9co salon\" class=\"wp-image-11658\" style=\"width:680px\" srcset=\"https:\/\/pipcke.fr\/idees-deco\/wp-content\/uploads\/2024\/04\/mur-avec-des-cadres-1.jpeg 640w, https:\/\/pipcke.fr\/idees-deco\/wp-content\/uploads\/2024\/04\/mur-avec-des-cadres-1-120x213.jpeg 120w, https:\/\/pipcke.fr\/idees-deco\/wp-content\/uploads\/2024\/04\/mur-avec-des-cadres-1-90x160.jpeg 90w, https:\/\/pipcke.fr\/idees-deco\/wp-content\/uploads\/2024\/04\/mur-avec-des-cadres-1-320x569.jpeg 320w, https:\/\/pipcke.fr\/idees-deco\/wp-content\/uploads\/2024\/04\/mur-avec-des-cadres-1-560x996.jpeg 560w\" sizes=\"auto, (max-width: 640px) 100vw, 640px\" \/><\/figure>\n\n\n\n<p><strong>3. Int\u00e9grez des miroirs pour donner du caract\u00e8re et l&rsquo;impression d&rsquo;un espace plus grand<\/strong>.<\/p>\n\n\n\n<figure class=\"wp-block-image size-full is-resized\"><img loading=\"lazy\" decoding=\"async\" width=\"640\" height=\"853\" src=\"https:\/\/pipcke.fr\/idees-deco\/wp-content\/uploads\/2024\/04\/mur-avec-des-miroirs-2.jpg\" alt=\"un mur d\u00e9cor\u00e9 de miroirs en id\u00e9e d\u00e9co salon\" class=\"wp-image-11660\" style=\"width:680px;height:auto\" srcset=\"https:\/\/pipcke.fr\/idees-deco\/wp-content\/uploads\/2024\/04\/mur-avec-des-miroirs-2.jpg 640w, https:\/\/pipcke.fr\/idees-deco\/wp-content\/uploads\/2024\/04\/mur-avec-des-miroirs-2-120x160.jpg 120w, https:\/\/pipcke.fr\/idees-deco\/wp-content\/uploads\/2024\/04\/mur-avec-des-miroirs-2-90x120.jpg 90w, https:\/\/pipcke.fr\/idees-deco\/wp-content\/uploads\/2024\/04\/mur-avec-des-miroirs-2-320x427.jpg 320w, https:\/\/pipcke.fr\/idees-deco\/wp-content\/uploads\/2024\/04\/mur-avec-des-miroirs-2-560x747.jpg 560w\" sizes=\"auto, (max-width: 640px) 100vw, 640px\" \/><\/figure>\n\n\n\n<p><strong>4. Optez pour la pierre naturelle pour un aspect rustique<\/strong>.<\/p>\n\n\n\n<figure class=\"wp-block-image size-full is-resized\"><img loading=\"lazy\" decoding=\"async\" width=\"640\" height=\"741\" src=\"https:\/\/pipcke.fr\/idees-deco\/wp-content\/uploads\/2024\/04\/salon-moderne-cheminee-pierre.jpg\" alt=\"une chemin\u00e9e tendance en pierre pour une id\u00e9e d\u00e9co salon\" class=\"wp-image-11662\" style=\"width:680px\" srcset=\"https:\/\/pipcke.fr\/idees-deco\/wp-content\/uploads\/2024\/04\/salon-moderne-cheminee-pierre.jpg 640w, https:\/\/pipcke.fr\/idees-deco\/wp-content\/uploads\/2024\/04\/salon-moderne-cheminee-pierre-120x139.jpg 120w, https:\/\/pipcke.fr\/idees-deco\/wp-content\/uploads\/2024\/04\/salon-moderne-cheminee-pierre-90x104.jpg 90w, https:\/\/pipcke.fr\/idees-deco\/wp-content\/uploads\/2024\/04\/salon-moderne-cheminee-pierre-320x371.jpg 320w, https:\/\/pipcke.fr\/idees-deco\/wp-content\/uploads\/2024\/04\/salon-moderne-cheminee-pierre-560x648.jpg 560w\" sizes=\"auto, (max-width: 640px) 100vw, 640px\" \/><\/figure>\n\n\n\n<p>Pour des conseils et des id\u00e9es sur l&rsquo;am\u00e9nagement de votre chemin\u00e9e, je vous invite \u00e0 consulter notre article d\u00e9taill\u00e9 sur <a href=\"https:\/\/pipcke.fr\/idees-deco\/conseils-amenagement\/amenagement-cheminee\/\" target=\"_blank\" rel=\"noreferrer noopener\">l&rsquo;am\u00e9nagement de chemin\u00e9e<\/a>, qui vous guidera pour faire de cet espace un v\u00e9ritable atout d\u00e9co.<\/p>\n\n\n\n<p><strong>5.&nbsp; \u00c9vitez de placer tous vos meubles contre le mur, favorisez un arrangement plus dynamique<\/strong>.<\/p>\n\n\n\n<figure class=\"wp-block-image size-full is-resized\"><img loading=\"lazy\" decoding=\"async\" width=\"640\" height=\"962\" src=\"https:\/\/pipcke.fr\/idees-deco\/wp-content\/uploads\/2024\/04\/salon-canape-arrangement-dynamique.jpg\" alt=\"un salon avec des couleurs vives et un canap\u00e9 bleu\" class=\"wp-image-11663\" style=\"width:680px;height:auto\" srcset=\"https:\/\/pipcke.fr\/idees-deco\/wp-content\/uploads\/2024\/04\/salon-canape-arrangement-dynamique.jpg 640w, https:\/\/pipcke.fr\/idees-deco\/wp-content\/uploads\/2024\/04\/salon-canape-arrangement-dynamique-120x180.jpg 120w, https:\/\/pipcke.fr\/idees-deco\/wp-content\/uploads\/2024\/04\/salon-canape-arrangement-dynamique-90x135.jpg 90w, https:\/\/pipcke.fr\/idees-deco\/wp-content\/uploads\/2024\/04\/salon-canape-arrangement-dynamique-320x481.jpg 320w, https:\/\/pipcke.fr\/idees-deco\/wp-content\/uploads\/2024\/04\/salon-canape-arrangement-dynamique-560x842.jpg 560w\" sizes=\"auto, (max-width: 640px) 100vw, 640px\" \/><\/figure>\n\n\n\n<p>Les supports TV sur pied vous permettent de d\u00e9placer votre t\u00e9l\u00e9viseur \u00e0 volont\u00e9 et de l&rsquo;adapter \u00e0 toutes les configurations de meubles, pour un confort visuel personnalis\u00e9. Vous pouvez consulter diff\u00e9rents mod\u00e8les disponibles pour <a href=\"https:\/\/www.vogels.com\/fr-fr\/c\/supports-pied-tv\" target=\"_blank\" rel=\"noreferrer noopener\">en savoir plus<\/a> et choisir en fonction de la disposition souhait\u00e9e.<\/p>\n\n\n\n<p><strong>6. Assurez-vous de penser la circulation dans la pi\u00e8ce avant de disposer vos meubles<\/strong>.<\/p>\n\n\n\n<figure class=\"wp-block-image size-full is-resized is-style-default\"><img loading=\"lazy\" decoding=\"async\" width=\"640\" height=\"360\" src=\"https:\/\/pipcke.fr\/idees-deco\/wp-content\/uploads\/2024\/04\/salon-mur-vert-colore.jpeg\" alt=\"id\u00e9e d\u00e9co pour un salon color\u00e9 avec un mur vert et un canap\u00e9 orange\" class=\"wp-image-11664\" style=\"width:680px\" srcset=\"https:\/\/pipcke.fr\/idees-deco\/wp-content\/uploads\/2024\/04\/salon-mur-vert-colore.jpeg 640w, https:\/\/pipcke.fr\/idees-deco\/wp-content\/uploads\/2024\/04\/salon-mur-vert-colore-120x68.jpeg 120w, https:\/\/pipcke.fr\/idees-deco\/wp-content\/uploads\/2024\/04\/salon-mur-vert-colore-90x51.jpeg 90w, https:\/\/pipcke.fr\/idees-deco\/wp-content\/uploads\/2024\/04\/salon-mur-vert-colore-320x180.jpeg 320w, https:\/\/pipcke.fr\/idees-deco\/wp-content\/uploads\/2024\/04\/salon-mur-vert-colore-560x315.jpeg 560w\" sizes=\"auto, (max-width: 640px) 100vw, 640px\" \/><\/figure>\n\n\n\n<p><strong>7. \u00c9vitez de choisir des meubles trop imposants<\/strong>.<\/p>\n\n\n\n<p>Ceci peut donner une sensation d&rsquo;\u00e9touffement dans la pi\u00e8ce.<\/p>\n\n\n\n<figure class=\"wp-block-image size-full\"><img loading=\"lazy\" decoding=\"async\" width=\"1160\" height=\"663\" src=\"https:\/\/pipcke.fr\/idees-deco\/wp-content\/uploads\/2024\/04\/Salon-scandinave-murs-gris-verdure.jpg\" alt=\"id\u00e9e d\u00e9co pour un salon gris d\u00e9cor\u00e9 de verdure et de d\u00e9corations murales\" class=\"wp-image-11665\" srcset=\"https:\/\/pipcke.fr\/idees-deco\/wp-content\/uploads\/2024\/04\/Salon-scandinave-murs-gris-verdure.jpg 1160w, https:\/\/pipcke.fr\/idees-deco\/wp-content\/uploads\/2024\/04\/Salon-scandinave-murs-gris-verdure-800x457.jpg 800w, https:\/\/pipcke.fr\/idees-deco\/wp-content\/uploads\/2024\/04\/Salon-scandinave-murs-gris-verdure-120x69.jpg 120w, https:\/\/pipcke.fr\/idees-deco\/wp-content\/uploads\/2024\/04\/Salon-scandinave-murs-gris-verdure-90x51.jpg 90w, https:\/\/pipcke.fr\/idees-deco\/wp-content\/uploads\/2024\/04\/Salon-scandinave-murs-gris-verdure-320x183.jpg 320w, https:\/\/pipcke.fr\/idees-deco\/wp-content\/uploads\/2024\/04\/Salon-scandinave-murs-gris-verdure-560x320.jpg 560w\" sizes=\"auto, (max-width: 1160px) 100vw, 1160px\" \/><\/figure>\n\n\n\n<p>S\u00e9lectionnez quelques pi\u00e8ces design et raffin\u00e9es, du <a href=\"https:\/\/pipcke.fr\/idees-deco\/inspirations-deco\/style-mid-century\/\" target=\"_blank\" rel=\"noreferrer noopener\">mobilier style mid-century<\/a> par exemple.<\/p>\n\n\n\n<p><strong>8. D\u00e9finissez le centre de votre pi\u00e8ce, par exemple autour de la chemin\u00e9e<\/strong>.<\/p>\n\n\n\n<figure class=\"wp-block-image size-large\"><img loading=\"lazy\" decoding=\"async\" width=\"1160\" height=\"663\" src=\"https:\/\/pipcke.fr\/idees-deco\/wp-content\/uploads\/2024\/04\/grand-salon-lumieux-avec-cheminee-verdure-1160x663.jpg\" alt=\"un grand salon lumineux d\u00e9cor\u00e9 d'une chemin\u00e9e et de verdure\" class=\"wp-image-11666\" srcset=\"https:\/\/pipcke.fr\/idees-deco\/wp-content\/uploads\/2024\/04\/grand-salon-lumieux-avec-cheminee-verdure-1160x663.jpg 1160w, https:\/\/pipcke.fr\/idees-deco\/wp-content\/uploads\/2024\/04\/grand-salon-lumieux-avec-cheminee-verdure-800x457.jpg 800w, https:\/\/pipcke.fr\/idees-deco\/wp-content\/uploads\/2024\/04\/grand-salon-lumieux-avec-cheminee-verdure-120x69.jpg 120w, https:\/\/pipcke.fr\/idees-deco\/wp-content\/uploads\/2024\/04\/grand-salon-lumieux-avec-cheminee-verdure-90x51.jpg 90w, https:\/\/pipcke.fr\/idees-deco\/wp-content\/uploads\/2024\/04\/grand-salon-lumieux-avec-cheminee-verdure-320x183.jpg 320w, https:\/\/pipcke.fr\/idees-deco\/wp-content\/uploads\/2024\/04\/grand-salon-lumieux-avec-cheminee-verdure-560x320.jpg 560w, https:\/\/pipcke.fr\/idees-deco\/wp-content\/uploads\/2024\/04\/grand-salon-lumieux-avec-cheminee-verdure.jpg 1536w\" sizes=\"auto, (max-width: 1160px) 100vw, 1160px\" \/><\/figure>\n\n\n\n<p><strong>9. Parmi les id\u00e9es d\u00e9co salon si votre salon est spacieux c&rsquo;est d&rsquo;envisager plusieurs tables ou canap\u00e9s pour \u00e9viter une impression de vide<\/strong>.<\/p>\n\n\n\n<figure class=\"wp-block-image size-full is-resized\"><img loading=\"lazy\" decoding=\"async\" width=\"640\" height=\"960\" src=\"https:\/\/pipcke.fr\/idees-deco\/wp-content\/uploads\/2024\/04\/salon-mur-cadres-deco-verdure.jpg\" alt=\"id\u00e9e d\u00e9co de salon moderne avec de la d\u00e9coration murale et de la verdure \" class=\"wp-image-11667\" style=\"width:680px\" srcset=\"https:\/\/pipcke.fr\/idees-deco\/wp-content\/uploads\/2024\/04\/salon-mur-cadres-deco-verdure.jpg 640w, https:\/\/pipcke.fr\/idees-deco\/wp-content\/uploads\/2024\/04\/salon-mur-cadres-deco-verdure-120x180.jpg 120w, https:\/\/pipcke.fr\/idees-deco\/wp-content\/uploads\/2024\/04\/salon-mur-cadres-deco-verdure-90x135.jpg 90w, https:\/\/pipcke.fr\/idees-deco\/wp-content\/uploads\/2024\/04\/salon-mur-cadres-deco-verdure-320x480.jpg 320w, https:\/\/pipcke.fr\/idees-deco\/wp-content\/uploads\/2024\/04\/salon-mur-cadres-deco-verdure-560x840.jpg 560w\" sizes=\"auto, (max-width: 640px) 100vw, 640px\" \/><\/figure>\n\n\n\n<p>Privil\u00e9giez les <a href=\"https:\/\/pipcke.fr\/idees-deco\/conseils-de-decorateurs\/table-basse-ronde\/\" target=\"_blank\" rel=\"noreferrer noopener\">tables basses rondes<\/a> pour donner de la profondeur \u00e0 un grand espace et cr\u00e9er un point au centre de cet am\u00e9nagement.<\/p>\n\n\n\n<p><strong>10. Abstenez-vous d&rsquo;utiliser des vieux meubles comme une vieille vitrine ou un canap\u00e9 d\u00e9mod\u00e9<\/strong>.<\/p>\n\n\n\n<figure class=\"wp-block-image size-full is-resized\"><img loading=\"lazy\" decoding=\"async\" width=\"640\" height=\"427\" src=\"https:\/\/pipcke.fr\/idees-deco\/wp-content\/uploads\/2024\/04\/meuble-bois-ancien.jpg\" alt=\"rangement en bois style vintage \" class=\"wp-image-11668\" style=\"width:680px;height:auto\" srcset=\"https:\/\/pipcke.fr\/idees-deco\/wp-content\/uploads\/2024\/04\/meuble-bois-ancien.jpg 640w, https:\/\/pipcke.fr\/idees-deco\/wp-content\/uploads\/2024\/04\/meuble-bois-ancien-120x80.jpg 120w, https:\/\/pipcke.fr\/idees-deco\/wp-content\/uploads\/2024\/04\/meuble-bois-ancien-90x60.jpg 90w, https:\/\/pipcke.fr\/idees-deco\/wp-content\/uploads\/2024\/04\/meuble-bois-ancien-320x214.jpg 320w, https:\/\/pipcke.fr\/idees-deco\/wp-content\/uploads\/2024\/04\/meuble-bois-ancien-560x374.jpg 560w\" sizes=\"auto, (max-width: 640px) 100vw, 640px\" \/><\/figure>\n\n\n\n<p><strong>11. Renoncez \u00e0 faire de la t\u00e9l\u00e9vision le point central de votre salon<\/strong>. <\/p>\n\n\n\n<p>Optez pour un <a href=\"https:\/\/delormdesign.com\/33-meubles-tv\" target=\"_blank\" rel=\"noreferrer noopener\">meuble TV en bois massif durable et design<\/a>, qui s&rsquo;int\u00e8gre harmonieusement \u00e0 votre d\u00e9coration tout en offrant une touche d\u2019\u00e9l\u00e9gance.<\/p>\n\n\n\n<figure class=\"wp-block-image size-large\"><img loading=\"lazy\" decoding=\"async\" width=\"1160\" height=\"662\" src=\"https:\/\/pipcke.fr\/idees-deco\/wp-content\/uploads\/2024\/04\/salon-grand-blanc-ambiance-chaleureuse-1-1160x662.jpg\" alt=\"Grand salon blanc avec une ambiance chaleureuse en id\u00e9e d\u00e9co salon\" class=\"wp-image-11670\" srcset=\"https:\/\/pipcke.fr\/idees-deco\/wp-content\/uploads\/2024\/04\/salon-grand-blanc-ambiance-chaleureuse-1-1160x662.jpg 1160w, https:\/\/pipcke.fr\/idees-deco\/wp-content\/uploads\/2024\/04\/salon-grand-blanc-ambiance-chaleureuse-1-800x457.jpg 800w, https:\/\/pipcke.fr\/idees-deco\/wp-content\/uploads\/2024\/04\/salon-grand-blanc-ambiance-chaleureuse-1-120x69.jpg 120w, https:\/\/pipcke.fr\/idees-deco\/wp-content\/uploads\/2024\/04\/salon-grand-blanc-ambiance-chaleureuse-1-90x51.jpg 90w, https:\/\/pipcke.fr\/idees-deco\/wp-content\/uploads\/2024\/04\/salon-grand-blanc-ambiance-chaleureuse-1-320x183.jpg 320w, https:\/\/pipcke.fr\/idees-deco\/wp-content\/uploads\/2024\/04\/salon-grand-blanc-ambiance-chaleureuse-1-560x320.jpg 560w, https:\/\/pipcke.fr\/idees-deco\/wp-content\/uploads\/2024\/04\/salon-grand-blanc-ambiance-chaleureuse-1.jpg 1536w\" sizes=\"auto, (max-width: 1160px) 100vw, 1160px\" \/><\/figure>\n\n\n\n<p>Pr\u00e9f\u00e9rez une disposition qui cr\u00e9e une ambiance chaleureuse.<\/p>\n\n\n\n<figure class=\"wp-block-image size-large\"><a href=\"https:\/\/pipcke.fr\/offres\"><img loading=\"lazy\" decoding=\"async\" width=\"1160\" height=\"387\" src=\"https:\/\/pipcke.fr\/idees-deco\/wp-content\/uploads\/2023\/11\/offres-picto-1160x387.png\" alt=\"banni\u00e8re offre pipcke visage\" class=\"wp-image-8932\" srcset=\"https:\/\/pipcke.fr\/idees-deco\/wp-content\/uploads\/2023\/11\/offres-picto-1160x387.png 1160w, https:\/\/pipcke.fr\/idees-deco\/wp-content\/uploads\/2023\/11\/offres-picto-800x267.png 800w, https:\/\/pipcke.fr\/idees-deco\/wp-content\/uploads\/2023\/11\/offres-picto-120x40.png 120w, https:\/\/pipcke.fr\/idees-deco\/wp-content\/uploads\/2023\/11\/offres-picto-90x30.png 90w, https:\/\/pipcke.fr\/idees-deco\/wp-content\/uploads\/2023\/11\/offres-picto-320x107.png 320w, https:\/\/pipcke.fr\/idees-deco\/wp-content\/uploads\/2023\/11\/offres-picto-560x187.png 560w, https:\/\/pipcke.fr\/idees-deco\/wp-content\/uploads\/2023\/11\/offres-picto.png 1500w\" sizes=\"auto, (max-width: 1160px) 100vw, 1160px\" \/><\/a><\/figure>\n\n\n\n<p><strong>12. Choisissez des mat\u00e9riaux faciles \u00e0 entretenir<\/strong>.<\/p>\n\n\n\n<figure class=\"wp-block-image size-full is-resized\"><img loading=\"lazy\" decoding=\"async\" width=\"640\" height=\"853\" src=\"https:\/\/pipcke.fr\/idees-deco\/wp-content\/uploads\/2024\/04\/petit-chien-pull-sur-canape.jpg\" alt=\"petit chien qui porte un pull assis sur un canap\u00e9\" class=\"wp-image-11671\" style=\"width:680px;height:auto\" srcset=\"https:\/\/pipcke.fr\/idees-deco\/wp-content\/uploads\/2024\/04\/petit-chien-pull-sur-canape.jpg 640w, https:\/\/pipcke.fr\/idees-deco\/wp-content\/uploads\/2024\/04\/petit-chien-pull-sur-canape-120x160.jpg 120w, https:\/\/pipcke.fr\/idees-deco\/wp-content\/uploads\/2024\/04\/petit-chien-pull-sur-canape-90x120.jpg 90w, https:\/\/pipcke.fr\/idees-deco\/wp-content\/uploads\/2024\/04\/petit-chien-pull-sur-canape-320x427.jpg 320w, https:\/\/pipcke.fr\/idees-deco\/wp-content\/uploads\/2024\/04\/petit-chien-pull-sur-canape-560x747.jpg 560w\" sizes=\"auto, (max-width: 640px) 100vw, 640px\" \/><\/figure>\n\n\n\n<p>Surtout si vous avez des enfants ou des animaux domestiques!<\/p>\n\n\n\n<p><strong>13. Multipliez les <a href=\"https:\/\/pipcke.fr\/idees-deco\/conseils-de-decorateurs\/eclairage-salon\/\" target=\"_blank\" rel=\"noreferrer noopener\">luminaires de salon<\/a> pour cr\u00e9er plusieurs zones d&rsquo;\u00e9clairage plut\u00f4t que de vous limiter \u00e0 un seul plafonnier<\/strong>.<\/p>\n\n\n\n<figure class=\"wp-block-image size-full is-resized\"><img loading=\"lazy\" decoding=\"async\" width=\"640\" height=\"414\" src=\"https:\/\/pipcke.fr\/idees-deco\/wp-content\/uploads\/2024\/04\/salon-mur-bleu-avec-luminaires.jpg\" alt=\"grande pi\u00e8ce color\u00e9 avec des d\u00e9corations murales pour une id\u00e9e d\u00e9co salon \" class=\"wp-image-11672\" style=\"width:680px;height:auto\" srcset=\"https:\/\/pipcke.fr\/idees-deco\/wp-content\/uploads\/2024\/04\/salon-mur-bleu-avec-luminaires.jpg 640w, https:\/\/pipcke.fr\/idees-deco\/wp-content\/uploads\/2024\/04\/salon-mur-bleu-avec-luminaires-120x78.jpg 120w, https:\/\/pipcke.fr\/idees-deco\/wp-content\/uploads\/2024\/04\/salon-mur-bleu-avec-luminaires-90x58.jpg 90w, https:\/\/pipcke.fr\/idees-deco\/wp-content\/uploads\/2024\/04\/salon-mur-bleu-avec-luminaires-320x207.jpg 320w, https:\/\/pipcke.fr\/idees-deco\/wp-content\/uploads\/2024\/04\/salon-mur-bleu-avec-luminaires-560x362.jpg 560w\" sizes=\"auto, (max-width: 640px) 100vw, 640px\" \/><\/figure>\n\n\n\n<p><strong>14. Accrochez vos rideaux le plus haut possible pour maximiser la sensation de lumi\u00e8re dans la pi\u00e8ce<\/strong>.<\/p>\n\n\n\n<figure class=\"wp-block-image size-full is-resized\"><img loading=\"lazy\" decoding=\"async\" width=\"640\" height=\"640\" src=\"https:\/\/pipcke.fr\/idees-deco\/wp-content\/uploads\/2024\/04\/salon-bois-mur-jaune-rideaux-hauts.jpg\" alt=\"salon lumineux d\u00e9cor\u00e9 d'un mur et d'un canap\u00e9 jaune \" class=\"wp-image-11673\" style=\"width:680px;height:auto\" srcset=\"https:\/\/pipcke.fr\/idees-deco\/wp-content\/uploads\/2024\/04\/salon-bois-mur-jaune-rideaux-hauts.jpg 640w, https:\/\/pipcke.fr\/idees-deco\/wp-content\/uploads\/2024\/04\/salon-bois-mur-jaune-rideaux-hauts-80x80.jpg 80w, https:\/\/pipcke.fr\/idees-deco\/wp-content\/uploads\/2024\/04\/salon-bois-mur-jaune-rideaux-hauts-120x120.jpg 120w, https:\/\/pipcke.fr\/idees-deco\/wp-content\/uploads\/2024\/04\/salon-bois-mur-jaune-rideaux-hauts-90x90.jpg 90w, https:\/\/pipcke.fr\/idees-deco\/wp-content\/uploads\/2024\/04\/salon-bois-mur-jaune-rideaux-hauts-320x320.jpg 320w, https:\/\/pipcke.fr\/idees-deco\/wp-content\/uploads\/2024\/04\/salon-bois-mur-jaune-rideaux-hauts-560x560.jpg 560w\" sizes=\"auto, (max-width: 640px) 100vw, 640px\" \/><\/figure>\n\n\n\n<p><strong>15. Am\u00e9nagez un <a href=\"https:\/\/pipcke.fr\/idees-deco\/conseils-amenagement\/coin-lecture-cocooning\/\" target=\"_blank\" rel=\"noreferrer noopener\">petit coin de lecture<\/a> pour une touche d\u00e9co suppl\u00e9mentaire et des id\u00e9es d\u00e9co salon optimales pour votre espace<\/strong>.<\/p>\n\n\n\n<figure class=\"wp-block-image size-full is-resized\"><img loading=\"lazy\" decoding=\"async\" width=\"640\" height=\"486\" src=\"https:\/\/pipcke.fr\/idees-deco\/wp-content\/uploads\/2024\/04\/salon-lumineux-coin-de-lecture.jpg\" alt=\"petit coin de lecture lumineux d\u00e9cor\u00e9 de verdure \" class=\"wp-image-11674\" style=\"width:680px;height:auto\" srcset=\"https:\/\/pipcke.fr\/idees-deco\/wp-content\/uploads\/2024\/04\/salon-lumineux-coin-de-lecture.jpg 640w, https:\/\/pipcke.fr\/idees-deco\/wp-content\/uploads\/2024\/04\/salon-lumineux-coin-de-lecture-120x90.jpg 120w, https:\/\/pipcke.fr\/idees-deco\/wp-content\/uploads\/2024\/04\/salon-lumineux-coin-de-lecture-90x68.jpg 90w, https:\/\/pipcke.fr\/idees-deco\/wp-content\/uploads\/2024\/04\/salon-lumineux-coin-de-lecture-320x243.jpg 320w, https:\/\/pipcke.fr\/idees-deco\/wp-content\/uploads\/2024\/04\/salon-lumineux-coin-de-lecture-560x425.jpg 560w\" sizes=\"auto, (max-width: 640px) 100vw, 640px\" \/><\/figure>\n\n\n\n<p><strong>16. Optez pour des coussins de tr\u00e8s bonne qualit\u00e9 pour un confort optimal<\/strong>.<\/p>\n\n\n\n<figure class=\"wp-block-image size-full is-resized\"><img loading=\"lazy\" decoding=\"async\" width=\"640\" height=\"411\" src=\"https:\/\/pipcke.fr\/idees-deco\/wp-content\/uploads\/2024\/04\/salon-grand-blanc-lumineux-coussins-bonne-qualite.jpg\" alt=\"coussins color\u00e9s dans un grand salon lumineux\" class=\"wp-image-11675\" style=\"width:680px;height:auto\" srcset=\"https:\/\/pipcke.fr\/idees-deco\/wp-content\/uploads\/2024\/04\/salon-grand-blanc-lumineux-coussins-bonne-qualite.jpg 640w, https:\/\/pipcke.fr\/idees-deco\/wp-content\/uploads\/2024\/04\/salon-grand-blanc-lumineux-coussins-bonne-qualite-120x77.jpg 120w, https:\/\/pipcke.fr\/idees-deco\/wp-content\/uploads\/2024\/04\/salon-grand-blanc-lumineux-coussins-bonne-qualite-90x58.jpg 90w, https:\/\/pipcke.fr\/idees-deco\/wp-content\/uploads\/2024\/04\/salon-grand-blanc-lumineux-coussins-bonne-qualite-320x206.jpg 320w, https:\/\/pipcke.fr\/idees-deco\/wp-content\/uploads\/2024\/04\/salon-grand-blanc-lumineux-coussins-bonne-qualite-560x360.jpg 560w\" sizes=\"auto, (max-width: 640px) 100vw, 640px\" \/><\/figure>\n\n\n\n<p>Et variez-les selon les saisons!<\/p>\n\n\n\n<p><strong>17. Ayez une belle couverture \u00e0 port\u00e9e de main, surtout en hiver, pour plus de confort<\/strong>.<\/p>\n\n\n\n<figure class=\"wp-block-image size-full is-resized\"><img loading=\"lazy\" decoding=\"async\" width=\"640\" height=\"853\" src=\"https:\/\/pipcke.fr\/idees-deco\/wp-content\/uploads\/2024\/04\/canape-vintage-couverture-douce.jpg\" alt=\"canap\u00e9 style vintage avec une couverture douce\" class=\"wp-image-11676\" style=\"width:680px\" srcset=\"https:\/\/pipcke.fr\/idees-deco\/wp-content\/uploads\/2024\/04\/canape-vintage-couverture-douce.jpg 640w, https:\/\/pipcke.fr\/idees-deco\/wp-content\/uploads\/2024\/04\/canape-vintage-couverture-douce-120x160.jpg 120w, https:\/\/pipcke.fr\/idees-deco\/wp-content\/uploads\/2024\/04\/canape-vintage-couverture-douce-90x120.jpg 90w, https:\/\/pipcke.fr\/idees-deco\/wp-content\/uploads\/2024\/04\/canape-vintage-couverture-douce-320x427.jpg 320w, https:\/\/pipcke.fr\/idees-deco\/wp-content\/uploads\/2024\/04\/canape-vintage-couverture-douce-560x747.jpg 560w\" sizes=\"auto, (max-width: 640px) 100vw, 640px\" \/><\/figure>\n\n\n\n<p><strong>18. Choisissez des tissus de couleur claire pour refl\u00e9ter la lumi\u00e8re et <a href=\"https:\/\/pipcke.fr\/idees-deco\/conseils-amenagement\/comment-agrandir-une-piece\/\" target=\"_blank\" rel=\"noreferrer noopener\">agrandir visuellement l&rsquo;espace<\/a><\/strong>.<\/p>\n\n\n\n<figure class=\"wp-block-image size-full is-resized\"><img loading=\"lazy\" decoding=\"async\" width=\"640\" height=\"427\" src=\"https:\/\/pipcke.fr\/idees-deco\/wp-content\/uploads\/2024\/04\/salon-gris-tissus-couleur-clair.jpg\" alt=\"id\u00e9e d\u00e9co de salon lumineux couleur gris clair \" class=\"wp-image-11677\" style=\"width:680px\" srcset=\"https:\/\/pipcke.fr\/idees-deco\/wp-content\/uploads\/2024\/04\/salon-gris-tissus-couleur-clair.jpg 640w, https:\/\/pipcke.fr\/idees-deco\/wp-content\/uploads\/2024\/04\/salon-gris-tissus-couleur-clair-120x80.jpg 120w, https:\/\/pipcke.fr\/idees-deco\/wp-content\/uploads\/2024\/04\/salon-gris-tissus-couleur-clair-90x60.jpg 90w, https:\/\/pipcke.fr\/idees-deco\/wp-content\/uploads\/2024\/04\/salon-gris-tissus-couleur-clair-320x214.jpg 320w, https:\/\/pipcke.fr\/idees-deco\/wp-content\/uploads\/2024\/04\/salon-gris-tissus-couleur-clair-560x374.jpg 560w\" sizes=\"auto, (max-width: 640px) 100vw, 640px\" \/><\/figure>\n\n\n\n<p>Pensez aux <a href=\"https:\/\/pipcke.fr\/idees-deco\/inspirations-deco\/couleurs-scandinaves\/\" target=\"_blank\" rel=\"noreferrer noopener\">couleurs scandinaves<\/a> qui sont g\u00e9n\u00e9ralement claires et synonymes de douceur pour cr\u00e9er votre cocon.<\/p>\n\n\n\n<p><strong>19. Abstenez-vous des couleurs fonc\u00e9es qui pourraient assombrir la pi\u00e8ce, une des meilleures id\u00e9es d\u00e9co salon pour maximiser la luminosit\u00e9<\/strong>.<\/p>\n\n\n\n<figure class=\"wp-block-image size-full\"><img loading=\"lazy\" decoding=\"async\" width=\"1160\" height=\"663\" src=\"https:\/\/pipcke.fr\/idees-deco\/wp-content\/uploads\/2024\/04\/salon-canape-jaune-minimaliste.jpg\" alt=\"canap\u00e9 de couleur jaune et cr\u00e8me pour une id\u00e9e de d\u00e9co salon\" class=\"wp-image-11678\" srcset=\"https:\/\/pipcke.fr\/idees-deco\/wp-content\/uploads\/2024\/04\/salon-canape-jaune-minimaliste.jpg 1160w, https:\/\/pipcke.fr\/idees-deco\/wp-content\/uploads\/2024\/04\/salon-canape-jaune-minimaliste-800x457.jpg 800w, https:\/\/pipcke.fr\/idees-deco\/wp-content\/uploads\/2024\/04\/salon-canape-jaune-minimaliste-120x69.jpg 120w, https:\/\/pipcke.fr\/idees-deco\/wp-content\/uploads\/2024\/04\/salon-canape-jaune-minimaliste-90x51.jpg 90w, https:\/\/pipcke.fr\/idees-deco\/wp-content\/uploads\/2024\/04\/salon-canape-jaune-minimaliste-320x183.jpg 320w, https:\/\/pipcke.fr\/idees-deco\/wp-content\/uploads\/2024\/04\/salon-canape-jaune-minimaliste-560x320.jpg 560w\" sizes=\"auto, (max-width: 1160px) 100vw, 1160px\" \/><\/figure>\n\n\n\n<p>Cherchez l&rsquo;inspiration dans des <strong>styles d\u00e9co color\u00e9s et joyeux<\/strong> comme le <a href=\"https:\/\/pipcke.fr\/idees-deco\/inspirations-deco\/deco-orientale\/\" target=\"_blank\" rel=\"noreferrer noopener\">style oriental<\/a> ou la <a href=\"https:\/\/pipcke.fr\/idees-deco\/inspirations-deco\/deco-africaine\/\" target=\"_blank\" rel=\"noreferrer noopener\">d\u00e9co africaine<\/a>. <\/p>\n\n\n\n<p><strong>20. Assurez-vous que votre tapis n&rsquo;est pas trop petit pour \u00e9viter de d\u00e9s\u00e9quilibrer l&rsquo;espace<\/strong>.<\/p>\n\n\n\n<figure class=\"wp-block-image size-full\"><img loading=\"lazy\" decoding=\"async\" width=\"1160\" height=\"663\" src=\"https:\/\/pipcke.fr\/idees-deco\/wp-content\/uploads\/2024\/04\/salon-lumineux-avec-grand-tapis.jpg\" alt=\"grand salon lumineux d\u00e9cor\u00e9 d'un tapis et de verdure \" class=\"wp-image-11679\" srcset=\"https:\/\/pipcke.fr\/idees-deco\/wp-content\/uploads\/2024\/04\/salon-lumineux-avec-grand-tapis.jpg 1160w, https:\/\/pipcke.fr\/idees-deco\/wp-content\/uploads\/2024\/04\/salon-lumineux-avec-grand-tapis-800x457.jpg 800w, https:\/\/pipcke.fr\/idees-deco\/wp-content\/uploads\/2024\/04\/salon-lumineux-avec-grand-tapis-120x69.jpg 120w, https:\/\/pipcke.fr\/idees-deco\/wp-content\/uploads\/2024\/04\/salon-lumineux-avec-grand-tapis-90x51.jpg 90w, https:\/\/pipcke.fr\/idees-deco\/wp-content\/uploads\/2024\/04\/salon-lumineux-avec-grand-tapis-320x183.jpg 320w, https:\/\/pipcke.fr\/idees-deco\/wp-content\/uploads\/2024\/04\/salon-lumineux-avec-grand-tapis-560x320.jpg 560w\" sizes=\"auto, (max-width: 1160px) 100vw, 1160px\" \/><\/figure>\n\n\n\n<p><strong>21. Investissez dans de <a href=\"https:\/\/pipcke.fr\/idees-deco\/astuces-deco-et-diy\/plantes-decoratives\/\" target=\"_blank\" rel=\"noreferrer noopener\">grandes plantes d\u00e9coratives<\/a> pour cr\u00e9er une ambiance d\u00e9tendue et apaisante<\/strong>.<\/p>\n\n\n\n<figure class=\"wp-block-image size-full\"><img loading=\"lazy\" decoding=\"async\" width=\"1160\" height=\"663\" src=\"https:\/\/pipcke.fr\/idees-deco\/wp-content\/uploads\/2024\/04\/canape-gris-et-grandes-plantes.jpg\" alt=\"canap\u00e9 gris minimaliste en id\u00e9e d\u00e9co salon\" class=\"wp-image-11680\" srcset=\"https:\/\/pipcke.fr\/idees-deco\/wp-content\/uploads\/2024\/04\/canape-gris-et-grandes-plantes.jpg 1160w, https:\/\/pipcke.fr\/idees-deco\/wp-content\/uploads\/2024\/04\/canape-gris-et-grandes-plantes-800x457.jpg 800w, https:\/\/pipcke.fr\/idees-deco\/wp-content\/uploads\/2024\/04\/canape-gris-et-grandes-plantes-120x69.jpg 120w, https:\/\/pipcke.fr\/idees-deco\/wp-content\/uploads\/2024\/04\/canape-gris-et-grandes-plantes-90x51.jpg 90w, https:\/\/pipcke.fr\/idees-deco\/wp-content\/uploads\/2024\/04\/canape-gris-et-grandes-plantes-320x183.jpg 320w, https:\/\/pipcke.fr\/idees-deco\/wp-content\/uploads\/2024\/04\/canape-gris-et-grandes-plantes-560x320.jpg 560w\" sizes=\"auto, (max-width: 1160px) 100vw, 1160px\" \/><\/figure>\n\n\n\n<p><strong>22. Transformez votre salon avec un \u00e9clairage en couches, ils sont essentiels pour cr\u00e9er une atmosph\u00e8re chaleureuse<\/strong>.<\/p>\n\n\n\n<figure class=\"wp-block-image size-full is-resized\"><img loading=\"lazy\" decoding=\"async\" width=\"640\" height=\"480\" src=\"https:\/\/pipcke.fr\/idees-deco\/wp-content\/uploads\/2024\/04\/eclairage-en-couches-1.jpg\" alt=\"diff\u00e9rents types d'\u00e9clairages en couches\" class=\"wp-image-11681\" style=\"width:680px;height:auto\" srcset=\"https:\/\/pipcke.fr\/idees-deco\/wp-content\/uploads\/2024\/04\/eclairage-en-couches-1.jpg 640w, https:\/\/pipcke.fr\/idees-deco\/wp-content\/uploads\/2024\/04\/eclairage-en-couches-1-320x240.jpg 320w, https:\/\/pipcke.fr\/idees-deco\/wp-content\/uploads\/2024\/04\/eclairage-en-couches-1-300x225.jpg 300w, https:\/\/pipcke.fr\/idees-deco\/wp-content\/uploads\/2024\/04\/eclairage-en-couches-1-120x90.jpg 120w, https:\/\/pipcke.fr\/idees-deco\/wp-content\/uploads\/2024\/04\/eclairage-en-couches-1-90x68.jpg 90w, https:\/\/pipcke.fr\/idees-deco\/wp-content\/uploads\/2024\/04\/eclairage-en-couches-1-560x420.jpg 560w\" sizes=\"auto, (max-width: 640px) 100vw, 640px\" \/><\/figure>\n\n\n\n<p><strong>23. Optez pour un joli papier peint pour ajouter une touche tendance et indispensable aux d\u00e9tails de la d\u00e9coration d&rsquo;int\u00e9rieur<\/strong>.<\/p>\n\n\n\n<figure class=\"wp-block-image size-full\"><img loading=\"lazy\" decoding=\"async\" width=\"1000\" height=\"666\" src=\"https:\/\/pipcke.fr\/idees-deco\/wp-content\/uploads\/2024\/04\/decoration-salon-avec-du-papier-peint-plante.jpg\" alt=\"une id\u00e9e d\u00e9co pour un salon moderne avec un mur en papier peint \u00e0 motif de feuilles\" class=\"wp-image-11901\" srcset=\"https:\/\/pipcke.fr\/idees-deco\/wp-content\/uploads\/2024\/04\/decoration-salon-avec-du-papier-peint-plante.jpg 1000w, https:\/\/pipcke.fr\/idees-deco\/wp-content\/uploads\/2024\/04\/decoration-salon-avec-du-papier-peint-plante-800x533.jpg 800w, https:\/\/pipcke.fr\/idees-deco\/wp-content\/uploads\/2024\/04\/decoration-salon-avec-du-papier-peint-plante-120x80.jpg 120w, https:\/\/pipcke.fr\/idees-deco\/wp-content\/uploads\/2024\/04\/decoration-salon-avec-du-papier-peint-plante-90x60.jpg 90w, https:\/\/pipcke.fr\/idees-deco\/wp-content\/uploads\/2024\/04\/decoration-salon-avec-du-papier-peint-plante-320x213.jpg 320w, https:\/\/pipcke.fr\/idees-deco\/wp-content\/uploads\/2024\/04\/decoration-salon-avec-du-papier-peint-plante-560x373.jpg 560w\" sizes=\"auto, (max-width: 1000px) 100vw, 1000px\" \/><\/figure>\n\n\n\n<p>Avec ces <strong>id\u00e9es d\u00e9co salon<\/strong>, j&rsquo;ai souhait\u00e9 vous offrir un aper\u00e7u des possibilit\u00e9s infinies qui s&rsquo;offrent \u00e0 vous pour transformer votre espace de vie.&nbsp;<\/p>\n\n\n\n<p>Que vous pr\u00e9f\u00e9riez une <strong>esth\u00e9tique minimaliste et \u00e9pur\u00e9e<\/strong> ou une <strong>ambiance chaleureuse et accueillante<\/strong>, rappelez-vous que chaque choix de d\u00e9coration contribue \u00e0 cr\u00e9er une atmosph\u00e8re unique et personnelle.<\/p>\n\n\n\n<p>Dernier point, ne n\u00e9gligez pas l&rsquo;optimisation du <strong>rangement dans le salon<\/strong>. Voici <a href=\"https:\/\/pipcke.fr\/idees-deco\/conseils-de-decorateurs\/5-idees-testees-pour-mon-rangement-salon\/\" target=\"_blank\" rel=\"noreferrer noopener\">quelques id\u00e9es test\u00e9es<\/a> par nos d\u00e9corateurs pour compl\u00e9ter votre am\u00e9nagement.<\/p>\n\n\n\n<p>J&rsquo;esp\u00e8re sinc\u00e8rement que cet article vous a inspir\u00e9 \u00e0 explorer de nouvelles perspectives et \u00e0 exprimer votre style \u00e0 travers votre salon.<\/p>\n\n\n\n<figure class=\"wp-block-image size-large\"><a href=\"https:\/\/pipcke.fr\/quiz\"><img loading=\"lazy\" decoding=\"async\" width=\"1160\" height=\"387\" src=\"https:\/\/pipcke.fr\/idees-deco\/wp-content\/uploads\/2023\/11\/decouvrir-mon-style-picto-1-1160x387.png\" alt=\"banni\u00e8re d\u00e9couvrir mon style\" class=\"wp-image-8930\" srcset=\"https:\/\/pipcke.fr\/idees-deco\/wp-content\/uploads\/2023\/11\/decouvrir-mon-style-picto-1-1160x387.png 1160w, https:\/\/pipcke.fr\/idees-deco\/wp-content\/uploads\/2023\/11\/decouvrir-mon-style-picto-1-800x267.png 800w, https:\/\/pipcke.fr\/idees-deco\/wp-content\/uploads\/2023\/11\/decouvrir-mon-style-picto-1-120x40.png 120w, https:\/\/pipcke.fr\/idees-deco\/wp-content\/uploads\/2023\/11\/decouvrir-mon-style-picto-1-90x30.png 90w, https:\/\/pipcke.fr\/idees-deco\/wp-content\/uploads\/2023\/11\/decouvrir-mon-style-picto-1-320x107.png 320w, https:\/\/pipcke.fr\/idees-deco\/wp-content\/uploads\/2023\/11\/decouvrir-mon-style-picto-1-560x187.png 560w, https:\/\/pipcke.fr\/idees-deco\/wp-content\/uploads\/2023\/11\/decouvrir-mon-style-picto-1.png 1500w\" sizes=\"auto, (max-width: 1160px) 100vw, 1160px\" \/><\/a><\/figure>\n\n\n\n<p>N&rsquo;h\u00e9sitez pas \u00e0 vous laisser guider par votre cr\u00e9ativit\u00e9 et \u00e0 transformer votre salon en un v\u00e9ritable havre de paix o\u00f9 vous aimerez passer du temps avec vos proches.<\/p>\n","protected":false},"excerpt":{"rendered":"<p>D\u00e9couvrez 23 id\u00e9es d\u00e9co salon infaillibles pour m\u00e9tamorphoser votre espace et cr\u00e9er une ambiance personnelle et originale.<\/p>\n","protected":false},"author":18,"featured_media":11709,"comment_status":"closed","ping_status":"closed","sticky":false,"template":"","format":"standard","meta":{"inline_featured_image":false,"footnotes":""},"categories":[27],"tags":[26,137,23,64,28,74,38,68,65,45,18,22,129,75,69],"powerkit_post_featured":[2,7,4,5,9],"class_list":{"0":"post-11250","1":"post","2":"type-post","3":"status-publish","4":"format-standard","5":"has-post-thumbnail","7":"category-inspirations-deco","8":"tag-26","9":"tag-137","10":"tag-conseils","11":"tag-couleurs","12":"tag-decoration","13":"tag-diy","14":"tag-idees","15":"tag-papier-peint","16":"tag-peinture","17":"tag-rangement","18":"tag-rideaux","19":"tag-salon","20":"tag-sejour","21":"tag-tapis","22":"tag-transformations"},"yoast_head":"<!-- This site is optimized with the Yoast SEO Premium plugin v22.3 (Yoast SEO v27.9) - https:\/\/yoast.com\/product\/yoast-seo-premium-wordpress\/ -->\n<title>Id\u00e9es d\u00e9co salon : Comment relooker sans se ruiner ?<\/title>\n<meta name=\"description\" content=\"D\u00e9couvrez 23 id\u00e9es d\u00e9co salon infaillibles pour m\u00e9tamorphoser votre espace et cr\u00e9er une ambiance personnelle et originale.\" \/>\n<meta name=\"robots\" content=\"index, follow, max-snippet:-1, max-image-preview:large, max-video-preview:-1\" \/>\n<link rel=\"canonical\" href=\"https:\/\/pipcke.fr\/idees-deco\/inspirations-deco\/23-idees-deco-salon\/\" \/>\n<meta property=\"og:locale\" content=\"fr_FR\" \/>\n<meta property=\"og:type\" content=\"article\" \/>\n<meta property=\"og:title\" content=\"\u00a023 id\u00e9es d\u00e9co salon: Comment relooker et donner du cachet \u00e0 votre int\u00e9rieur? 23 id\u00e9es d\u00e9co salon: Comment relooker et donner du cachet \u00e0 votre int\u00e9rieur?\" \/>\n<meta property=\"og:description\" content=\"D\u00e9couvrez 23 id\u00e9es d\u00e9co salon infaillibles pour m\u00e9tamorphoser votre espace et cr\u00e9er une ambiance personnelle et originale.\" \/>\n<meta property=\"og:url\" content=\"https:\/\/pipcke.fr\/idees-deco\/inspirations-deco\/23-idees-deco-salon\/\" \/>\n<meta property=\"og:site_name\" content=\"Pipcke\" \/>\n<meta property=\"article:publisher\" content=\"https:\/\/www.facebook.com\/Pipcke\" \/>\n<meta property=\"article:published_time\" content=\"2024-04-07T17:32:24+00:00\" \/>\n<meta property=\"article:modified_time\" content=\"2025-01-14T15:17:15+00:00\" \/>\n<meta property=\"og:image\" content=\"https:\/\/pipcke.fr\/idees-deco\/wp-content\/uploads\/2024\/04\/ottoman-osier-vases-en-bois-idees-deco-salon-japandi.jpg\" \/>\n\t<meta property=\"og:image:width\" content=\"1500\" \/>\n\t<meta property=\"og:image:height\" content=\"841\" \/>\n\t<meta property=\"og:image:type\" content=\"image\/jpeg\" \/>\n<meta name=\"author\" content=\"Fatina Sleiman\" \/>\n<meta name=\"twitter:card\" content=\"summary_large_image\" \/>\n<meta name=\"twitter:title\" content=\"\u00a023 id\u00e9es d\u00e9co salon: Comment relooker et donner du cachet \u00e0 votre int\u00e9rieur? 23 id\u00e9es d\u00e9co salon: Comment relooker et donner du cachet \u00e0 votre int\u00e9rieur?\" \/>\n<meta name=\"twitter:description\" content=\"D\u00e9couvrez 23 id\u00e9es d\u00e9co salon infaillibles pour m\u00e9tamorphoser votre espace et cr\u00e9er une ambiance personnelle et originale.\" \/>\n<meta name=\"twitter:creator\" content=\"@pipcke\" \/>\n<meta name=\"twitter:site\" content=\"@pipcke\" \/>\n<meta name=\"twitter:label1\" content=\"\u00c9crit par\" \/>\n\t<meta name=\"twitter:data1\" content=\"Fatina Sleiman\" \/>\n\t<meta name=\"twitter:label2\" content=\"Dur\u00e9e de lecture estim\u00e9e\" \/>\n\t<meta name=\"twitter:data2\" content=\"10 minutes\" \/>\n<script type=\"application\/ld+json\" class=\"yoast-schema-graph\">{\"@context\":\"https:\\\/\\\/schema.org\",\"@graph\":[{\"@type\":[\"Article\",\"BlogPosting\"],\"@id\":\"https:\\\/\\\/pipcke.fr\\\/idees-deco\\\/inspirations-deco\\\/23-idees-deco-salon\\\/#article\",\"isPartOf\":{\"@id\":\"https:\\\/\\\/pipcke.fr\\\/idees-deco\\\/inspirations-deco\\\/23-idees-deco-salon\\\/\"},\"author\":{\"name\":\"Fatina Sleiman\",\"@id\":\"https:\\\/\\\/pipcke.fr\\\/idees-deco\\\/#\\\/schema\\\/person\\\/8b5506de5e3c01d4bdf4d6eec0847e64\"},\"headline\":\"\u00a023 id\u00e9es d\u00e9co salon: Comment relooker et donner du cachet \u00e0 votre int\u00e9rieur?\",\"datePublished\":\"2024-04-07T17:32:24+00:00\",\"dateModified\":\"2025-01-14T15:17:15+00:00\",\"mainEntityOfPage\":{\"@id\":\"https:\\\/\\\/pipcke.fr\\\/idees-deco\\\/inspirations-deco\\\/23-idees-deco-salon\\\/\"},\"wordCount\":882,\"publisher\":{\"@id\":\"https:\\\/\\\/pipcke.fr\\\/idees-deco\\\/#organization\"},\"image\":{\"@id\":\"https:\\\/\\\/pipcke.fr\\\/idees-deco\\\/inspirations-deco\\\/23-idees-deco-salon\\\/#primaryimage\"},\"thumbnailUrl\":\"https:\\\/\\\/pipcke.fr\\\/idees-deco\\\/wp-content\\\/uploads\\\/2024\\\/04\\\/ottoman-osier-vases-en-bois-idees-deco-salon-japandi.jpg\",\"keywords\":[\"2021\",\"2024\",\"Conseils\",\"Couleurs\",\"D\u00e9coration\",\"DIY\",\"Id\u00e9es\",\"Papier peint\",\"Peinture\",\"rangement\",\"Rideaux\",\"Salon\",\"S\u00e9jour\",\"tapis\",\"Transformations\"],\"articleSection\":[\"Inspirations d\u00e9co\"],\"inLanguage\":\"fr-FR\"},{\"@type\":\"WebPage\",\"@id\":\"https:\\\/\\\/pipcke.fr\\\/idees-deco\\\/inspirations-deco\\\/23-idees-deco-salon\\\/\",\"url\":\"https:\\\/\\\/pipcke.fr\\\/idees-deco\\\/inspirations-deco\\\/23-idees-deco-salon\\\/\",\"name\":\"Id\u00e9es d\u00e9co salon : Comment relooker sans se ruiner ?\",\"isPartOf\":{\"@id\":\"https:\\\/\\\/pipcke.fr\\\/idees-deco\\\/#website\"},\"primaryImageOfPage\":{\"@id\":\"https:\\\/\\\/pipcke.fr\\\/idees-deco\\\/inspirations-deco\\\/23-idees-deco-salon\\\/#primaryimage\"},\"image\":{\"@id\":\"https:\\\/\\\/pipcke.fr\\\/idees-deco\\\/inspirations-deco\\\/23-idees-deco-salon\\\/#primaryimage\"},\"thumbnailUrl\":\"https:\\\/\\\/pipcke.fr\\\/idees-deco\\\/wp-content\\\/uploads\\\/2024\\\/04\\\/ottoman-osier-vases-en-bois-idees-deco-salon-japandi.jpg\",\"datePublished\":\"2024-04-07T17:32:24+00:00\",\"dateModified\":\"2025-01-14T15:17:15+00:00\",\"description\":\"D\u00e9couvrez 23 id\u00e9es d\u00e9co salon infaillibles pour m\u00e9tamorphoser votre espace et cr\u00e9er une ambiance personnelle et originale.\",\"breadcrumb\":{\"@id\":\"https:\\\/\\\/pipcke.fr\\\/idees-deco\\\/inspirations-deco\\\/23-idees-deco-salon\\\/#breadcrumb\"},\"inLanguage\":\"fr-FR\",\"potentialAction\":[{\"@type\":\"ReadAction\",\"target\":[\"https:\\\/\\\/pipcke.fr\\\/idees-deco\\\/inspirations-deco\\\/23-idees-deco-salon\\\/\"]}]},{\"@type\":\"ImageObject\",\"inLanguage\":\"fr-FR\",\"@id\":\"https:\\\/\\\/pipcke.fr\\\/idees-deco\\\/inspirations-deco\\\/23-idees-deco-salon\\\/#primaryimage\",\"url\":\"https:\\\/\\\/pipcke.fr\\\/idees-deco\\\/wp-content\\\/uploads\\\/2024\\\/04\\\/ottoman-osier-vases-en-bois-idees-deco-salon-japandi.jpg\",\"contentUrl\":\"https:\\\/\\\/pipcke.fr\\\/idees-deco\\\/wp-content\\\/uploads\\\/2024\\\/04\\\/ottoman-osier-vases-en-bois-idees-deco-salon-japandi.jpg\",\"width\":1500,\"height\":841,\"caption\":\"ottoman en osier et vases en bois comme id\u00e9es d\u00e9co salon japandi\"},{\"@type\":\"BreadcrumbList\",\"@id\":\"https:\\\/\\\/pipcke.fr\\\/idees-deco\\\/inspirations-deco\\\/23-idees-deco-salon\\\/#breadcrumb\",\"itemListElement\":[{\"@type\":\"ListItem\",\"position\":1,\"name\":\"Accueil\",\"item\":\"https:\\\/\\\/pipcke.fr\\\/idees-deco\\\/\"},{\"@type\":\"ListItem\",\"position\":2,\"name\":\"Inspirations d\u00e9co\",\"item\":\"https:\\\/\\\/pipcke.fr\\\/idees-deco\\\/.\\\/inspirations-deco\\\/\"},{\"@type\":\"ListItem\",\"position\":3,\"name\":\"\u00a023 id\u00e9es d\u00e9co salon: Comment relooker et donner du cachet \u00e0 votre int\u00e9rieur?\"}]},{\"@type\":\"WebSite\",\"@id\":\"https:\\\/\\\/pipcke.fr\\\/idees-deco\\\/#website\",\"url\":\"https:\\\/\\\/pipcke.fr\\\/idees-deco\\\/\",\"name\":\"Pipcke\",\"description\":\"Id\u00e9es, conseils et inspirations d\u00e9co\",\"publisher\":{\"@id\":\"https:\\\/\\\/pipcke.fr\\\/idees-deco\\\/#organization\"},\"potentialAction\":[{\"@type\":\"SearchAction\",\"target\":{\"@type\":\"EntryPoint\",\"urlTemplate\":\"https:\\\/\\\/pipcke.fr\\\/idees-deco\\\/?s={search_term_string}\"},\"query-input\":{\"@type\":\"PropertyValueSpecification\",\"valueRequired\":true,\"valueName\":\"search_term_string\"}}],\"inLanguage\":\"fr-FR\"},{\"@type\":\"Organization\",\"@id\":\"https:\\\/\\\/pipcke.fr\\\/idees-deco\\\/#organization\",\"name\":\"PIPCKE\",\"alternateName\":\"PIPCKE\",\"url\":\"https:\\\/\\\/pipcke.fr\\\/idees-deco\\\/\",\"logo\":{\"@type\":\"ImageObject\",\"inLanguage\":\"fr-FR\",\"@id\":\"https:\\\/\\\/pipcke.fr\\\/idees-deco\\\/#\\\/schema\\\/logo\\\/image\\\/\",\"url\":\"https:\\\/\\\/pipcke.fr\\\/idees-deco\\\/wp-content\\\/uploads\\\/2020\\\/12\\\/logo-black.svg\",\"contentUrl\":\"https:\\\/\\\/pipcke.fr\\\/idees-deco\\\/wp-content\\\/uploads\\\/2020\\\/12\\\/logo-black.svg\",\"width\":524,\"height\":140,\"caption\":\"PIPCKE\"},\"image\":{\"@id\":\"https:\\\/\\\/pipcke.fr\\\/idees-deco\\\/#\\\/schema\\\/logo\\\/image\\\/\"},\"sameAs\":[\"https:\\\/\\\/www.facebook.com\\\/Pipcke\",\"https:\\\/\\\/x.com\\\/pipcke\",\"https:\\\/\\\/www.instagram.com\\\/pipcke.fr\\\/\",\"https:\\\/\\\/www.linkedin.com\\\/company\\\/pipcke\",\"https:\\\/\\\/www.pinterest.fr\\\/PIPCKE\\\/_created\\\/\",\"https:\\\/\\\/www.youtube.com\\\/channel\\\/UCaYnny5Q4k6HN1s3zr1Gazw\"],\"email\":\"hello@pipcke.fr\",\"telephone\":\"0184802084\",\"legalName\":\"Pipcke\"},{\"@type\":\"Person\",\"@id\":\"https:\\\/\\\/pipcke.fr\\\/idees-deco\\\/#\\\/schema\\\/person\\\/8b5506de5e3c01d4bdf4d6eec0847e64\",\"name\":\"Fatina Sleiman\",\"image\":{\"@type\":\"ImageObject\",\"inLanguage\":\"fr-FR\",\"@id\":\"https:\\\/\\\/secure.gravatar.com\\\/avatar\\\/33adce8ac61f425fd715619b70468232eba35ea2a75e2245c576d75661f4f516?s=96&d=mm&r=g\",\"url\":\"https:\\\/\\\/secure.gravatar.com\\\/avatar\\\/33adce8ac61f425fd715619b70468232eba35ea2a75e2245c576d75661f4f516?s=96&d=mm&r=g\",\"contentUrl\":\"https:\\\/\\\/secure.gravatar.com\\\/avatar\\\/33adce8ac61f425fd715619b70468232eba35ea2a75e2245c576d75661f4f516?s=96&d=mm&r=g\",\"caption\":\"Fatina Sleiman\"},\"description\":\"Fatina est la r\u00e9dactrice sp\u00e9cialis\u00e9e de Pipcke pour toutes les th\u00e9matiques li\u00e9es \u00e0 la couleur, aux peintures et \u00e0 la perception visuelle de l\u2019habitat. Son travail d\u2019analyse se concentre sur la mani\u00e8re dont les teintes, les contrastes et les finitions influencent les volumes et l'atmosph\u00e8re d'un int\u00e9rieur. \u00c0 travers ses articles et guides pratiques, Fatina d\u00e9crypte comment la peinture s'impose comme un v\u00e9ritable levier d'agencement : La correction des volumes et des perspectives : agrandir visuellement un couloir \u00e9troit, \u00e9lever un plafond ou structurer une pi\u00e8ce de vie par la couleur. L'art du mur d'accent et des associations : choisir le bon mur \u00e0 peindre dans une chambre, un salon ou une cuisine et marier deux couleurs sans encombrer le regard. La r\u00e9novation et la revalorisation : s\u00e9lectionner les meilleures teintes pour repeindre et moderniser du mobilier en bois ou des \u00e9l\u00e9ments architecturaux. Son objectif \u00e0 travers chaque guide est de fournir aux lecteurs des conseils clairs, techniques et imm\u00e9diatement applicables pour transformer leurs espaces en jouant simplement sur la lumi\u00e8re et les harmonies chromatiques.\",\"url\":\"https:\\\/\\\/pipcke.fr\\\/idees-deco\\\/auteur\\\/fatina-sleiman\\\/\"}]}<\/script>\n<!-- \/ Yoast SEO Premium plugin. -->","yoast_head_json":{"title":"Id\u00e9es d\u00e9co salon : Comment relooker sans se ruiner ?","description":"D\u00e9couvrez 23 id\u00e9es d\u00e9co salon infaillibles pour m\u00e9tamorphoser votre espace et cr\u00e9er une ambiance personnelle et originale.","robots":{"index":"index","follow":"follow","max-snippet":"max-snippet:-1","max-image-preview":"max-image-preview:large","max-video-preview":"max-video-preview:-1"},"canonical":"https:\/\/pipcke.fr\/idees-deco\/inspirations-deco\/23-idees-deco-salon\/","og_locale":"fr_FR","og_type":"article","og_title":"\u00a023 id\u00e9es d\u00e9co salon: Comment relooker et donner du cachet \u00e0 votre int\u00e9rieur? 23 id\u00e9es d\u00e9co salon: Comment relooker et donner du cachet \u00e0 votre int\u00e9rieur?","og_description":"D\u00e9couvrez 23 id\u00e9es d\u00e9co salon infaillibles pour m\u00e9tamorphoser votre espace et cr\u00e9er une ambiance personnelle et originale.","og_url":"https:\/\/pipcke.fr\/idees-deco\/inspirations-deco\/23-idees-deco-salon\/","og_site_name":"Pipcke","article_publisher":"https:\/\/www.facebook.com\/Pipcke","article_published_time":"2024-04-07T17:32:24+00:00","article_modified_time":"2025-01-14T15:17:15+00:00","og_image":[{"width":1500,"height":841,"url":"https:\/\/pipcke.fr\/idees-deco\/wp-content\/uploads\/2024\/04\/ottoman-osier-vases-en-bois-idees-deco-salon-japandi.jpg","type":"image\/jpeg"}],"author":"Fatina Sleiman","twitter_card":"summary_large_image","twitter_title":"\u00a023 id\u00e9es d\u00e9co salon: Comment relooker et donner du cachet \u00e0 votre int\u00e9rieur? 23 id\u00e9es d\u00e9co salon: Comment relooker et donner du cachet \u00e0 votre int\u00e9rieur?","twitter_description":"D\u00e9couvrez 23 id\u00e9es d\u00e9co salon infaillibles pour m\u00e9tamorphoser votre espace et cr\u00e9er une ambiance personnelle et originale.","twitter_creator":"@pipcke","twitter_site":"@pipcke","twitter_misc":{"\u00c9crit par":"Fatina Sleiman","Dur\u00e9e de lecture estim\u00e9e":"10 minutes"},"schema":{"@context":"https:\/\/schema.org","@graph":[{"@type":["Article","BlogPosting"],"@id":"https:\/\/pipcke.fr\/idees-deco\/inspirations-deco\/23-idees-deco-salon\/#article","isPartOf":{"@id":"https:\/\/pipcke.fr\/idees-deco\/inspirations-deco\/23-idees-deco-salon\/"},"author":{"name":"Fatina Sleiman","@id":"https:\/\/pipcke.fr\/idees-deco\/#\/schema\/person\/8b5506de5e3c01d4bdf4d6eec0847e64"},"headline":"\u00a023 id\u00e9es d\u00e9co salon: Comment relooker et donner du cachet \u00e0 votre int\u00e9rieur?","datePublished":"2024-04-07T17:32:24+00:00","dateModified":"2025-01-14T15:17:15+00:00","mainEntityOfPage":{"@id":"https:\/\/pipcke.fr\/idees-deco\/inspirations-deco\/23-idees-deco-salon\/"},"wordCount":882,"publisher":{"@id":"https:\/\/pipcke.fr\/idees-deco\/#organization"},"image":{"@id":"https:\/\/pipcke.fr\/idees-deco\/inspirations-deco\/23-idees-deco-salon\/#primaryimage"},"thumbnailUrl":"https:\/\/pipcke.fr\/idees-deco\/wp-content\/uploads\/2024\/04\/ottoman-osier-vases-en-bois-idees-deco-salon-japandi.jpg","keywords":["2021","2024","Conseils","Couleurs","D\u00e9coration","DIY","Id\u00e9es","Papier peint","Peinture","rangement","Rideaux","Salon","S\u00e9jour","tapis","Transformations"],"articleSection":["Inspirations d\u00e9co"],"inLanguage":"fr-FR"},{"@type":"WebPage","@id":"https:\/\/pipcke.fr\/idees-deco\/inspirations-deco\/23-idees-deco-salon\/","url":"https:\/\/pipcke.fr\/idees-deco\/inspirations-deco\/23-idees-deco-salon\/","name":"Id\u00e9es d\u00e9co salon : Comment relooker sans se ruiner ?","isPartOf":{"@id":"https:\/\/pipcke.fr\/idees-deco\/#website"},"primaryImageOfPage":{"@id":"https:\/\/pipcke.fr\/idees-deco\/inspirations-deco\/23-idees-deco-salon\/#primaryimage"},"image":{"@id":"https:\/\/pipcke.fr\/idees-deco\/inspirations-deco\/23-idees-deco-salon\/#primaryimage"},"thumbnailUrl":"https:\/\/pipcke.fr\/idees-deco\/wp-content\/uploads\/2024\/04\/ottoman-osier-vases-en-bois-idees-deco-salon-japandi.jpg","datePublished":"2024-04-07T17:32:24+00:00","dateModified":"2025-01-14T15:17:15+00:00","description":"D\u00e9couvrez 23 id\u00e9es d\u00e9co salon infaillibles pour m\u00e9tamorphoser votre espace et cr\u00e9er une ambiance personnelle et originale.","breadcrumb":{"@id":"https:\/\/pipcke.fr\/idees-deco\/inspirations-deco\/23-idees-deco-salon\/#breadcrumb"},"inLanguage":"fr-FR","potentialAction":[{"@type":"ReadAction","target":["https:\/\/pipcke.fr\/idees-deco\/inspirations-deco\/23-idees-deco-salon\/"]}]},{"@type":"ImageObject","inLanguage":"fr-FR","@id":"https:\/\/pipcke.fr\/idees-deco\/inspirations-deco\/23-idees-deco-salon\/#primaryimage","url":"https:\/\/pipcke.fr\/idees-deco\/wp-content\/uploads\/2024\/04\/ottoman-osier-vases-en-bois-idees-deco-salon-japandi.jpg","contentUrl":"https:\/\/pipcke.fr\/idees-deco\/wp-content\/uploads\/2024\/04\/ottoman-osier-vases-en-bois-idees-deco-salon-japandi.jpg","width":1500,"height":841,"caption":"ottoman en osier et vases en bois comme id\u00e9es d\u00e9co salon japandi"},{"@type":"BreadcrumbList","@id":"https:\/\/pipcke.fr\/idees-deco\/inspirations-deco\/23-idees-deco-salon\/#breadcrumb","itemListElement":[{"@type":"ListItem","position":1,"name":"Accueil","item":"https:\/\/pipcke.fr\/idees-deco\/"},{"@type":"ListItem","position":2,"name":"Inspirations d\u00e9co","item":"https:\/\/pipcke.fr\/idees-deco\/.\/inspirations-deco\/"},{"@type":"ListItem","position":3,"name":"\u00a023 id\u00e9es d\u00e9co salon: Comment relooker et donner du cachet \u00e0 votre int\u00e9rieur?"}]},{"@type":"WebSite","@id":"https:\/\/pipcke.fr\/idees-deco\/#website","url":"https:\/\/pipcke.fr\/idees-deco\/","name":"Pipcke","description":"Id\u00e9es, conseils et inspirations d\u00e9co","publisher":{"@id":"https:\/\/pipcke.fr\/idees-deco\/#organization"},"potentialAction":[{"@type":"SearchAction","target":{"@type":"EntryPoint","urlTemplate":"https:\/\/pipcke.fr\/idees-deco\/?s={search_term_string}"},"query-input":{"@type":"PropertyValueSpecification","valueRequired":true,"valueName":"search_term_string"}}],"inLanguage":"fr-FR"},{"@type":"Organization","@id":"https:\/\/pipcke.fr\/idees-deco\/#organization","name":"PIPCKE","alternateName":"PIPCKE","url":"https:\/\/pipcke.fr\/idees-deco\/","logo":{"@type":"ImageObject","inLanguage":"fr-FR","@id":"https:\/\/pipcke.fr\/idees-deco\/#\/schema\/logo\/image\/","url":"https:\/\/pipcke.fr\/idees-deco\/wp-content\/uploads\/2020\/12\/logo-black.svg","contentUrl":"https:\/\/pipcke.fr\/idees-deco\/wp-content\/uploads\/2020\/12\/logo-black.svg","width":524,"height":140,"caption":"PIPCKE"},"image":{"@id":"https:\/\/pipcke.fr\/idees-deco\/#\/schema\/logo\/image\/"},"sameAs":["https:\/\/www.facebook.com\/Pipcke","https:\/\/x.com\/pipcke","https:\/\/www.instagram.com\/pipcke.fr\/","https:\/\/www.linkedin.com\/company\/pipcke","https:\/\/www.pinterest.fr\/PIPCKE\/_created\/","https:\/\/www.youtube.com\/channel\/UCaYnny5Q4k6HN1s3zr1Gazw"],"email":"hello@pipcke.fr","telephone":"0184802084","legalName":"Pipcke"},{"@type":"Person","@id":"https:\/\/pipcke.fr\/idees-deco\/#\/schema\/person\/8b5506de5e3c01d4bdf4d6eec0847e64","name":"Fatina Sleiman","image":{"@type":"ImageObject","inLanguage":"fr-FR","@id":"https:\/\/secure.gravatar.com\/avatar\/33adce8ac61f425fd715619b70468232eba35ea2a75e2245c576d75661f4f516?s=96&d=mm&r=g","url":"https:\/\/secure.gravatar.com\/avatar\/33adce8ac61f425fd715619b70468232eba35ea2a75e2245c576d75661f4f516?s=96&d=mm&r=g","contentUrl":"https:\/\/secure.gravatar.com\/avatar\/33adce8ac61f425fd715619b70468232eba35ea2a75e2245c576d75661f4f516?s=96&d=mm&r=g","caption":"Fatina Sleiman"},"description":"Fatina est la r\u00e9dactrice sp\u00e9cialis\u00e9e de Pipcke pour toutes les th\u00e9matiques li\u00e9es \u00e0 la couleur, aux peintures et \u00e0 la perception visuelle de l\u2019habitat. Son travail d\u2019analyse se concentre sur la mani\u00e8re dont les teintes, les contrastes et les finitions influencent les volumes et l'atmosph\u00e8re d'un int\u00e9rieur. \u00c0 travers ses articles et guides pratiques, Fatina d\u00e9crypte comment la peinture s'impose comme un v\u00e9ritable levier d'agencement : La correction des volumes et des perspectives : agrandir visuellement un couloir \u00e9troit, \u00e9lever un plafond ou structurer une pi\u00e8ce de vie par la couleur. L'art du mur d'accent et des associations : choisir le bon mur \u00e0 peindre dans une chambre, un salon ou une cuisine et marier deux couleurs sans encombrer le regard. La r\u00e9novation et la revalorisation : s\u00e9lectionner les meilleures teintes pour repeindre et moderniser du mobilier en bois ou des \u00e9l\u00e9ments architecturaux. Son objectif \u00e0 travers chaque guide est de fournir aux lecteurs des conseils clairs, techniques et imm\u00e9diatement applicables pour transformer leurs espaces en jouant simplement sur la lumi\u00e8re et les harmonies chromatiques.","url":"https:\/\/pipcke.fr\/idees-deco\/auteur\/fatina-sleiman\/"}]}},"_links":{"self":[{"href":"https:\/\/pipcke.fr\/idees-deco\/wp-json\/wp\/v2\/posts\/11250","targetHints":{"allow":["GET"]}}],"collection":[{"href":"https:\/\/pipcke.fr\/idees-deco\/wp-json\/wp\/v2\/posts"}],"about":[{"href":"https:\/\/pipcke.fr\/idees-deco\/wp-json\/wp\/v2\/types\/post"}],"author":[{"embeddable":true,"href":"https:\/\/pipcke.fr\/idees-deco\/wp-json\/wp\/v2\/users\/18"}],"replies":[{"embeddable":true,"href":"https:\/\/pipcke.fr\/idees-deco\/wp-json\/wp\/v2\/comments?post=11250"}],"version-history":[{"count":41,"href":"https:\/\/pipcke.fr\/idees-deco\/wp-json\/wp\/v2\/posts\/11250\/revisions"}],"predecessor-version":[{"id":17117,"href":"https:\/\/pipcke.fr\/idees-deco\/wp-json\/wp\/v2\/posts\/11250\/revisions\/17117"}],"wp:featuredmedia":[{"embeddable":true,"href":"https:\/\/pipcke.fr\/idees-deco\/wp-json\/wp\/v2\/media\/11709"}],"wp:attachment":[{"href":"https:\/\/pipcke.fr\/idees-deco\/wp-json\/wp\/v2\/media?parent=11250"}],"wp:term":[{"taxonomy":"category","embeddable":true,"href":"https:\/\/pipcke.fr\/idees-deco\/wp-json\/wp\/v2\/categories?post=11250"},{"taxonomy":"post_tag","embeddable":true,"href":"https:\/\/pipcke.fr\/idees-deco\/wp-json\/wp\/v2\/tags?post=11250"},{"taxonomy":"powerkit_post_featured","embeddable":true,"href":"https:\/\/pipcke.fr\/idees-deco\/wp-json\/wp\/v2\/powerkit_post_featured?post=11250"}],"curies":[{"name":"wp","href":"https:\/\/api.w.org\/{rel}","templated":true}]}}